{"id":52378,"date":"2026-01-21T14:40:48","date_gmt":"2026-01-21T14:40:48","guid":{"rendered":"https:\/\/www.mediconanet.pt\/?p=52378"},"modified":"2026-01-27T15:39:33","modified_gmt":"2026-01-27T15:39:33","slug":"acne-o-que-e-causas-tratamento-prevencao","status":"publish","type":"post","link":"https:\/\/www.mediconanet.pt\/en\/acne-o-que-e-causas-tratamento-prevencao\/","title":{"rendered":"Acne: o que \u00e9, quais as causas, como tratar e prevenir"},"content":{"rendered":"\t\t<div data-elementor-type=\"wp-post\" data-elementor-id=\"52378\" class=\"elementor elementor-52378\" data-elementor-post-type=\"post\">\n\t\t\t\t<div class=\"elementor-element elementor-element-b5bd348 e-flex e-con-boxed e-con e-parent\" data-id=\"b5bd348\" data-element_type=\"container\">\n\t\t\t\t\t<div class=\"e-con-inner\">\n\t\t\t\t<div class=\"elementor-element elementor-element-eb9a46b elementor-widget elementor-widget-text-editor\" data-id=\"eb9a46b\" data-element_type=\"widget\" data-widget_type=\"text-editor.default\">\n\t\t\t\t\t\t\t\t\t<p><span style=\"font-weight: 400;\">O acne vulgar \u00e9 uma doen\u00e7a inflamat\u00f3ria muito comum da unidade pilo\u2011seb\u00e1cea, que afecta principalmente adolescentes e adultos jovens. Estima\u2011se que 80\u201385\u00a0% das pessoas entre os 12 e os 25\u00a0anos sofram de acne, descendo para 8\u00a0% dos 25\u201334\u00a0anos e para 3\u00a0% dos 35\u201344\u00a0anos. Apesar de ser considerado parte do desenvolvimento pubert\u00e1rio, atrasar a procura de ajuda pode levar a cicatrizes cut\u00e2neas e a impacto psico\u2011social significativo. Este artigo explica as causas, sintomas, abordagens terap\u00eauticas e medidas de preven\u00e7\u00e3o do acne, respondendo a d\u00favidas frequentes e apoiando quem procura controlar as \u201cespinhas\u201d.<\/span><\/p>\t\t\t\t\t\t\t\t<\/div>\n\t\t\t\t\t<\/div>\n\t\t\t\t<\/div>\n\t\t<div class=\"elementor-element elementor-element-fbc459f e-flex e-con-boxed e-con e-parent\" data-id=\"fbc459f\" data-element_type=\"container\">\n\t\t\t\t\t<div class=\"e-con-inner\">\n\t\t\t\t<div class=\"elementor-element elementor-element-aa1781c elementor-widget elementor-widget-heading\" data-id=\"aa1781c\" data-element_type=\"widget\" data-widget_type=\"heading.default\">\n\t\t\t\t\t<h2 class=\"elementor-heading-title elementor-size-default\">O que \u00e9 o acne?<\/h2>\t\t\t\t<\/div>\n\t\t\t\t<div class=\"elementor-element elementor-element-449e08d elementor-widget elementor-widget-text-editor\" data-id=\"449e08d\" data-element_type=\"widget\" data-widget_type=\"text-editor.default\">\n\t\t\t\t\t\t\t\t\t<p><span style=\"font-weight: 400;\">O acne \u00e9 uma doen\u00e7a cr\u00f3nica da unidade pilo\u2011seb\u00e1cea (fol\u00edculo piloso e gl\u00e2ndula seb\u00e1cea) que ocorre sobretudo na face, t\u00f3rax e dorso. As les\u00f5es surgem quando o canal folicular se obstrui, dando origem ao <\/span><b>microcomed\u00e3o<\/b><span style=\"font-weight: 400;\">; se o orif\u00edcio folicular se dilata, forma\u2011se o <\/span><i><span style=\"font-weight: 400;\">comed\u00e3o aberto<\/span><\/i><span style=\"font-weight: 400;\"> (ponto negro); quando n\u00e3o se dilata, surge o <\/span><i><span style=\"font-weight: 400;\">comed\u00e3o fechado<\/span><\/i><span style=\"font-weight: 400;\"> (ponto branco), precursor das les\u00f5es inflamat\u00f3rias. Les\u00f5es inflamadas podem evoluir para p\u00e1pulas, p\u00fastulas, n\u00f3dulos ou quistos. A doen\u00e7a pode ser <\/span><b>n\u00e3o\u2011inflamat\u00f3ria<\/b><span style=\"font-weight: 400;\"> (predom\u00ednio de comed\u00f5es) ou <\/span><b>inflamat\u00f3ria<\/b><span style=\"font-weight: 400;\"> (p\u00e1pulas, p\u00fastulas e n\u00f3dulos).<\/span><\/p>\t\t\t\t\t\t\t\t<\/div>\n\t\t\t\t\t<\/div>\n\t\t\t\t<\/div>\n\t\t<div class=\"elementor-element elementor-element-f291065 e-flex e-con-boxed e-con e-parent\" data-id=\"f291065\" data-element_type=\"container\">\n\t\t\t\t\t<div class=\"e-con-inner\">\n\t\t\t\t<div class=\"elementor-element elementor-element-e38872e elementor-widget elementor-widget-heading\" data-id=\"e38872e\" data-element_type=\"widget\" data-widget_type=\"heading.default\">\n\t\t\t\t\t<h2 class=\"elementor-heading-title elementor-size-default\">Quais s\u00e3o as causas e factores de risco do acne?<\/h2>\t\t\t\t<\/div>\n\t\t\t\t<div class=\"elementor-element elementor-element-8e38534 elementor-widget elementor-widget-text-editor\" data-id=\"8e38534\" data-element_type=\"widget\" data-widget_type=\"text-editor.default\">\n\t\t\t\t\t\t\t\t\t<p><span style=\"font-weight: 400;\">A fisiopatologia do acne \u00e9 multifactorial. Entre os principais factores est\u00e3o:<\/span><\/p><ul><li style=\"font-weight: 400;\" aria-level=\"1\"><b>Produ\u00e7\u00e3o excessiva de sebo:<\/b><span style=\"font-weight: 400;\"> o aumento dos androg\u00e9nios durante a puberdade estimula as gl\u00e2ndulas seb\u00e1ceas.<\/span><\/li><li style=\"font-weight: 400;\" aria-level=\"1\"><b>Hiperqueratiniza\u00e7\u00e3o folicular:<\/b><span style=\"font-weight: 400;\"> altera\u00e7\u00e3o da queratiniza\u00e7\u00e3o provoca reten\u00e7\u00e3o de c\u00e9lulas e obstru\u00e7\u00e3o do canal pilosseb\u00e1ceo.<\/span><\/li><li style=\"font-weight: 400;\" aria-level=\"1\"><b>Coloniza\u00e7\u00e3o por <\/b><b><i>Cutibacterium acnes<\/i><\/b><b> (antigo <\/b><b><i>Propionibacterium acnes<\/i><\/b><b>):<\/b><span style=\"font-weight: 400;\"> bact\u00e9ria residente que produz \u00e1cidos gordos irritantes.<\/span><\/li><li style=\"font-weight: 400;\" aria-level=\"1\"><b>Inflama\u00e7\u00e3o:<\/b><span style=\"font-weight: 400;\"> extravasamento de sebo e mediadores pr\u00f3\u2011inflamat\u00f3rios da bact\u00e9ria desencadeiam resposta imunit\u00e1ria.<\/span><\/li><\/ul><p><span style=\"font-weight: 400;\">Factores predisponentes incluem hereditariedade, stress emocional, fric\u00e7\u00e3o da pele, exposi\u00e7\u00e3o a certos qu\u00edmicos (\u00f3leos, alcatr\u00e3o), cosm\u00e9ticos comedog\u00e9nicos e medicamentos como esteroides, l\u00edtio ou alguns contraceptivos. A evid\u00eancia actual n\u00e3o suporta dietas espec\u00edficas para tratar o acne; recomenda\u2011se um padr\u00e3o alimentar equilibrado e evitar consumo excessivo de alimentos com elevado \u00edndice glic\u00e9mico apenas se o indiv\u00edduo identificar agravamento associado.<\/span><\/p>\t\t\t\t\t\t\t\t<\/div>\n\t\t\t\t\t<\/div>\n\t\t\t\t<\/div>\n\t\t<div class=\"elementor-element elementor-element-d51c732 e-flex e-con-boxed e-con e-parent\" data-id=\"d51c732\" data-element_type=\"container\">\n\t\t\t\t\t<div class=\"e-con-inner\">\n\t\t\t\t<div class=\"elementor-element elementor-element-4530285 elementor-widget elementor-widget-heading\" data-id=\"4530285\" data-element_type=\"widget\" data-widget_type=\"heading.default\">\n\t\t\t\t\t<h2 class=\"elementor-heading-title elementor-size-default\">Como \u00e9 feito o tratamento do acne?<\/h2>\t\t\t\t<\/div>\n\t\t\t\t<div class=\"elementor-element elementor-element-d1180cf elementor-widget elementor-widget-heading\" data-id=\"d1180cf\" data-element_type=\"widget\" data-widget_type=\"heading.default\">\n\t\t\t\t\t<h3 class=\"elementor-heading-title elementor-size-default\">Princ\u00edpios gerais<\/h3>\t\t\t\t<\/div>\n\t\t\t\t<div class=\"elementor-element elementor-element-59d1098 elementor-widget elementor-widget-text-editor\" data-id=\"59d1098\" data-element_type=\"widget\" data-widget_type=\"text-editor.default\">\n\t\t\t\t\t\t\t\t\t<p><span style=\"font-weight: 400;\">A literatura recomenda iniciar o tratamento o mais cedo poss\u00edvel para reduzir cicatrizes. Ap\u00f3s a melhoria cl\u00ednica, a terap\u00eautica t\u00f3pica deve continuar pelo menos 6\u201312\u00a0meses. Uma educa\u00e7\u00e3o cuidadosa do doente e promo\u00e7\u00e3o da ades\u00e3o s\u00e3o essenciais para o sucesso.<\/span><\/p>\t\t\t\t\t\t\t\t<\/div>\n\t\t\t\t<div class=\"elementor-element elementor-element-dad4538 elementor-widget elementor-widget-heading\" data-id=\"dad4538\" data-element_type=\"widget\" data-widget_type=\"heading.default\">\n\t\t\t\t\t<h3 class=\"elementor-heading-title elementor-size-default\">Tratamentos t\u00f3picos<\/h3>\t\t\t\t<\/div>\n\t\t\t\t<div class=\"elementor-element elementor-element-e08dce4 elementor-widget elementor-widget-text-editor\" data-id=\"e08dce4\" data-element_type=\"widget\" data-widget_type=\"text-editor.default\">\n\t\t\t\t\t\t\t\t\t<p><span style=\"font-weight: 400;\">Os tratamentos iniciais variam conforme a gravidade do acne. O guia do NICE para o Reino Unido recomenda um curso de 12\u00a0semanas com uma destas op\u00e7\u00f5es combinadas:<\/span><\/p><ul><li style=\"font-weight: 400;\" aria-level=\"1\"><b>Combina\u00e7\u00e3o fixa de um retin\u00f3ide t\u00f3pico com um agente oxidante comedol\u00edtico<\/b><span style=\"font-weight: 400;\"> \u2013 indicada para qualquer gravidade.<\/span><\/li><li style=\"font-weight: 400;\" aria-level=\"1\"><b>Combina\u00e7\u00e3o de um retin\u00f3ide t\u00f3pico com um antimicrobiano t\u00f3pico<\/b><span style=\"font-weight: 400;\"> \u2013 para todas as gravidades.<\/span><\/li><li style=\"font-weight: 400;\" aria-level=\"1\"><b>Combina\u00e7\u00e3o de um agente oxidante comedol\u00edtico com um antimicrobiano<\/b><span style=\"font-weight: 400;\"> \u2013 para acne leve a moderado.<\/span><\/li><li style=\"font-weight: 400;\" aria-level=\"1\"><b>Agente oxidante comedol\u00edtico isolado<\/b><span style=\"font-weight: 400;\"> \u2013 alternativa quando retin\u00f3ides ou antibi\u00f3ticos s\u00e3o contra\u2011indicados.<\/span><\/li><li style=\"font-weight: 400;\" aria-level=\"1\"><b>Agente comedol\u00edtico e bactericida alternativo<\/b><span style=\"font-weight: 400;\"> \u2013 usado isoladamente ou associado a antibi\u00f3ticos orais em casos moderados a severos.<\/span><\/li><\/ul><p><span style=\"font-weight: 400;\">Durante a consulta deve\u2011se alertar que o efeito dos retin\u00f3ides e dos agentes oxidantes demora 6\u20138\u00a0semanas e que os efeitos secund\u00e1rios iniciais (descama\u00e7\u00e3o, eritema) s\u00e3o transit\u00f3rios. Monoterapia com antibi\u00f3tico t\u00f3pico ou oral isoladamente n\u00e3o \u00e9 recomendada devido ao risco de resist\u00eancia.<\/span><\/p>\t\t\t\t\t\t\t\t<\/div>\n\t\t\t\t<div class=\"elementor-element elementor-element-69a8dd0 elementor-widget elementor-widget-heading\" data-id=\"69a8dd0\" data-element_type=\"widget\" data-widget_type=\"heading.default\">\n\t\t\t\t\t<h3 class=\"elementor-heading-title elementor-size-default\">Tratamentos sist\u00e9micos<\/h3>\t\t\t\t<\/div>\n\t\t\t\t<div class=\"elementor-element elementor-element-f7bc93b elementor-widget elementor-widget-text-editor\" data-id=\"f7bc93b\" data-element_type=\"widget\" data-widget_type=\"text-editor.default\">\n\t\t\t\t\t\t\t\t\t<p><span style=\"font-weight: 400;\">Para acne moderado a severo ou resistente ao tratamento t\u00f3pico, os m\u00e9dicos de fam\u00edlia podem associar <\/span><b>antibi\u00f3ticos orais<\/b><span style=\"font-weight: 400;\"> \u00e0s combina\u00e7\u00f5es t\u00f3picas. O tratamento oral deve ser mantido por 12\u00a0semanas e revisto; se houver melhoria, pode suspender\u2011se o antibi\u00f3tico e manter o t\u00f3pico. O uso prolongado de antibi\u00f3ticos (&gt;\u00a06\u00a0meses) deve ser evitado.<\/span><\/p><p><span style=\"font-weight: 400;\">Nas formas severas, nodulo\u2011c\u00edsticas ou com risco de cicatriza\u00e7\u00e3o, pode ser necess\u00e1ria refer\u00eancia a dermatologia para considerar um <\/span><b>retin\u00f3ide oral sist\u00e9mico<\/b><span style=\"font-weight: 400;\">. Estes medicamentos actuam sobre as quatro vias da patog\u00e9nese (sebo excessivo, queratiniza\u00e7\u00e3o, coloniza\u00e7\u00e3o bacteriana e inflama\u00e7\u00e3o) e s\u00e3o altamente eficazes para acne recalcitrante. Contudo, provocam secura cut\u00e2nea e mucosa, altera\u00e7\u00f5es laboratoriais e t\u00eam efeito teratog\u00e9nico; por isso, exigem monitoriza\u00e7\u00e3o hep\u00e1tica, controlo lip\u00eddico e contracep\u00e7\u00e3o rigorosa nas mulheres em idade f\u00e9rtil. Al\u00e9m disso, existe preocupa\u00e7\u00e3o com poss\u00edveis altera\u00e7\u00f5es de humor; n\u00e3o se deve prescrever a doentes com depress\u00e3o n\u00e3o controlada.<\/span><\/p>\t\t\t\t\t\t\t\t<\/div>\n\t\t\t\t<div class=\"elementor-element elementor-element-afca365 elementor-widget elementor-widget-heading\" data-id=\"afca365\" data-element_type=\"widget\" data-widget_type=\"heading.default\">\n\t\t\t\t\t<h3 class=\"elementor-heading-title elementor-size-default\">Terapias hormonais e outras<\/h3>\t\t\t\t<\/div>\n\t\t\t\t<div class=\"elementor-element elementor-element-b943d97 elementor-widget elementor-widget-text-editor\" data-id=\"b943d97\" data-element_type=\"widget\" data-widget_type=\"text-editor.default\">\n\t\t\t\t\t\t\t\t\t<p><span style=\"font-weight: 400;\">Mulheres com acne associado a hiperandrogenismo ou s\u00edndrome dos ov\u00e1rios poliqu\u00edsticos podem beneficiar de <\/span><b>contracep\u00e7\u00e3o hormonal combinada<\/b><span style=\"font-weight: 400;\"> e antiandrog\u00e9nios. As hormonas desempenham um papel importante na patog\u00e9nese e a contracep\u00e7\u00e3o hormonal pode ser usada como tratamento adicional. <\/span><b>F\u00e1rmacos com actividade antiandrog\u00e9nica<\/b><span style=\"font-weight: 400;\">, como alguns diur\u00e9ticos, reduzem a produ\u00e7\u00e3o de sebo e melhoram o acne. Embora geralmente bem tolerados, podem causar irregularidade menstrual ou aumento da frequ\u00eancia urin\u00e1ria. Fisioterapias como terapia fotodin\u00e2mica, lasers e luz azul\/vermelha t\u00eam sido exploradas como adjuvantes para acne inflamat\u00f3rio e cicatrizes, ajudando a reduzir a coloniza\u00e7\u00e3o bacteriana e a actividade das gl\u00e2ndulas seb\u00e1ceas.<\/span><\/p>\t\t\t\t\t\t\t\t<\/div>\n\t\t\t\t\t<\/div>\n\t\t\t\t<\/div>\n\t\t<div class=\"elementor-element elementor-element-faa6b98 e-flex e-con-boxed e-con e-parent\" data-id=\"faa6b98\" data-element_type=\"container\">\n\t\t\t\t\t<div class=\"e-con-inner\">\n\t\t\t\t<div class=\"elementor-element elementor-element-6834d1a elementor-widget elementor-widget-heading\" data-id=\"6834d1a\" data-element_type=\"widget\" data-widget_type=\"heading.default\">\n\t\t\t\t\t<h2 class=\"elementor-heading-title elementor-size-default\">Como prevenir o acne e cuidar da pele<\/h2>\t\t\t\t<\/div>\n\t\t\t\t<div class=\"elementor-element elementor-element-ae12d76 elementor-widget elementor-widget-text-editor\" data-id=\"ae12d76\" data-element_type=\"widget\" data-widget_type=\"text-editor.default\">\n\t\t\t\t\t\t\t\t\t<p><span style=\"font-weight: 400;\">A preven\u00e7\u00e3o concentra\u2011se em h\u00e1bitos de cuidado cut\u00e2neo. O guideline NICE recomenda usar um <\/span><b>produto de limpeza sint\u00e9tico (syndet) n\u00e3o alcalino<\/b><span style=\"font-weight: 400;\"> duas vezes por dia. Evite hidratantes e protectores solares oleosos ou comedog\u00e9nicos e retire a maquilhagem antes de dormir. Evite espremer ou arranhar as les\u00f5es, pois isso aumenta o risco de cicatrizes. N\u00e3o existe prova robusta de que dietas espec\u00edficas curem o acne; opte por uma alimenta\u00e7\u00e3o equilibrada e mantenha uma boa hidrata\u00e7\u00e3o. Praticar exerc\u00edcio f\u00edsico, dormir o suficiente e gerir o stress podem ajudar a controlar os factores hormonais e emocionais associados.<\/span><\/p>\t\t\t\t\t\t\t\t<\/div>\n\t\t\t\t\t<\/div>\n\t\t\t\t<\/div>\n\t\t<div class=\"elementor-element elementor-element-d0be0d5 e-flex e-con-boxed e-con e-parent\" data-id=\"d0be0d5\" data-element_type=\"container\">\n\t\t\t\t\t<div class=\"e-con-inner\">\n\t\t\t\t<div class=\"elementor-element elementor-element-74a0a0a elementor-widget elementor-widget-heading\" data-id=\"74a0a0a\" data-element_type=\"widget\" data-widget_type=\"heading.default\">\n\t\t\t\t\t<h2 class=\"elementor-heading-title elementor-size-default\">Quando procurar ajuda m\u00e9dica?<\/h2>\t\t\t\t<\/div>\n\t\t\t\t<div class=\"elementor-element elementor-element-e6d914a elementor-widget elementor-widget-text-editor\" data-id=\"e6d914a\" data-element_type=\"widget\" data-widget_type=\"text-editor.default\">\n\t\t\t\t\t\t\t\t\t<p><span style=\"font-weight: 400;\">Deve consultar o m\u00e9dico de fam\u00edlia se o acne se tornar moderado ou severo, se houver risco de cicatrizes, se n\u00e3o responder aos tratamentos t\u00f3picos ap\u00f3s dois ciclos de 12\u00a0semanas, ou se estiver a causar distress psicol\u00f3gico. O profissional avaliar\u00e1 a necessidade de terapia sist\u00e9mica, tratamentos hormonais ou encaminhamento para dermatologia\/psiquiatria.<\/span><\/p><p>Atrav\u00e9s da\u00a0<span style=\"font-weight: bolder;\" data-start=\"4574\" data-end=\"4591\">M\u00e9dico na Net<\/span>, \u00e9 poss\u00edvel obter rapidamente apoio para o tratamento, sem sair de casa. Basta aceder \u00e0 p\u00e1gina\u00a0<span style=\"color: #008080;\"><span style=\"font-weight: bolder;\"><a class=\"decorated-link cursor-pointer\" style=\"color: #008080;\" href=\"https:\/\/www.mediconanet.pt\/produto\/marcar-consultas\/\" target=\"_new\" rel=\"noopener\" data-start=\"4687\" data-end=\"4830\">V\u00eddeo Consulta<\/a><\/span><\/span>, preencher o formul\u00e1rio e aguardar a avalia\u00e7\u00e3o de um m\u00e9dico. \u00c9 uma solu\u00e7\u00e3o pr\u00e1tica, segura e eficaz para controlar a doen\u00e7a.<\/p>\t\t\t\t\t\t\t\t<\/div>\n\t\t\t\t<div class=\"elementor-element elementor-element-d2b1e32 elementor-widget elementor-widget-image\" data-id=\"d2b1e32\" data-element_type=\"widget\" data-widget_type=\"image.default\">\n\t\t\t\t\t\t\t\t\t\t\t\t\t\t\t<img fetchpriority=\"high\" decoding=\"async\" width=\"800\" height=\"737\" src=\"https:\/\/www.mediconanet.pt\/wp-content\/uploads\/2026\/01\/acne-tratamento-consulta-online.png\" class=\"attachment-large size-large wp-image-52590\" alt=\"Acne: o que \u00e9, quais as causas, como tratar e prevenir\" srcset=\"https:\/\/www.mediconanet.pt\/wp-content\/uploads\/2026\/01\/acne-tratamento-consulta-online.png 1024w, https:\/\/www.mediconanet.pt\/wp-content\/uploads\/2026\/01\/acne-tratamento-consulta-online-300x276.png 300w, https:\/\/www.mediconanet.pt\/wp-content\/uploads\/2026\/01\/acne-tratamento-consulta-online-768x707.png 768w, https:\/\/www.mediconanet.pt\/wp-content\/uploads\/2026\/01\/acne-tratamento-consulta-online-13x12.png 13w, https:\/\/www.mediconanet.pt\/wp-content\/uploads\/2026\/01\/acne-tratamento-consulta-online-600x553.png 600w\" sizes=\"(max-width: 800px) 100vw, 800px\" \/>\t\t\t\t\t\t\t\t\t\t\t\t\t\t\t<\/div>\n\t\t\t\t\t<\/div>\n\t\t\t\t<\/div>\n\t\t<div class=\"elementor-element elementor-element-24fbd80 e-flex e-con-boxed e-con e-parent\" data-id=\"24fbd80\" data-element_type=\"container\">\n\t\t\t\t\t<div class=\"e-con-inner\">\n\t\t\t\t<div class=\"elementor-element elementor-element-52365c7 elementor-widget elementor-widget-heading\" data-id=\"52365c7\" data-element_type=\"widget\" data-widget_type=\"heading.default\">\n\t\t\t\t\t<h2 class=\"elementor-heading-title elementor-size-default\">FAQ \u2013 Perguntas frequentes sobre o acne<\/h2>\t\t\t\t<\/div>\n\t\t\t\t<div class=\"elementor-element elementor-element-f2f5939 elementor-widget elementor-widget-n-accordion\" data-id=\"f2f5939\" data-element_type=\"widget\" data-settings=\"{&quot;default_state&quot;:&quot;all_collapsed&quot;,&quot;max_items_expended&quot;:&quot;one&quot;,&quot;n_accordion_animation_duration&quot;:{&quot;unit&quot;:&quot;ms&quot;,&quot;size&quot;:400,&quot;sizes&quot;:[]}}\" data-widget_type=\"nested-accordion.default\">\n\t\t\t\t\t\t\t<div class=\"e-n-accordion\" aria-label=\"Accordion. Open links with Enter or Space, close with Escape, and navigate with Arrow Keys\">\n\t\t\t\t\t\t<details id=\"e-n-accordion-item-2540\" class=\"e-n-accordion-item\" >\n\t\t\t\t<summary class=\"e-n-accordion-item-title\" data-accordion-index=\"1\" tabindex=\"0\" aria-expanded=\"false\" aria-controls=\"e-n-accordion-item-2540\" >\n\t\t\t\t\t<span class='e-n-accordion-item-title-header'><div class=\"e-n-accordion-item-title-text\"> O que provoca o acne? <\/div><\/span>\n\t\t\t\t\t\t\t<span class='e-n-accordion-item-title-icon'>\n\t\t\t<span class='e-opened' ><svg aria-hidden=\"true\" class=\"e-font-icon-svg e-fas-minus\" viewBox=\"0 0 448 512\" xmlns=\"http:\/\/www.w3.org\/2000\/svg\"><path d=\"M416 208H32c-17.67 0-32 14.33-32 32v32c0 17.67 14.33 32 32 32h384c17.67 0 32-14.33 32-32v-32c0-17.67-14.33-32-32-32z\"><\/path><\/svg><\/span>\n\t\t\t<span class='e-closed'><svg aria-hidden=\"true\" class=\"e-font-icon-svg e-fas-plus\" viewBox=\"0 0 448 512\" xmlns=\"http:\/\/www.w3.org\/2000\/svg\"><path d=\"M416 208H272V64c0-17.67-14.33-32-32-32h-32c-17.67 0-32 14.33-32 32v144H32c-17.67 0-32 14.33-32 32v32c0 17.67 14.33 32 32 32h144v144c0 17.67 14.33 32 32 32h32c17.67 0 32-14.33 32-32V304h144c17.67 0 32-14.33 32-32v-32c0-17.67-14.33-32-32-32z\"><\/path><\/svg><\/span>\n\t\t<\/span>\n\n\t\t\t\t\t\t<\/summary>\n\t\t\t\t<div role=\"region\" aria-labelledby=\"e-n-accordion-item-2540\" class=\"elementor-element elementor-element-df5ae43 e-con-full e-flex e-con e-child\" data-id=\"df5ae43\" data-element_type=\"container\">\n\t\t<div role=\"region\" aria-labelledby=\"e-n-accordion-item-2540\" class=\"elementor-element elementor-element-a9c43ba e-flex e-con-boxed e-con e-child\" data-id=\"a9c43ba\" data-element_type=\"container\">\n\t\t\t\t\t<div class=\"e-con-inner\">\n\t\t\t\t<div class=\"elementor-element elementor-element-14bb894 elementor-widget elementor-widget-text-editor\" data-id=\"14bb894\" data-element_type=\"widget\" data-widget_type=\"text-editor.default\">\n\t\t\t\t\t\t\t\t\t<p><span style=\"font-weight: 400;\">O acne resulta da combina\u00e7\u00e3o de produ\u00e7\u00e3o excessiva de sebo, obstru\u00e7\u00e3o do fol\u00edculo por queratiniza\u00e7\u00e3o an\u00f3mala, prolifera\u00e7\u00e3o de <\/span><i><span style=\"font-weight: 400;\">C.\u00a0acnes<\/span><\/i><span style=\"font-weight: 400;\"> e inflama\u00e7\u00e3o. Factores como gen\u00e9tica, hormonas, stress, fric\u00e7\u00e3o e cosm\u00e9ticos comedog\u00e9nicos podem desencadear ou agravar estas altera\u00e7\u00f5es.<\/span><\/p>\t\t\t\t\t\t\t\t<\/div>\n\t\t\t\t\t<\/div>\n\t\t\t\t<\/div>\n\t\t\t\t<\/div>\n\t\t\t\t\t<\/details>\n\t\t\t\t\t\t<details id=\"e-n-accordion-item-2541\" class=\"e-n-accordion-item\" >\n\t\t\t\t<summary class=\"e-n-accordion-item-title\" data-accordion-index=\"2\" tabindex=\"-1\" aria-expanded=\"false\" aria-controls=\"e-n-accordion-item-2541\" >\n\t\t\t\t\t<span class='e-n-accordion-item-title-header'><div class=\"e-n-accordion-item-title-text\"> Posso eliminar o acne rapidamente? <\/div><\/span>\n\t\t\t\t\t\t\t<span class='e-n-accordion-item-title-icon'>\n\t\t\t<span class='e-opened' ><svg aria-hidden=\"true\" class=\"e-font-icon-svg e-fas-minus\" viewBox=\"0 0 448 512\" xmlns=\"http:\/\/www.w3.org\/2000\/svg\"><path d=\"M416 208H32c-17.67 0-32 14.33-32 32v32c0 17.67 14.33 32 32 32h384c17.67 0 32-14.33 32-32v-32c0-17.67-14.33-32-32-32z\"><\/path><\/svg><\/span>\n\t\t\t<span class='e-closed'><svg aria-hidden=\"true\" class=\"e-font-icon-svg e-fas-plus\" viewBox=\"0 0 448 512\" xmlns=\"http:\/\/www.w3.org\/2000\/svg\"><path d=\"M416 208H272V64c0-17.67-14.33-32-32-32h-32c-17.67 0-32 14.33-32 32v144H32c-17.67 0-32 14.33-32 32v32c0 17.67 14.33 32 32 32h144v144c0 17.67 14.33 32 32 32h32c17.67 0 32-14.33 32-32V304h144c17.67 0 32-14.33 32-32v-32c0-17.67-14.33-32-32-32z\"><\/path><\/svg><\/span>\n\t\t<\/span>\n\n\t\t\t\t\t\t<\/summary>\n\t\t\t\t<div role=\"region\" aria-labelledby=\"e-n-accordion-item-2541\" class=\"elementor-element elementor-element-be4f612 e-con-full e-flex e-con e-child\" data-id=\"be4f612\" data-element_type=\"container\">\n\t\t<div role=\"region\" aria-labelledby=\"e-n-accordion-item-2541\" class=\"elementor-element elementor-element-b51da1d e-flex e-con-boxed e-con e-child\" data-id=\"b51da1d\" data-element_type=\"container\">\n\t\t\t\t\t<div class=\"e-con-inner\">\n\t\t\t\t<div class=\"elementor-element elementor-element-e5ffc20 elementor-widget elementor-widget-text-editor\" data-id=\"e5ffc20\" data-element_type=\"widget\" data-widget_type=\"text-editor.default\">\n\t\t\t\t\t\t\t\t\t<p><span style=\"font-weight: 400;\">N\u00e3o existe cura imediata; os tratamentos demoram semanas a produzir efeito. O guideline NICE indica que os medicamentos t\u00f3picos podem demorar 6\u20138\u00a0semanas a mostrar melhoria. Iniciar tratamento cedo e mant\u00ea\u2011lo pelo tempo recomendado \u00e9 o melhor caminho para reduzir les\u00f5es e prevenir cicatrizes.<\/span><\/p>\t\t\t\t\t\t\t\t<\/div>\n\t\t\t\t\t<\/div>\n\t\t\t\t<\/div>\n\t\t\t\t<\/div>\n\t\t\t\t\t<\/details>\n\t\t\t\t\t\t<details id=\"e-n-accordion-item-2542\" class=\"e-n-accordion-item\" >\n\t\t\t\t<summary class=\"e-n-accordion-item-title\" data-accordion-index=\"3\" tabindex=\"-1\" aria-expanded=\"false\" aria-controls=\"e-n-accordion-item-2542\" >\n\t\t\t\t\t<span class='e-n-accordion-item-title-header'><div class=\"e-n-accordion-item-title-text\"> Que produtos devo usar para limpar a pele? <\/div><\/span>\n\t\t\t\t\t\t\t<span class='e-n-accordion-item-title-icon'>\n\t\t\t<span class='e-opened' ><svg aria-hidden=\"true\" class=\"e-font-icon-svg e-fas-minus\" viewBox=\"0 0 448 512\" xmlns=\"http:\/\/www.w3.org\/2000\/svg\"><path d=\"M416 208H32c-17.67 0-32 14.33-32 32v32c0 17.67 14.33 32 32 32h384c17.67 0 32-14.33 32-32v-32c0-17.67-14.33-32-32-32z\"><\/path><\/svg><\/span>\n\t\t\t<span class='e-closed'><svg aria-hidden=\"true\" class=\"e-font-icon-svg e-fas-plus\" viewBox=\"0 0 448 512\" xmlns=\"http:\/\/www.w3.org\/2000\/svg\"><path d=\"M416 208H272V64c0-17.67-14.33-32-32-32h-32c-17.67 0-32 14.33-32 32v144H32c-17.67 0-32 14.33-32 32v32c0 17.67 14.33 32 32 32h144v144c0 17.67 14.33 32 32 32h32c17.67 0 32-14.33 32-32V304h144c17.67 0 32-14.33 32-32v-32c0-17.67-14.33-32-32-32z\"><\/path><\/svg><\/span>\n\t\t<\/span>\n\n\t\t\t\t\t\t<\/summary>\n\t\t\t\t<div role=\"region\" aria-labelledby=\"e-n-accordion-item-2542\" class=\"elementor-element elementor-element-bc0005b e-con-full e-flex e-con e-child\" data-id=\"bc0005b\" data-element_type=\"container\">\n\t\t<div role=\"region\" aria-labelledby=\"e-n-accordion-item-2542\" class=\"elementor-element elementor-element-180c857 e-flex e-con-boxed e-con e-child\" data-id=\"180c857\" data-element_type=\"container\">\n\t\t\t\t\t<div class=\"e-con-inner\">\n\t\t\t\t<div class=\"elementor-element elementor-element-3080ea2 elementor-widget elementor-widget-text-editor\" data-id=\"3080ea2\" data-element_type=\"widget\" data-widget_type=\"text-editor.default\">\n\t\t\t\t\t\t\t\t\t<p><span style=\"font-weight: 400;\">Use um produto de limpeza suave, de pH neutro ou ligeiramente \u00e1cido (syndet), duas vezes por dia. Evite sabonetes alcalinos e cosm\u00e9ticos oleosos; retire sempre a maquilhagem antes de dormir.<\/span><\/p>\t\t\t\t\t\t\t\t<\/div>\n\t\t\t\t\t<\/div>\n\t\t\t\t<\/div>\n\t\t\t\t<\/div>\n\t\t\t\t\t<\/details>\n\t\t\t\t\t\t<details id=\"e-n-accordion-item-2543\" class=\"e-n-accordion-item\" >\n\t\t\t\t<summary class=\"e-n-accordion-item-title\" data-accordion-index=\"4\" tabindex=\"-1\" aria-expanded=\"false\" aria-controls=\"e-n-accordion-item-2543\" >\n\t\t\t\t\t<span class='e-n-accordion-item-title-header'><div class=\"e-n-accordion-item-title-text\"> A alimenta\u00e7\u00e3o influencia o acne? <\/div><\/span>\n\t\t\t\t\t\t\t<span class='e-n-accordion-item-title-icon'>\n\t\t\t<span class='e-opened' ><svg aria-hidden=\"true\" class=\"e-font-icon-svg e-fas-minus\" viewBox=\"0 0 448 512\" xmlns=\"http:\/\/www.w3.org\/2000\/svg\"><path d=\"M416 208H32c-17.67 0-32 14.33-32 32v32c0 17.67 14.33 32 32 32h384c17.67 0 32-14.33 32-32v-32c0-17.67-14.33-32-32-32z\"><\/path><\/svg><\/span>\n\t\t\t<span class='e-closed'><svg aria-hidden=\"true\" class=\"e-font-icon-svg e-fas-plus\" viewBox=\"0 0 448 512\" xmlns=\"http:\/\/www.w3.org\/2000\/svg\"><path d=\"M416 208H272V64c0-17.67-14.33-32-32-32h-32c-17.67 0-32 14.33-32 32v144H32c-17.67 0-32 14.33-32 32v32c0 17.67 14.33 32 32 32h144v144c0 17.67 14.33 32 32 32h32c17.67 0 32-14.33 32-32V304h144c17.67 0 32-14.33 32-32v-32c0-17.67-14.33-32-32-32z\"><\/path><\/svg><\/span>\n\t\t<\/span>\n\n\t\t\t\t\t\t<\/summary>\n\t\t\t\t<div role=\"region\" aria-labelledby=\"e-n-accordion-item-2543\" class=\"elementor-element elementor-element-ae54e6c e-con-full e-flex e-con e-child\" data-id=\"ae54e6c\" data-element_type=\"container\">\n\t\t<div role=\"region\" aria-labelledby=\"e-n-accordion-item-2543\" class=\"elementor-element elementor-element-c59fe48 e-flex e-con-boxed e-con e-child\" data-id=\"c59fe48\" data-element_type=\"container\">\n\t\t\t\t\t<div class=\"e-con-inner\">\n\t\t\t\t<div class=\"elementor-element elementor-element-ca74684 elementor-widget elementor-widget-text-editor\" data-id=\"ca74684\" data-element_type=\"widget\" data-widget_type=\"text-editor.default\">\n\t\t\t\t\t\t\t\t\t<p><span style=\"font-weight: 400;\">Segundo o guideline NICE, n\u00e3o existe evid\u00eancia suficiente para recomendar dietas espec\u00edficas. No entanto, adoptar uma dieta equilibrada rica em frutas, vegetais e cereais integrais pode beneficiar a sa\u00fade geral. Se identificar que alimentos com alto \u00edndice glic\u00e9mico agravam as les\u00f5es, poder\u00e1 reduzir o seu consumo.<\/span><\/p>\t\t\t\t\t\t\t\t<\/div>\n\t\t\t\t\t<\/div>\n\t\t\t\t<\/div>\n\t\t\t\t<\/div>\n\t\t\t\t\t<\/details>\n\t\t\t\t\t\t<details id=\"e-n-accordion-item-2544\" class=\"e-n-accordion-item\" >\n\t\t\t\t<summary class=\"e-n-accordion-item-title\" data-accordion-index=\"5\" tabindex=\"-1\" aria-expanded=\"false\" aria-controls=\"e-n-accordion-item-2544\" >\n\t\t\t\t\t<span class='e-n-accordion-item-title-header'><div class=\"e-n-accordion-item-title-text\"> Devo espremer as espinhas? <\/div><\/span>\n\t\t\t\t\t\t\t<span class='e-n-accordion-item-title-icon'>\n\t\t\t<span class='e-opened' ><svg aria-hidden=\"true\" class=\"e-font-icon-svg e-fas-minus\" viewBox=\"0 0 448 512\" xmlns=\"http:\/\/www.w3.org\/2000\/svg\"><path d=\"M416 208H32c-17.67 0-32 14.33-32 32v32c0 17.67 14.33 32 32 32h384c17.67 0 32-14.33 32-32v-32c0-17.67-14.33-32-32-32z\"><\/path><\/svg><\/span>\n\t\t\t<span class='e-closed'><svg aria-hidden=\"true\" class=\"e-font-icon-svg e-fas-plus\" viewBox=\"0 0 448 512\" xmlns=\"http:\/\/www.w3.org\/2000\/svg\"><path d=\"M416 208H272V64c0-17.67-14.33-32-32-32h-32c-17.67 0-32 14.33-32 32v144H32c-17.67 0-32 14.33-32 32v32c0 17.67 14.33 32 32 32h144v144c0 17.67 14.33 32 32 32h32c17.67 0 32-14.33 32-32V304h144c17.67 0 32-14.33 32-32v-32c0-17.67-14.33-32-32-32z\"><\/path><\/svg><\/span>\n\t\t<\/span>\n\n\t\t\t\t\t\t<\/summary>\n\t\t\t\t<div role=\"region\" aria-labelledby=\"e-n-accordion-item-2544\" class=\"elementor-element elementor-element-a87e8ca e-con-full e-flex e-con e-child\" data-id=\"a87e8ca\" data-element_type=\"container\">\n\t\t<div role=\"region\" aria-labelledby=\"e-n-accordion-item-2544\" class=\"elementor-element elementor-element-087c798 e-flex e-con-boxed e-con e-child\" data-id=\"087c798\" data-element_type=\"container\">\n\t\t\t\t\t<div class=\"e-con-inner\">\n\t\t\t\t<div class=\"elementor-element elementor-element-7f3ddfa elementor-widget elementor-widget-text-editor\" data-id=\"7f3ddfa\" data-element_type=\"widget\" data-widget_type=\"text-editor.default\">\n\t\t\t\t\t\t\t\t\t<p><span style=\"font-weight: 400;\">N\u00e3o. Manipular ou espremer as les\u00f5es aumenta a inflama\u00e7\u00e3o, o risco de infec\u00e7\u00e3o e a forma\u00e7\u00e3o de cicatrizes. O NICE recomenda evitar co\u00e7ar ou espremer as les\u00f5es para reduzir cicatrizes.<\/span><\/p>\t\t\t\t\t\t\t\t<\/div>\n\t\t\t\t\t<\/div>\n\t\t\t\t<\/div>\n\t\t\t\t<\/div>\n\t\t\t\t\t<\/details>\n\t\t\t\t\t<\/div>\n\t\t\t\t\t<script type=\"application\/ld+json\">{\"@context\":\"https:\\\/\\\/schema.org\",\"@type\":\"FAQPage\",\"mainEntity\":[{\"@type\":\"Question\",\"name\":\"O que provoca o acne?\",\"acceptedAnswer\":{\"@type\":\"Answer\",\"text\":\"O acne resulta da combina\\u00e7\\u00e3o de produ\\u00e7\\u00e3o excessiva de sebo, obstru\\u00e7\\u00e3o do fol\\u00edculo por queratiniza\\u00e7\\u00e3o an\\u00f3mala, prolifera\\u00e7\\u00e3o de C.\\u00a0acnes e inflama\\u00e7\\u00e3o. Factores como gen\\u00e9tica, hormonas, stress, fric\\u00e7\\u00e3o e cosm\\u00e9ticos comedog\\u00e9nicos podem desencadear ou agravar estas altera\\u00e7\\u00f5es.\"}},{\"@type\":\"Question\",\"name\":\"Posso eliminar o acne rapidamente?\",\"acceptedAnswer\":{\"@type\":\"Answer\",\"text\":\"N\\u00e3o existe cura imediata; os tratamentos demoram semanas a produzir efeito. O guideline NICE indica que os medicamentos t\\u00f3picos podem demorar 6\\u20138\\u00a0semanas a mostrar melhoria. Iniciar tratamento cedo e mant\\u00ea\\u2011lo pelo tempo recomendado \\u00e9 o melhor caminho para reduzir les\\u00f5es e prevenir cicatrizes.\"}},{\"@type\":\"Question\",\"name\":\"Que produtos devo usar para limpar a pele?\",\"acceptedAnswer\":{\"@type\":\"Answer\",\"text\":\"Use um produto de limpeza suave, de pH neutro ou ligeiramente \\u00e1cido (syndet), duas vezes por dia. Evite sabonetes alcalinos e cosm\\u00e9ticos oleosos; retire sempre a maquilhagem antes de dormir.\"}},{\"@type\":\"Question\",\"name\":\"A alimenta\\u00e7\\u00e3o influencia o acne?\",\"acceptedAnswer\":{\"@type\":\"Answer\",\"text\":\"Segundo o guideline NICE, n\\u00e3o existe evid\\u00eancia suficiente para recomendar dietas espec\\u00edficas. No entanto, adoptar uma dieta equilibrada rica em frutas, vegetais e cereais integrais pode beneficiar a sa\\u00fade geral. Se identificar que alimentos com alto \\u00edndice glic\\u00e9mico agravam as les\\u00f5es, poder\\u00e1 reduzir o seu consumo.\"}},{\"@type\":\"Question\",\"name\":\"Devo espremer as espinhas?\",\"acceptedAnswer\":{\"@type\":\"Answer\",\"text\":\"N\\u00e3o. Manipular ou espremer as les\\u00f5es aumenta a inflama\\u00e7\\u00e3o, o risco de infec\\u00e7\\u00e3o e a forma\\u00e7\\u00e3o de cicatrizes. O NICE recomenda evitar co\\u00e7ar ou espremer as les\\u00f5es para reduzir cicatrizes.\"}}]}<\/script>\n\t\t\t\t\t\t\t<\/div>\n\t\t\t\t\t<\/div>\n\t\t\t\t<\/div>\n\t\t<div class=\"elementor-element elementor-element-3585db7 e-flex e-con-boxed e-con e-parent\" data-id=\"3585db7\" data-element_type=\"container\">\n\t\t\t\t\t<div class=\"e-con-inner\">\n\t\t\t\t<div class=\"elementor-element elementor-element-3e7286c elementor-widget elementor-widget-heading\" data-id=\"3e7286c\" data-element_type=\"widget\" data-widget_type=\"heading.default\">\n\t\t\t\t\t<h2 class=\"elementor-heading-title elementor-size-default\">Conclus\u00e3o<\/h2>\t\t\t\t<\/div>\n\t\t\t\t<div class=\"elementor-element elementor-element-17cd5eb elementor-widget elementor-widget-text-editor\" data-id=\"17cd5eb\" data-element_type=\"widget\" data-widget_type=\"text-editor.default\">\n\t\t\t\t\t\t\t\t\t<p><span style=\"font-weight: 400;\">O acne \u00e9 uma doen\u00e7a cut\u00e2nea comum que pode ter impacto significativo na auto\u2011estima e na qualidade de vida. Compreender os mecanismos por tr\u00e1s da doen\u00e7a ajuda a adoptar h\u00e1bitos de cuidado adequados e a procurar tratamento atempadamente. A combina\u00e7\u00e3o de terap\u00eauticas t\u00f3picas com antibi\u00f3ticos ou retin\u00f3ides, ajustada \u00e0 gravidade, permite controlar a maioria dos casos. Formas graves ou persistentes devem ser avaliadas por um especialista para considerar retin\u00f3ides orais, terapias hormonais ou tratamentos f\u00edsicos. Lembre\u2011se de que uma boa higiene cut\u00e2nea, alimenta\u00e7\u00e3o equilibrada e gest\u00e3o do stress s\u00e3o aliados importantes na preven\u00e7\u00e3o. Ao abordar o acne de forma integral, \u00e9 poss\u00edvel reduzir cicatrizes e recuperar a confian\u00e7a.<\/span><\/p>\t\t\t\t\t\t\t\t<\/div>\n\t\t\t\t\t<\/div>\n\t\t\t\t<\/div>\n\t\t<div class=\"elementor-element elementor-element-29bbce1 e-flex e-con-boxed e-con e-parent\" data-id=\"29bbce1\" data-element_type=\"container\">\n\t\t\t\t\t<div class=\"e-con-inner\">\n\t\t\t\t<div class=\"elementor-element elementor-element-5c1f45d elementor-widget elementor-widget-heading\" data-id=\"5c1f45d\" data-element_type=\"widget\" data-widget_type=\"heading.default\">\n\t\t\t\t\t<h2 class=\"elementor-heading-title elementor-size-default\">Refer\u00eancias<\/h2>\t\t\t\t<\/div>\n\t\t\t\t<div class=\"elementor-element elementor-element-2d79ea6 elementor-widget elementor-widget-text-editor\" data-id=\"2d79ea6\" data-element_type=\"widget\" data-widget_type=\"text-editor.default\">\n\t\t\t\t\t\t\t\t\t<ol><li style=\"font-weight: 400;\" aria-level=\"1\"><span style=\"font-weight: 400;\">Vaz\u00a0AL. <\/span><b>Acne vulgar: bases para o seu tratamento<\/b><span style=\"font-weight: 400;\">. <\/span><i><span style=\"font-weight: 400;\">Revista Portuguesa de Cl\u00ednica\u00a0Geral<\/span><\/i><span style=\"font-weight: 400;\">\u00a02003;19:561\u2011570.<\/span><\/li><li style=\"font-weight: 400;\" aria-level=\"1\"><span style=\"font-weight: 400;\">National Institute for Health and Care Excellence (NICE). <\/span><b>Acne vulgaris: management (Guideline\u00a0NG198)<\/b><span style=\"font-weight: 400;\">. <\/span><i><span style=\"font-weight: 400;\">NICE guidelines<\/span><\/i><span style=\"font-weight: 400;\">, 2023.<\/span><\/li><li style=\"font-weight: 400;\" aria-level=\"1\"><span style=\"font-weight: 400;\">Li\u00a0J, Wu\u00a0S, et\u00a0al.\u00a0<\/span><b>Acne treatment: research progress and new perspectives<\/b><span style=\"font-weight: 400;\">. <\/span><i><span style=\"font-weight: 400;\">Frontiers in\u00a0Medicine<\/span><\/i><span style=\"font-weight: 400;\">\u00a02024.<\/span><\/li><li style=\"font-weight: 400;\" aria-level=\"1\"><span style=\"font-weight: 400;\">Tasoula\u00a0E, Gregoriou\u00a0S, Chalikias\u00a0J, et\u00a0al.\u00a0<\/span><b>The impact of acne vulgaris on quality of life and psychic health in young adolescents in Greece<\/b><span style=\"font-weight: 400;\">. <\/span><i><span style=\"font-weight: 400;\">Anais Brasileiros de Dermatologia<\/span><\/i><span style=\"font-weight: 400;\">\u00a02012;87(6):862\u2013869.<\/span><\/li><\/ol>\t\t\t\t\t\t\t\t<\/div>\n\t\t\t\t\t<\/div>\n\t\t\t\t<\/div>\n\t\t<div class=\"elementor-element elementor-element-64c0406 e-flex e-con-boxed e-con e-parent\" data-id=\"64c0406\" data-element_type=\"container\">\n\t\t\t\t\t<div class=\"e-con-inner\">\n\t\t\t\t<div class=\"elementor-element elementor-element-125a302 elementor-widget elementor-widget-heading\" data-id=\"125a302\" data-element_type=\"widget\" data-widget_type=\"heading.default\">\n\t\t\t\t\t<h2 class=\"elementor-heading-title elementor-size-default\">Fontes<\/h2>\t\t\t\t<\/div>\n\t\t\t\t<div class=\"elementor-element elementor-element-1b18a24 elementor-widget elementor-widget-text-editor\" data-id=\"1b18a24\" data-element_type=\"widget\" data-widget_type=\"text-editor.default\">\n\t\t\t\t\t\t\t\t\t<ul>\n \t<li style=\"font-weight: 400;\" aria-level=\"1\"><span style=\"font-weight: 400;\">Revista Portuguesa de Cl\u00ednica\u00a0Geral \u2013 <a href=\"https:\/\/rpmgf.pt\/ojs\/index.php\/rpmgf\/article\/viewFile\/9989\/9727\" rel=\"dofollow noopener\" target=\"_blank\">https:\/\/rpmgf.pt\/ojs\/index.php\/rpmgf\/article\/viewFile\/9989\/9727<\/a><\/span><\/li>\n \t<li style=\"font-weight: 400;\" aria-level=\"1\"><span style=\"font-weight: 400;\">NICE guidelines \u2013 <a href=\"https:\/\/www.ncbi.nlm.nih.gov\/books\/NBK573056\/\" rel=\"dofollow noopener\" target=\"_blank\">https:\/\/www.ncbi.nlm.nih.gov\/books\/NBK573056\/<\/a><\/span><\/li>\n \t<li style=\"font-weight: 400;\" aria-level=\"1\"><span style=\"font-weight: 400;\">Frontiers in\u00a0Medicine \u2013 <a href=\"https:\/\/www.frontiersin.org\/articles\/10.3389\/fmed.2024.1425675\/full\" rel=\"dofollow noopener\" target=\"_blank\">https:\/\/www.frontiersin.org\/articles\/10.3389\/fmed.2024.1425675\/full<\/a><\/span><\/li>\n \t<li style=\"font-weight: 400;\" aria-level=\"1\"><span style=\"font-weight: 400;\">Anais Brasileiros de Dermatologia \u2013 <a href=\"https:\/\/pmc.ncbi.nlm.nih.gov\/articles\/PMC3699905\/\" rel=\"dofollow noopener\" target=\"_blank\">https:\/\/pmc.ncbi.nlm.nih.gov\/articles\/PMC3699905\/<\/a><\/span><\/li>\n<\/ul>\t\t\t\t\t\t\t\t<\/div>\n\t\t\t\t\t<\/div>\n\t\t\t\t<\/div>\n\t\t\t\t<\/div>\n\t\t","protected":false},"excerpt":{"rendered":"<p>Descubra o que \u00e9 o acne, as principais causas, sintomas, tratamentos eficazes e como prevenir espinhas e cicatrizes. Guia completo para cuidar da pele e melhorar a qualidade de vida.<\/p>","protected":false},"author":2964,"featured_media":52398,"comment_status":"closed","ping_status":"closed","sticky":false,"template":"","format":"standard","meta":{"_jetpack_memberships_contains_paid_content":false,"footnotes":""},"categories":[140],"tags":[],"class_list":["post-52378","post","type-post","status-publish","format-standard","has-post-thumbnail","hentry","category-acne"],"jetpack_featured_media_url":"https:\/\/www.mediconanet.pt\/wp-content\/uploads\/2026\/01\/acne-o-que-e-quais-causas-tratamento.avif","jetpack_sharing_enabled":true,"_links":{"self":[{"href":"https:\/\/www.mediconanet.pt\/en\/wp-json\/wp\/v2\/posts\/52378","targetHints":{"allow":["GET"]}}],"collection":[{"href":"https:\/\/www.mediconanet.pt\/en\/wp-json\/wp\/v2\/posts"}],"about":[{"href":"https:\/\/www.mediconanet.pt\/en\/wp-json\/wp\/v2\/types\/post"}],"author":[{"embeddable":true,"href":"https:\/\/www.mediconanet.pt\/en\/wp-json\/wp\/v2\/users\/2964"}],"replies":[{"embeddable":true,"href":"https:\/\/www.mediconanet.pt\/en\/wp-json\/wp\/v2\/comments?post=52378"}],"version-history":[{"count":35,"href":"https:\/\/www.mediconanet.pt\/en\/wp-json\/wp\/v2\/posts\/52378\/revisions"}],"predecessor-version":[{"id":52593,"href":"https:\/\/www.mediconanet.pt\/en\/wp-json\/wp\/v2\/posts\/52378\/revisions\/52593"}],"wp:featuredmedia":[{"embeddable":true,"href":"https:\/\/www.mediconanet.pt\/en\/wp-json\/wp\/v2\/media\/52398"}],"wp:attachment":[{"href":"https:\/\/www.mediconanet.pt\/en\/wp-json\/wp\/v2\/media?parent=52378"}],"wp:term":[{"taxonomy":"category","embeddable":true,"href":"https:\/\/www.mediconanet.pt\/en\/wp-json\/wp\/v2\/categories?post=52378"},{"taxonomy":"post_tag","embeddable":true,"href":"https:\/\/www.mediconanet.pt\/en\/wp-json\/wp\/v2\/tags?post=52378"}],"curies":[{"name":"wp","href":"https:\/\/api.w.org\/{rel}","templated":true}]}}