{"id":53009,"date":"2026-01-29T10:33:00","date_gmt":"2026-01-29T10:33:00","guid":{"rendered":"https:\/\/www.mediconanet.pt\/?p=53009"},"modified":"2026-02-02T19:29:35","modified_gmt":"2026-02-02T19:29:35","slug":"atestado-medico-carta-de-conducao","status":"publish","type":"post","link":"https:\/\/www.mediconanet.pt\/en\/atestado-medico-carta-de-conducao\/","title":{"rendered":"Atestado m\u00e9dico para a carta de condu\u00e7\u00e3o: o que \u00e9 e para que serve?"},"content":{"rendered":"\t\t<div data-elementor-type=\"wp-post\" data-elementor-id=\"53009\" class=\"elementor elementor-53009\" data-elementor-post-type=\"post\">\n\t\t\t\t<div class=\"elementor-element elementor-element-33bc2f9 e-flex e-con-boxed e-con e-parent\" data-id=\"33bc2f9\" data-element_type=\"container\">\n\t\t\t\t\t<div class=\"e-con-inner\">\n\t\t\t\t<div class=\"elementor-element elementor-element-b1241a3 elementor-widget elementor-widget-text-editor\" data-id=\"b1241a3\" data-element_type=\"widget\" data-widget_type=\"text-editor.default\">\n\t\t\t\t\t\t\t\t\t<p data-start=\"249\" data-end=\"606\">O atestado m\u00e9dico para a carta de condu\u00e7\u00e3o \u00e9 um documento emitido por um m\u00e9dico que certifica a aptid\u00e3o f\u00edsica e mental de um candidato ou condutor. A legisla\u00e7\u00e3o portuguesa prev\u00ea que a avalia\u00e7\u00e3o possa ser feita por <b>qualquer m\u00e9dico no exerc\u00edcio da sua profiss\u00e3o<\/b>, seja no sector p\u00fablico ou privado. Ap\u00f3s a avalia\u00e7\u00e3o, o atestado electr\u00f3nico \u00e9 transmitido directamente ao Instituto da Mobilidade e dos Transportes (IMT), deixando de ser necess\u00e1rio entregar um documento em papel. Este procedimento integra-se na iniciativa Simplex \u201cCarta sobre Rodas\u201d, que desmaterializou os atestados para simplificar a vida dos utentes e refor\u00e7ar a seguran\u00e7a rodovi\u00e1ria.<\/p>\t\t\t\t\t\t\t\t<\/div>\n\t\t\t\t\t<\/div>\n\t\t\t\t<\/div>\n\t\t<div class=\"elementor-element elementor-element-690047c e-flex e-con-boxed e-con e-parent\" data-id=\"690047c\" data-element_type=\"container\">\n\t\t\t\t\t<div class=\"e-con-inner\">\n\t\t\t\t<div class=\"elementor-element elementor-element-12a86f0 elementor-widget elementor-widget-heading\" data-id=\"12a86f0\" data-element_type=\"widget\" data-widget_type=\"heading.default\">\n\t\t\t\t\t<h2 class=\"elementor-heading-title elementor-size-default\">O que \u00e9 o atestado m\u00e9dico e por que \u00e9 obrigat\u00f3rio?<\/h2>\t\t\t\t<\/div>\n\t\t\t\t<div class=\"elementor-element elementor-element-02b0911 elementor-widget elementor-widget-text-editor\" data-id=\"02b0911\" data-element_type=\"widget\" data-widget_type=\"text-editor.default\">\n\t\t\t\t\t\t\t\t\t<p data-start=\"1036\" data-end=\"1665\">Um atestado m\u00e9dico de condu\u00e7\u00e3o \u00e9 a prova de que o condutor ou candidato cumpre os requisitos m\u00ednimos de sa\u00fade para conduzir em seguran\u00e7a. A lei exige que todos os condutores possuam <b>aptid\u00e3o f\u00edsica e mental <\/b>compat\u00edvel com o tipo de ve\u00edculo que pretendem conduzir. A avalia\u00e7\u00e3o inclui uma consulta cl\u00ednica onde o m\u00e9dico analisa o historial de sa\u00fade e realiza um exame f\u00edsico e mental. O atestado \u00e9 obrigat\u00f3rio para a obten\u00e7\u00e3o da primeira carta e para a revalida\u00e7\u00e3o em determinadas idades ou categorias, garantindo que doen\u00e7as ou condi\u00e7\u00f5es incapacitantes s\u00e3o identificadas e que se aplicam restri\u00e7\u00f5es ou adapta\u00e7\u00f5es quando necess\u00e1rio.<\/p><p data-start=\"1667\" data-end=\"2105\">Desde 2017, os atestados passaram a ser emitidos de forma electr\u00f3nica e transmitidos automaticamente ao IMT. Este sistema agiliza os procedimentos, evita perdas de tempo e permite o registo autom\u00e1tico de aptid\u00f5es, inaptid\u00f5es ou restri\u00e7\u00f5es. De acordo com o comunicado da Associa\u00e7\u00e3o Portuguesa de Medicina Geral e Familiar, a desmaterializa\u00e7\u00e3o tornou-se obrigat\u00f3ria a partir de 1 de Abril de 2017 para todos os servi\u00e7os p\u00fablicos e privados.<\/p>\t\t\t\t\t\t\t\t<\/div>\n\t\t\t\t\t<\/div>\n\t\t\t\t<\/div>\n\t\t<div class=\"elementor-element elementor-element-24217ca e-flex e-con-boxed e-con e-parent\" data-id=\"24217ca\" data-element_type=\"container\">\n\t\t\t\t\t<div class=\"e-con-inner\">\n\t\t\t\t<div class=\"elementor-element elementor-element-d545952 elementor-widget elementor-widget-heading\" data-id=\"d545952\" data-element_type=\"widget\" data-widget_type=\"heading.default\">\n\t\t\t\t\t<h2 class=\"elementor-heading-title elementor-size-default\">Como funciona a avalia\u00e7\u00e3o f\u00edsica e mental?<\/h2>\t\t\t\t<\/div>\n\t\t\t\t<div class=\"elementor-element elementor-element-f550818 elementor-widget elementor-widget-text-editor\" data-id=\"f550818\" data-element_type=\"widget\" data-widget_type=\"text-editor.default\">\n\t\t\t\t\t\t\t\t\t<p data-start=\"2154\" data-end=\"2738\">Na consulta, o m\u00e9dico recolhe informa\u00e7\u00e3o cl\u00ednica, realiza um exame f\u00edsico e verifica se o utente cumpre os crit\u00e9rios de aptid\u00e3o definidos pela legisla\u00e7\u00e3o. Em unidades como o Centro de Avalia\u00e7\u00e3o M\u00e9dica e Psicol\u00f3gica (CAMP), da Unidade Local de Sa\u00fade de Matosinhos, o m\u00e9dico perito consulta o processo cl\u00ednico electr\u00f3nico e avalia factores como acuidade visual e auditiva, coordena\u00e7\u00e3o motora e eventuais doen\u00e7as cr\u00f3nicas. Com base nessa avalia\u00e7\u00e3o, emite um parecer de <b>apto<\/b> ou <b>inapto<\/b>. Caso existam d\u00favidas, o m\u00e9dico pode pedir exames complementares ou pareceres de outras especialidades.<\/p><p data-start=\"2740\" data-end=\"3385\">A legisla\u00e7\u00e3o distingue o <b>Grupo 1<\/b> (ve\u00edculos das categorias AM, A1, A2, A, B1, B e BE, ciclomotores e tractores agr\u00edcolas) e o <b>Grupo 2<\/b> (ve\u00edculos pesados das categorias C, D e derivados, e condutores que exercem actividade profissional com ve\u00edculos B). Para o Grupo 1, o atestado \u00e9 exigido na revalida\u00e7\u00e3o a partir de determinada idade. Para o Grupo 2, a avalia\u00e7\u00e3o m\u00e9dica \u00e9 necess\u00e1ria em todas as revalida\u00e7\u00f5es. A acuidade visual m\u00ednima exigida \u00e9 de 0,5 em vis\u00e3o binocular para o Grupo 1 e de 0,8 num olho e 0,5 no outro para o Grupo 2; certas patologias (diplopia, doen\u00e7as locomotoras graves ou perda auditiva) podem levar a restri\u00e7\u00f5es ou inaptid\u00e3o.<\/p>\t\t\t\t\t\t\t\t<\/div>\n\t\t\t\t\t<\/div>\n\t\t\t\t<\/div>\n\t\t<div class=\"elementor-element elementor-element-4dd65bd e-flex e-con-boxed e-con e-parent\" data-id=\"4dd65bd\" data-element_type=\"container\">\n\t\t\t\t\t<div class=\"e-con-inner\">\n\t\t\t\t<div class=\"elementor-element elementor-element-21e59a5 elementor-widget elementor-widget-heading\" data-id=\"21e59a5\" data-element_type=\"widget\" data-widget_type=\"heading.default\">\n\t\t\t\t\t<h2 class=\"elementor-heading-title elementor-size-default\">O que \u00e9 a medida \u201cCarta sobre Rodas\u201d e como simplifica o processo?<\/h2>\t\t\t\t<\/div>\n\t\t\t\t<div class=\"elementor-element elementor-element-cfe4a80 elementor-widget elementor-widget-text-editor\" data-id=\"cfe4a80\" data-element_type=\"widget\" data-widget_type=\"text-editor.default\">\n\t\t\t\t\t\t\t\t\t<p>\u201cCarta sobre Rodas\u201d \u00e9 o nome dado ao conjunto de medidas de simplifica\u00e7\u00e3o administrativa do programa <b>Simplex+ 2016<\/b>, que modernizou a emiss\u00e3o e a revalida\u00e7\u00e3o da carta de condu\u00e7\u00e3o. O Decreto-Lei n.\u00ba 40\/2016 unificou os prazos de validade das cartas em conformidade com as directivas europeias e estabeleceu que o <b>atestado m\u00e9dico \u00e9 transmitido electronicamente<\/b>. O documento deixa de ser entregue pelo utente e passa a integrar a base de dados do IMT, permitindo o registo autom\u00e1tico de inaptid\u00f5es e adapta\u00e7\u00f5es. Al\u00e9m disso, o mesmo diploma aumentou o prazo de validade das cartas de condu\u00e7\u00e3o do Grupo 1 de 10 para 15 anos at\u00e9 aos 60 anos e elevou a idade m\u00e1xima de condu\u00e7\u00e3o de alguns ve\u00edculos pesados de 65 para 67 anos.<\/p>\t\t\t\t\t\t\t\t<\/div>\n\t\t\t\t<div class=\"elementor-element elementor-element-386a1d7 elementor-widget elementor-widget-image\" data-id=\"386a1d7\" data-element_type=\"widget\" data-widget_type=\"image.default\">\n\t\t\t\t\t\t\t\t\t\t\t\t\t\t\t<img fetchpriority=\"high\" decoding=\"async\" width=\"800\" height=\"457\" src=\"https:\/\/www.mediconanet.pt\/wp-content\/uploads\/2026\/01\/atestado-medico-para-carta-de-conducao-consulta-online-1024x585.webp\" class=\"attachment-large size-large wp-image-53064\" alt=\"Consulta m\u00e9dica online para atestado da carta de condu\u00e7\u00e3o\" srcset=\"https:\/\/www.mediconanet.pt\/wp-content\/uploads\/2026\/01\/atestado-medico-para-carta-de-conducao-consulta-online-1024x585.webp 1024w, https:\/\/www.mediconanet.pt\/wp-content\/uploads\/2026\/01\/atestado-medico-para-carta-de-conducao-consulta-online-300x171.webp 300w, https:\/\/www.mediconanet.pt\/wp-content\/uploads\/2026\/01\/atestado-medico-para-carta-de-conducao-consulta-online-768x439.webp 768w, https:\/\/www.mediconanet.pt\/wp-content\/uploads\/2026\/01\/atestado-medico-para-carta-de-conducao-consulta-online-18x10.webp 18w, https:\/\/www.mediconanet.pt\/wp-content\/uploads\/2026\/01\/atestado-medico-para-carta-de-conducao-consulta-online-600x343.webp 600w, https:\/\/www.mediconanet.pt\/wp-content\/uploads\/2026\/01\/atestado-medico-para-carta-de-conducao-consulta-online.webp 1344w\" sizes=\"(max-width: 800px) 100vw, 800px\" \/>\t\t\t\t\t\t\t\t\t\t\t\t\t\t\t<\/div>\n\t\t\t\t\t<\/div>\n\t\t\t\t<\/div>\n\t\t<div class=\"elementor-element elementor-element-6fb38a3 e-flex e-con-boxed e-con e-parent\" data-id=\"6fb38a3\" data-element_type=\"container\">\n\t\t\t\t\t<div class=\"e-con-inner\">\n\t\t\t\t<div class=\"elementor-element elementor-element-38c9a3a elementor-widget elementor-widget-heading\" data-id=\"38c9a3a\" data-element_type=\"widget\" data-widget_type=\"heading.default\">\n\t\t\t\t\t<h2 class=\"elementor-heading-title elementor-size-default\">O atestado \u00e9 obrigat\u00f3rio para todas as categorias?<\/h2>\t\t\t\t<\/div>\n\t\t\t\t<div class=\"elementor-element elementor-element-669a64a elementor-widget elementor-widget-text-editor\" data-id=\"669a64a\" data-element_type=\"widget\" data-widget_type=\"text-editor.default\">\n\t\t\t\t\t\t\t\t\t<p>N\u00e3o. Para condutores das categorias <b>Grupo 1<\/b>, o atestado m\u00e9dico apenas \u00e9 exigido na revalida\u00e7\u00e3o a partir de idades espec\u00edficas e pode ser dispensado nas primeiras revalida\u00e7\u00f5es. J\u00e1 para as categorias de <b>Grupo 2<\/b> (ve\u00edculos pesados e condutores profissionais), a avalia\u00e7\u00e3o m\u00e9dica e, muitas vezes, psicol\u00f3gica \u00e9 obrigat\u00f3ria em todas as revalida\u00e7\u00f5es. As diferen\u00e7as reflectem o maior risco associado \u00e0 condu\u00e7\u00e3o de ve\u00edculos pesados ou ao transporte de passageiros e mercadorias.<\/p><p data-start=\"108\" data-end=\"353\">Atrav\u00e9s do <strong data-start=\"119\" data-end=\"136\">M\u00e9dico na Net<\/strong>, \u00e9 poss\u00edvel realizar online a<strong><a href=\"https:\/\/www.mediconanet.pt\/produto\/atestado-para-carta-de-conducao\/\"> consulta m\u00e9dica<\/a><\/strong> necess\u00e1ria para a emiss\u00e3o do atestado de aptid\u00e3o para a carta de condu\u00e7\u00e3o. A avalia\u00e7\u00e3o \u00e9 feita por videoconsulta, permitindo cumprir os requisitos legais sem desloca\u00e7\u00f5es.<\/p><p data-start=\"355\" data-end=\"704\">Sempre que clinicamente indicado, o atestado m\u00e9dico \u00e9 emitido e enviado electronicamente para o Instituto da Mobilidade e dos Transportes (IMT), sendo igualmente disponibilizado ao utente. Esta consulta destina-se \u00e0 renova\u00e7\u00e3o da carta, obten\u00e7\u00e3o da primeira carta, altera\u00e7\u00e3o de categoria, substitui\u00e7\u00e3o de carta estrangeira ou averbamento do Grupo II.<\/p>\t\t\t\t\t\t\t\t<\/div>\n\t\t\t\t\t<\/div>\n\t\t\t\t<\/div>\n\t\t<div class=\"elementor-element elementor-element-b6c3356 e-flex e-con-boxed e-con e-parent\" data-id=\"b6c3356\" data-element_type=\"container\">\n\t\t\t\t\t<div class=\"e-con-inner\">\n\t\t\t\t<div class=\"elementor-element elementor-element-bb920a6 elementor-widget elementor-widget-heading\" data-id=\"bb920a6\" data-element_type=\"widget\" data-widget_type=\"heading.default\">\n\t\t\t\t\t<h2 class=\"elementor-heading-title elementor-size-default\">Conclus\u00e3o<\/h2>\t\t\t\t<\/div>\n\t\t\t\t<div class=\"elementor-element elementor-element-0d702fe elementor-widget elementor-widget-text-editor\" data-id=\"0d702fe\" data-element_type=\"widget\" data-widget_type=\"text-editor.default\">\n\t\t\t\t\t\t\t\t\t<p>O atestado m\u00e9dico de condu\u00e7\u00e3o \u00e9 uma pe\u00e7a fundamental para garantir que os condutores mant\u00eam as condi\u00e7\u00f5es de sa\u00fade necess\u00e1rias para conduzir em seguran\u00e7a. A desmaterializa\u00e7\u00e3o e a integra\u00e7\u00e3o com o IMT facilitaram o processo e permitiram um melhor controlo das aptid\u00f5es, reduzindo burocracia e melhorando a seguran\u00e7a rodovi\u00e1ria. Antes de iniciar o processo de emiss\u00e3o ou revalida\u00e7\u00e3o da carta de condu\u00e7\u00e3o, informe-se sobre as idades e categorias em que o atestado \u00e9 obrigat\u00f3rio e prepare-se para a avalia\u00e7\u00e3o.<\/p>\t\t\t\t\t\t\t\t<\/div>\n\t\t\t\t\t<\/div>\n\t\t\t\t<\/div>\n\t\t<div class=\"elementor-element elementor-element-48504fd e-flex e-con-boxed e-con e-parent\" data-id=\"48504fd\" data-element_type=\"container\">\n\t\t\t\t\t<div class=\"e-con-inner\">\n\t\t<div class=\"elementor-element elementor-element-45fdd48 e-con-full e-flex e-con e-child\" data-id=\"45fdd48\" data-element_type=\"container\">\n\t\t\t\t<div class=\"elementor-element elementor-element-75585f0 elementor-widget elementor-widget-heading\" data-id=\"75585f0\" data-element_type=\"widget\" data-widget_type=\"heading.default\">\n\t\t\t\t\t<h2 class=\"elementor-heading-title elementor-size-default\">Perguntas frequentes (FAQ)<\/h2>\t\t\t\t<\/div>\n\t\t\t\t<div class=\"elementor-element elementor-element-097a7fc elementor-widget elementor-widget-n-accordion\" data-id=\"097a7fc\" data-element_type=\"widget\" data-settings=\"{&quot;default_state&quot;:&quot;all_collapsed&quot;,&quot;max_items_expended&quot;:&quot;one&quot;,&quot;n_accordion_animation_duration&quot;:{&quot;unit&quot;:&quot;ms&quot;,&quot;size&quot;:400,&quot;sizes&quot;:[]}}\" data-widget_type=\"nested-accordion.default\">\n\t\t\t\t\t\t\t<div class=\"e-n-accordion\" aria-label=\"Accordion. Open links with Enter or Space, close with Escape, and navigate with Arrow Keys\">\n\t\t\t\t\t\t<details id=\"e-n-accordion-item-9930\" class=\"e-n-accordion-item\" >\n\t\t\t\t<summary class=\"e-n-accordion-item-title\" data-accordion-index=\"1\" tabindex=\"0\" aria-expanded=\"false\" aria-controls=\"e-n-accordion-item-9930\" >\n\t\t\t\t\t<span class='e-n-accordion-item-title-header'><div class=\"e-n-accordion-item-title-text\"> O que \u00e9 um atestado m\u00e9dico de condu\u00e7\u00e3o? <\/div><\/span>\n\t\t\t\t\t\t\t<span class='e-n-accordion-item-title-icon'>\n\t\t\t<span class='e-opened' ><svg aria-hidden=\"true\" class=\"e-font-icon-svg e-fas-minus\" viewBox=\"0 0 448 512\" xmlns=\"http:\/\/www.w3.org\/2000\/svg\"><path d=\"M416 208H32c-17.67 0-32 14.33-32 32v32c0 17.67 14.33 32 32 32h384c17.67 0 32-14.33 32-32v-32c0-17.67-14.33-32-32-32z\"><\/path><\/svg><\/span>\n\t\t\t<span class='e-closed'><svg aria-hidden=\"true\" class=\"e-font-icon-svg e-fas-plus\" viewBox=\"0 0 448 512\" xmlns=\"http:\/\/www.w3.org\/2000\/svg\"><path d=\"M416 208H272V64c0-17.67-14.33-32-32-32h-32c-17.67 0-32 14.33-32 32v144H32c-17.67 0-32 14.33-32 32v32c0 17.67 14.33 32 32 32h144v144c0 17.67 14.33 32 32 32h32c17.67 0 32-14.33 32-32V304h144c17.67 0 32-14.33 32-32v-32c0-17.67-14.33-32-32-32z\"><\/path><\/svg><\/span>\n\t\t<\/span>\n\n\t\t\t\t\t\t<\/summary>\n\t\t\t\t<div role=\"region\" aria-labelledby=\"e-n-accordion-item-9930\" class=\"elementor-element elementor-element-6c44088 e-con-full e-flex e-con e-child\" data-id=\"6c44088\" data-element_type=\"container\">\n\t\t<div role=\"region\" aria-labelledby=\"e-n-accordion-item-9930\" class=\"elementor-element elementor-element-9c9d8d7 e-flex e-con-boxed e-con e-child\" data-id=\"9c9d8d7\" data-element_type=\"container\">\n\t\t\t\t\t<div class=\"e-con-inner\">\n\t\t\t\t<div class=\"elementor-element elementor-element-f9bb515 elementor-widget elementor-widget-text-editor\" data-id=\"f9bb515\" data-element_type=\"widget\" data-widget_type=\"text-editor.default\">\n\t\t\t\t\t\t\t\t\t<p>\u00c9 um documento emitido por um m\u00e9dico ap\u00f3s avaliar a aptid\u00e3o f\u00edsica e mental de um candidato ou condutor. A legisla\u00e7\u00e3o portuguesa exige este documento para certas idades e categorias.<\/p>\t\t\t\t\t\t\t\t<\/div>\n\t\t\t\t\t<\/div>\n\t\t\t\t<\/div>\n\t\t\t\t<\/div>\n\t\t\t\t\t<\/details>\n\t\t\t\t\t\t<details id=\"e-n-accordion-item-9931\" class=\"e-n-accordion-item\" >\n\t\t\t\t<summary class=\"e-n-accordion-item-title\" data-accordion-index=\"2\" tabindex=\"-1\" aria-expanded=\"false\" aria-controls=\"e-n-accordion-item-9931\" >\n\t\t\t\t\t<span class='e-n-accordion-item-title-header'><div class=\"e-n-accordion-item-title-text\"> Qualquer m\u00e9dico pode passar o atestado? <\/div><\/span>\n\t\t\t\t\t\t\t<span class='e-n-accordion-item-title-icon'>\n\t\t\t<span class='e-opened' ><svg aria-hidden=\"true\" class=\"e-font-icon-svg e-fas-minus\" viewBox=\"0 0 448 512\" xmlns=\"http:\/\/www.w3.org\/2000\/svg\"><path d=\"M416 208H32c-17.67 0-32 14.33-32 32v32c0 17.67 14.33 32 32 32h384c17.67 0 32-14.33 32-32v-32c0-17.67-14.33-32-32-32z\"><\/path><\/svg><\/span>\n\t\t\t<span class='e-closed'><svg aria-hidden=\"true\" class=\"e-font-icon-svg e-fas-plus\" viewBox=\"0 0 448 512\" xmlns=\"http:\/\/www.w3.org\/2000\/svg\"><path d=\"M416 208H272V64c0-17.67-14.33-32-32-32h-32c-17.67 0-32 14.33-32 32v144H32c-17.67 0-32 14.33-32 32v32c0 17.67 14.33 32 32 32h144v144c0 17.67 14.33 32 32 32h32c17.67 0 32-14.33 32-32V304h144c17.67 0 32-14.33 32-32v-32c0-17.67-14.33-32-32-32z\"><\/path><\/svg><\/span>\n\t\t<\/span>\n\n\t\t\t\t\t\t<\/summary>\n\t\t\t\t<div role=\"region\" aria-labelledby=\"e-n-accordion-item-9931\" class=\"elementor-element elementor-element-c9879f1 e-con-full e-flex e-con e-child\" data-id=\"c9879f1\" data-element_type=\"container\">\n\t\t<div role=\"region\" aria-labelledby=\"e-n-accordion-item-9931\" class=\"elementor-element elementor-element-1d33771 e-flex e-con-boxed e-con e-child\" data-id=\"1d33771\" data-element_type=\"container\">\n\t\t\t\t\t<div class=\"e-con-inner\">\n\t\t\t\t<div class=\"elementor-element elementor-element-c575369 elementor-widget elementor-widget-text-editor\" data-id=\"c575369\" data-element_type=\"widget\" data-widget_type=\"text-editor.default\">\n\t\t\t\t\t\t\t\t\t<p>Sim. Segundo a Dire\u00e7\u00e3o-Geral da Sa\u00fade, qualquer m\u00e9dico no exerc\u00edcio da profiss\u00e3o pode realizar a avalia\u00e7\u00e3o e emitir o atestado. N\u00e3o \u00e9 obrigat\u00f3rio ser o m\u00e9dico de fam\u00edlia.<\/p>\t\t\t\t\t\t\t\t<\/div>\n\t\t\t\t\t<\/div>\n\t\t\t\t<\/div>\n\t\t\t\t<\/div>\n\t\t\t\t\t<\/details>\n\t\t\t\t\t\t<details id=\"e-n-accordion-item-9932\" class=\"e-n-accordion-item\" >\n\t\t\t\t<summary class=\"e-n-accordion-item-title\" data-accordion-index=\"3\" tabindex=\"-1\" aria-expanded=\"false\" aria-controls=\"e-n-accordion-item-9932\" >\n\t\t\t\t\t<span class='e-n-accordion-item-title-header'><div class=\"e-n-accordion-item-title-text\"> Tenho de levar exames ao m\u00e9dico? <\/div><\/span>\n\t\t\t\t\t\t\t<span class='e-n-accordion-item-title-icon'>\n\t\t\t<span class='e-opened' ><svg aria-hidden=\"true\" class=\"e-font-icon-svg e-fas-minus\" viewBox=\"0 0 448 512\" xmlns=\"http:\/\/www.w3.org\/2000\/svg\"><path d=\"M416 208H32c-17.67 0-32 14.33-32 32v32c0 17.67 14.33 32 32 32h384c17.67 0 32-14.33 32-32v-32c0-17.67-14.33-32-32-32z\"><\/path><\/svg><\/span>\n\t\t\t<span class='e-closed'><svg aria-hidden=\"true\" class=\"e-font-icon-svg e-fas-plus\" viewBox=\"0 0 448 512\" xmlns=\"http:\/\/www.w3.org\/2000\/svg\"><path d=\"M416 208H272V64c0-17.67-14.33-32-32-32h-32c-17.67 0-32 14.33-32 32v144H32c-17.67 0-32 14.33-32 32v32c0 17.67 14.33 32 32 32h144v144c0 17.67 14.33 32 32 32h32c17.67 0 32-14.33 32-32V304h144c17.67 0 32-14.33 32-32v-32c0-17.67-14.33-32-32-32z\"><\/path><\/svg><\/span>\n\t\t<\/span>\n\n\t\t\t\t\t\t<\/summary>\n\t\t\t\t<div role=\"region\" aria-labelledby=\"e-n-accordion-item-9932\" class=\"elementor-element elementor-element-ef848a4 e-con-full e-flex e-con e-child\" data-id=\"ef848a4\" data-element_type=\"container\">\n\t\t<div role=\"region\" aria-labelledby=\"e-n-accordion-item-9932\" class=\"elementor-element elementor-element-6d11ac7 e-flex e-con-boxed e-con e-child\" data-id=\"6d11ac7\" data-element_type=\"container\">\n\t\t\t\t\t<div class=\"e-con-inner\">\n\t\t\t\t<div class=\"elementor-element elementor-element-5910adb elementor-widget elementor-widget-text-editor\" data-id=\"5910adb\" data-element_type=\"widget\" data-widget_type=\"text-editor.default\">\n\t\t\t\t\t\t\t\t\t<p>Normalmente a consulta baseia-se no historial cl\u00ednico e num exame f\u00edsico. O m\u00e9dico poder\u00e1 solicitar exames complementares ou pareceres especializados se considerar necess\u00e1rio.<\/p>\t\t\t\t\t\t\t\t<\/div>\n\t\t\t\t\t<\/div>\n\t\t\t\t<\/div>\n\t\t\t\t<\/div>\n\t\t\t\t\t<\/details>\n\t\t\t\t\t\t<details id=\"e-n-accordion-item-9933\" class=\"e-n-accordion-item\" >\n\t\t\t\t<summary class=\"e-n-accordion-item-title\" data-accordion-index=\"4\" tabindex=\"-1\" aria-expanded=\"false\" aria-controls=\"e-n-accordion-item-9933\" >\n\t\t\t\t\t<span class='e-n-accordion-item-title-header'><div class=\"e-n-accordion-item-title-text\"> Durante quanto tempo \u00e9 v\u00e1lido o atestado? <\/div><\/span>\n\t\t\t\t\t\t\t<span class='e-n-accordion-item-title-icon'>\n\t\t\t<span class='e-opened' ><svg aria-hidden=\"true\" class=\"e-font-icon-svg e-fas-minus\" viewBox=\"0 0 448 512\" xmlns=\"http:\/\/www.w3.org\/2000\/svg\"><path d=\"M416 208H32c-17.67 0-32 14.33-32 32v32c0 17.67 14.33 32 32 32h384c17.67 0 32-14.33 32-32v-32c0-17.67-14.33-32-32-32z\"><\/path><\/svg><\/span>\n\t\t\t<span class='e-closed'><svg aria-hidden=\"true\" class=\"e-font-icon-svg e-fas-plus\" viewBox=\"0 0 448 512\" xmlns=\"http:\/\/www.w3.org\/2000\/svg\"><path d=\"M416 208H272V64c0-17.67-14.33-32-32-32h-32c-17.67 0-32 14.33-32 32v144H32c-17.67 0-32 14.33-32 32v32c0 17.67 14.33 32 32 32h144v144c0 17.67 14.33 32 32 32h32c17.67 0 32-14.33 32-32V304h144c17.67 0 32-14.33 32-32v-32c0-17.67-14.33-32-32-32z\"><\/path><\/svg><\/span>\n\t\t<\/span>\n\n\t\t\t\t\t\t<\/summary>\n\t\t\t\t<div role=\"region\" aria-labelledby=\"e-n-accordion-item-9933\" class=\"elementor-element elementor-element-bc3e5b6 e-con-full e-flex e-con e-child\" data-id=\"bc3e5b6\" data-element_type=\"container\">\n\t\t<div role=\"region\" aria-labelledby=\"e-n-accordion-item-9933\" class=\"elementor-element elementor-element-e33884f e-flex e-con-boxed e-con e-child\" data-id=\"e33884f\" data-element_type=\"container\">\n\t\t\t\t\t<div class=\"e-con-inner\">\n\t\t\t\t<div class=\"elementor-element elementor-element-75386fe elementor-widget elementor-widget-text-editor\" data-id=\"75386fe\" data-element_type=\"widget\" data-widget_type=\"text-editor.default\">\n\t\t\t\t\t\t\t\t\t<p>O atestado m\u00e9dico electr\u00f3nico tem uma validade m\u00e1xima de seis meses a partir da data de emiss\u00e3o. Ap\u00f3s esse per\u00edodo, se a carta ainda n\u00e3o tiver sido revalidada, ser\u00e1 necess\u00e1rio obter um novo atestado.<\/p>\t\t\t\t\t\t\t\t<\/div>\n\t\t\t\t\t<\/div>\n\t\t\t\t<\/div>\n\t\t\t\t<\/div>\n\t\t\t\t\t<\/details>\n\t\t\t\t\t\t<details id=\"e-n-accordion-item-9934\" class=\"e-n-accordion-item\" >\n\t\t\t\t<summary class=\"e-n-accordion-item-title\" data-accordion-index=\"5\" tabindex=\"-1\" aria-expanded=\"false\" aria-controls=\"e-n-accordion-item-9934\" >\n\t\t\t\t\t<span class='e-n-accordion-item-title-header'><div class=\"e-n-accordion-item-title-text\"> O que acontece se for considerado inapto? <\/div><\/span>\n\t\t\t\t\t\t\t<span class='e-n-accordion-item-title-icon'>\n\t\t\t<span class='e-opened' ><svg aria-hidden=\"true\" class=\"e-font-icon-svg e-fas-minus\" viewBox=\"0 0 448 512\" xmlns=\"http:\/\/www.w3.org\/2000\/svg\"><path d=\"M416 208H32c-17.67 0-32 14.33-32 32v32c0 17.67 14.33 32 32 32h384c17.67 0 32-14.33 32-32v-32c0-17.67-14.33-32-32-32z\"><\/path><\/svg><\/span>\n\t\t\t<span class='e-closed'><svg aria-hidden=\"true\" class=\"e-font-icon-svg e-fas-plus\" viewBox=\"0 0 448 512\" xmlns=\"http:\/\/www.w3.org\/2000\/svg\"><path d=\"M416 208H272V64c0-17.67-14.33-32-32-32h-32c-17.67 0-32 14.33-32 32v144H32c-17.67 0-32 14.33-32 32v32c0 17.67 14.33 32 32 32h144v144c0 17.67 14.33 32 32 32h32c17.67 0 32-14.33 32-32V304h144c17.67 0 32-14.33 32-32v-32c0-17.67-14.33-32-32-32z\"><\/path><\/svg><\/span>\n\t\t<\/span>\n\n\t\t\t\t\t\t<\/summary>\n\t\t\t\t<div role=\"region\" aria-labelledby=\"e-n-accordion-item-9934\" class=\"elementor-element elementor-element-78bc905 e-con-full e-flex e-con e-child\" data-id=\"78bc905\" data-element_type=\"container\">\n\t\t<div role=\"region\" aria-labelledby=\"e-n-accordion-item-9934\" class=\"elementor-element elementor-element-8e94589 e-flex e-con-boxed e-con e-child\" data-id=\"8e94589\" data-element_type=\"container\">\n\t\t\t\t\t<div class=\"e-con-inner\">\n\t\t\t\t<div class=\"elementor-element elementor-element-30fe540 elementor-widget elementor-widget-text-editor\" data-id=\"30fe540\" data-element_type=\"widget\" data-widget_type=\"text-editor.default\">\n\t\t\t\t\t\t\t\t\t<p>O m\u00e9dico registar\u00e1 a inaptid\u00e3o no sistema. Dependendo da condi\u00e7\u00e3o, poder\u00e3o ser aplicadas restri\u00e7\u00f5es, adapta\u00e7\u00f5es ao ve\u00edculo ou ser negada a carta de condu\u00e7\u00e3o. Em alguns casos, o condutor pode ser reavaliado depois de tratamento ou recupera\u00e7\u00e3o.<\/p>\t\t\t\t\t\t\t\t<\/div>\n\t\t\t\t\t<\/div>\n\t\t\t\t<\/div>\n\t\t\t\t<\/div>\n\t\t\t\t\t<\/details>\n\t\t\t\t\t<\/div>\n\t\t\t\t\t<script type=\"application\/ld+json\">{\"@context\":\"https:\\\/\\\/schema.org\",\"@type\":\"FAQPage\",\"mainEntity\":[{\"@type\":\"Question\",\"name\":\"O que \\u00e9 um atestado m\\u00e9dico de condu\\u00e7\\u00e3o?\",\"acceptedAnswer\":{\"@type\":\"Answer\",\"text\":\"\\u00c9 um documento emitido por um m\\u00e9dico ap\\u00f3s avaliar a aptid\\u00e3o f\\u00edsica e mental de um candidato ou condutor. A legisla\\u00e7\\u00e3o portuguesa exige este documento para certas idades e categorias.\"}},{\"@type\":\"Question\",\"name\":\"Qualquer m\\u00e9dico pode passar o atestado?\",\"acceptedAnswer\":{\"@type\":\"Answer\",\"text\":\"Sim. Segundo a Dire\\u00e7\\u00e3o-Geral da Sa\\u00fade, qualquer m\\u00e9dico no exerc\\u00edcio da profiss\\u00e3o pode realizar a avalia\\u00e7\\u00e3o e emitir o atestado. N\\u00e3o \\u00e9 obrigat\\u00f3rio ser o m\\u00e9dico de fam\\u00edlia.\"}},{\"@type\":\"Question\",\"name\":\"Tenho de levar exames ao m\\u00e9dico?\",\"acceptedAnswer\":{\"@type\":\"Answer\",\"text\":\"Normalmente a consulta baseia-se no historial cl\\u00ednico e num exame f\\u00edsico. O m\\u00e9dico poder\\u00e1 solicitar exames complementares ou pareceres especializados se considerar necess\\u00e1rio.\"}},{\"@type\":\"Question\",\"name\":\"Durante quanto tempo \\u00e9 v\\u00e1lido o atestado?\",\"acceptedAnswer\":{\"@type\":\"Answer\",\"text\":\"O atestado m\\u00e9dico electr\\u00f3nico tem uma validade m\\u00e1xima de seis meses a partir da data de emiss\\u00e3o. Ap\\u00f3s esse per\\u00edodo, se a carta ainda n\\u00e3o tiver sido revalidada, ser\\u00e1 necess\\u00e1rio obter um novo atestado.\"}},{\"@type\":\"Question\",\"name\":\"O que acontece se for considerado inapto?\",\"acceptedAnswer\":{\"@type\":\"Answer\",\"text\":\"O m\\u00e9dico registar\\u00e1 a inaptid\\u00e3o no sistema. Dependendo da condi\\u00e7\\u00e3o, poder\\u00e3o ser aplicadas restri\\u00e7\\u00f5es, adapta\\u00e7\\u00f5es ao ve\\u00edculo ou ser negada a carta de condu\\u00e7\\u00e3o. Em alguns casos, o condutor pode ser reavaliado depois de tratamento ou recupera\\u00e7\\u00e3o.\"}}]}<\/script>\n\t\t\t\t\t\t\t<\/div>\n\t\t\t\t<\/div>\n\t\t\t\t\t<\/div>\n\t\t\t\t<\/div>\n\t\t<div class=\"elementor-element elementor-element-acc84b6 e-flex e-con-boxed e-con e-parent\" data-id=\"acc84b6\" data-element_type=\"container\">\n\t\t\t\t\t<div class=\"e-con-inner\">\n\t\t\t\t<div class=\"elementor-element elementor-element-9759bed elementor-widget elementor-widget-heading\" data-id=\"9759bed\" data-element_type=\"widget\" data-widget_type=\"heading.default\">\n\t\t\t\t\t<h2 class=\"elementor-heading-title elementor-size-default\">Fontes<\/h2>\t\t\t\t<\/div>\n\t\t\t\t<div class=\"elementor-element elementor-element-5af94d7 elementor-widget elementor-widget-text-editor\" data-id=\"5af94d7\" data-element_type=\"widget\" data-widget_type=\"text-editor.default\">\n\t\t\t\t\t\t\t\t\t<p><a href=\"https:\/\/www.lexpoint.pt\/Fileget.aspx?FileId=22566\" rel=\"nofollow noopener\" target=\"_blank\">Dire\u00e7\u00e3o-Geral da Sa\u00fade \u2013 Orienta\u00e7\u00e3o n.\u00ba 003\/2017 (Avalia\u00e7\u00e3o M\u00e9dica de Condutores)<\/a><br data-start=\"6527\" data-end=\"6530\" \/><a href=\"https:\/\/ordemdosmedicos.pt\/comunicacao\/noticias\/atestados-medicos-para-a-carta-de-conducao-comunicado-dgs-6422\" rel=\"nofollow noopener\" target=\"_blank\">Associa\u00e7\u00e3o Portuguesa de Medicina Geral e Familiar \u2013 Comunicado sobre a desmaterializa\u00e7\u00e3o de atestados<\/a><br data-start=\"6632\" data-end=\"6635\" \/><a href=\"https:\/\/www.sns24.gov.pt\/servico\/atestado-medico-para-revalidar-a-carta-de-conducao\/\" rel=\"nofollow noopener\" target=\"_blank\">Homepage Jur\u00eddica \u2013 artigo \u201cCarta de Condu\u00e7\u00e3o \u2013 Novas Regras e Prazo para a Renova\u00e7\u00e3o\u201d<\/a><br data-start=\"6721\" data-end=\"6724\" \/><a href=\"https:\/\/www.ulsm.min-saude.pt\/servicos\/camp\/\" rel=\"nofollow noopener\" target=\"_blank\">Centro de Avalia\u00e7\u00e3o M\u00e9dica e Psicol\u00f3gica, ULS Matosinhos \u2013 informa\u00e7\u00e3o sobre emiss\u00e3o de atestados<\/a><br data-start=\"6820\" data-end=\"6823\" \/><a href=\"https:\/\/grupoift.pt\/avaliacao-medica-para-a-carta\" rel=\"nofollow noopener\" target=\"_blank\">Grupo IFT \u2013 Circular Informativa Conjunta n.\u00ba 8\/2017 sobre o atestado m\u00e9dico<\/a><br data-start=\"6899\" data-end=\"6902\" \/><a href=\"https:\/\/www.usfcoimbracelas.com\/atestados\" rel=\"dofollow noopener\" target=\"_blank\">USF CoimbraCelas \u2013 esclarecimentos deontol\u00f3gicos sobre atestados<\/a><\/p>\t\t\t\t\t\t\t\t<\/div>\n\t\t\t\t\t<\/div>\n\t\t\t\t<\/div>\n\t\t\t\t<\/div>\n\t\t","protected":false},"excerpt":{"rendered":"<p>Saiba o que \u00e9 o atestado m\u00e9dico para a carta de condu\u00e7\u00e3o, quando \u00e9 obrigat\u00f3rio e como funciona a avalia\u00e7\u00e3o, incluindo a emiss\u00e3o electr\u00f3nica.<\/p>","protected":false},"author":2964,"featured_media":53082,"comment_status":"closed","ping_status":"closed","sticky":false,"template":"","format":"standard","meta":{"_jetpack_memberships_contains_paid_content":false,"footnotes":""},"categories":[85,137],"tags":[],"class_list":["post-53009","post","type-post","status-publish","format-standard","has-post-thumbnail","hentry","category-atestados","category-carta-de-conducao"],"jetpack_featured_media_url":"https:\/\/www.mediconanet.pt\/wp-content\/uploads\/2026\/01\/atestado-medico-para-carta-de-conducao-o-que-e.webp","jetpack_sharing_enabled":true,"_links":{"self":[{"href":"https:\/\/www.mediconanet.pt\/en\/wp-json\/wp\/v2\/posts\/53009","targetHints":{"allow":["GET"]}}],"collection":[{"href":"https:\/\/www.mediconanet.pt\/en\/wp-json\/wp\/v2\/posts"}],"about":[{"href":"https:\/\/www.mediconanet.pt\/en\/wp-json\/wp\/v2\/types\/post"}],"author":[{"embeddable":true,"href":"https:\/\/www.mediconanet.pt\/en\/wp-json\/wp\/v2\/users\/2964"}],"replies":[{"embeddable":true,"href":"https:\/\/www.mediconanet.pt\/en\/wp-json\/wp\/v2\/comments?post=53009"}],"version-history":[{"count":29,"href":"https:\/\/www.mediconanet.pt\/en\/wp-json\/wp\/v2\/posts\/53009\/revisions"}],"predecessor-version":[{"id":53134,"href":"https:\/\/www.mediconanet.pt\/en\/wp-json\/wp\/v2\/posts\/53009\/revisions\/53134"}],"wp:featuredmedia":[{"embeddable":true,"href":"https:\/\/www.mediconanet.pt\/en\/wp-json\/wp\/v2\/media\/53082"}],"wp:attachment":[{"href":"https:\/\/www.mediconanet.pt\/en\/wp-json\/wp\/v2\/media?parent=53009"}],"wp:term":[{"taxonomy":"category","embeddable":true,"href":"https:\/\/www.mediconanet.pt\/en\/wp-json\/wp\/v2\/categories?post=53009"},{"taxonomy":"post_tag","embeddable":true,"href":"https:\/\/www.mediconanet.pt\/en\/wp-json\/wp\/v2\/tags?post=53009"}],"curies":[{"name":"wp","href":"https:\/\/api.w.org\/{rel}","templated":true}]}}