{"id":53132,"date":"2026-01-30T11:06:42","date_gmt":"2026-01-30T11:06:42","guid":{"rendered":"https:\/\/www.mediconanet.pt\/?p=53132"},"modified":"2026-02-02T19:29:33","modified_gmt":"2026-02-02T19:29:33","slug":"revalidar-a-carta-de-conducao-atestado","status":"publish","type":"post","link":"https:\/\/www.mediconanet.pt\/en\/revalidar-a-carta-de-conducao-atestado\/","title":{"rendered":"Quem precisa de um atestado m\u00e9dico para revalidar a carta de condu\u00e7\u00e3o?"},"content":{"rendered":"\t\t<div data-elementor-type=\"wp-post\" data-elementor-id=\"53132\" class=\"elementor elementor-53132\" data-elementor-post-type=\"post\">\n\t\t\t\t<div class=\"elementor-element elementor-element-4019d22 e-flex e-con-boxed e-con e-parent\" data-id=\"4019d22\" data-element_type=\"container\">\n\t\t\t\t\t<div class=\"e-con-inner\">\n\t\t\t\t<div class=\"elementor-element elementor-element-5b644a3 elementor-widget elementor-widget-text-editor\" data-id=\"5b644a3\" data-element_type=\"widget\" data-widget_type=\"text-editor.default\">\n\t\t\t\t\t\t\t\t\t<p>Nem todos os condutores s\u00e3o obrigados a apresentar um atestado m\u00e9dico para revalidar a carta de condu\u00e7\u00e3o. A necessidade depende da categoria do ve\u00edculo e da idade do titular, estando prevista no Regulamento da Habilita\u00e7\u00e3o Legal para Conduzir. Saber quando deve obter o atestado evita atrasos, multas e a perda do direito a conduzir.<\/p>\t\t\t\t\t\t\t\t<\/div>\n\t\t\t\t<div class=\"elementor-element elementor-element-d9bb979 elementor-widget elementor-widget-heading\" data-id=\"d9bb979\" data-element_type=\"widget\" data-widget_type=\"heading.default\">\n\t\t\t\t\t<h2 class=\"elementor-heading-title elementor-size-default\">Grupo 1 e Grupo 2: qual a diferen\u00e7a?<\/h2>\t\t\t\t<\/div>\n\t\t\t\t<div class=\"elementor-element elementor-element-39575ea elementor-widget elementor-widget-text-editor\" data-id=\"39575ea\" data-element_type=\"widget\" data-widget_type=\"text-editor.default\">\n\t\t\t\t\t\t\t\t\t<p data-start=\"610\" data-end=\"659\">A legisla\u00e7\u00e3o distingue dois grupos de condutores:<\/p><p data-start=\"661\" data-end=\"916\"><strong data-start=\"661\" data-end=\"672\">Grupo 1<\/strong> \u2013 engloba as categorias de ve\u00edculos ligeiros: AM, A1, A2, A, B1, B e BE, ciclomotores e tractores agr\u00edcolas. Estes condutores s\u00e3o considerados de baixo risco e, por isso, a exig\u00eancia de atestado m\u00e9dico s\u00f3 surge a partir de determinadas idades.<\/p><p data-start=\"918\" data-end=\"1353\"><strong data-start=\"918\" data-end=\"929\">Grupo 2<\/strong> \u2013 inclui as categorias C1, C1E, C, CE, D1, D1E, D e DE, bem como condutores das categorias B e BE quando a condu\u00e7\u00e3o \u00e9 actividade profissional (ambul\u00e2ncias, ve\u00edculos de bombeiros, transporte de doentes, transporte escolar, transporte colectivo de crian\u00e7as e ve\u00edculos de aluguer). Estes condutores est\u00e3o sujeitos a avalia\u00e7\u00f5es mais frequentes e exigem tamb\u00e9m certificado de aptid\u00e3o psicol\u00f3gica (CAP) a partir de certas idades.<\/p>\t\t\t\t\t\t\t\t<\/div>\n\t\t\t\t<div class=\"elementor-element elementor-element-c536cd0 elementor-widget elementor-widget-heading\" data-id=\"c536cd0\" data-element_type=\"widget\" data-widget_type=\"heading.default\">\n\t\t\t\t\t<h2 class=\"elementor-heading-title elementor-size-default\">Atestado m\u00e9dico no Grupo 1: quando \u00e9 obrigat\u00f3rio?<\/h2>\t\t\t\t<\/div>\n\t\t\t\t<div class=\"elementor-element elementor-element-5e99f82 elementor-widget elementor-widget-text-editor\" data-id=\"5e99f82\" data-element_type=\"widget\" data-widget_type=\"text-editor.default\">\n\t\t\t\t\t\t\t\t\t<p data-start=\"1409\" data-end=\"1568\">Os condutores do Grupo 1 n\u00e3o precisam de atestado nas primeiras d\u00e9cadas de condu\u00e7\u00e3o. Contudo, a partir de determinado momento, o atestado torna-se obrigat\u00f3rio:<\/p><p data-start=\"1570\" data-end=\"1764\"><strong data-start=\"1570\" data-end=\"1618\">Cartas obtidas antes de 2 de janeiro de 2013<\/strong> \u2013 revalida\u00e7\u00e3o aos 50 anos sem atestado; revalida\u00e7\u00e3o aos 60, 65 e 70 anos com atestado; ap\u00f3s os 70 anos, revalida\u00e7\u00f5es bienais sempre com atestado.<\/p><p data-start=\"1766\" data-end=\"2113\"><strong data-start=\"1766\" data-end=\"1846\">Cartas obtidas depois de 2 de janeiro de 2013 e antes de 30 de julho de 2016<\/strong> \u2013 quem tirou a carta antes dos 25 anos deve revalidar a carta de condu\u00e3o aos 30 e 45 anos sem atestado; quem obteve a carta depois de completar 25 anos deve revalidar a carta de condu\u00e7\u00e3o aos 40 e 55 anos sem atestado. Em ambos os casos, as revalida\u00e7\u00f5es subsequentes aos 60, 65 e 70 anos requerem atestado.<\/p><p data-start=\"2115\" data-end=\"2401\"><strong data-start=\"2115\" data-end=\"2165\">Cartas obtidas a partir de 30 de julho de 2016<\/strong> \u2013 as cartas do Grupo 1 t\u00eam uma validade de 15 anos at\u00e9 perfazer os 60 anos, sem necessidade de atestado. Dos 60 aos 70 anos, a revalida\u00e7\u00e3o \u00e9 de 5 em 5 anos com atestado; ap\u00f3s os 70 anos, passa a ser de 2 em 2 anos, sempre com atestado.<\/p>\t\t\t\t\t\t\t\t<\/div>\n\t\t\t\t\t<\/div>\n\t\t\t\t<\/div>\n\t\t<div class=\"elementor-element elementor-element-fc903d9 e-flex e-con-boxed e-con e-parent\" data-id=\"fc903d9\" data-element_type=\"container\">\n\t\t\t\t\t<div class=\"e-con-inner\">\n\t\t<div class=\"elementor-element elementor-element-d693ff4 e-con-full e-flex e-con e-child\" data-id=\"d693ff4\" data-element_type=\"container\">\n\t\t\t\t<div class=\"elementor-element elementor-element-7016ac2 elementor-widget elementor-widget-heading\" data-id=\"7016ac2\" data-element_type=\"widget\" data-widget_type=\"heading.default\">\n\t\t\t\t\t<h2 class=\"elementor-heading-title elementor-size-default\">Perguntas frequentes sobre o Grupo 1<\/h2>\t\t\t\t<\/div>\n\t\t\t\t<div class=\"elementor-element elementor-element-23f2252 elementor-widget elementor-widget-n-accordion\" data-id=\"23f2252\" data-element_type=\"widget\" data-settings=\"{&quot;default_state&quot;:&quot;all_collapsed&quot;,&quot;max_items_expended&quot;:&quot;one&quot;,&quot;n_accordion_animation_duration&quot;:{&quot;unit&quot;:&quot;ms&quot;,&quot;size&quot;:400,&quot;sizes&quot;:[]}}\" data-widget_type=\"nested-accordion.default\">\n\t\t\t\t\t\t\t<div class=\"e-n-accordion\" aria-label=\"Accordion. Open links with Enter or Space, close with Escape, and navigate with Arrow Keys\">\n\t\t\t\t\t\t<details id=\"e-n-accordion-item-3760\" class=\"e-n-accordion-item\" >\n\t\t\t\t<summary class=\"e-n-accordion-item-title\" data-accordion-index=\"1\" tabindex=\"0\" aria-expanded=\"false\" aria-controls=\"e-n-accordion-item-3760\" >\n\t\t\t\t\t<span class='e-n-accordion-item-title-header'><div class=\"e-n-accordion-item-title-text\"> Porque n\u00e3o h\u00e1 atestado antes dos 50 anos? <\/div><\/span>\n\t\t\t\t\t\t\t<span class='e-n-accordion-item-title-icon'>\n\t\t\t<span class='e-opened' ><svg aria-hidden=\"true\" class=\"e-font-icon-svg e-fas-minus\" viewBox=\"0 0 448 512\" xmlns=\"http:\/\/www.w3.org\/2000\/svg\"><path d=\"M416 208H32c-17.67 0-32 14.33-32 32v32c0 17.67 14.33 32 32 32h384c17.67 0 32-14.33 32-32v-32c0-17.67-14.33-32-32-32z\"><\/path><\/svg><\/span>\n\t\t\t<span class='e-closed'><svg aria-hidden=\"true\" class=\"e-font-icon-svg e-fas-plus\" viewBox=\"0 0 448 512\" xmlns=\"http:\/\/www.w3.org\/2000\/svg\"><path d=\"M416 208H272V64c0-17.67-14.33-32-32-32h-32c-17.67 0-32 14.33-32 32v144H32c-17.67 0-32 14.33-32 32v32c0 17.67 14.33 32 32 32h144v144c0 17.67 14.33 32 32 32h32c17.67 0 32-14.33 32-32V304h144c17.67 0 32-14.33 32-32v-32c0-17.67-14.33-32-32-32z\"><\/path><\/svg><\/span>\n\t\t<\/span>\n\n\t\t\t\t\t\t<\/summary>\n\t\t\t\t<div role=\"region\" aria-labelledby=\"e-n-accordion-item-3760\" class=\"elementor-element elementor-element-4ba2f15 e-con-full e-flex e-con e-child\" data-id=\"4ba2f15\" data-element_type=\"container\">\n\t\t<div role=\"region\" aria-labelledby=\"e-n-accordion-item-3760\" class=\"elementor-element elementor-element-cc5225c e-flex e-con-boxed e-con e-child\" data-id=\"cc5225c\" data-element_type=\"container\">\n\t\t\t\t\t<div class=\"e-con-inner\">\n\t\t\t\t<div class=\"elementor-element elementor-element-15123bb elementor-widget elementor-widget-text-editor\" data-id=\"15123bb\" data-element_type=\"widget\" data-widget_type=\"text-editor.default\">\n\t\t\t\t\t\t\t\t\t<p>A legisla\u00e7\u00e3o considera que as condi\u00e7\u00f5es de sa\u00fade se mant\u00eam est\u00e1veis nos adultos jovens e, por isso, a carta pode ser renovada sem exame m\u00e9dico. A partir dos 60 anos, aumentam as altera\u00e7\u00f5es visuais, auditivas e motoras e \u00e9 necess\u00e1ria uma avalia\u00e7\u00e3o.<\/p>\t\t\t\t\t\t\t\t<\/div>\n\t\t\t\t\t<\/div>\n\t\t\t\t<\/div>\n\t\t\t\t<\/div>\n\t\t\t\t\t<\/details>\n\t\t\t\t\t\t<details id=\"e-n-accordion-item-3761\" class=\"e-n-accordion-item\" >\n\t\t\t\t<summary class=\"e-n-accordion-item-title\" data-accordion-index=\"2\" tabindex=\"-1\" aria-expanded=\"false\" aria-controls=\"e-n-accordion-item-3761\" >\n\t\t\t\t\t<span class='e-n-accordion-item-title-header'><div class=\"e-n-accordion-item-title-text\"> E se obtive a carta com mais de 58 anos? <\/div><\/span>\n\t\t\t\t\t\t\t<span class='e-n-accordion-item-title-icon'>\n\t\t\t<span class='e-opened' ><svg aria-hidden=\"true\" class=\"e-font-icon-svg e-fas-minus\" viewBox=\"0 0 448 512\" xmlns=\"http:\/\/www.w3.org\/2000\/svg\"><path d=\"M416 208H32c-17.67 0-32 14.33-32 32v32c0 17.67 14.33 32 32 32h384c17.67 0 32-14.33 32-32v-32c0-17.67-14.33-32-32-32z\"><\/path><\/svg><\/span>\n\t\t\t<span class='e-closed'><svg aria-hidden=\"true\" class=\"e-font-icon-svg e-fas-plus\" viewBox=\"0 0 448 512\" xmlns=\"http:\/\/www.w3.org\/2000\/svg\"><path d=\"M416 208H272V64c0-17.67-14.33-32-32-32h-32c-17.67 0-32 14.33-32 32v144H32c-17.67 0-32 14.33-32 32v32c0 17.67 14.33 32 32 32h144v144c0 17.67 14.33 32 32 32h32c17.67 0 32-14.33 32-32V304h144c17.67 0 32-14.33 32-32v-32c0-17.67-14.33-32-32-32z\"><\/path><\/svg><\/span>\n\t\t<\/span>\n\n\t\t\t\t\t\t<\/summary>\n\t\t\t\t<div role=\"region\" aria-labelledby=\"e-n-accordion-item-3761\" class=\"elementor-element elementor-element-43ead7f e-con-full e-flex e-con e-child\" data-id=\"43ead7f\" data-element_type=\"container\">\n\t\t<div role=\"region\" aria-labelledby=\"e-n-accordion-item-3761\" class=\"elementor-element elementor-element-676f936 e-flex e-con-boxed e-con e-child\" data-id=\"676f936\" data-element_type=\"container\">\n\t\t\t\t\t<div class=\"e-con-inner\">\n\t\t\t\t<div class=\"elementor-element elementor-element-9d52c0f elementor-widget elementor-widget-text-editor\" data-id=\"9d52c0f\" data-element_type=\"widget\" data-widget_type=\"text-editor.default\">\n\t\t\t\t\t\t\t\t\t<p>Quem se habilita pela primeira vez com 58 anos ou mais realiza a primeira revalida\u00e7\u00e3o aos 65 anos, com atestado.<\/p>\t\t\t\t\t\t\t\t<\/div>\n\t\t\t\t\t<\/div>\n\t\t\t\t<\/div>\n\t\t\t\t<\/div>\n\t\t\t\t\t<\/details>\n\t\t\t\t\t<\/div>\n\t\t\t\t\t<script type=\"application\/ld+json\">{\"@context\":\"https:\\\/\\\/schema.org\",\"@type\":\"FAQPage\",\"mainEntity\":[{\"@type\":\"Question\",\"name\":\"Porque n\\u00e3o h\\u00e1 atestado antes dos 50 anos?\",\"acceptedAnswer\":{\"@type\":\"Answer\",\"text\":\"A legisla\\u00e7\\u00e3o considera que as condi\\u00e7\\u00f5es de sa\\u00fade se mant\\u00eam est\\u00e1veis nos adultos jovens e, por isso, a carta pode ser renovada sem exame m\\u00e9dico. A partir dos 60 anos, aumentam as altera\\u00e7\\u00f5es visuais, auditivas e motoras e \\u00e9 necess\\u00e1ria uma avalia\\u00e7\\u00e3o.\"}},{\"@type\":\"Question\",\"name\":\"E se obtive a carta com mais de 58 anos?\",\"acceptedAnswer\":{\"@type\":\"Answer\",\"text\":\"Quem se habilita pela primeira vez com 58 anos ou mais realiza a primeira revalida\\u00e7\\u00e3o aos 65 anos, com atestado.\"}}]}<\/script>\n\t\t\t\t\t\t\t<\/div>\n\t\t\t\t<\/div>\n\t\t\t\t\t<\/div>\n\t\t\t\t<\/div>\n\t\t<div class=\"elementor-element elementor-element-1717630 e-flex e-con-boxed e-con e-parent\" data-id=\"1717630\" data-element_type=\"container\">\n\t\t\t\t\t<div class=\"e-con-inner\">\n\t\t\t\t<div class=\"elementor-element elementor-element-80a11b8 elementor-widget elementor-widget-heading\" data-id=\"80a11b8\" data-element_type=\"widget\" data-widget_type=\"heading.default\">\n\t\t\t\t\t<h2 class=\"elementor-heading-title elementor-size-default\">Atestado m\u00e9dico no Grupo 2: condutores profissionais<\/h2>\t\t\t\t<\/div>\n\t\t\t\t<div class=\"elementor-element elementor-element-6f605a4 elementor-widget elementor-widget-text-editor\" data-id=\"6f605a4\" data-element_type=\"widget\" data-widget_type=\"text-editor.default\">\n\t\t\t\t\t\t\t\t\t<p data-start=\"2959\" data-end=\"3166\">Para os condutores do Grupo 2, a legisla\u00e7\u00e3o \u00e9 mais exigente. A avalia\u00e7\u00e3o m\u00e9dica e, em muitos casos, psicol\u00f3gica \u00e9 obrigat\u00f3ria para revalidar a carta de condu\u00e7\u00e3o. Os prazos variam consoante a data de obten\u00e7\u00e3o da carta:<\/p><p data-start=\"3168\" data-end=\"3415\"><strong data-start=\"3168\" data-end=\"3216\">Cartas obtidas antes de 2 de janeiro de 2013<\/strong> \u2013 revalida\u00e7\u00f5es aos 40 anos (sem CAP), 45 anos (com atestado e sem CAP), 50 anos (com atestado e CAP), 55, 60, 65, 68 e 70 anos, sempre com atestado e CAP. Depois dos 70 anos, a revalida\u00e7\u00e3o \u00e9 bienal.<\/p><p data-start=\"3417\" data-end=\"3628\"><strong data-start=\"3417\" data-end=\"3497\">Cartas obtidas depois de 2 de janeiro de 2013 e antes de 30 de julho de 2016<\/strong> \u2013 revalida\u00e7\u00f5es aos 25, 30, 35, 40 e 45 anos com atestado, mas sem CAP; a partir dos 50 anos cada revalida\u00e7\u00e3o exige atestado e CAP.<\/p><p data-start=\"3630\" data-end=\"3891\"><strong data-start=\"3630\" data-end=\"3680\">Cartas obtidas a partir de 30 de julho de 2016<\/strong> \u2013 as cartas de condu\u00e7\u00e3o de Grupo 2 s\u00e3o revalidadas de cinco em cinco anos at\u00e9 aos 70 anos; at\u00e9 aos 50 anos basta atestado m\u00e9dico, mas depois dos 50 anos \u00e9 necess\u00e1rio tamb\u00e9m o certificado de aptid\u00e3o psicol\u00f3gica.<\/p>\t\t\t\t\t\t\t\t<\/div>\n\t\t\t\t<div class=\"elementor-element elementor-element-10bb177 elementor-widget elementor-widget-image\" data-id=\"10bb177\" data-element_type=\"widget\" data-widget_type=\"image.default\">\n\t\t\t\t\t\t\t\t\t\t\t\t\t\t\t<img fetchpriority=\"high\" decoding=\"async\" width=\"800\" height=\"800\" src=\"https:\/\/www.mediconanet.pt\/wp-content\/uploads\/2026\/01\/atestado-para-revalidar-carta-de-conducao-consulta-online-medico-na-net.webp\" class=\"attachment-large size-large wp-image-53162\" alt=\"Consulta m\u00e9dica online para atestado para revalidar a carta de condu\u00e7\u00e3o\" srcset=\"https:\/\/www.mediconanet.pt\/wp-content\/uploads\/2026\/01\/atestado-para-revalidar-carta-de-conducao-consulta-online-medico-na-net.webp 800w, https:\/\/www.mediconanet.pt\/wp-content\/uploads\/2026\/01\/atestado-para-revalidar-carta-de-conducao-consulta-online-medico-na-net-300x300.webp 300w, https:\/\/www.mediconanet.pt\/wp-content\/uploads\/2026\/01\/atestado-para-revalidar-carta-de-conducao-consulta-online-medico-na-net-150x150.webp 150w, https:\/\/www.mediconanet.pt\/wp-content\/uploads\/2026\/01\/atestado-para-revalidar-carta-de-conducao-consulta-online-medico-na-net-768x768.webp 768w, https:\/\/www.mediconanet.pt\/wp-content\/uploads\/2026\/01\/atestado-para-revalidar-carta-de-conducao-consulta-online-medico-na-net-12x12.webp 12w, https:\/\/www.mediconanet.pt\/wp-content\/uploads\/2026\/01\/atestado-para-revalidar-carta-de-conducao-consulta-online-medico-na-net-600x600.webp 600w, https:\/\/www.mediconanet.pt\/wp-content\/uploads\/2026\/01\/atestado-para-revalidar-carta-de-conducao-consulta-online-medico-na-net-100x100.webp 100w\" sizes=\"(max-width: 800px) 100vw, 800px\" \/>\t\t\t\t\t\t\t\t\t\t\t\t\t\t\t<\/div>\n\t\t\t\t<div class=\"elementor-element elementor-element-fd3e709 elementor-widget elementor-widget-heading\" data-id=\"fd3e709\" data-element_type=\"widget\" data-widget_type=\"heading.default\">\n\t\t\t\t\t<h2 class=\"elementor-heading-title elementor-size-default\">Quem est\u00e1 dispensado do CAP?<\/h2>\t\t\t\t<\/div>\n\t\t\t\t<div class=\"elementor-element elementor-element-0247fb0 elementor-widget elementor-widget-text-editor\" data-id=\"0247fb0\" data-element_type=\"widget\" data-widget_type=\"text-editor.default\">\n\t\t\t\t\t\t\t\t\t<p>Nem todos os condutores do Grupo 2 necessitam de CAP. O certificado \u00e9 exigido aos condutores que exercem actividade profissional com ve\u00edculos pesados ou com ve\u00edculos ligeiros de transporte de passageiros (ambul\u00e2ncias, transporte escolar, etc.). Nos condutores amadores de categorias C1 e C1E que n\u00e3o realizam actividade profissional, basta o atestado m\u00e9dico.<\/p>\t\t\t\t\t\t\t\t<\/div>\n\t\t\t\t<div class=\"elementor-element elementor-element-1b32b30 elementor-widget elementor-widget-heading\" data-id=\"1b32b30\" data-element_type=\"widget\" data-widget_type=\"heading.default\">\n\t\t\t\t\t<h2 class=\"elementor-heading-title elementor-size-default\">Multas e consequ\u00eancias de n\u00e3o cumprir os prazos para revalidar a carta de condu\u00e7\u00e3o<\/h2>\t\t\t\t<\/div>\n\t\t\t\t<div class=\"elementor-element elementor-element-926c84a elementor-widget elementor-widget-text-editor\" data-id=\"926c84a\" data-element_type=\"widget\" data-widget_type=\"text-editor.default\">\n\t\t\t\t\t\t\t\t\t<p>A carta deve ser revalidada no prazo legal ou at\u00e9 seis meses antes da data da revalida\u00e7\u00e3o. Conduzir com carta caducada \u00e9 uma infrac\u00e7\u00e3o rodovi\u00e1ria pun\u00edvel com coimas entre 120 e 600 euros. Se deixar passar o prazo mais de dois anos (at\u00e9 cinco anos), o condutor ter\u00e1 de realizar um exame de condu\u00e7\u00e3o especial para recuperar o t\u00edtulo. Passados cinco anos sem revalida\u00e7\u00e3o, \u00e9 necess\u00e1rio frequentar um curso de forma\u00e7\u00e3o, e ap\u00f3s dez anos a carta caduca definitivamente, obrigando \u00e0 obten\u00e7\u00e3o de nova carta.<\/p>\t\t\t\t\t\t\t\t<\/div>\n\t\t\t\t<div class=\"elementor-element elementor-element-a2f8ae1 elementor-widget elementor-widget-heading\" data-id=\"a2f8ae1\" data-element_type=\"widget\" data-widget_type=\"heading.default\">\n\t\t\t\t\t<h2 class=\"elementor-heading-title elementor-size-default\">Conclus\u00e3o<\/h2>\t\t\t\t<\/div>\n\t\t\t\t<div class=\"elementor-element elementor-element-c59e964 elementor-widget elementor-widget-text-editor\" data-id=\"c59e964\" data-element_type=\"widget\" data-widget_type=\"text-editor.default\">\n\t\t\t\t\t\t\t\t\t<p>Saber quem deve fazer o atestado m\u00e9dico e quando \u00e9 essencial para cumprir a lei e manter a carta de condu\u00e7\u00e3o v\u00e1lida. O Grupo 1 engloba condutores de ve\u00edculos ligeiros e apenas exige atestado em idades avan\u00e7adas, enquanto o Grupo 2 abrange condutores profissionais e imp\u00f5e avalia\u00e7\u00f5es m\u00e9dicas (e psicol\u00f3gicas) mais frequentes. Respeitar os prazos evita coimas e garante que continua a conduzir com seguran\u00e7a.<\/p><p data-start=\"108\" data-end=\"353\">Atrav\u00e9s do\u00a0<span style=\"font-weight: bolder;\" data-start=\"119\" data-end=\"136\">M\u00e9dico na Net<\/span>, \u00e9 poss\u00edvel realizar online a<span style=\"font-weight: bolder;\"><a href=\"https:\/\/www.mediconanet.pt\/produto\/atestado-para-carta-de-conducao\/\">\u00a0consulta m\u00e9dica<\/a><\/span> necess\u00e1ria para a emiss\u00e3o do atestado de aptid\u00e3o para revalidar a carta de condu\u00e7\u00e3o. A avalia\u00e7\u00e3o \u00e9 feita por videoconsulta, permitindo cumprir os requisitos legais sem desloca\u00e7\u00f5es.<\/p><p data-start=\"355\" data-end=\"704\">Sempre que clinicamente indicado, o atestado m\u00e9dico \u00e9 emitido e enviado electronicamente para o Instituto da Mobilidade e dos Transportes (IMT), sendo igualmente disponibilizado ao utente. Esta consulta destina-se \u00e0 renova\u00e7\u00e3o da carta, obten\u00e7\u00e3o da primeira carta, altera\u00e7\u00e3o de categoria, substitui\u00e7\u00e3o de carta estrangeira ou averbamento do Grupo II.<\/p>\t\t\t\t\t\t\t\t<\/div>\n\t\t\t\t\t<\/div>\n\t\t\t\t<\/div>\n\t\t<div class=\"elementor-element elementor-element-71ddd5b e-flex e-con-boxed e-con e-parent\" data-id=\"71ddd5b\" data-element_type=\"container\">\n\t\t\t\t\t<div class=\"e-con-inner\">\n\t\t<div class=\"elementor-element elementor-element-73f71e0 e-con-full e-flex e-con e-child\" data-id=\"73f71e0\" data-element_type=\"container\">\n\t\t\t\t<div class=\"elementor-element elementor-element-f3a714d elementor-widget elementor-widget-heading\" data-id=\"f3a714d\" data-element_type=\"widget\" data-widget_type=\"heading.default\">\n\t\t\t\t\t<h2 class=\"elementor-heading-title elementor-size-default\">Perguntas frequentes (FAQ)<\/h2>\t\t\t\t<\/div>\n\t\t\t\t<div class=\"elementor-element elementor-element-ae47cd6 elementor-widget elementor-widget-n-accordion\" data-id=\"ae47cd6\" data-element_type=\"widget\" data-settings=\"{&quot;default_state&quot;:&quot;all_collapsed&quot;,&quot;max_items_expended&quot;:&quot;one&quot;,&quot;n_accordion_animation_duration&quot;:{&quot;unit&quot;:&quot;ms&quot;,&quot;size&quot;:400,&quot;sizes&quot;:[]}}\" data-widget_type=\"nested-accordion.default\">\n\t\t\t\t\t\t\t<div class=\"e-n-accordion\" aria-label=\"Accordion. Open links with Enter or Space, close with Escape, and navigate with Arrow Keys\">\n\t\t\t\t\t\t<details id=\"e-n-accordion-item-1820\" class=\"e-n-accordion-item\" >\n\t\t\t\t<summary class=\"e-n-accordion-item-title\" data-accordion-index=\"1\" tabindex=\"0\" aria-expanded=\"false\" aria-controls=\"e-n-accordion-item-1820\" >\n\t\t\t\t\t<span class='e-n-accordion-item-title-header'><div class=\"e-n-accordion-item-title-text\"> Quando devo fazer o atestado m\u00e9dico para revalidar a carta de condu\u00e7\u00e3o? <\/div><\/span>\n\t\t\t\t\t\t\t<span class='e-n-accordion-item-title-icon'>\n\t\t\t<span class='e-opened' ><svg aria-hidden=\"true\" class=\"e-font-icon-svg e-fas-minus\" viewBox=\"0 0 448 512\" xmlns=\"http:\/\/www.w3.org\/2000\/svg\"><path d=\"M416 208H32c-17.67 0-32 14.33-32 32v32c0 17.67 14.33 32 32 32h384c17.67 0 32-14.33 32-32v-32c0-17.67-14.33-32-32-32z\"><\/path><\/svg><\/span>\n\t\t\t<span class='e-closed'><svg aria-hidden=\"true\" class=\"e-font-icon-svg e-fas-plus\" viewBox=\"0 0 448 512\" xmlns=\"http:\/\/www.w3.org\/2000\/svg\"><path d=\"M416 208H272V64c0-17.67-14.33-32-32-32h-32c-17.67 0-32 14.33-32 32v144H32c-17.67 0-32 14.33-32 32v32c0 17.67 14.33 32 32 32h144v144c0 17.67 14.33 32 32 32h32c17.67 0 32-14.33 32-32V304h144c17.67 0 32-14.33 32-32v-32c0-17.67-14.33-32-32-32z\"><\/path><\/svg><\/span>\n\t\t<\/span>\n\n\t\t\t\t\t\t<\/summary>\n\t\t\t\t<div role=\"region\" aria-labelledby=\"e-n-accordion-item-1820\" class=\"elementor-element elementor-element-55d120c e-con-full e-flex e-con e-child\" data-id=\"55d120c\" data-element_type=\"container\">\n\t\t<div role=\"region\" aria-labelledby=\"e-n-accordion-item-1820\" class=\"elementor-element elementor-element-b013740 e-flex e-con-boxed e-con e-child\" data-id=\"b013740\" data-element_type=\"container\">\n\t\t\t\t\t<div class=\"e-con-inner\">\n\t\t\t\t<div class=\"elementor-element elementor-element-a62987a elementor-widget elementor-widget-text-editor\" data-id=\"a62987a\" data-element_type=\"widget\" data-widget_type=\"text-editor.default\">\n\t\t\t\t\t\t\t\t\t<p>Depende da categoria da carta e da idade. No Grupo 1, o atestado \u00e9 exigido a partir dos 60 anos (ou 50 anos para cartas anteriores a 2013). No Grupo 2, \u00e9 necess\u00e1rio em todas as revalida\u00e7\u00f5es e deve ser acompanhado de CAP ap\u00f3s os 50 anos.<\/p>\t\t\t\t\t\t\t\t<\/div>\n\t\t\t\t\t<\/div>\n\t\t\t\t<\/div>\n\t\t\t\t<\/div>\n\t\t\t\t\t<\/details>\n\t\t\t\t\t\t<details id=\"e-n-accordion-item-1821\" class=\"e-n-accordion-item\" >\n\t\t\t\t<summary class=\"e-n-accordion-item-title\" data-accordion-index=\"2\" tabindex=\"-1\" aria-expanded=\"false\" aria-controls=\"e-n-accordion-item-1821\" >\n\t\t\t\t\t<span class='e-n-accordion-item-title-header'><div class=\"e-n-accordion-item-title-text\"> Que ve\u00edculos pertencem ao Grupo 2? <\/div><\/span>\n\t\t\t\t\t\t\t<span class='e-n-accordion-item-title-icon'>\n\t\t\t<span class='e-opened' ><svg aria-hidden=\"true\" class=\"e-font-icon-svg e-fas-minus\" viewBox=\"0 0 448 512\" xmlns=\"http:\/\/www.w3.org\/2000\/svg\"><path d=\"M416 208H32c-17.67 0-32 14.33-32 32v32c0 17.67 14.33 32 32 32h384c17.67 0 32-14.33 32-32v-32c0-17.67-14.33-32-32-32z\"><\/path><\/svg><\/span>\n\t\t\t<span class='e-closed'><svg aria-hidden=\"true\" class=\"e-font-icon-svg e-fas-plus\" viewBox=\"0 0 448 512\" xmlns=\"http:\/\/www.w3.org\/2000\/svg\"><path d=\"M416 208H272V64c0-17.67-14.33-32-32-32h-32c-17.67 0-32 14.33-32 32v144H32c-17.67 0-32 14.33-32 32v32c0 17.67 14.33 32 32 32h144v144c0 17.67 14.33 32 32 32h32c17.67 0 32-14.33 32-32V304h144c17.67 0 32-14.33 32-32v-32c0-17.67-14.33-32-32-32z\"><\/path><\/svg><\/span>\n\t\t<\/span>\n\n\t\t\t\t\t\t<\/summary>\n\t\t\t\t<div role=\"region\" aria-labelledby=\"e-n-accordion-item-1821\" class=\"elementor-element elementor-element-4cb973c e-con-full e-flex e-con e-child\" data-id=\"4cb973c\" data-element_type=\"container\">\n\t\t<div role=\"region\" aria-labelledby=\"e-n-accordion-item-1821\" class=\"elementor-element elementor-element-3bdf4b2 e-flex e-con-boxed e-con e-child\" data-id=\"3bdf4b2\" data-element_type=\"container\">\n\t\t\t\t\t<div class=\"e-con-inner\">\n\t\t\t\t<div class=\"elementor-element elementor-element-5c285d1 elementor-widget elementor-widget-text-editor\" data-id=\"5c285d1\" data-element_type=\"widget\" data-widget_type=\"text-editor.default\">\n\t\t\t\t\t\t\t\t\t<p>Inclui ve\u00edculos pesados das categorias C1, C, D e seus derivados, bem como condutores de ambul\u00e2ncias, ve\u00edculos de bombeiros, transporte de doentes, transporte escolar, transporte colectivo de crian\u00e7as e ve\u00edculos de aluguer.<\/p>\t\t\t\t\t\t\t\t<\/div>\n\t\t\t\t\t<\/div>\n\t\t\t\t<\/div>\n\t\t\t\t<\/div>\n\t\t\t\t\t<\/details>\n\t\t\t\t\t\t<details id=\"e-n-accordion-item-1822\" class=\"e-n-accordion-item\" >\n\t\t\t\t<summary class=\"e-n-accordion-item-title\" data-accordion-index=\"3\" tabindex=\"-1\" aria-expanded=\"false\" aria-controls=\"e-n-accordion-item-1822\" >\n\t\t\t\t\t<span class='e-n-accordion-item-title-header'><div class=\"e-n-accordion-item-title-text\"> \u00c9 preciso atestado para trocar uma carta estrangeira por portuguesa? <\/div><\/span>\n\t\t\t\t\t\t\t<span class='e-n-accordion-item-title-icon'>\n\t\t\t<span class='e-opened' ><svg aria-hidden=\"true\" class=\"e-font-icon-svg e-fas-minus\" viewBox=\"0 0 448 512\" xmlns=\"http:\/\/www.w3.org\/2000\/svg\"><path d=\"M416 208H32c-17.67 0-32 14.33-32 32v32c0 17.67 14.33 32 32 32h384c17.67 0 32-14.33 32-32v-32c0-17.67-14.33-32-32-32z\"><\/path><\/svg><\/span>\n\t\t\t<span class='e-closed'><svg aria-hidden=\"true\" class=\"e-font-icon-svg e-fas-plus\" viewBox=\"0 0 448 512\" xmlns=\"http:\/\/www.w3.org\/2000\/svg\"><path d=\"M416 208H272V64c0-17.67-14.33-32-32-32h-32c-17.67 0-32 14.33-32 32v144H32c-17.67 0-32 14.33-32 32v32c0 17.67 14.33 32 32 32h144v144c0 17.67 14.33 32 32 32h32c17.67 0 32-14.33 32-32V304h144c17.67 0 32-14.33 32-32v-32c0-17.67-14.33-32-32-32z\"><\/path><\/svg><\/span>\n\t\t<\/span>\n\n\t\t\t\t\t\t<\/summary>\n\t\t\t\t<div role=\"region\" aria-labelledby=\"e-n-accordion-item-1822\" class=\"elementor-element elementor-element-ef794ce e-con-full e-flex e-con e-child\" data-id=\"ef794ce\" data-element_type=\"container\">\n\t\t<div role=\"region\" aria-labelledby=\"e-n-accordion-item-1822\" class=\"elementor-element elementor-element-184bd2f e-flex e-con-boxed e-con e-child\" data-id=\"184bd2f\" data-element_type=\"container\">\n\t\t\t\t\t<div class=\"e-con-inner\">\n\t\t\t\t<div class=\"elementor-element elementor-element-b7528e1 elementor-widget elementor-widget-text-editor\" data-id=\"b7528e1\" data-element_type=\"widget\" data-widget_type=\"text-editor.default\">\n\t\t\t\t\t\t\t\t\t<p>Sim. Mesmo quando troca um t\u00edtulo estrangeiro, deve cumprir os requisitos de aptid\u00e3o f\u00edsica e mental definidos pela legisla\u00e7\u00e3o portuguesa, podendo ser necess\u00e1rio apresentar atestado m\u00e9dico e CAP, conforme a categoria e a idade.<\/p>\t\t\t\t\t\t\t\t<\/div>\n\t\t\t\t\t<\/div>\n\t\t\t\t<\/div>\n\t\t\t\t<\/div>\n\t\t\t\t\t<\/details>\n\t\t\t\t\t\t<details id=\"e-n-accordion-item-1823\" class=\"e-n-accordion-item\" >\n\t\t\t\t<summary class=\"e-n-accordion-item-title\" data-accordion-index=\"4\" tabindex=\"-1\" aria-expanded=\"false\" aria-controls=\"e-n-accordion-item-1823\" >\n\t\t\t\t\t<span class='e-n-accordion-item-title-header'><div class=\"e-n-accordion-item-title-text\"> O que acontece se n\u00e3o revalidar a carta de condu\u00e7\u00e3o dentro do prazo? <\/div><\/span>\n\t\t\t\t\t\t\t<span class='e-n-accordion-item-title-icon'>\n\t\t\t<span class='e-opened' ><svg aria-hidden=\"true\" class=\"e-font-icon-svg e-fas-minus\" viewBox=\"0 0 448 512\" xmlns=\"http:\/\/www.w3.org\/2000\/svg\"><path d=\"M416 208H32c-17.67 0-32 14.33-32 32v32c0 17.67 14.33 32 32 32h384c17.67 0 32-14.33 32-32v-32c0-17.67-14.33-32-32-32z\"><\/path><\/svg><\/span>\n\t\t\t<span class='e-closed'><svg aria-hidden=\"true\" class=\"e-font-icon-svg e-fas-plus\" viewBox=\"0 0 448 512\" xmlns=\"http:\/\/www.w3.org\/2000\/svg\"><path d=\"M416 208H272V64c0-17.67-14.33-32-32-32h-32c-17.67 0-32 14.33-32 32v144H32c-17.67 0-32 14.33-32 32v32c0 17.67 14.33 32 32 32h144v144c0 17.67 14.33 32 32 32h32c17.67 0 32-14.33 32-32V304h144c17.67 0 32-14.33 32-32v-32c0-17.67-14.33-32-32-32z\"><\/path><\/svg><\/span>\n\t\t<\/span>\n\n\t\t\t\t\t\t<\/summary>\n\t\t\t\t<div role=\"region\" aria-labelledby=\"e-n-accordion-item-1823\" class=\"elementor-element elementor-element-fafe4c4 e-con-full e-flex e-con e-child\" data-id=\"fafe4c4\" data-element_type=\"container\">\n\t\t<div role=\"region\" aria-labelledby=\"e-n-accordion-item-1823\" class=\"elementor-element elementor-element-774dbfa e-flex e-con-boxed e-con e-child\" data-id=\"774dbfa\" data-element_type=\"container\">\n\t\t\t\t\t<div class=\"e-con-inner\">\n\t\t\t\t<div class=\"elementor-element elementor-element-2c8690a elementor-widget elementor-widget-text-editor\" data-id=\"2c8690a\" data-element_type=\"widget\" data-widget_type=\"text-editor.default\">\n\t\t\t\t\t\t\t\t\t<p>Al\u00e9m das coimas, quem permite que a carta caducada se mantenha por mais de dois anos pode ter de realizar um exame pr\u00e1tico especial para revalidar a carta de condu\u00e7\u00e3o. Ultrapassados cinco anos, \u00e9 obrigat\u00f3rio um curso de forma\u00e7\u00e3o. Ap\u00f3s dez anos, a carta perde definitivamente a validade.<\/p>\t\t\t\t\t\t\t\t<\/div>\n\t\t\t\t\t<\/div>\n\t\t\t\t<\/div>\n\t\t\t\t<\/div>\n\t\t\t\t\t<\/details>\n\t\t\t\t\t\t<details id=\"e-n-accordion-item-1824\" class=\"e-n-accordion-item\" >\n\t\t\t\t<summary class=\"e-n-accordion-item-title\" data-accordion-index=\"5\" tabindex=\"-1\" aria-expanded=\"false\" aria-controls=\"e-n-accordion-item-1824\" >\n\t\t\t\t\t<span class='e-n-accordion-item-title-header'><div class=\"e-n-accordion-item-title-text\"> Preciso de CAP se conduzir carrinhas de mercadorias para fins pessoais? <\/div><\/span>\n\t\t\t\t\t\t\t<span class='e-n-accordion-item-title-icon'>\n\t\t\t<span class='e-opened' ><svg aria-hidden=\"true\" class=\"e-font-icon-svg e-fas-minus\" viewBox=\"0 0 448 512\" xmlns=\"http:\/\/www.w3.org\/2000\/svg\"><path d=\"M416 208H32c-17.67 0-32 14.33-32 32v32c0 17.67 14.33 32 32 32h384c17.67 0 32-14.33 32-32v-32c0-17.67-14.33-32-32-32z\"><\/path><\/svg><\/span>\n\t\t\t<span class='e-closed'><svg aria-hidden=\"true\" class=\"e-font-icon-svg e-fas-plus\" viewBox=\"0 0 448 512\" xmlns=\"http:\/\/www.w3.org\/2000\/svg\"><path d=\"M416 208H272V64c0-17.67-14.33-32-32-32h-32c-17.67 0-32 14.33-32 32v144H32c-17.67 0-32 14.33-32 32v32c0 17.67 14.33 32 32 32h144v144c0 17.67 14.33 32 32 32h32c17.67 0 32-14.33 32-32V304h144c17.67 0 32-14.33 32-32v-32c0-17.67-14.33-32-32-32z\"><\/path><\/svg><\/span>\n\t\t<\/span>\n\n\t\t\t\t\t\t<\/summary>\n\t\t\t\t<div role=\"region\" aria-labelledby=\"e-n-accordion-item-1824\" class=\"elementor-element elementor-element-e33877d e-con-full e-flex e-con e-child\" data-id=\"e33877d\" data-element_type=\"container\">\n\t\t<div role=\"region\" aria-labelledby=\"e-n-accordion-item-1824\" class=\"elementor-element elementor-element-4d1fab4 e-flex e-con-boxed e-con e-child\" data-id=\"4d1fab4\" data-element_type=\"container\">\n\t\t\t\t\t<div class=\"e-con-inner\">\n\t\t\t\t<div class=\"elementor-element elementor-element-33e4392 elementor-widget elementor-widget-text-editor\" data-id=\"33e4392\" data-element_type=\"widget\" data-widget_type=\"text-editor.default\">\n\t\t\t\t\t\t\t\t\t<p>N\u00e3o. O CAP \u00e9 obrigat\u00f3rio apenas para condutores que exercem actividade profissional. Para condu\u00e7\u00e3o pessoal de ve\u00edculos das categorias C1 e C1E, basta o atestado m\u00e9dico.<\/p>\t\t\t\t\t\t\t\t<\/div>\n\t\t\t\t\t<\/div>\n\t\t\t\t<\/div>\n\t\t\t\t<\/div>\n\t\t\t\t\t<\/details>\n\t\t\t\t\t<\/div>\n\t\t\t\t\t<script type=\"application\/ld+json\">{\"@context\":\"https:\\\/\\\/schema.org\",\"@type\":\"FAQPage\",\"mainEntity\":[{\"@type\":\"Question\",\"name\":\"Quando devo fazer o atestado m\\u00e9dico para revalidar a carta de condu\\u00e7\\u00e3o?\",\"acceptedAnswer\":{\"@type\":\"Answer\",\"text\":\"Depende da categoria da carta e da idade. No Grupo 1, o atestado \\u00e9 exigido a partir dos 60 anos (ou 50 anos para cartas anteriores a 2013). No Grupo 2, \\u00e9 necess\\u00e1rio em todas as revalida\\u00e7\\u00f5es e deve ser acompanhado de CAP ap\\u00f3s os 50 anos.\"}},{\"@type\":\"Question\",\"name\":\"Que ve\\u00edculos pertencem ao Grupo 2?\",\"acceptedAnswer\":{\"@type\":\"Answer\",\"text\":\"Inclui ve\\u00edculos pesados das categorias C1, C, D e seus derivados, bem como condutores de ambul\\u00e2ncias, ve\\u00edculos de bombeiros, transporte de doentes, transporte escolar, transporte colectivo de crian\\u00e7as e ve\\u00edculos de aluguer.\"}},{\"@type\":\"Question\",\"name\":\"\\u00c9 preciso atestado para trocar uma carta estrangeira por portuguesa?\",\"acceptedAnswer\":{\"@type\":\"Answer\",\"text\":\"Sim. Mesmo quando troca um t\\u00edtulo estrangeiro, deve cumprir os requisitos de aptid\\u00e3o f\\u00edsica e mental definidos pela legisla\\u00e7\\u00e3o portuguesa, podendo ser necess\\u00e1rio apresentar atestado m\\u00e9dico e CAP, conforme a categoria e a idade.\"}},{\"@type\":\"Question\",\"name\":\"O que acontece se n\\u00e3o revalidar a carta de condu\\u00e7\\u00e3o dentro do prazo?\",\"acceptedAnswer\":{\"@type\":\"Answer\",\"text\":\"Al\\u00e9m das coimas, quem permite que a carta caducada se mantenha por mais de dois anos pode ter de realizar um exame pr\\u00e1tico especial para revalidar a carta de condu\\u00e7\\u00e3o. Ultrapassados cinco anos, \\u00e9 obrigat\\u00f3rio um curso de forma\\u00e7\\u00e3o. Ap\\u00f3s dez anos, a carta perde definitivamente a validade.\"}},{\"@type\":\"Question\",\"name\":\"Preciso de CAP se conduzir carrinhas de mercadorias para fins pessoais?\",\"acceptedAnswer\":{\"@type\":\"Answer\",\"text\":\"N\\u00e3o. O CAP \\u00e9 obrigat\\u00f3rio apenas para condutores que exercem actividade profissional. Para condu\\u00e7\\u00e3o pessoal de ve\\u00edculos das categorias C1 e C1E, basta o atestado m\\u00e9dico.\"}}]}<\/script>\n\t\t\t\t\t\t\t<\/div>\n\t\t\t\t<\/div>\n\t\t\t\t\t<\/div>\n\t\t\t\t<\/div>\n\t\t<div class=\"elementor-element elementor-element-f76c297 e-flex e-con-boxed e-con e-parent\" data-id=\"f76c297\" data-element_type=\"container\">\n\t\t\t\t\t<div class=\"e-con-inner\">\n\t\t\t\t<div class=\"elementor-element elementor-element-3dd43f5 elementor-widget elementor-widget-heading\" data-id=\"3dd43f5\" data-element_type=\"widget\" data-widget_type=\"heading.default\">\n\t\t\t\t\t<h2 class=\"elementor-heading-title elementor-size-default\">Fontes<\/h2>\t\t\t\t<\/div>\n\t\t\t\t<div class=\"elementor-element elementor-element-5b78fbc elementor-widget elementor-widget-text-editor\" data-id=\"5b78fbc\" data-element_type=\"widget\" data-widget_type=\"text-editor.default\">\n\t\t\t\t\t\t\t\t\t<p><a href=\"https:\/\/www.lexpoint.pt\/Fileget.aspx?FileId=22566\" rel=\"dofollow noopener\" target=\"_blank\">Dire\u00e7\u00e3o-Geral da Sa\u00fade \u2013 Orienta\u00e7\u00e3o n.\u00ba 003\/2017 (Avalia\u00e7\u00e3o M\u00e9dica de Condutores)<\/a><br data-start=\"6800\" data-end=\"6803\" \/><a href=\"https:\/\/www.doutorfinancas.pt\/vida-e-familia\/o-que-preciso-fazer-para-revalidar-a-carta\/\" rel=\"nofollow noopener\" target=\"_blank\">Guia de renova\u00e7\u00e3o da carta \u2013 Doutor Finan\u00e7as<\/a><br data-start=\"6847\" data-end=\"6850\" \/><a href=\"https:\/\/clinicadrluiscouto.pt\/atestado-medico-revalidacao-carta-2\" rel=\"nofollow noopener\" target=\"_blank\">Cl\u00ednica Dr. Lu\u00eds Couto \u2013 Guia de revalida\u00e7\u00e3o da carta<\/a><br data-start=\"6903\" data-end=\"6906\" \/><a href=\"https:\/\/www.homepagejuridica.pt\/infojus\/infojus\/582-carta-de-conducao-novas-regras-e-prazo-para-a-renovacao\" rel=\"nofollow noopener\" target=\"_blank\">Homepage Jur\u00eddica \u2013 Carta de Condu\u00e7\u00e3o \u2013 Novas Regras<\/a><br data-start=\"6958\" data-end=\"6961\" \/><a href=\"https:\/\/www.ulsm.min-saude.pt\/servicos\/camp\/\" rel=\"nofollow noopener\" target=\"_blank\">Centro de Avalia\u00e7\u00e3o M\u00e9dica e Psicol\u00f3gica, ULS Matosinhos<\/a><\/p>\t\t\t\t\t\t\t\t<\/div>\n\t\t\t\t\t<\/div>\n\t\t\t\t<\/div>\n\t\t\t\t<\/div>\n\t\t","protected":false},"excerpt":{"rendered":"<p>Nem todos os condutores s\u00e3o obrigados a apresentar um atestado m\u00e9dico para revalidar a carta de condu\u00e7\u00e3o. A necessidade depende da categoria do ve\u00edculo e da idade do titular, estando prevista no Regulamento da Habilita\u00e7\u00e3o Legal para Conduzir. Saber quando deve obter o atestado evita atrasos, multas e a perda do direito a conduzir. Grupo [&hellip;]<\/p>\n","protected":false},"author":2964,"featured_media":53142,"comment_status":"closed","ping_status":"closed","sticky":false,"template":"","format":"standard","meta":{"_jetpack_memberships_contains_paid_content":false,"footnotes":""},"categories":[85,137],"tags":[],"class_list":["post-53132","post","type-post","status-publish","format-standard","has-post-thumbnail","hentry","category-atestados","category-carta-de-conducao"],"jetpack_featured_media_url":"https:\/\/www.mediconanet.pt\/wp-content\/uploads\/2026\/01\/quem-precisa-de-atestado-para-revalidar-carta-de-conducao.webp","jetpack_sharing_enabled":true,"_links":{"self":[{"href":"https:\/\/www.mediconanet.pt\/en\/wp-json\/wp\/v2\/posts\/53132","targetHints":{"allow":["GET"]}}],"collection":[{"href":"https:\/\/www.mediconanet.pt\/en\/wp-json\/wp\/v2\/posts"}],"about":[{"href":"https:\/\/www.mediconanet.pt\/en\/wp-json\/wp\/v2\/types\/post"}],"author":[{"embeddable":true,"href":"https:\/\/www.mediconanet.pt\/en\/wp-json\/wp\/v2\/users\/2964"}],"replies":[{"embeddable":true,"href":"https:\/\/www.mediconanet.pt\/en\/wp-json\/wp\/v2\/comments?post=53132"}],"version-history":[{"count":32,"href":"https:\/\/www.mediconanet.pt\/en\/wp-json\/wp\/v2\/posts\/53132\/revisions"}],"predecessor-version":[{"id":53187,"href":"https:\/\/www.mediconanet.pt\/en\/wp-json\/wp\/v2\/posts\/53132\/revisions\/53187"}],"wp:featuredmedia":[{"embeddable":true,"href":"https:\/\/www.mediconanet.pt\/en\/wp-json\/wp\/v2\/media\/53142"}],"wp:attachment":[{"href":"https:\/\/www.mediconanet.pt\/en\/wp-json\/wp\/v2\/media?parent=53132"}],"wp:term":[{"taxonomy":"category","embeddable":true,"href":"https:\/\/www.mediconanet.pt\/en\/wp-json\/wp\/v2\/categories?post=53132"},{"taxonomy":"post_tag","embeddable":true,"href":"https:\/\/www.mediconanet.pt\/en\/wp-json\/wp\/v2\/tags?post=53132"}],"curies":[{"name":"wp","href":"https:\/\/api.w.org\/{rel}","templated":true}]}}