{"id":53172,"date":"2026-01-30T14:06:54","date_gmt":"2026-01-30T14:06:54","guid":{"rendered":"https:\/\/www.mediconanet.pt\/?p=53172"},"modified":"2026-02-02T19:29:30","modified_gmt":"2026-02-02T19:29:30","slug":"mudancas-legais-na-carta-de-conducao-dl-40-2016","status":"publish","type":"post","link":"https:\/\/www.mediconanet.pt\/en\/mudancas-legais-na-carta-de-conducao-dl-40-2016\/","title":{"rendered":"Mudan\u00e7as legais na carta de condu\u00e7\u00e3o: o que mudou com o Decreto\u2011Lei\u00a0n.\u00ba\u00a040\/2016"},"content":{"rendered":"\t\t<div data-elementor-type=\"wp-post\" data-elementor-id=\"53172\" class=\"elementor elementor-53172\" data-elementor-post-type=\"post\">\n\t\t\t\t<div class=\"elementor-element elementor-element-888325c e-flex e-con-boxed e-con e-parent\" data-id=\"888325c\" data-element_type=\"container\">\n\t\t\t\t\t<div class=\"e-con-inner\">\n\t\t\t\t<div class=\"elementor-element elementor-element-4604924 elementor-widget elementor-widget-text-editor\" data-id=\"4604924\" data-element_type=\"widget\" data-widget_type=\"text-editor.default\">\n\t\t\t\t\t\t\t\t\t<p>Em 2016, Portugal reformou profundamente o regulamento que rege a habilita\u00e7\u00e3o legal para conduzir. O Decreto-Lei n.\u00ba 40\/2016, de 29 de Julho, introduziu altera\u00e7\u00f5es que visam simplificar procedimentos, harmonizar regras com as directivas europeias e aumentar a seguran\u00e7a rodovi\u00e1ria. Este artigo explica as principais mudan\u00e7as legais na carta de condu\u00e7\u00e3o, relacionadas com a emiss\u00e3o e revalida\u00e7\u00e3o da carta de condu\u00e7\u00e3o e com os atestados m\u00e9dicos.<\/p>\t\t\t\t\t\t\t\t<\/div>\n\t\t\t\t<div class=\"elementor-element elementor-element-9477192 elementor-widget elementor-widget-heading\" data-id=\"9477192\" data-element_type=\"widget\" data-widget_type=\"heading.default\">\n\t\t\t\t\t<h2 class=\"elementor-heading-title elementor-size-default\">Harmoniza\u00e7\u00e3o com a Uni\u00e3o Europeia<\/h2>\t\t\t\t<\/div>\n\t\t\t\t<div class=\"elementor-element elementor-element-37c87fe elementor-widget elementor-widget-text-editor\" data-id=\"37c87fe\" data-element_type=\"widget\" data-widget_type=\"text-editor.default\">\n\t\t\t\t\t\t\t\t\t<p>O novo Regulamento da Habilita\u00e7\u00e3o Legal para Conduzir procedeu \u00e0 <strong>harmoniza\u00e7\u00e3o dos prazos de validade e dos requisitos de aptid\u00e3o f\u00edsica e mental<\/strong> com os restantes Estados-membros da Uni\u00e3o Europeia. Isto significa que o per\u00edodo de validade das cartas, as idades de revalida\u00e7\u00e3o e os requisitos m\u00e9dicos passaram a estar alinhados com as directivas europeias, facilitando a mobilidade entre pa\u00edses e garantindo padr\u00f5es de seguran\u00e7a comuns.<\/p>\t\t\t\t\t\t\t\t<\/div>\n\t\t\t\t<div class=\"elementor-element elementor-element-6547b13 elementor-widget elementor-widget-heading\" data-id=\"6547b13\" data-element_type=\"widget\" data-widget_type=\"heading.default\">\n\t\t\t\t\t<h2 class=\"elementor-heading-title elementor-size-default\">Mudan\u00e7as legais na carta de condu\u00e7\u00e3o: aumento da validade<\/h2>\t\t\t\t<\/div>\n\t\t\t\t<div class=\"elementor-element elementor-element-4738867 elementor-widget elementor-widget-text-editor\" data-id=\"4738867\" data-element_type=\"widget\" data-widget_type=\"text-editor.default\">\n\t\t\t\t\t\t\t\t\t<p data-start=\"1299\" data-end=\"1682\">Uma das altera\u00e7\u00f5es mais significativas foi o <strong>alargamento do prazo de validade das cartas do Grupo 1<\/strong>. Antes da reforma, a carta tinha de ser renovada de 10 em 10 anos; agora passou a ser de 15 anos at\u00e9 perfazer os 60 anos de idade. Esta medida reduz a frequ\u00eancia com que os condutores t\u00eam de revalidar o t\u00edtulo, mantendo contudo a exig\u00eancia de um atestado m\u00e9dico a partir dos 60 anos.<\/p><p data-start=\"1684\" data-end=\"2034\">Para os condutores do <strong>Grupo 2<\/strong>, que incluem ve\u00edculos pesados e condutores profissionais, o decreto-lei estabeleceu que a carta \u00e9 revalidada de <strong>cinco em cinco anos<\/strong> at\u00e9 aos 70 anos. Al\u00e9m disso, a idade m\u00e1xima para conduzir autocarros e cami\u00f5es pesados foi aumentada de 65 para 67 anos, desde que o condutor mantenha aptid\u00e3o f\u00edsica, mental e psicol\u00f3gica.<\/p>\t\t\t\t\t\t\t\t<\/div>\n\t\t\t\t<div class=\"elementor-element elementor-element-f89313b elementor-widget elementor-widget-heading\" data-id=\"f89313b\" data-element_type=\"widget\" data-widget_type=\"heading.default\">\n\t\t\t\t\t<h2 class=\"elementor-heading-title elementor-size-default\">Desmaterializa\u00e7\u00e3o: a medida \u201cCarta sobre Rodas\u201d<\/h2>\t\t\t\t<\/div>\n\t\t\t\t<div class=\"elementor-element elementor-element-9139e13 elementor-widget elementor-widget-text-editor\" data-id=\"9139e13\" data-element_type=\"widget\" data-widget_type=\"text-editor.default\">\n\t\t\t\t\t\t\t\t\t<p>Uma das iniciativas de maior impacto foi a desmaterializa\u00e7\u00e3o dos atestados m\u00e9dicos. O Decreto-Lei n.\u00ba 40\/2016 enquadra-se no programa Simplex e criou a medida <strong>\u201cCarta sobre Rodas\u201d<\/strong>, que obriga \u00e0 emiss\u00e3o e transmiss\u00e3o electr\u00f3nica dos atestados m\u00e9dicos. A Direc\u00e7\u00e3o-Geral da Sa\u00fade (DGS) e o IMT estabeleceram modelos digitais e, desde 1 de Abril de 2017, todos os atestados s\u00e3o emitidos eletronicamente. O utente j\u00e1 n\u00e3o necessita de apresentar o documento em papel, pois o sistema regista automaticamente as aptid\u00f5es e restri\u00e7\u00f5es.<\/p>\t\t\t\t\t\t\t\t<\/div>\n\t\t\t\t<div class=\"elementor-element elementor-element-a407db6 elementor-widget elementor-widget-heading\" data-id=\"a407db6\" data-element_type=\"widget\" data-widget_type=\"heading.default\">\n\t\t\t\t\t<h3 class=\"elementor-heading-title elementor-size-default\">Benef\u00edcios da desmaterializa\u00e7\u00e3o<\/h3>\t\t\t\t<\/div>\n\t\t\t\t<div class=\"elementor-element elementor-element-16cf5e7 elementor-widget elementor-widget-text-editor\" data-id=\"16cf5e7\" data-element_type=\"widget\" data-widget_type=\"text-editor.default\">\n\t\t\t\t\t\t\t\t\t<ul><li data-start=\"2651\" data-end=\"2750\"><strong>Menos burocracia:<\/strong> a transmiss\u00e3o autom\u00e1tica elimina a entrega presencial no IMT e reduz desloca\u00e7\u00f5es.<\/li><li data-start=\"2752\" data-end=\"2904\"><strong>Registo centralizado:<\/strong> o sistema guarda as informa\u00e7\u00f5es de aptid\u00e3o e as eventuais restri\u00e7\u00f5es, permitindo \u00e0 autoridade rodovi\u00e1ria aceder de forma imediata.<\/li><li data-start=\"2906\" data-end=\"3055\"><strong>Confidencialidade e seguran\u00e7a:<\/strong> a informa\u00e7\u00e3o cl\u00ednica passa directamente do m\u00e9dico para o IMT, protegendo a privacidade do utente e evitando extravios.<\/li><li data-start=\"3057\" data-end=\"3209\"><strong>Universalidade:<\/strong> o comunicado da APMGF refere que a medida foi implementada para todas as unidades de sa\u00fade, p\u00fablicas e privadas, at\u00e9 1 de Abril de 2017.<\/li><\/ul>\t\t\t\t\t\t\t\t<\/div>\n\t\t\t\t<div class=\"elementor-element elementor-element-5a5228d elementor-widget elementor-widget-heading\" data-id=\"5a5228d\" data-element_type=\"widget\" data-widget_type=\"heading.default\">\n\t\t\t\t\t<h2 class=\"elementor-heading-title elementor-size-default\">Integra\u00e7\u00e3o com o Cart\u00e3o de Cidad\u00e3o<\/h2>\t\t\t\t<\/div>\n\t\t\t\t<div class=\"elementor-element elementor-element-0f01aad elementor-widget elementor-widget-text-editor\" data-id=\"0f01aad\" data-element_type=\"widget\" data-widget_type=\"text-editor.default\">\n\t\t\t\t\t\t\t\t\t<p>O decreto-lei prev\u00ea a <strong>integra\u00e7\u00e3o da informa\u00e7\u00e3o da carta de condu\u00e7\u00e3o com o Cart\u00e3o de Cidad\u00e3o<\/strong>. Esta integra\u00e7\u00e3o permite que a recolha de dados biom\u00e9tricos (fotografia e assinatura) e a altera\u00e7\u00e3o de morada sejam efectuadas de uma \u00fanica vez. A morada deixou de constar no verso da carta, reduzindo o risco de exposi\u00e7\u00e3o de dados pessoais.<\/p>\t\t\t\t\t\t\t\t<\/div>\n\t\t\t\t<div class=\"elementor-element elementor-element-7c7f6f5 elementor-widget elementor-widget-heading\" data-id=\"7c7f6f5\" data-element_type=\"widget\" data-widget_type=\"heading.default\">\n\t\t\t\t\t<h2 class=\"elementor-heading-title elementor-size-default\">Revalida\u00e7\u00e3o e outras novidades<\/h2>\t\t\t\t<\/div>\n\t\t\t\t<div class=\"elementor-element elementor-element-c7c32d6 elementor-widget elementor-widget-text-editor\" data-id=\"c7c32d6\" data-element_type=\"widget\" data-widget_type=\"text-editor.default\">\n\t\t\t\t\t\t\t\t\t<p data-start=\"3619\" data-end=\"3695\">Al\u00e9m das mudan\u00e7as estruturais, o decreto-lei introduziu v\u00e1rios ajustamentos:<\/p><ul><li data-start=\"3697\" data-end=\"3861\"><strong>Revalida\u00e7\u00e3o cruzada:<\/strong> a revalida\u00e7\u00e3o de uma categoria de carta determina a revalida\u00e7\u00e3o das restantes, desde que o atestado m\u00e9dico abranja todas as categorias detidas.<\/li><li data-start=\"3863\" data-end=\"4102\"><strong>Maior flexibilidade na troca de t\u00edtulos estrangeiros:<\/strong> o regime de troca de cartas de condu\u00e7\u00e3o estrangeiras foi clarificado, distinguindo t\u00edtulos comunit\u00e1rios (reconhecimento autom\u00e1tico) de outros t\u00edtulos que podem exigir exame de condu\u00e7\u00e3o.<\/li><li data-start=\"4104\" data-end=\"4292\"><strong>Extens\u00e3o da idade m\u00e1xima para ve\u00edculos pesados:<\/strong> como referido, a idade limite para conduzir categorias D1, D1E, D, DE e CE com massa m\u00e1xima superior a 20 000 kg foi aumentada para 67 anos.<\/li><li data-start=\"4294\" data-end=\"4464\"><strong>Uniformiza\u00e7\u00e3o de requisitos cl\u00ednicos:<\/strong> o regulamento identifica crit\u00e9rios m\u00ednimos de vis\u00e3o, audi\u00e7\u00e3o e capacidade motora equivalentes aos definidos noutros Estados-Membros.<\/li><\/ul>\t\t\t\t\t\t\t\t<\/div>\n\t\t\t\t<div class=\"elementor-element elementor-element-50480e4 elementor-widget elementor-widget-image\" data-id=\"50480e4\" data-element_type=\"widget\" data-widget_type=\"image.default\">\n\t\t\t\t\t\t\t\t\t\t\t\t\t\t\t<img decoding=\"async\" src=\"https:\/\/www.mediconanet.pt\/wp-content\/uploads\/elementor\/thumbs\/mudancas-legais-na-carta-de-conducao-consulta-online-rif7rq2gk2dh9d3iawa1x1cpzgwqxr2ajsnlvo303k.jpg\" title=\"Atestado m\u00e9dico para a carta de condu\u00e7\u00e3o por teleconsulta\" alt=\"Consulta m\u00e9dica online para atestado da carta de condu\u00e7\u00e3o\" loading=\"lazy\" \/>\t\t\t\t\t\t\t\t\t\t\t\t\t\t\t<\/div>\n\t\t\t\t<div class=\"elementor-element elementor-element-b00986a elementor-widget elementor-widget-heading\" data-id=\"b00986a\" data-element_type=\"widget\" data-widget_type=\"heading.default\">\n\t\t\t\t\t<h2 class=\"elementor-heading-title elementor-size-default\">Conclus\u00e3o<\/h2>\t\t\t\t<\/div>\n\t\t\t\t<div class=\"elementor-element elementor-element-81a23f1 elementor-widget elementor-widget-text-editor\" data-id=\"81a23f1\" data-element_type=\"widget\" data-widget_type=\"text-editor.default\">\n\t\t\t\t\t\t\t\t\t<p>A reforma introduzida pelo Decreto-Lei n.\u00ba 40\/2016 modernizou a carta de condu\u00e7\u00e3o portuguesa. A harmoniza\u00e7\u00e3o com as directivas europeias, a desmaterializa\u00e7\u00e3o dos atestados e a integra\u00e7\u00e3o com o Cart\u00e3o de Cidad\u00e3o tornaram o processo mais simples, r\u00e1pido e seguro. As altera\u00e7\u00f5es de prazos e idades de revalida\u00e7\u00e3o s\u00e3o especialmente relevantes para os condutores, que devem manter-se informados para evitar incumprimentos. Estas medidas pretendem n\u00e3o apenas reduzir burocracia, mas tamb\u00e9m refor\u00e7ar a seguran\u00e7a rodovi\u00e1ria, assegurando que s\u00f3 pessoas com aptid\u00e3o m\u00e9dica comprovada permanecem ao volante.<\/p><p data-start=\"108\" data-end=\"353\">Atrav\u00e9s do\u00a0<strong>M\u00e9dico na Net<\/strong>, \u00e9 poss\u00edvel realizar online a<a href=\"https:\/\/www.mediconanet.pt\/produto\/atestado-para-carta-de-conducao\/\">\u00a0<strong>consulta m\u00e9dica<\/strong><\/a>\u00a0necess\u00e1ria para a emiss\u00e3o do atestado de aptid\u00e3o para revalidar a carta de condu\u00e7\u00e3o. A avalia\u00e7\u00e3o \u00e9 feita por videoconsulta, permitindo cumprir os requisitos legais sem desloca\u00e7\u00f5es.<\/p><p data-start=\"355\" data-end=\"704\">Sempre que clinicamente indicado, o atestado m\u00e9dico \u00e9 emitido e enviado electronicamente para o Instituto da Mobilidade e dos Transportes (IMT), sendo igualmente disponibilizado ao utente. Esta consulta destina-se \u00e0 renova\u00e7\u00e3o da carta, obten\u00e7\u00e3o da primeira carta, altera\u00e7\u00e3o de categoria, substitui\u00e7\u00e3o de carta estrangeira ou averbamento do Grupo II.<\/p>\t\t\t\t\t\t\t\t<\/div>\n\t\t\t\t\t<\/div>\n\t\t\t\t<\/div>\n\t\t<div class=\"elementor-element elementor-element-10bb6e2 e-flex e-con-boxed e-con e-parent\" data-id=\"10bb6e2\" data-element_type=\"container\">\n\t\t\t\t\t<div class=\"e-con-inner\">\n\t\t<div class=\"elementor-element elementor-element-39eaa9a e-con-full e-flex e-con e-child\" data-id=\"39eaa9a\" data-element_type=\"container\">\n\t\t\t\t<div class=\"elementor-element elementor-element-c3f87f4 elementor-widget elementor-widget-heading\" data-id=\"c3f87f4\" data-element_type=\"widget\" data-widget_type=\"heading.default\">\n\t\t\t\t\t<h2 class=\"elementor-heading-title elementor-size-default\">Perguntas frequentes (FAQ)<\/h2>\t\t\t\t<\/div>\n\t\t\t\t<div class=\"elementor-element elementor-element-1bb8cbe elementor-widget elementor-widget-n-accordion\" data-id=\"1bb8cbe\" data-element_type=\"widget\" data-settings=\"{&quot;default_state&quot;:&quot;all_collapsed&quot;,&quot;max_items_expended&quot;:&quot;one&quot;,&quot;n_accordion_animation_duration&quot;:{&quot;unit&quot;:&quot;ms&quot;,&quot;size&quot;:400,&quot;sizes&quot;:[]}}\" data-widget_type=\"nested-accordion.default\">\n\t\t\t\t\t\t\t<div class=\"e-n-accordion\" aria-label=\"Accordion. Open links with Enter or Space, close with Escape, and navigate with Arrow Keys\">\n\t\t\t\t\t\t<details id=\"e-n-accordion-item-2900\" class=\"e-n-accordion-item\" >\n\t\t\t\t<summary class=\"e-n-accordion-item-title\" data-accordion-index=\"1\" tabindex=\"0\" aria-expanded=\"false\" aria-controls=\"e-n-accordion-item-2900\" >\n\t\t\t\t\t<span class='e-n-accordion-item-title-header'><div class=\"e-n-accordion-item-title-text\"> O que \u00e9 o Decreto-Lei n.\u00ba 40\/2016? <\/div><\/span>\n\t\t\t\t\t\t\t<span class='e-n-accordion-item-title-icon'>\n\t\t\t<span class='e-opened' ><svg aria-hidden=\"true\" class=\"e-font-icon-svg e-fas-minus\" viewBox=\"0 0 448 512\" xmlns=\"http:\/\/www.w3.org\/2000\/svg\"><path d=\"M416 208H32c-17.67 0-32 14.33-32 32v32c0 17.67 14.33 32 32 32h384c17.67 0 32-14.33 32-32v-32c0-17.67-14.33-32-32-32z\"><\/path><\/svg><\/span>\n\t\t\t<span class='e-closed'><svg aria-hidden=\"true\" class=\"e-font-icon-svg e-fas-plus\" viewBox=\"0 0 448 512\" xmlns=\"http:\/\/www.w3.org\/2000\/svg\"><path d=\"M416 208H272V64c0-17.67-14.33-32-32-32h-32c-17.67 0-32 14.33-32 32v144H32c-17.67 0-32 14.33-32 32v32c0 17.67 14.33 32 32 32h144v144c0 17.67 14.33 32 32 32h32c17.67 0 32-14.33 32-32V304h144c17.67 0 32-14.33 32-32v-32c0-17.67-14.33-32-32-32z\"><\/path><\/svg><\/span>\n\t\t<\/span>\n\n\t\t\t\t\t\t<\/summary>\n\t\t\t\t<div role=\"region\" aria-labelledby=\"e-n-accordion-item-2900\" class=\"elementor-element elementor-element-ab2cd6a e-con-full e-flex e-con e-child\" data-id=\"ab2cd6a\" data-element_type=\"container\">\n\t\t<div role=\"region\" aria-labelledby=\"e-n-accordion-item-2900\" class=\"elementor-element elementor-element-732d41c e-flex e-con-boxed e-con e-child\" data-id=\"732d41c\" data-element_type=\"container\">\n\t\t\t\t\t<div class=\"e-con-inner\">\n\t\t\t\t<div class=\"elementor-element elementor-element-d06ba9e elementor-widget elementor-widget-text-editor\" data-id=\"d06ba9e\" data-element_type=\"widget\" data-widget_type=\"text-editor.default\">\n\t\t\t\t\t\t\t\t\t<p>\u00c9 o diploma que introduziu as <strong data-start=\"142\" data-end=\"182\">mudan\u00e7as legais na carta de condu\u00e7\u00e3o<\/strong>, alterando o Regulamento da Habilita\u00e7\u00e3o Legal para Conduzir em Portugal, harmonizando os prazos de validade das cartas, estabelecendo a emiss\u00e3o electr\u00f3nica dos atestados m\u00e9dicos e introduzindo outras medidas de simplifica\u00e7\u00e3o.<\/p>\t\t\t\t\t\t\t\t<\/div>\n\t\t\t\t\t<\/div>\n\t\t\t\t<\/div>\n\t\t\t\t<\/div>\n\t\t\t\t\t<\/details>\n\t\t\t\t\t\t<details id=\"e-n-accordion-item-2901\" class=\"e-n-accordion-item\" >\n\t\t\t\t<summary class=\"e-n-accordion-item-title\" data-accordion-index=\"2\" tabindex=\"-1\" aria-expanded=\"false\" aria-controls=\"e-n-accordion-item-2901\" >\n\t\t\t\t\t<span class='e-n-accordion-item-title-header'><div class=\"e-n-accordion-item-title-text\"> Qual a diferen\u00e7a mais vis\u00edvel para os condutores? <\/div><\/span>\n\t\t\t\t\t\t\t<span class='e-n-accordion-item-title-icon'>\n\t\t\t<span class='e-opened' ><svg aria-hidden=\"true\" class=\"e-font-icon-svg e-fas-minus\" viewBox=\"0 0 448 512\" xmlns=\"http:\/\/www.w3.org\/2000\/svg\"><path d=\"M416 208H32c-17.67 0-32 14.33-32 32v32c0 17.67 14.33 32 32 32h384c17.67 0 32-14.33 32-32v-32c0-17.67-14.33-32-32-32z\"><\/path><\/svg><\/span>\n\t\t\t<span class='e-closed'><svg aria-hidden=\"true\" class=\"e-font-icon-svg e-fas-plus\" viewBox=\"0 0 448 512\" xmlns=\"http:\/\/www.w3.org\/2000\/svg\"><path d=\"M416 208H272V64c0-17.67-14.33-32-32-32h-32c-17.67 0-32 14.33-32 32v144H32c-17.67 0-32 14.33-32 32v32c0 17.67 14.33 32 32 32h144v144c0 17.67 14.33 32 32 32h32c17.67 0 32-14.33 32-32V304h144c17.67 0 32-14.33 32-32v-32c0-17.67-14.33-32-32-32z\"><\/path><\/svg><\/span>\n\t\t<\/span>\n\n\t\t\t\t\t\t<\/summary>\n\t\t\t\t<div role=\"region\" aria-labelledby=\"e-n-accordion-item-2901\" class=\"elementor-element elementor-element-d573694 e-con-full e-flex e-con e-child\" data-id=\"d573694\" data-element_type=\"container\">\n\t\t<div role=\"region\" aria-labelledby=\"e-n-accordion-item-2901\" class=\"elementor-element elementor-element-c07e0d7 e-flex e-con-boxed e-con e-child\" data-id=\"c07e0d7\" data-element_type=\"container\">\n\t\t\t\t\t<div class=\"e-con-inner\">\n\t\t\t\t<div class=\"elementor-element elementor-element-33f7675 elementor-widget elementor-widget-text-editor\" data-id=\"33f7675\" data-element_type=\"widget\" data-widget_type=\"text-editor.default\">\n\t\t\t\t\t\t\t\t\t<p>A principal novidade \u00e9 que o atestado m\u00e9dico passa a ser electr\u00f3nico e enviado directamente para o IMT. Tamb\u00e9m aumentou a validade das cartas do Grupo 1 para 15 anos at\u00e9 aos 60 anos.<\/p>\t\t\t\t\t\t\t\t<\/div>\n\t\t\t\t\t<\/div>\n\t\t\t\t<\/div>\n\t\t\t\t<\/div>\n\t\t\t\t\t<\/details>\n\t\t\t\t\t\t<details id=\"e-n-accordion-item-2902\" class=\"e-n-accordion-item\" >\n\t\t\t\t<summary class=\"e-n-accordion-item-title\" data-accordion-index=\"3\" tabindex=\"-1\" aria-expanded=\"false\" aria-controls=\"e-n-accordion-item-2902\" >\n\t\t\t\t\t<span class='e-n-accordion-item-title-header'><div class=\"e-n-accordion-item-title-text\"> A morada continua na carta? <\/div><\/span>\n\t\t\t\t\t\t\t<span class='e-n-accordion-item-title-icon'>\n\t\t\t<span class='e-opened' ><svg aria-hidden=\"true\" class=\"e-font-icon-svg e-fas-minus\" viewBox=\"0 0 448 512\" xmlns=\"http:\/\/www.w3.org\/2000\/svg\"><path d=\"M416 208H32c-17.67 0-32 14.33-32 32v32c0 17.67 14.33 32 32 32h384c17.67 0 32-14.33 32-32v-32c0-17.67-14.33-32-32-32z\"><\/path><\/svg><\/span>\n\t\t\t<span class='e-closed'><svg aria-hidden=\"true\" class=\"e-font-icon-svg e-fas-plus\" viewBox=\"0 0 448 512\" xmlns=\"http:\/\/www.w3.org\/2000\/svg\"><path d=\"M416 208H272V64c0-17.67-14.33-32-32-32h-32c-17.67 0-32 14.33-32 32v144H32c-17.67 0-32 14.33-32 32v32c0 17.67 14.33 32 32 32h144v144c0 17.67 14.33 32 32 32h32c17.67 0 32-14.33 32-32V304h144c17.67 0 32-14.33 32-32v-32c0-17.67-14.33-32-32-32z\"><\/path><\/svg><\/span>\n\t\t<\/span>\n\n\t\t\t\t\t\t<\/summary>\n\t\t\t\t<div role=\"region\" aria-labelledby=\"e-n-accordion-item-2902\" class=\"elementor-element elementor-element-f58d406 e-con-full e-flex e-con e-child\" data-id=\"f58d406\" data-element_type=\"container\">\n\t\t<div role=\"region\" aria-labelledby=\"e-n-accordion-item-2902\" class=\"elementor-element elementor-element-4da2f0e e-flex e-con-boxed e-con e-child\" data-id=\"4da2f0e\" data-element_type=\"container\">\n\t\t\t\t\t<div class=\"e-con-inner\">\n\t\t\t\t<div class=\"elementor-element elementor-element-969c667 elementor-widget elementor-widget-text-editor\" data-id=\"969c667\" data-element_type=\"widget\" data-widget_type=\"text-editor.default\">\n\t\t\t\t\t\t\t\t\t<p>N\u00e3o. A morada foi retirada da carta de condu\u00e7\u00e3o. Os dados biom\u00e9tricos e eventuais actualiza\u00e7\u00f5es de morada s\u00e3o recolhidos uma \u00fanica vez, em conjunto com o Cart\u00e3o de Cidad\u00e3o.<\/p>\t\t\t\t\t\t\t\t<\/div>\n\t\t\t\t\t<\/div>\n\t\t\t\t<\/div>\n\t\t\t\t<\/div>\n\t\t\t\t\t<\/details>\n\t\t\t\t\t\t<details id=\"e-n-accordion-item-2903\" class=\"e-n-accordion-item\" >\n\t\t\t\t<summary class=\"e-n-accordion-item-title\" data-accordion-index=\"4\" tabindex=\"-1\" aria-expanded=\"false\" aria-controls=\"e-n-accordion-item-2903\" >\n\t\t\t\t\t<span class='e-n-accordion-item-title-header'><div class=\"e-n-accordion-item-title-text\"> Por que as regras mudaram? <\/div><\/span>\n\t\t\t\t\t\t\t<span class='e-n-accordion-item-title-icon'>\n\t\t\t<span class='e-opened' ><svg aria-hidden=\"true\" class=\"e-font-icon-svg e-fas-minus\" viewBox=\"0 0 448 512\" xmlns=\"http:\/\/www.w3.org\/2000\/svg\"><path d=\"M416 208H32c-17.67 0-32 14.33-32 32v32c0 17.67 14.33 32 32 32h384c17.67 0 32-14.33 32-32v-32c0-17.67-14.33-32-32-32z\"><\/path><\/svg><\/span>\n\t\t\t<span class='e-closed'><svg aria-hidden=\"true\" class=\"e-font-icon-svg e-fas-plus\" viewBox=\"0 0 448 512\" xmlns=\"http:\/\/www.w3.org\/2000\/svg\"><path d=\"M416 208H272V64c0-17.67-14.33-32-32-32h-32c-17.67 0-32 14.33-32 32v144H32c-17.67 0-32 14.33-32 32v32c0 17.67 14.33 32 32 32h144v144c0 17.67 14.33 32 32 32h32c17.67 0 32-14.33 32-32V304h144c17.67 0 32-14.33 32-32v-32c0-17.67-14.33-32-32-32z\"><\/path><\/svg><\/span>\n\t\t<\/span>\n\n\t\t\t\t\t\t<\/summary>\n\t\t\t\t<div role=\"region\" aria-labelledby=\"e-n-accordion-item-2903\" class=\"elementor-element elementor-element-89c6437 e-con-full e-flex e-con e-child\" data-id=\"89c6437\" data-element_type=\"container\">\n\t\t<div role=\"region\" aria-labelledby=\"e-n-accordion-item-2903\" class=\"elementor-element elementor-element-53c8fb3 e-flex e-con-boxed e-con e-child\" data-id=\"53c8fb3\" data-element_type=\"container\">\n\t\t\t\t\t<div class=\"e-con-inner\">\n\t\t\t\t<div class=\"elementor-element elementor-element-538324e elementor-widget elementor-widget-text-editor\" data-id=\"538324e\" data-element_type=\"widget\" data-widget_type=\"text-editor.default\">\n\t\t\t\t\t\t\t\t\t<p>As mudan\u00e7as legais na carta de condu\u00e7\u00e3o visaram simplificar procedimentos, reduzir desloca\u00e7\u00f5es e harmonizar as normas portuguesas com as directivas europeias, promovendo a mobilidade e a seguran\u00e7a rodovi\u00e1ria.<\/p>\t\t\t\t\t\t\t\t<\/div>\n\t\t\t\t\t<\/div>\n\t\t\t\t<\/div>\n\t\t\t\t<\/div>\n\t\t\t\t\t<\/details>\n\t\t\t\t\t\t<details id=\"e-n-accordion-item-2904\" class=\"e-n-accordion-item\" >\n\t\t\t\t<summary class=\"e-n-accordion-item-title\" data-accordion-index=\"5\" tabindex=\"-1\" aria-expanded=\"false\" aria-controls=\"e-n-accordion-item-2904\" >\n\t\t\t\t\t<span class='e-n-accordion-item-title-header'><div class=\"e-n-accordion-item-title-text\"> A partir de quando se aplicaram as mudan\u00e7as? <\/div><\/span>\n\t\t\t\t\t\t\t<span class='e-n-accordion-item-title-icon'>\n\t\t\t<span class='e-opened' ><svg aria-hidden=\"true\" class=\"e-font-icon-svg e-fas-minus\" viewBox=\"0 0 448 512\" xmlns=\"http:\/\/www.w3.org\/2000\/svg\"><path d=\"M416 208H32c-17.67 0-32 14.33-32 32v32c0 17.67 14.33 32 32 32h384c17.67 0 32-14.33 32-32v-32c0-17.67-14.33-32-32-32z\"><\/path><\/svg><\/span>\n\t\t\t<span class='e-closed'><svg aria-hidden=\"true\" class=\"e-font-icon-svg e-fas-plus\" viewBox=\"0 0 448 512\" xmlns=\"http:\/\/www.w3.org\/2000\/svg\"><path d=\"M416 208H272V64c0-17.67-14.33-32-32-32h-32c-17.67 0-32 14.33-32 32v144H32c-17.67 0-32 14.33-32 32v32c0 17.67 14.33 32 32 32h144v144c0 17.67 14.33 32 32 32h32c17.67 0 32-14.33 32-32V304h144c17.67 0 32-14.33 32-32v-32c0-17.67-14.33-32-32-32z\"><\/path><\/svg><\/span>\n\t\t<\/span>\n\n\t\t\t\t\t\t<\/summary>\n\t\t\t\t<div role=\"region\" aria-labelledby=\"e-n-accordion-item-2904\" class=\"elementor-element elementor-element-b56649c e-con-full e-flex e-con e-child\" data-id=\"b56649c\" data-element_type=\"container\">\n\t\t<div role=\"region\" aria-labelledby=\"e-n-accordion-item-2904\" class=\"elementor-element elementor-element-745e5e1 e-flex e-con-boxed e-con e-child\" data-id=\"745e5e1\" data-element_type=\"container\">\n\t\t\t\t\t<div class=\"e-con-inner\">\n\t\t\t\t<div class=\"elementor-element elementor-element-78bdaa6 elementor-widget elementor-widget-text-editor\" data-id=\"78bdaa6\" data-element_type=\"widget\" data-widget_type=\"text-editor.default\">\n\t\t\t\t\t\t\t\t\t<p>No \u00e2mbito das mudan\u00e7as legais na carta de condu\u00e7\u00e3o, a desmaterializa\u00e7\u00e3o dos atestados tornou-se obrigat\u00f3ria em 1 de Abril de 2017 e as novas regras de validade entraram em vigor com a publica\u00e7\u00e3o do Decreto-Lei n.\u00ba 40\/2016, em 2016.<\/p>\t\t\t\t\t\t\t\t<\/div>\n\t\t\t\t\t<\/div>\n\t\t\t\t<\/div>\n\t\t\t\t<\/div>\n\t\t\t\t\t<\/details>\n\t\t\t\t\t<\/div>\n\t\t\t\t\t<script type=\"application\/ld+json\">{\"@context\":\"https:\\\/\\\/schema.org\",\"@type\":\"FAQPage\",\"mainEntity\":[{\"@type\":\"Question\",\"name\":\"O que \\u00e9 o Decreto-Lei n.\\u00ba 40\\\/2016?\",\"acceptedAnswer\":{\"@type\":\"Answer\",\"text\":\"\\u00c9 o diploma que introduziu as mudan\\u00e7as legais na carta de condu\\u00e7\\u00e3o, alterando o Regulamento da Habilita\\u00e7\\u00e3o Legal para Conduzir em Portugal, harmonizando os prazos de validade das cartas, estabelecendo a emiss\\u00e3o electr\\u00f3nica dos atestados m\\u00e9dicos e introduzindo outras medidas de simplifica\\u00e7\\u00e3o.\"}},{\"@type\":\"Question\",\"name\":\"Qual a diferen\\u00e7a mais vis\\u00edvel para os condutores?\",\"acceptedAnswer\":{\"@type\":\"Answer\",\"text\":\"A principal novidade \\u00e9 que o atestado m\\u00e9dico passa a ser electr\\u00f3nico e enviado directamente para o IMT. Tamb\\u00e9m aumentou a validade das cartas do Grupo 1 para 15 anos at\\u00e9 aos 60 anos.\"}},{\"@type\":\"Question\",\"name\":\"A morada continua na carta?\",\"acceptedAnswer\":{\"@type\":\"Answer\",\"text\":\"N\\u00e3o. A morada foi retirada da carta de condu\\u00e7\\u00e3o. Os dados biom\\u00e9tricos e eventuais actualiza\\u00e7\\u00f5es de morada s\\u00e3o recolhidos uma \\u00fanica vez, em conjunto com o Cart\\u00e3o de Cidad\\u00e3o.\"}},{\"@type\":\"Question\",\"name\":\"Por que as regras mudaram?\",\"acceptedAnswer\":{\"@type\":\"Answer\",\"text\":\"As mudan\\u00e7as legais na carta de condu\\u00e7\\u00e3o visaram simplificar procedimentos, reduzir desloca\\u00e7\\u00f5es e harmonizar as normas portuguesas com as directivas europeias, promovendo a mobilidade e a seguran\\u00e7a rodovi\\u00e1ria.\"}},{\"@type\":\"Question\",\"name\":\"A partir de quando se aplicaram as mudan\\u00e7as?\",\"acceptedAnswer\":{\"@type\":\"Answer\",\"text\":\"No \\u00e2mbito das mudan\\u00e7as legais na carta de condu\\u00e7\\u00e3o, a desmaterializa\\u00e7\\u00e3o dos atestados tornou-se obrigat\\u00f3ria em 1 de Abril de 2017 e as novas regras de validade entraram em vigor com a publica\\u00e7\\u00e3o do Decreto-Lei n.\\u00ba 40\\\/2016, em 2016.\"}}]}<\/script>\n\t\t\t\t\t\t\t<\/div>\n\t\t\t\t<\/div>\n\t\t\t\t\t<\/div>\n\t\t\t\t<\/div>\n\t\t<div class=\"elementor-element elementor-element-564055e e-flex e-con-boxed e-con e-parent\" data-id=\"564055e\" data-element_type=\"container\">\n\t\t\t\t\t<div class=\"e-con-inner\">\n\t\t\t\t<div class=\"elementor-element elementor-element-13c5998 elementor-widget elementor-widget-heading\" data-id=\"13c5998\" data-element_type=\"widget\" data-widget_type=\"heading.default\">\n\t\t\t\t\t<h2 class=\"elementor-heading-title elementor-size-default\">Fontes<\/h2>\t\t\t\t<\/div>\n\t\t\t\t<div class=\"elementor-element elementor-element-8b4197f elementor-widget elementor-widget-text-editor\" data-id=\"8b4197f\" data-element_type=\"widget\" data-widget_type=\"text-editor.default\">\n\t\t\t\t\t\t\t\t\t<p data-start=\"6297\" data-end=\"6434\"><a href=\"https:\/\/www.lexpoint.pt\/Fileget.aspx?FileId=22566\" rel=\"dofollow noopener\" target=\"_blank\">Dire\u00e7\u00e3o-Geral da Sa\u00fade \u2013 Orienta\u00e7\u00e3o n.\u00ba 003\/2017 (Avalia\u00e7\u00e3o M\u00e9dica de Condutores)<\/a><br \/><a href=\"https:\/\/www.homepagejuridica.pt\/infojus\/infojus\/582-carta-de-conducao-novas-regras-e-prazo-para-a-renovacao\" rel=\"nofollow noopener\" target=\"_blank\">Homepage Jur\u00eddica \u2013 \u201cCarta de Condu\u00e7\u00e3o \u2013 Novas Regras e Prazo para a Renova\u00e7\u00e3o\u201d<\/a><br \/><a href=\"https:\/\/ordemdosmedicos.pt\/comunicacao\/noticias\/atestados-medicos-para-a-carta-de-conducao-comunicado-dgs-6422\/\" rel=\"nofollow noopener\" target=\"_blank\">APMGF \u2013 Comunicado sobre a desmaterializa\u00e7\u00e3o dos atestados<\/a><\/p>\t\t\t\t\t\t\t\t<\/div>\n\t\t\t\t\t<\/div>\n\t\t\t\t<\/div>\n\t\t\t\t<\/div>\n\t\t","protected":false},"excerpt":{"rendered":"<p>Em 2016, Portugal reformou profundamente o regulamento que rege a habilita\u00e7\u00e3o legal para conduzir. O Decreto-Lei n.\u00ba 40\/2016, de 29 de Julho, introduziu altera\u00e7\u00f5es que visam simplificar procedimentos, harmonizar regras com as directivas europeias e aumentar a seguran\u00e7a rodovi\u00e1ria. Este artigo explica as principais mudan\u00e7as legais na carta de condu\u00e7\u00e3o, relacionadas com a emiss\u00e3o e [&hellip;]<\/p>\n","protected":false},"author":2964,"featured_media":53209,"comment_status":"closed","ping_status":"closed","sticky":false,"template":"","format":"standard","meta":{"_jetpack_memberships_contains_paid_content":false,"footnotes":""},"categories":[137],"tags":[],"class_list":["post-53172","post","type-post","status-publish","format-standard","has-post-thumbnail","hentry","category-carta-de-conducao"],"jetpack_featured_media_url":"https:\/\/www.mediconanet.pt\/wp-content\/uploads\/2026\/01\/mudancas-legais-na-carta-de-conducao.jpg","jetpack_sharing_enabled":true,"_links":{"self":[{"href":"https:\/\/www.mediconanet.pt\/en\/wp-json\/wp\/v2\/posts\/53172","targetHints":{"allow":["GET"]}}],"collection":[{"href":"https:\/\/www.mediconanet.pt\/en\/wp-json\/wp\/v2\/posts"}],"about":[{"href":"https:\/\/www.mediconanet.pt\/en\/wp-json\/wp\/v2\/types\/post"}],"author":[{"embeddable":true,"href":"https:\/\/www.mediconanet.pt\/en\/wp-json\/wp\/v2\/users\/2964"}],"replies":[{"embeddable":true,"href":"https:\/\/www.mediconanet.pt\/en\/wp-json\/wp\/v2\/comments?post=53172"}],"version-history":[{"count":20,"href":"https:\/\/www.mediconanet.pt\/en\/wp-json\/wp\/v2\/posts\/53172\/revisions"}],"predecessor-version":[{"id":53216,"href":"https:\/\/www.mediconanet.pt\/en\/wp-json\/wp\/v2\/posts\/53172\/revisions\/53216"}],"wp:featuredmedia":[{"embeddable":true,"href":"https:\/\/www.mediconanet.pt\/en\/wp-json\/wp\/v2\/media\/53209"}],"wp:attachment":[{"href":"https:\/\/www.mediconanet.pt\/en\/wp-json\/wp\/v2\/media?parent=53172"}],"wp:term":[{"taxonomy":"category","embeddable":true,"href":"https:\/\/www.mediconanet.pt\/en\/wp-json\/wp\/v2\/categories?post=53172"},{"taxonomy":"post_tag","embeddable":true,"href":"https:\/\/www.mediconanet.pt\/en\/wp-json\/wp\/v2\/tags?post=53172"}],"curies":[{"name":"wp","href":"https:\/\/api.w.org\/{rel}","templated":true}]}}