{"id":53204,"date":"2026-01-30T14:41:49","date_gmt":"2026-01-30T14:41:49","guid":{"rendered":"https:\/\/www.mediconanet.pt\/?p=53204"},"modified":"2026-02-02T19:29:28","modified_gmt":"2026-02-02T19:29:28","slug":"consulta-medica-para-carta-de-conducao","status":"publish","type":"post","link":"https:\/\/www.mediconanet.pt\/en\/consulta-medica-para-carta-de-conducao\/","title":{"rendered":"Como obter o atestado m\u00e9dico para a carta de condu\u00e7\u00e3o: passo a passo"},"content":{"rendered":"\t\t<div data-elementor-type=\"wp-post\" data-elementor-id=\"53204\" class=\"elementor elementor-53204\" data-elementor-post-type=\"post\">\n\t\t\t\t<div class=\"elementor-element elementor-element-75af8d6 e-flex e-con-boxed e-con e-parent\" data-id=\"75af8d6\" data-element_type=\"container\">\n\t\t\t\t\t<div class=\"e-con-inner\">\n\t\t\t\t<div class=\"elementor-element elementor-element-1880a7c elementor-widget elementor-widget-text-editor\" data-id=\"1880a7c\" data-element_type=\"widget\" data-widget_type=\"text-editor.default\">\n\t\t\t\t\t\t\t\t\t<p>Obter um atestado m\u00e9dico de condu\u00e7\u00e3o pode parecer um procedimento burocr\u00e1tico, mas na verdade consiste numa <strong data-start=\"489\" data-end=\"531\">consulta m\u00e9dica para carta de condu\u00e7\u00e3o<\/strong> simples e v\u00e1rias etapas bem definidas. Este artigo descreve o processo completo \u2013 desde a marca\u00e7\u00e3o \u00e0 emiss\u00e3o electr\u00f3nica \u2013 e esclarece que documentos levar, onde ir e quanto tempo demora. A avalia\u00e7\u00e3o baseia-se em legisla\u00e7\u00e3o nacional e directivas europeias, garantindo a seguran\u00e7a rodovi\u00e1ria e a aptid\u00e3o dos condutores.<\/p>\t\t\t\t\t\t\t\t<\/div>\n\t\t\t\t<div class=\"elementor-element elementor-element-dce554e elementor-widget elementor-widget-heading\" data-id=\"dce554e\" data-element_type=\"widget\" data-widget_type=\"heading.default\">\n\t\t\t\t\t<h2 class=\"elementor-heading-title elementor-size-default\">Que documentos e dados s\u00e3o necess\u00e1rios?<\/h2>\t\t\t\t<\/div>\n\t\t\t\t<div class=\"elementor-element elementor-element-56a5669 elementor-widget elementor-widget-text-editor\" data-id=\"56a5669\" data-element_type=\"widget\" data-widget_type=\"text-editor.default\">\n\t\t\t\t\t\t\t\t\t<p data-start=\"835\" data-end=\"1402\">Antes de marcar a consulta, re\u00fana os documentos essenciais. Segundo alguns guias de revalida\u00e7\u00e3o, o condutor deve apresentar o <strong>Cart\u00e3o de Cidad\u00e3o ou bilhete de identidade<\/strong>, o <strong>t\u00edtulo de condu\u00e7\u00e3o<\/strong> e, no caso de condutores profissionais, <strong>o certificado de aptid\u00e3o psicol\u00f3gica (CAP)<\/strong> quando aplic\u00e1vel. Se for a primeira carta ou uma troca de t\u00edtulo estrangeiro, ser\u00e1 necess\u00e1rio tamb\u00e9m fornecer outros elementos de identifica\u00e7\u00e3o e o n\u00famero de contribuinte. Para condutores do <strong>Grupo 2<\/strong>, um exame psicot\u00e9cnico e um relat\u00f3rio de optometrista podem ser exigidos a partir dos 50 anos.<\/p><p data-start=\"1404\" data-end=\"1875\">Ao preparar-se para a consulta, tenha ainda consigo informa\u00e7\u00f5es sobre doen\u00e7as cr\u00f3nicas, medica\u00e7\u00e3o habitual e interven\u00e7\u00f5es m\u00e9dicas recentes. Estes dados permitem ao m\u00e9dico avaliar se existe alguma condi\u00e7\u00e3o que possa comprometer a seguran\u00e7a ao volante. Embora muitos utentes queiram levar relat\u00f3rios de especialistas ou exames recentes, na maioria dos casos <strong>a informa\u00e7\u00e3o cl\u00ednica existente e o exame f\u00edsico s\u00e3o suficientes<\/strong>; pedidos de exames complementares s\u00e3o excepcionais.<\/p>\t\t\t\t\t\t\t\t<\/div>\n\t\t\t\t<div class=\"elementor-element elementor-element-63fc77a elementor-widget elementor-widget-heading\" data-id=\"63fc77a\" data-element_type=\"widget\" data-widget_type=\"heading.default\">\n\t\t\t\t\t<h2 class=\"elementor-heading-title elementor-size-default\">Onde marcar a consulta m\u00e9dica para carta de condu\u00e7\u00e3o e quem pode emitir o atestado?<\/h2>\t\t\t\t<\/div>\n\t\t\t\t<div class=\"elementor-element elementor-element-9ab35a9 elementor-widget elementor-widget-text-editor\" data-id=\"9ab35a9\" data-element_type=\"widget\" data-widget_type=\"text-editor.default\">\n\t\t\t\t\t\t\t\t\t<p data-start=\"1935\" data-end=\"2367\">A legisla\u00e7\u00e3o determina que <strong>qualquer m\u00e9dico no exerc\u00edcio da sua profiss\u00e3o<\/strong> pode realizar a consulta m\u00e9dica para para carta de condu\u00e7\u00e3o e emitir o atestado, seja em centros de sa\u00fade, consult\u00f3rios privados ou cl\u00ednicas de avalia\u00e7\u00e3o m\u00e9dica. Isto significa que n\u00e3o \u00e9 obrigat\u00f3rio ir ao m\u00e9dico de fam\u00edlia; \u00e9 poss\u00edvel recorrer a unidades especializadas como o <b>Centro de Avalia\u00e7\u00e3o M\u00e9dica e Psicol\u00f3gica (CAMP) <\/b>da ULS Matosinhos, que realiza consultas de aptid\u00e3o f\u00edsica e mental.<\/p><p data-start=\"2369\" data-end=\"2717\">Outra op\u00e7\u00e3o \u00e9 a <b>teleconsulta<\/b>, disponibilizada por plataformas digitais, que permitem realizar a consulta m\u00e9dica para carta de condu\u00e7\u00e3o de forma online, sem necessidade de desloca\u00e7\u00f5es. O servi\u00e7o<strong> M\u00e9dico na Net<\/strong>, por exemplo, permite agendar a consulta online, fazer a avalia\u00e7\u00e3o por v\u00eddeo e receber o atestado electr\u00f3nico na sua conta e no IMT. O processo dura cerca de 30 minutos, mas apenas \u00e9 emitido o atestado se a avalia\u00e7\u00e3o cl\u00ednica considerar o condutor apto.<\/p><p data-start=\"2719\" data-end=\"2990\">Para marcar, contacte o servi\u00e7o escolhido atrav\u00e9s do <a href=\"https:\/\/www.mediconanet.pt\/produto\/atestado-para-carta-de-conducao\/\"><strong>portal online<\/strong><\/a>, telefone ou pessoalmente. \u00c9 recomend\u00e1vel agendar com anteced\u00eancia, especialmente em \u00e9pocas de renova\u00e7\u00e3o de muitas cartas. Os condutores podem pedir o atestado at\u00e9 seis meses antes da data de revalida\u00e7\u00e3o.<\/p>\t\t\t\t\t\t\t\t<\/div>\n\t\t\t\t<div class=\"elementor-element elementor-element-369f1e5 elementor-widget elementor-widget-image\" data-id=\"369f1e5\" data-element_type=\"widget\" data-widget_type=\"image.default\">\n\t\t\t\t\t\t\t\t\t\t\t\t\t\t\t<img fetchpriority=\"high\" decoding=\"async\" width=\"800\" height=\"601\" src=\"https:\/\/www.mediconanet.pt\/wp-content\/uploads\/2026\/01\/consulta-medica-para-carta-de-conducao-online-1024x769.jpg\" class=\"attachment-large size-large wp-image-53234\" alt=\"Consulta m\u00e9dica para carta de condu\u00e7\u00e3o realizada por teleconsulta\" srcset=\"https:\/\/www.mediconanet.pt\/wp-content\/uploads\/2026\/01\/consulta-medica-para-carta-de-conducao-online-1024x769.jpg 1024w, https:\/\/www.mediconanet.pt\/wp-content\/uploads\/2026\/01\/consulta-medica-para-carta-de-conducao-online-300x225.jpg 300w, https:\/\/www.mediconanet.pt\/wp-content\/uploads\/2026\/01\/consulta-medica-para-carta-de-conducao-online-768x577.jpg 768w, https:\/\/www.mediconanet.pt\/wp-content\/uploads\/2026\/01\/consulta-medica-para-carta-de-conducao-online-16x12.jpg 16w, https:\/\/www.mediconanet.pt\/wp-content\/uploads\/2026\/01\/consulta-medica-para-carta-de-conducao-online-600x451.jpg 600w, https:\/\/www.mediconanet.pt\/wp-content\/uploads\/2026\/01\/consulta-medica-para-carta-de-conducao-online.jpg 1384w\" sizes=\"(max-width: 800px) 100vw, 800px\" \/>\t\t\t\t\t\t\t\t\t\t\t\t\t\t\t<\/div>\n\t\t\t\t<div class=\"elementor-element elementor-element-4d86be4 elementor-widget elementor-widget-heading\" data-id=\"4d86be4\" data-element_type=\"widget\" data-widget_type=\"heading.default\">\n\t\t\t\t\t<h2 class=\"elementor-heading-title elementor-size-default\">Como decorre a avalia\u00e7\u00e3o?<\/h2>\t\t\t\t<\/div>\n\t\t\t\t<div class=\"elementor-element elementor-element-d422ecd elementor-widget elementor-widget-text-editor\" data-id=\"d422ecd\" data-element_type=\"widget\" data-widget_type=\"text-editor.default\">\n\t\t\t\t\t\t\t\t\t<p data-start=\"3022\" data-end=\"3424\">Durante a consulta m\u00e9dica para carta de condu\u00e7\u00e3o, o m\u00e9dico recolhe o <strong>historial cl\u00ednico<\/strong> e realiza um exame f\u00edsico e mental. S\u00e3o avaliados par\u00e2metros como <strong>acuidade visual e auditiva, coordena\u00e7\u00e3o motora, press\u00e3o arterial, equil\u00edbrio e estado psicol\u00f3gico<\/strong>. Para condutores do Grupo 2, pode ser necess\u00e1ria uma avalia\u00e7\u00e3o psicol\u00f3gica formal. Em unidades como o CAMP, o m\u00e9dico acede ao processo electr\u00f3nico do utente e regista tudo no sistema.<\/p><p data-start=\"3426\" data-end=\"3773\">Caso o condutor utilize \u00f3culos ou lentes de contacto, deve lev\u00e1-los para o exame. A legisla\u00e7\u00e3o determina crit\u00e9rios m\u00ednimos de vis\u00e3o: acuidade de 0,5 com ambos os olhos no Grupo 1 e, para o Grupo 2, 0,8 no melhor olho e 0,5 no pior. Se o condutor for monocular, podem ser impostas restri\u00e7\u00f5es, como condu\u00e7\u00e3o apenas de dia ou a velocidades limitadas.<\/p><p data-start=\"3775\" data-end=\"4099\">O m\u00e9dico verifica ainda se h\u00e1 doen\u00e7as cr\u00f3nicas, como epilepsia, diabetes, apneia do sono ou doen\u00e7as cardiovasculares, que possam afectar a condu\u00e7\u00e3o. O decreto-lei estabelece crit\u00e9rios de aptid\u00e3o para cada condi\u00e7\u00e3o. Em caso de d\u00favidas, o m\u00e9dico pode encaminhar o utente para o especialista ou solicitar exames complementares.<\/p>\t\t\t\t\t\t\t\t<\/div>\n\t\t\t\t<div class=\"elementor-element elementor-element-0c83c57 elementor-widget elementor-widget-heading\" data-id=\"0c83c57\" data-element_type=\"widget\" data-widget_type=\"heading.default\">\n\t\t\t\t\t<h2 class=\"elementor-heading-title elementor-size-default\">Emiss\u00e3o electr\u00f3nica e validade do atestado<\/h2>\t\t\t\t<\/div>\n\t\t\t\t<div class=\"elementor-element elementor-element-36082be elementor-widget elementor-widget-text-editor\" data-id=\"36082be\" data-element_type=\"widget\" data-widget_type=\"text-editor.default\">\n\t\t\t\t\t\t\t\t\t<p data-start=\"4148\" data-end=\"4439\">Conclu\u00edda a avalia\u00e7\u00e3o, o m\u00e9dico introduz os dados no sistema electr\u00f3nico e emite o atestado. Gra\u00e7as \u00e0 medida \u201c<strong>Carta sobre Rodas<\/strong>\u201d, implementada em 2017, o certificado \u00e9 transmitido automaticamente ao IMT. O utente recebe uma c\u00f3pia por correio electr\u00f3nico ou pode consult\u00e1-la no portal do IMT.<\/p><p data-start=\"4441\" data-end=\"4794\">O documento tem uma <strong>validade de seis meses<\/strong> desde a data de emiss\u00e3o. Caso a carta n\u00e3o seja renovada nesse per\u00edodo, ser\u00e1 necess\u00e1rio obter um novo atestado. A revalida\u00e7\u00e3o pode ser feita presencialmente nas Lojas do Cidad\u00e3o, balc\u00f5es do IMT ou online atrav\u00e9s do portal IMTonline, sendo necess\u00e1rio autenticar-se e, quando aplic\u00e1vel, anexar o atestado e o CAP.<\/p>\t\t\t\t\t\t\t\t<\/div>\n\t\t\t\t<div class=\"elementor-element elementor-element-9f9e772 elementor-widget elementor-widget-heading\" data-id=\"9f9e772\" data-element_type=\"widget\" data-widget_type=\"heading.default\">\n\t\t\t\t\t<h2 class=\"elementor-heading-title elementor-size-default\">Custos e isen\u00e7\u00f5es<\/h2>\t\t\t\t<\/div>\n\t\t\t\t<div class=\"elementor-element elementor-element-8894bc8 elementor-widget elementor-widget-text-editor\" data-id=\"8894bc8\" data-element_type=\"widget\" data-widget_type=\"text-editor.default\">\n\t\t\t\t\t\t\t\t\t<p data-start=\"4818\" data-end=\"5158\">O pre\u00e7o da consulta varia conforme a entidade. Servi\u00e7os p\u00fablicos cobram a <strong>taxa moderadora<\/strong>, enquanto cl\u00ednicas privadas e consultas online t\u00eam valores pr\u00f3prios. Para al\u00e9m da consulta m\u00e9dica, os condutores do Grupo 2 ter\u00e3o de pagar o exame psicot\u00e9cnico e o CAP. O valor do atestado no IMT \u00e9, em regra, inclu\u00eddo na taxa de revalida\u00e7\u00e3o da carta.<\/p><p data-start=\"5160\" data-end=\"5376\">Alguns utentes podem estar isentos da taxa moderadora se forem benefici\u00e1rios do Servi\u00e7o Nacional de Sa\u00fade ou se apresentarem determinados estatutos, mas as isen\u00e7\u00f5es n\u00e3o dispensam o pagamento do CAP quando necess\u00e1rio.<\/p>\t\t\t\t\t\t\t\t<\/div>\n\t\t\t\t<div class=\"elementor-element elementor-element-cf470d9 elementor-widget elementor-widget-heading\" data-id=\"cf470d9\" data-element_type=\"widget\" data-widget_type=\"heading.default\">\n\t\t\t\t\t<h2 class=\"elementor-heading-title elementor-size-default\">Conclus\u00e3o<\/h2>\t\t\t\t<\/div>\n\t\t\t\t<div class=\"elementor-element elementor-element-cd8f53c elementor-widget elementor-widget-text-editor\" data-id=\"cd8f53c\" data-element_type=\"widget\" data-widget_type=\"text-editor.default\">\n\t\t\t\t\t\t\t\t\t<p>Obter o atestado m\u00e9dico para a carta de condu\u00e7\u00e3o \u00e9 um processo acess\u00edvel que envolve recolha de documentos, marca\u00e7\u00e3o de consulta com um m\u00e9dico habilitado e realiza\u00e7\u00e3o de uma avalia\u00e7\u00e3o f\u00edsica e mental. A desmaterializa\u00e7\u00e3o simplificou a emiss\u00e3o e transmiss\u00e3o do certificado, garantindo maior rapidez e confidencialidade. Planifique a consulta com anteced\u00eancia, re\u00fana os documentos necess\u00e1rios e cumpra os prazos legais para que a revalida\u00e7\u00e3o da sua carta decorra sem contratempos.<\/p>\t\t\t\t\t\t\t\t<\/div>\n\t\t\t\t\t<\/div>\n\t\t\t\t<\/div>\n\t\t<div class=\"elementor-element elementor-element-ec36fce e-con-full e-flex e-con e-parent\" data-id=\"ec36fce\" data-element_type=\"container\">\n\t\t<div class=\"elementor-element elementor-element-8a31d9a e-con-full e-flex e-con e-child\" data-id=\"8a31d9a\" data-element_type=\"container\">\n\t\t\t\t<div class=\"elementor-element elementor-element-c4101a3 elementor-widget elementor-widget-heading\" data-id=\"c4101a3\" data-element_type=\"widget\" data-widget_type=\"heading.default\">\n\t\t\t\t\t<h2 class=\"elementor-heading-title elementor-size-default\">Perguntas frequentes (FAQ)<\/h2>\t\t\t\t<\/div>\n\t\t\t\t<div class=\"elementor-element elementor-element-00854d5 elementor-widget elementor-widget-n-accordion\" data-id=\"00854d5\" data-element_type=\"widget\" data-settings=\"{&quot;default_state&quot;:&quot;all_collapsed&quot;,&quot;max_items_expended&quot;:&quot;one&quot;,&quot;n_accordion_animation_duration&quot;:{&quot;unit&quot;:&quot;ms&quot;,&quot;size&quot;:400,&quot;sizes&quot;:[]}}\" data-widget_type=\"nested-accordion.default\">\n\t\t\t\t\t\t\t<div class=\"e-n-accordion\" aria-label=\"Accordion. Open links with Enter or Space, close with Escape, and navigate with Arrow Keys\">\n\t\t\t\t\t\t<details id=\"e-n-accordion-item-5460\" class=\"e-n-accordion-item\" >\n\t\t\t\t<summary class=\"e-n-accordion-item-title\" data-accordion-index=\"1\" tabindex=\"0\" aria-expanded=\"false\" aria-controls=\"e-n-accordion-item-5460\" >\n\t\t\t\t\t<span class='e-n-accordion-item-title-header'><div class=\"e-n-accordion-item-title-text\"> Quando devo marcar a consulta m\u00e9dica para carta de condu\u00e7\u00e3o? <\/div><\/span>\n\t\t\t\t\t\t\t<span class='e-n-accordion-item-title-icon'>\n\t\t\t<span class='e-opened' ><svg aria-hidden=\"true\" class=\"e-font-icon-svg e-fas-minus\" viewBox=\"0 0 448 512\" xmlns=\"http:\/\/www.w3.org\/2000\/svg\"><path d=\"M416 208H32c-17.67 0-32 14.33-32 32v32c0 17.67 14.33 32 32 32h384c17.67 0 32-14.33 32-32v-32c0-17.67-14.33-32-32-32z\"><\/path><\/svg><\/span>\n\t\t\t<span class='e-closed'><svg aria-hidden=\"true\" class=\"e-font-icon-svg e-fas-plus\" viewBox=\"0 0 448 512\" xmlns=\"http:\/\/www.w3.org\/2000\/svg\"><path d=\"M416 208H272V64c0-17.67-14.33-32-32-32h-32c-17.67 0-32 14.33-32 32v144H32c-17.67 0-32 14.33-32 32v32c0 17.67 14.33 32 32 32h144v144c0 17.67 14.33 32 32 32h32c17.67 0 32-14.33 32-32V304h144c17.67 0 32-14.33 32-32v-32c0-17.67-14.33-32-32-32z\"><\/path><\/svg><\/span>\n\t\t<\/span>\n\n\t\t\t\t\t\t<\/summary>\n\t\t\t\t<div role=\"region\" aria-labelledby=\"e-n-accordion-item-5460\" class=\"elementor-element elementor-element-eac84ea e-con-full e-flex e-con e-child\" data-id=\"eac84ea\" data-element_type=\"container\">\n\t\t<div role=\"region\" aria-labelledby=\"e-n-accordion-item-5460\" class=\"elementor-element elementor-element-5f51416 e-flex e-con-boxed e-con e-child\" data-id=\"5f51416\" data-element_type=\"container\">\n\t\t\t\t\t<div class=\"e-con-inner\">\n\t\t\t\t<div class=\"elementor-element elementor-element-9983623 elementor-widget elementor-widget-text-editor\" data-id=\"9983623\" data-element_type=\"widget\" data-widget_type=\"text-editor.default\">\n\t\t\t\t\t\t\t\t\t<p>Pode agendar a consulta at\u00e9 seis meses antes da data de revalida\u00e7\u00e3o da sua carta.<\/p>\t\t\t\t\t\t\t\t<\/div>\n\t\t\t\t\t<\/div>\n\t\t\t\t<\/div>\n\t\t\t\t<\/div>\n\t\t\t\t\t<\/details>\n\t\t\t\t\t\t<details id=\"e-n-accordion-item-5461\" class=\"e-n-accordion-item\" >\n\t\t\t\t<summary class=\"e-n-accordion-item-title\" data-accordion-index=\"2\" tabindex=\"-1\" aria-expanded=\"false\" aria-controls=\"e-n-accordion-item-5461\" >\n\t\t\t\t\t<span class='e-n-accordion-item-title-header'><div class=\"e-n-accordion-item-title-text\"> Que documentos devo levar para a consulta m\u00e9dica para carta de condu\u00e7\u00e3o?? <\/div><\/span>\n\t\t\t\t\t\t\t<span class='e-n-accordion-item-title-icon'>\n\t\t\t<span class='e-opened' ><svg aria-hidden=\"true\" class=\"e-font-icon-svg e-fas-minus\" viewBox=\"0 0 448 512\" xmlns=\"http:\/\/www.w3.org\/2000\/svg\"><path d=\"M416 208H32c-17.67 0-32 14.33-32 32v32c0 17.67 14.33 32 32 32h384c17.67 0 32-14.33 32-32v-32c0-17.67-14.33-32-32-32z\"><\/path><\/svg><\/span>\n\t\t\t<span class='e-closed'><svg aria-hidden=\"true\" class=\"e-font-icon-svg e-fas-plus\" viewBox=\"0 0 448 512\" xmlns=\"http:\/\/www.w3.org\/2000\/svg\"><path d=\"M416 208H272V64c0-17.67-14.33-32-32-32h-32c-17.67 0-32 14.33-32 32v144H32c-17.67 0-32 14.33-32 32v32c0 17.67 14.33 32 32 32h144v144c0 17.67 14.33 32 32 32h32c17.67 0 32-14.33 32-32V304h144c17.67 0 32-14.33 32-32v-32c0-17.67-14.33-32-32-32z\"><\/path><\/svg><\/span>\n\t\t<\/span>\n\n\t\t\t\t\t\t<\/summary>\n\t\t\t\t<div role=\"region\" aria-labelledby=\"e-n-accordion-item-5461\" class=\"elementor-element elementor-element-4b0de99 e-con-full e-flex e-con e-child\" data-id=\"4b0de99\" data-element_type=\"container\">\n\t\t<div role=\"region\" aria-labelledby=\"e-n-accordion-item-5461\" class=\"elementor-element elementor-element-3d7ea2d e-flex e-con-boxed e-con e-child\" data-id=\"3d7ea2d\" data-element_type=\"container\">\n\t\t\t\t\t<div class=\"e-con-inner\">\n\t\t\t\t<div class=\"elementor-element elementor-element-73e7f30 elementor-widget elementor-widget-text-editor\" data-id=\"73e7f30\" data-element_type=\"widget\" data-widget_type=\"text-editor.default\">\n\t\t\t\t\t\t\t\t\t<p>Deve apresentar documento de identifica\u00e7\u00e3o (Cart\u00e3o de Cidad\u00e3o), a carta de condu\u00e7\u00e3o e, se for condutor profissional do Grupo 2, o certificado de aptid\u00e3o psicol\u00f3gica e eventualmente um relat\u00f3rio de optometrista.<\/p>\t\t\t\t\t\t\t\t<\/div>\n\t\t\t\t\t<\/div>\n\t\t\t\t<\/div>\n\t\t\t\t<\/div>\n\t\t\t\t\t<\/details>\n\t\t\t\t\t\t<details id=\"e-n-accordion-item-5462\" class=\"e-n-accordion-item\" >\n\t\t\t\t<summary class=\"e-n-accordion-item-title\" data-accordion-index=\"3\" tabindex=\"-1\" aria-expanded=\"false\" aria-controls=\"e-n-accordion-item-5462\" >\n\t\t\t\t\t<span class='e-n-accordion-item-title-header'><div class=\"e-n-accordion-item-title-text\"> O atestado electr\u00f3nico substitui o documento em papel? <\/div><\/span>\n\t\t\t\t\t\t\t<span class='e-n-accordion-item-title-icon'>\n\t\t\t<span class='e-opened' ><svg aria-hidden=\"true\" class=\"e-font-icon-svg e-fas-minus\" viewBox=\"0 0 448 512\" xmlns=\"http:\/\/www.w3.org\/2000\/svg\"><path d=\"M416 208H32c-17.67 0-32 14.33-32 32v32c0 17.67 14.33 32 32 32h384c17.67 0 32-14.33 32-32v-32c0-17.67-14.33-32-32-32z\"><\/path><\/svg><\/span>\n\t\t\t<span class='e-closed'><svg aria-hidden=\"true\" class=\"e-font-icon-svg e-fas-plus\" viewBox=\"0 0 448 512\" xmlns=\"http:\/\/www.w3.org\/2000\/svg\"><path d=\"M416 208H272V64c0-17.67-14.33-32-32-32h-32c-17.67 0-32 14.33-32 32v144H32c-17.67 0-32 14.33-32 32v32c0 17.67 14.33 32 32 32h144v144c0 17.67 14.33 32 32 32h32c17.67 0 32-14.33 32-32V304h144c17.67 0 32-14.33 32-32v-32c0-17.67-14.33-32-32-32z\"><\/path><\/svg><\/span>\n\t\t<\/span>\n\n\t\t\t\t\t\t<\/summary>\n\t\t\t\t<div role=\"region\" aria-labelledby=\"e-n-accordion-item-5462\" class=\"elementor-element elementor-element-98e3d34 e-con-full e-flex e-con e-child\" data-id=\"98e3d34\" data-element_type=\"container\">\n\t\t<div role=\"region\" aria-labelledby=\"e-n-accordion-item-5462\" class=\"elementor-element elementor-element-44a2e23 e-flex e-con-boxed e-con e-child\" data-id=\"44a2e23\" data-element_type=\"container\">\n\t\t\t\t\t<div class=\"e-con-inner\">\n\t\t\t\t<div class=\"elementor-element elementor-element-4bdab5b elementor-widget elementor-widget-text-editor\" data-id=\"4bdab5b\" data-element_type=\"widget\" data-widget_type=\"text-editor.default\">\n\t\t\t\t\t\t\t\t\t<p>Sim. Desde 2017, os atestados s\u00e3o emitidos e enviados electronicamente ao IMT, sendo desnecess\u00e1rio entregar um documento f\u00edsico.<\/p>\t\t\t\t\t\t\t\t<\/div>\n\t\t\t\t\t<\/div>\n\t\t\t\t<\/div>\n\t\t\t\t<\/div>\n\t\t\t\t\t<\/details>\n\t\t\t\t\t\t<details id=\"e-n-accordion-item-5463\" class=\"e-n-accordion-item\" >\n\t\t\t\t<summary class=\"e-n-accordion-item-title\" data-accordion-index=\"4\" tabindex=\"-1\" aria-expanded=\"false\" aria-controls=\"e-n-accordion-item-5463\" >\n\t\t\t\t\t<span class='e-n-accordion-item-title-header'><div class=\"e-n-accordion-item-title-text\"> Qual \u00e9 a validade do atestado m\u00e9dico? <\/div><\/span>\n\t\t\t\t\t\t\t<span class='e-n-accordion-item-title-icon'>\n\t\t\t<span class='e-opened' ><svg aria-hidden=\"true\" class=\"e-font-icon-svg e-fas-minus\" viewBox=\"0 0 448 512\" xmlns=\"http:\/\/www.w3.org\/2000\/svg\"><path d=\"M416 208H32c-17.67 0-32 14.33-32 32v32c0 17.67 14.33 32 32 32h384c17.67 0 32-14.33 32-32v-32c0-17.67-14.33-32-32-32z\"><\/path><\/svg><\/span>\n\t\t\t<span class='e-closed'><svg aria-hidden=\"true\" class=\"e-font-icon-svg e-fas-plus\" viewBox=\"0 0 448 512\" xmlns=\"http:\/\/www.w3.org\/2000\/svg\"><path d=\"M416 208H272V64c0-17.67-14.33-32-32-32h-32c-17.67 0-32 14.33-32 32v144H32c-17.67 0-32 14.33-32 32v32c0 17.67 14.33 32 32 32h144v144c0 17.67 14.33 32 32 32h32c17.67 0 32-14.33 32-32V304h144c17.67 0 32-14.33 32-32v-32c0-17.67-14.33-32-32-32z\"><\/path><\/svg><\/span>\n\t\t<\/span>\n\n\t\t\t\t\t\t<\/summary>\n\t\t\t\t<div role=\"region\" aria-labelledby=\"e-n-accordion-item-5463\" class=\"elementor-element elementor-element-4aadec8 e-con-full e-flex e-con e-child\" data-id=\"4aadec8\" data-element_type=\"container\">\n\t\t<div role=\"region\" aria-labelledby=\"e-n-accordion-item-5463\" class=\"elementor-element elementor-element-2eef9ea e-flex e-con-boxed e-con e-child\" data-id=\"2eef9ea\" data-element_type=\"container\">\n\t\t\t\t\t<div class=\"e-con-inner\">\n\t\t\t\t<div class=\"elementor-element elementor-element-f1e5001 elementor-widget elementor-widget-text-editor\" data-id=\"f1e5001\" data-element_type=\"widget\" data-widget_type=\"text-editor.default\">\n\t\t\t\t\t\t\t\t\t<p>O atestado tem uma validade de seis meses a contar da data de emiss\u00e3o.<\/p>\t\t\t\t\t\t\t\t<\/div>\n\t\t\t\t\t<\/div>\n\t\t\t\t<\/div>\n\t\t\t\t<\/div>\n\t\t\t\t\t<\/details>\n\t\t\t\t\t\t<details id=\"e-n-accordion-item-5464\" class=\"e-n-accordion-item\" >\n\t\t\t\t<summary class=\"e-n-accordion-item-title\" data-accordion-index=\"5\" tabindex=\"-1\" aria-expanded=\"false\" aria-controls=\"e-n-accordion-item-5464\" >\n\t\t\t\t\t<span class='e-n-accordion-item-title-header'><div class=\"e-n-accordion-item-title-text\"> E se o m\u00e9dico detectar uma doen\u00e7a que possa afectar a condu\u00e7\u00e3o? <\/div><\/span>\n\t\t\t\t\t\t\t<span class='e-n-accordion-item-title-icon'>\n\t\t\t<span class='e-opened' ><svg aria-hidden=\"true\" class=\"e-font-icon-svg e-fas-minus\" viewBox=\"0 0 448 512\" xmlns=\"http:\/\/www.w3.org\/2000\/svg\"><path d=\"M416 208H32c-17.67 0-32 14.33-32 32v32c0 17.67 14.33 32 32 32h384c17.67 0 32-14.33 32-32v-32c0-17.67-14.33-32-32-32z\"><\/path><\/svg><\/span>\n\t\t\t<span class='e-closed'><svg aria-hidden=\"true\" class=\"e-font-icon-svg e-fas-plus\" viewBox=\"0 0 448 512\" xmlns=\"http:\/\/www.w3.org\/2000\/svg\"><path d=\"M416 208H272V64c0-17.67-14.33-32-32-32h-32c-17.67 0-32 14.33-32 32v144H32c-17.67 0-32 14.33-32 32v32c0 17.67 14.33 32 32 32h144v144c0 17.67 14.33 32 32 32h32c17.67 0 32-14.33 32-32V304h144c17.67 0 32-14.33 32-32v-32c0-17.67-14.33-32-32-32z\"><\/path><\/svg><\/span>\n\t\t<\/span>\n\n\t\t\t\t\t\t<\/summary>\n\t\t\t\t<div role=\"region\" aria-labelledby=\"e-n-accordion-item-5464\" class=\"elementor-element elementor-element-faa68fb e-con-full e-flex e-con e-child\" data-id=\"faa68fb\" data-element_type=\"container\">\n\t\t<div role=\"region\" aria-labelledby=\"e-n-accordion-item-5464\" class=\"elementor-element elementor-element-832afef e-flex e-con-boxed e-con e-child\" data-id=\"832afef\" data-element_type=\"container\">\n\t\t\t\t\t<div class=\"e-con-inner\">\n\t\t\t\t<div class=\"elementor-element elementor-element-57069e6 elementor-widget elementor-widget-text-editor\" data-id=\"57069e6\" data-element_type=\"widget\" data-widget_type=\"text-editor.default\">\n\t\t\t\t\t\t\t\t\t<p>O m\u00e9dico poder\u00e1 emitir um atestado com restri\u00e7\u00f5es ou considerar o condutor inapto. Em alguns casos, pode ser necess\u00e1rio consultar um especialista ou realizar exames adicionais antes de decidir.<\/p>\t\t\t\t\t\t\t\t<\/div>\n\t\t\t\t\t<\/div>\n\t\t\t\t<\/div>\n\t\t\t\t<\/div>\n\t\t\t\t\t<\/details>\n\t\t\t\t\t<\/div>\n\t\t\t\t\t<script type=\"application\/ld+json\">{\"@context\":\"https:\\\/\\\/schema.org\",\"@type\":\"FAQPage\",\"mainEntity\":[{\"@type\":\"Question\",\"name\":\"Quando devo marcar a consulta m\\u00e9dica para carta de condu\\u00e7\\u00e3o?\",\"acceptedAnswer\":{\"@type\":\"Answer\",\"text\":\"Pode agendar a consulta at\\u00e9 seis meses antes da data de revalida\\u00e7\\u00e3o da sua carta.\"}},{\"@type\":\"Question\",\"name\":\"Que documentos devo levar para a consulta m\\u00e9dica para carta de condu\\u00e7\\u00e3o??\",\"acceptedAnswer\":{\"@type\":\"Answer\",\"text\":\"Deve apresentar documento de identifica\\u00e7\\u00e3o (Cart\\u00e3o de Cidad\\u00e3o), a carta de condu\\u00e7\\u00e3o e, se for condutor profissional do Grupo 2, o certificado de aptid\\u00e3o psicol\\u00f3gica e eventualmente um relat\\u00f3rio de optometrista.\"}},{\"@type\":\"Question\",\"name\":\"O atestado electr\\u00f3nico substitui o documento em papel?\",\"acceptedAnswer\":{\"@type\":\"Answer\",\"text\":\"Sim. Desde 2017, os atestados s\\u00e3o emitidos e enviados electronicamente ao IMT, sendo desnecess\\u00e1rio entregar um documento f\\u00edsico.\"}},{\"@type\":\"Question\",\"name\":\"Qual \\u00e9 a validade do atestado m\\u00e9dico?\",\"acceptedAnswer\":{\"@type\":\"Answer\",\"text\":\"O atestado tem uma validade de seis meses a contar da data de emiss\\u00e3o.\"}},{\"@type\":\"Question\",\"name\":\"E se o m\\u00e9dico detectar uma doen\\u00e7a que possa afectar a condu\\u00e7\\u00e3o?\",\"acceptedAnswer\":{\"@type\":\"Answer\",\"text\":\"O m\\u00e9dico poder\\u00e1 emitir um atestado com restri\\u00e7\\u00f5es ou considerar o condutor inapto. Em alguns casos, pode ser necess\\u00e1rio consultar um especialista ou realizar exames adicionais antes de decidir.\"}}]}<\/script>\n\t\t\t\t\t\t\t<\/div>\n\t\t\t\t<\/div>\n\t\t\t\t<\/div>\n\t\t<div class=\"elementor-element elementor-element-6ea2392 e-flex e-con-boxed e-con e-parent\" data-id=\"6ea2392\" data-element_type=\"container\">\n\t\t\t\t\t<div class=\"e-con-inner\">\n\t\t\t\t<div class=\"elementor-element elementor-element-3e65fd6 elementor-widget elementor-widget-heading\" data-id=\"3e65fd6\" data-element_type=\"widget\" data-widget_type=\"heading.default\">\n\t\t\t\t\t<h2 class=\"elementor-heading-title elementor-size-default\">Fontes<\/h2>\t\t\t\t<\/div>\n\t\t\t\t<div class=\"elementor-element elementor-element-659942a elementor-widget elementor-widget-text-editor\" data-id=\"659942a\" data-element_type=\"widget\" data-widget_type=\"text-editor.default\">\n\t\t\t\t\t\t\t\t\t<p data-start=\"6877\" data-end=\"7003\"><a href=\"https:\/\/clinicadrluiscouto.pt\/atestado-medico-revalidacao-carta-2\/\" rel=\"dofollow noopener\" target=\"_blank\">Cl\u00ednica Dr. Lu\u00eds Couto \u2013 Guia de revalida\u00e7\u00e3o da carta<\/a><br \/><a href=\"https:\/\/www.imt-ip.pt\/sites\/IMTT\/Portugues\/Condutores\/RevalidacaoCartaConducao\/Paginas\/RevalidacaoCartaConducao.aspx\" rel=\"nofollow noopener\" target=\"_blank\">IMT \u2013 Revalida\u00e7\u00e3o da carta de condu\u00e7\u00e3o<\/a><strong data-start=\"7005\" data-end=\"7047\"><br \/><\/strong><a href=\"https:\/\/grupoift.pt\/avaliacao-medica-para-a-carta\/\" rel=\"nofollow noopener\" target=\"_blank\">Grupo IFT \u2013 Circular Informativa Conjunta n.\u00ba 8\/2017<\/a><strong data-start=\"7168\" data-end=\"7224\"><br \/><\/strong><a href=\"https:\/\/ordemdosmedicos.pt\/comunicacao\/noticias\/atestados-medicos-para-a-carta-de-conducao-comunicado-dgs-6422\/\" rel=\"nofollow noopener\" target=\"_blank\">Dire\u00e7\u00e3o-Geral da Sa\u00fade \u2013 Comunicado sobre a desmaterializa\u00e7\u00e3o dos atestados<\/a><strong data-start=\"7279\" data-end=\"7358\"><br \/><\/strong><a href=\"https:\/\/www.ulsm.min-saude.pt\/servicos\/camp\/\" rel=\"nofollow noopener\" target=\"_blank\">Centro de Avalia\u00e7\u00e3o M\u00e9dica e Psicol\u00f3gica \u2013 ULS Matosinhos<\/a><strong data-start=\"7474\" data-end=\"7535\"><br \/><\/strong><a href=\"https:\/\/diariodarepublica.pt\/dr\/legislacao-consolidada\/decreto-lei\/2012-114321099\" rel=\"nofollow noopener\" target=\"_blank\">Decreto-Lei n.\u00ba 138\/2012 e Decreto-Lei n.\u00ba 40\/2016<\/a><strong data-start=\"7584\" data-end=\"7638\"><br \/><\/strong><a href=\"https:\/\/www.mediconanet.pt\/produto\/atestado-para-carta-de-conducao\/\">M\u00e9dico na Net \u2013 Consulta m\u00e9dica para carta de condu\u00e7\u00e3o<\/a><\/p>\t\t\t\t\t\t\t\t<\/div>\n\t\t\t\t\t<\/div>\n\t\t\t\t<\/div>\n\t\t\t\t<\/div>\n\t\t","protected":false},"excerpt":{"rendered":"<p>Obter um atestado m\u00e9dico de condu\u00e7\u00e3o pode parecer um procedimento burocr\u00e1tico, mas na verdade consiste numa consulta m\u00e9dica para carta de condu\u00e7\u00e3o simples e v\u00e1rias etapas bem definidas. Este artigo descreve o processo completo \u2013 desde a marca\u00e7\u00e3o \u00e0 emiss\u00e3o electr\u00f3nica \u2013 e esclarece que documentos levar, onde ir e quanto tempo demora. A avalia\u00e7\u00e3o [&hellip;]<\/p>\n","protected":false},"author":2964,"featured_media":53217,"comment_status":"closed","ping_status":"closed","sticky":false,"template":"","format":"standard","meta":{"_jetpack_memberships_contains_paid_content":false,"footnotes":""},"categories":[85,137],"tags":[],"class_list":["post-53204","post","type-post","status-publish","format-standard","has-post-thumbnail","hentry","category-atestados","category-carta-de-conducao"],"jetpack_featured_media_url":"https:\/\/www.mediconanet.pt\/wp-content\/uploads\/2026\/01\/como-obter-atestado-medico-carta-de-conducao.jpeg","jetpack_sharing_enabled":true,"_links":{"self":[{"href":"https:\/\/www.mediconanet.pt\/en\/wp-json\/wp\/v2\/posts\/53204","targetHints":{"allow":["GET"]}}],"collection":[{"href":"https:\/\/www.mediconanet.pt\/en\/wp-json\/wp\/v2\/posts"}],"about":[{"href":"https:\/\/www.mediconanet.pt\/en\/wp-json\/wp\/v2\/types\/post"}],"author":[{"embeddable":true,"href":"https:\/\/www.mediconanet.pt\/en\/wp-json\/wp\/v2\/users\/2964"}],"replies":[{"embeddable":true,"href":"https:\/\/www.mediconanet.pt\/en\/wp-json\/wp\/v2\/comments?post=53204"}],"version-history":[{"count":17,"href":"https:\/\/www.mediconanet.pt\/en\/wp-json\/wp\/v2\/posts\/53204\/revisions"}],"predecessor-version":[{"id":53241,"href":"https:\/\/www.mediconanet.pt\/en\/wp-json\/wp\/v2\/posts\/53204\/revisions\/53241"}],"wp:featuredmedia":[{"embeddable":true,"href":"https:\/\/www.mediconanet.pt\/en\/wp-json\/wp\/v2\/media\/53217"}],"wp:attachment":[{"href":"https:\/\/www.mediconanet.pt\/en\/wp-json\/wp\/v2\/media?parent=53204"}],"wp:term":[{"taxonomy":"category","embeddable":true,"href":"https:\/\/www.mediconanet.pt\/en\/wp-json\/wp\/v2\/categories?post=53204"},{"taxonomy":"post_tag","embeddable":true,"href":"https:\/\/www.mediconanet.pt\/en\/wp-json\/wp\/v2\/tags?post=53204"}],"curies":[{"name":"wp","href":"https:\/\/api.w.org\/{rel}","templated":true}]}}