{"id":53242,"date":"2026-01-30T15:53:18","date_gmt":"2026-01-30T15:53:18","guid":{"rendered":"https:\/\/www.mediconanet.pt\/?p=53242"},"modified":"2026-02-02T19:29:26","modified_gmt":"2026-02-02T19:29:26","slug":"aptidao-para-conduzir-condicoes-de-saude","status":"publish","type":"post","link":"https:\/\/www.mediconanet.pt\/en\/aptidao-para-conduzir-condicoes-de-saude\/","title":{"rendered":"Condi\u00e7\u00f5es de sa\u00fade que influenciam a aptid\u00e3o para conduzir: o que diz a lei?"},"content":{"rendered":"\t\t<div data-elementor-type=\"wp-post\" data-elementor-id=\"53242\" class=\"elementor elementor-53242\" data-elementor-post-type=\"post\">\n\t\t\t\t<div class=\"elementor-element elementor-element-f823b95 e-flex e-con-boxed e-con e-parent\" data-id=\"f823b95\" data-element_type=\"container\">\n\t\t\t\t\t<div class=\"e-con-inner\">\n\t\t\t\t<div class=\"elementor-element elementor-element-3ef40c3 elementor-widget elementor-widget-text-editor\" data-id=\"3ef40c3\" data-element_type=\"widget\" data-widget_type=\"text-editor.default\">\n\t\t\t\t\t\t\t\t\t<p>Nem todos os condutores est\u00e3o aptos a permanecer ao volante sem restri\u00e7\u00f5es. A aptid\u00e3o para conduzir depende de v\u00e1rios factores cl\u00ednicos, uma vez que determinadas doen\u00e7as e condi\u00e7\u00f5es m\u00e9dicas podem comprometer a seguran\u00e7a rodovi\u00e1ria, sendo por isso avaliadas no momento da emiss\u00e3o ou revalida\u00e7\u00e3o da carta de condu\u00e7\u00e3o. Este artigo explica as principais patologias abordadas na legisla\u00e7\u00e3o portuguesa e as medidas impostas para salvaguardar condutores e terceiros.<\/p>\t\t\t\t\t\t\t\t<\/div>\n\t\t\t\t<div class=\"elementor-element elementor-element-abc51a3 elementor-widget elementor-widget-heading\" data-id=\"abc51a3\" data-element_type=\"widget\" data-widget_type=\"heading.default\">\n\t\t\t\t\t<h2 class=\"elementor-heading-title elementor-size-default\">Vis\u00e3o: requisitos m\u00ednimos e restri\u00e7\u00f5es para a aptid\u00e3o para conduzir<\/h2>\t\t\t\t<\/div>\n\t\t\t\t<div class=\"elementor-element elementor-element-c67a56c elementor-widget elementor-widget-text-editor\" data-id=\"c67a56c\" data-element_type=\"widget\" data-widget_type=\"text-editor.default\">\n\t\t\t\t\t\t\t\t\t<p data-start=\"790\" data-end=\"1334\">A acuidade visual \u00e9 um dos crit\u00e9rios mais importantes para avaliar a aptid\u00e3o para conduzir e conceder ou renovar a carta. Para condutores do <strong>Grupo 1<\/strong>, a legisla\u00e7\u00e3o exige uma acuidade m\u00ednima de <strong>0,5 em vis\u00e3o binocular<\/strong> (com ou sem corre\u00e7\u00e3o). Para o <b>Grupo 2<\/b> (ve\u00edculos pesados e condutores profissionais), os requisitos s\u00e3o mais exigentes: <b>0,8 no melhor olho e 0,5 no pior<\/b>. Quando um condutor perde a vis\u00e3o de um olho (condi\u00e7\u00e3o monocular), pode ser autorizado a conduzir se atingir 0,6 de acuidade, mas ficam estipuladas restri\u00e7\u00f5es como conduzir apenas de dia ou limitar a velocidade.<\/p><p data-start=\"1336\" data-end=\"1749\">Outras condi\u00e7\u00f5es oculares, como <b>diplopia (vis\u00e3o dupla)<\/b> ou a necessidade de lentes de contacto r\u00edgidas com elevada pot\u00eancia, podem levar \u00e0 atribui\u00e7\u00e3o de restri\u00e7\u00f5es espec\u00edficas ou mesmo \u00e0 inaptid\u00e3o tempor\u00e1ria. O m\u00e9dico ter\u00e1 em conta a estabilidade da condi\u00e7\u00e3o e a possibilidade de corre\u00e7\u00e3o. A legisla\u00e7\u00e3o determina que qualquer altera\u00e7\u00e3o significativa na vis\u00e3o deve ser comunicada ao IMT e pode implicar reavalia\u00e7\u00e3o.<\/p>\t\t\t\t\t\t\t\t<\/div>\n\t\t\t\t<div class=\"elementor-element elementor-element-9f915f7 elementor-widget elementor-widget-image\" data-id=\"9f915f7\" data-element_type=\"widget\" data-widget_type=\"image.default\">\n\t\t\t\t\t\t\t\t\t\t\t\t\t\t\t<img fetchpriority=\"high\" decoding=\"async\" width=\"800\" height=\"534\" src=\"https:\/\/www.mediconanet.pt\/wp-content\/uploads\/2026\/01\/aptidao-para-conduzir-condicoes-visao-1024x683.png\" class=\"attachment-large size-large wp-image-53266\" alt=\"Vis\u00e3o nocturna comprometida durante a condu\u00e7\u00e3o, associada \u00e0 aptid\u00e3o para conduzir\" srcset=\"https:\/\/www.mediconanet.pt\/wp-content\/uploads\/2026\/01\/aptidao-para-conduzir-condicoes-visao-1024x683.png 1024w, https:\/\/www.mediconanet.pt\/wp-content\/uploads\/2026\/01\/aptidao-para-conduzir-condicoes-visao-300x200.png 300w, https:\/\/www.mediconanet.pt\/wp-content\/uploads\/2026\/01\/aptidao-para-conduzir-condicoes-visao-768x512.png 768w, https:\/\/www.mediconanet.pt\/wp-content\/uploads\/2026\/01\/aptidao-para-conduzir-condicoes-visao-18x12.png 18w, https:\/\/www.mediconanet.pt\/wp-content\/uploads\/2026\/01\/aptidao-para-conduzir-condicoes-visao-600x400.png 600w, https:\/\/www.mediconanet.pt\/wp-content\/uploads\/2026\/01\/aptidao-para-conduzir-condicoes-visao.png 1536w\" sizes=\"(max-width: 800px) 100vw, 800px\" \/>\t\t\t\t\t\t\t\t\t\t\t\t\t\t\t<\/div>\n\t\t\t\t<div class=\"elementor-element elementor-element-8f3f28a elementor-widget elementor-widget-heading\" data-id=\"8f3f28a\" data-element_type=\"widget\" data-widget_type=\"heading.default\">\n\t\t\t\t\t<h2 class=\"elementor-heading-title elementor-size-default\">Doen\u00e7as neurol\u00f3gicas: epilepsia e apneia do sono<\/h2>\t\t\t\t<\/div>\n\t\t\t\t<div class=\"elementor-element elementor-element-35dde8b elementor-widget elementor-widget-text-editor\" data-id=\"35dde8b\" data-element_type=\"widget\" data-widget_type=\"text-editor.default\">\n\t\t\t\t\t\t\t\t\t<p data-start=\"1804\" data-end=\"2319\">Condutores com <b>epilepsia<\/b> s\u00e3o avaliados de forma distinta conforme perten\u00e7am ao Grupo 1 ou 2. Para o Grupo 1, um condutor pode ser considerado apto ap\u00f3s um per\u00edodo de <b>um ano sem crises<\/b> e com parecer favor\u00e1vel do neurologista. Para o Grupo 2, o prazo aumenta para <b>dez anos sem crises<\/b> e sem medica\u00e7\u00e3o antiepil\u00e9ptica. Ap\u00f3s uma primeira convuls\u00e3o ou perda de consci\u00eancia, os condutores ficam temporariamente inaptos e s\u00f3 podem regressar \u00e0 condu\u00e7\u00e3o ap\u00f3s avalia\u00e7\u00e3o m\u00e9dica e um per\u00edodo livre de crises determinado pela lei.<\/p><p data-start=\"2321\" data-end=\"2694\">A <b>apneia obstrutiva do sono<\/b> \u00e9 outra condi\u00e7\u00e3o cada vez mais reconhecida. Condutores com apneia moderada ou severa podem ser considerados aptos se demonstram ades\u00e3o ao tratamento e controlo dos sintomas; caso contr\u00e1rio, podem ser considerados inaptos ou ter a carta suspensa. A lei prev\u00ea reavalia\u00e7\u00f5es peri\u00f3dicas: no m\u00e1ximo de <b>tr\u00eas anos para o Grupo 1 e um ano para o Grupo 2<\/b>. Estas patologias s\u00e3o avaliadas de forma rigorosa por poderem comprometer a aptid\u00e3o para conduzir em seguran\u00e7a.<\/p>\t\t\t\t\t\t\t\t<\/div>\n\t\t\t\t<div class=\"elementor-element elementor-element-5f5a4b5 elementor-widget elementor-widget-heading\" data-id=\"5f5a4b5\" data-element_type=\"widget\" data-widget_type=\"heading.default\">\n\t\t\t\t\t<h2 class=\"elementor-heading-title elementor-size-default\">Doen\u00e7as metab\u00f3licas e cardiovasculares<\/h2>\t\t\t\t<\/div>\n\t\t\t\t<div class=\"elementor-element elementor-element-6109597 elementor-widget elementor-widget-text-editor\" data-id=\"6109597\" data-element_type=\"widget\" data-widget_type=\"text-editor.default\">\n\t\t\t\t\t\t\t\t\t<p data-start=\"2739\" data-end=\"3336\">A <b>diabetes mellitus<\/b> \u00e9 comum entre a popula\u00e7\u00e3o adulta e pode causar epis\u00f3dios de hipoglicemia que comprometem a condu\u00e7\u00e3o. Os condutores do Grupo 1 podem obter ou revalidar a carta se tiverem <b>bom controlo metab\u00f3lico<\/b>, estiverem educados para ajustar a medica\u00e7\u00e3o e efectuarem auto-monitoriza\u00e7\u00e3o; a lei exige que n\u00e3o tenham epis\u00f3dios de hipoglicemia grave ou perda de consci\u00eancia associada. Para o Grupo 2, o condutor deve comprovar, atrav\u00e9s de relat\u00f3rio m\u00e9dico, que n\u00e3o sofreu hipoglicemias severas no \u00faltimo ano e que mant\u00e9m bom controlo; caso contr\u00e1rio, \u00e9 considerado inapto ou sujeito a restri\u00e7\u00f5es.<\/p><p data-start=\"3338\" data-end=\"3731\">Doen\u00e7as cardiovasculares como <b>angina inst\u00e1vel, arritmias graves, insufici\u00eancia card\u00edaca severa ou recente enfarte do mioc\u00e1rdio<\/b> tamb\u00e9m podem implicar inaptid\u00e3o tempor\u00e1ria. Embora a legisla\u00e7\u00e3o portuguesa remeta para o m\u00e9dico assistente a decis\u00e3o individualizada, recomenda-se um per\u00edodo de abstin\u00eancia de condu\u00e7\u00e3o ap\u00f3s eventos agudos e a confirma\u00e7\u00e3o de estabilidade cl\u00ednica antes da revalida\u00e7\u00e3o.<\/p>\t\t\t\t\t\t\t\t<\/div>\n\t\t\t\t<div class=\"elementor-element elementor-element-fb2af54 elementor-widget elementor-widget-heading\" data-id=\"fb2af54\" data-element_type=\"widget\" data-widget_type=\"heading.default\">\n\t\t\t\t\t<h2 class=\"elementor-heading-title elementor-size-default\">Perturba\u00e7\u00f5es mentais e depend\u00eancias<\/h2>\t\t\t\t<\/div>\n\t\t\t\t<div class=\"elementor-element elementor-element-889f002 elementor-widget elementor-widget-text-editor\" data-id=\"889f002\" data-element_type=\"widget\" data-widget_type=\"text-editor.default\">\n\t\t\t\t\t\t\t\t\t<p data-start=\"3773\" data-end=\"4112\">Perturba\u00e7\u00f5es psiqui\u00e1tricas que comprometem a cogni\u00e7\u00e3o, o ju\u00edzo ou o comportamento podem impedir a condu\u00e7\u00e3o segura. A lei considera inaptos condutores com <b>doen\u00e7a mental grave ou descompensada<\/b> que cause confus\u00e3o mental, psicoses agudas ou dem\u00eancia avan\u00e7ada. Nestes casos, apenas o restabelecimento do equil\u00edbrio mental permite a revalida\u00e7\u00e3o. A lei considera estas situa\u00e7\u00f5es relevantes sempre que afectem a <span data-start=\"1193\" data-end=\"1218\">aptid\u00e3o para conduzir<\/span>, colocando em risco o condutor e terceiros.<\/p><p data-start=\"4114\" data-end=\"4434\">Depend\u00eancias de <b>\u00e1lcool ou subst\u00e2ncias psicoactivas<\/b> s\u00e3o tamb\u00e9m motivos de inaptid\u00e3o: os condutores s\u00f3 podem regressar \u00e0 condu\u00e7\u00e3o ap\u00f3s comprovarem abstin\u00eancia prolongada (seis meses no Grupo 1 e um ano no Grupo 2) e sem reca\u00eddas. O m\u00e9dico deve orientar estes utentes para apoio especializado e efectuar seguimento regular.<\/p>\t\t\t\t\t\t\t\t<\/div>\n\t\t\t\t<div class=\"elementor-element elementor-element-4352043 elementor-widget elementor-widget-heading\" data-id=\"4352043\" data-element_type=\"widget\" data-widget_type=\"heading.default\">\n\t\t\t\t\t<h2 class=\"elementor-heading-title elementor-size-default\">Aptid\u00e3o para conduzir: Outras condi\u00e7\u00f5es relevantes<\/h2>\t\t\t\t<\/div>\n\t\t\t\t<div class=\"elementor-element elementor-element-ba25a78 elementor-widget elementor-widget-text-editor\" data-id=\"ba25a78\" data-element_type=\"widget\" data-widget_type=\"text-editor.default\">\n\t\t\t\t\t\t\t\t\t<p data-start=\"4468\" data-end=\"4522\">Algumas patologias menos comuns tamb\u00e9m exigem aten\u00e7\u00e3o:<\/p><ul><li data-start=\"4524\" data-end=\"4743\"><strong data-start=\"4524\" data-end=\"4547\">Doen\u00e7as locomotoras<\/strong> \u2013 amputa\u00e7\u00f5es ou limita\u00e7\u00f5es significativas de membros podem ser compat\u00edveis com a condu\u00e7\u00e3o, desde que o ve\u00edculo seja adaptado. A legisla\u00e7\u00e3o prev\u00ea a inscri\u00e7\u00e3o de restri\u00e7\u00f5es ou adapta\u00e7\u00f5es no t\u00edtulo.<\/li><li data-start=\"4745\" data-end=\"4944\"><strong data-start=\"4745\" data-end=\"4790\">Perturba\u00e7\u00f5es de aten\u00e7\u00e3o e hiperactividade<\/strong> \u2013 em adultos, podem afectar a capacidade de concentra\u00e7\u00e3o. O m\u00e9dico avalia caso a caso, podendo recomendar tratamentos n\u00e3o farmacol\u00f3gicos e monitoriza\u00e7\u00e3o.<\/li><li data-start=\"4946\" data-end=\"5146\"><strong data-start=\"4946\" data-end=\"4986\">Doen\u00e7as neuromusculares progressivas<\/strong> \u2013 como a esclerose m\u00faltipla ou a doen\u00e7a de Parkinson em fase avan\u00e7ada, podem levar \u00e0 inaptid\u00e3o se comprometerem a coordena\u00e7\u00e3o motora e a capacidade de reac\u00e7\u00e3o.<\/li><li data-start=\"5148\" data-end=\"5425\"><strong data-start=\"5148\" data-end=\"5178\">Problemas auditivos graves<\/strong> \u2013 a surdez profunda n\u00e3o constitui motivo de inaptid\u00e3o, mas o condutor deve demonstrar capacidade de interpretar sinais visuais e utilizar dispositivos de apoio. O m\u00e9dico pode recomendar forma\u00e7\u00e3o espec\u00edfica ou limita\u00e7\u00f5es no exerc\u00edcio profissional.<\/li><\/ul>\t\t\t\t\t\t\t\t<\/div>\n\t\t\t\t<div class=\"elementor-element elementor-element-d7069b3 elementor-widget elementor-widget-heading\" data-id=\"d7069b3\" data-element_type=\"widget\" data-widget_type=\"heading.default\">\n\t\t\t\t\t<h2 class=\"elementor-heading-title elementor-size-default\">Conclus\u00e3o<\/h2>\t\t\t\t<\/div>\n\t\t\t\t<div class=\"elementor-element elementor-element-bf5beee elementor-widget elementor-widget-text-editor\" data-id=\"bf5beee\" data-element_type=\"widget\" data-widget_type=\"text-editor.default\">\n\t\t\t\t\t\t\t\t\t<p>As regras sobre aptid\u00e3o f\u00edsica e mental para a condu\u00e7\u00e3o t\u00eam como objectivo proteger a seguran\u00e7a de todos os utilizadores da via p\u00fablica. Embora muitas doen\u00e7as n\u00e3o impe\u00e7am a condu\u00e7\u00e3o, existem condi\u00e7\u00f5es que exigem adapta\u00e7\u00f5es, restri\u00e7\u00f5es ou suspens\u00e3o tempor\u00e1ria. Os condutores devem comunicar mudan\u00e7as significativas no seu estado de sa\u00fade, cumprir as orienta\u00e7\u00f5es m\u00e9dicas e efectuar reavalia\u00e7\u00f5es regulares. Por outro lado, os m\u00e9dicos t\u00eam a responsabilidade de equilibrar o direito \u00e0 mobilidade com a seguran\u00e7a colectiva, emitindo atestados de forma prudente e fundamentada.<\/p><p data-start=\"108\" data-end=\"353\">Atrav\u00e9s do\u00a0<strong>M\u00e9dico na Net<\/strong>, \u00e9 poss\u00edvel realizar online a<a href=\"https:\/\/www.mediconanet.pt\/produto\/atestado-para-carta-de-conducao\/\">\u00a0<strong>consulta m\u00e9dica<\/strong><\/a>\u00a0necess\u00e1ria para a emiss\u00e3o do atestado de aptid\u00e3o para revalidar a carta de condu\u00e7\u00e3o. A avalia\u00e7\u00e3o \u00e9 feita por videoconsulta, permitindo cumprir os requisitos legais sem desloca\u00e7\u00f5es.<\/p><p data-start=\"355\" data-end=\"704\">Sempre que clinicamente indicado, o atestado m\u00e9dico \u00e9 emitido e enviado electronicamente para o Instituto da Mobilidade e dos Transportes (IMT), sendo igualmente disponibilizado ao utente. Esta consulta destina-se \u00e0 renova\u00e7\u00e3o da carta, obten\u00e7\u00e3o da primeira carta, altera\u00e7\u00e3o de categoria, substitui\u00e7\u00e3o de carta estrangeira ou averbamento do Grupo II.<\/p>\t\t\t\t\t\t\t\t<\/div>\n\t\t\t\t\t<\/div>\n\t\t\t\t<\/div>\n\t\t<div class=\"elementor-element elementor-element-e846da4 e-con-full e-flex e-con e-parent\" data-id=\"e846da4\" data-element_type=\"container\">\n\t\t<div class=\"elementor-element elementor-element-b8ea97f e-con-full e-flex e-con e-child\" data-id=\"b8ea97f\" data-element_type=\"container\">\n\t\t\t\t<div class=\"elementor-element elementor-element-2a093dc elementor-widget elementor-widget-heading\" data-id=\"2a093dc\" data-element_type=\"widget\" data-widget_type=\"heading.default\">\n\t\t\t\t\t<h2 class=\"elementor-heading-title elementor-size-default\">Perguntas frequentes (FAQ)<\/h2>\t\t\t\t<\/div>\n\t\t\t\t<div class=\"elementor-element elementor-element-e2d8f35 elementor-widget elementor-widget-n-accordion\" data-id=\"e2d8f35\" data-element_type=\"widget\" data-settings=\"{&quot;default_state&quot;:&quot;all_collapsed&quot;,&quot;max_items_expended&quot;:&quot;one&quot;,&quot;n_accordion_animation_duration&quot;:{&quot;unit&quot;:&quot;ms&quot;,&quot;size&quot;:400,&quot;sizes&quot;:[]}}\" data-widget_type=\"nested-accordion.default\">\n\t\t\t\t\t\t\t<div class=\"e-n-accordion\" aria-label=\"Accordion. Open links with Enter or Space, close with Escape, and navigate with Arrow Keys\">\n\t\t\t\t\t\t<details id=\"e-n-accordion-item-2370\" class=\"e-n-accordion-item\" >\n\t\t\t\t<summary class=\"e-n-accordion-item-title\" data-accordion-index=\"1\" tabindex=\"0\" aria-expanded=\"false\" aria-controls=\"e-n-accordion-item-2370\" >\n\t\t\t\t\t<span class='e-n-accordion-item-title-header'><div class=\"e-n-accordion-item-title-text\"> Se tenho diabetes, posso conduzir? <\/div><\/span>\n\t\t\t\t\t\t\t<span class='e-n-accordion-item-title-icon'>\n\t\t\t<span class='e-opened' ><svg aria-hidden=\"true\" class=\"e-font-icon-svg e-fas-minus\" viewBox=\"0 0 448 512\" xmlns=\"http:\/\/www.w3.org\/2000\/svg\"><path d=\"M416 208H32c-17.67 0-32 14.33-32 32v32c0 17.67 14.33 32 32 32h384c17.67 0 32-14.33 32-32v-32c0-17.67-14.33-32-32-32z\"><\/path><\/svg><\/span>\n\t\t\t<span class='e-closed'><svg aria-hidden=\"true\" class=\"e-font-icon-svg e-fas-plus\" viewBox=\"0 0 448 512\" xmlns=\"http:\/\/www.w3.org\/2000\/svg\"><path d=\"M416 208H272V64c0-17.67-14.33-32-32-32h-32c-17.67 0-32 14.33-32 32v144H32c-17.67 0-32 14.33-32 32v32c0 17.67 14.33 32 32 32h144v144c0 17.67 14.33 32 32 32h32c17.67 0 32-14.33 32-32V304h144c17.67 0 32-14.33 32-32v-32c0-17.67-14.33-32-32-32z\"><\/path><\/svg><\/span>\n\t\t<\/span>\n\n\t\t\t\t\t\t<\/summary>\n\t\t\t\t<div role=\"region\" aria-labelledby=\"e-n-accordion-item-2370\" class=\"elementor-element elementor-element-6f11926 e-con-full e-flex e-con e-child\" data-id=\"6f11926\" data-element_type=\"container\">\n\t\t<div role=\"region\" aria-labelledby=\"e-n-accordion-item-2370\" class=\"elementor-element elementor-element-f7b814e e-flex e-con-boxed e-con e-child\" data-id=\"f7b814e\" data-element_type=\"container\">\n\t\t\t\t\t<div class=\"e-con-inner\">\n\t\t\t\t<div class=\"elementor-element elementor-element-e3694f4 elementor-widget elementor-widget-text-editor\" data-id=\"e3694f4\" data-element_type=\"widget\" data-widget_type=\"text-editor.default\">\n\t\t\t\t\t\t\t\t\t<p>Sim, desde que tenha bom controlo glic\u00e9mico e n\u00e3o registe epis\u00f3dios de hipoglicemia grave. Para o Grupo 2, \u00e9 necess\u00e1rio um relat\u00f3rio m\u00e9dico comprovativo e reavalia\u00e7\u00f5es frequentes.<\/p>\t\t\t\t\t\t\t\t<\/div>\n\t\t\t\t\t<\/div>\n\t\t\t\t<\/div>\n\t\t\t\t<\/div>\n\t\t\t\t\t<\/details>\n\t\t\t\t\t\t<details id=\"e-n-accordion-item-2371\" class=\"e-n-accordion-item\" >\n\t\t\t\t<summary class=\"e-n-accordion-item-title\" data-accordion-index=\"2\" tabindex=\"-1\" aria-expanded=\"false\" aria-controls=\"e-n-accordion-item-2371\" >\n\t\t\t\t\t<span class='e-n-accordion-item-title-header'><div class=\"e-n-accordion-item-title-text\"> Quanto tempo devo esperar para conduzir ap\u00f3s uma crise epil\u00e9ptica? <\/div><\/span>\n\t\t\t\t\t\t\t<span class='e-n-accordion-item-title-icon'>\n\t\t\t<span class='e-opened' ><svg aria-hidden=\"true\" class=\"e-font-icon-svg e-fas-minus\" viewBox=\"0 0 448 512\" xmlns=\"http:\/\/www.w3.org\/2000\/svg\"><path d=\"M416 208H32c-17.67 0-32 14.33-32 32v32c0 17.67 14.33 32 32 32h384c17.67 0 32-14.33 32-32v-32c0-17.67-14.33-32-32-32z\"><\/path><\/svg><\/span>\n\t\t\t<span class='e-closed'><svg aria-hidden=\"true\" class=\"e-font-icon-svg e-fas-plus\" viewBox=\"0 0 448 512\" xmlns=\"http:\/\/www.w3.org\/2000\/svg\"><path d=\"M416 208H272V64c0-17.67-14.33-32-32-32h-32c-17.67 0-32 14.33-32 32v144H32c-17.67 0-32 14.33-32 32v32c0 17.67 14.33 32 32 32h144v144c0 17.67 14.33 32 32 32h32c17.67 0 32-14.33 32-32V304h144c17.67 0 32-14.33 32-32v-32c0-17.67-14.33-32-32-32z\"><\/path><\/svg><\/span>\n\t\t<\/span>\n\n\t\t\t\t\t\t<\/summary>\n\t\t\t\t<div role=\"region\" aria-labelledby=\"e-n-accordion-item-2371\" class=\"elementor-element elementor-element-20234fa e-con-full e-flex e-con e-child\" data-id=\"20234fa\" data-element_type=\"container\">\n\t\t<div role=\"region\" aria-labelledby=\"e-n-accordion-item-2371\" class=\"elementor-element elementor-element-c8f0db6 e-flex e-con-boxed e-con e-child\" data-id=\"c8f0db6\" data-element_type=\"container\">\n\t\t\t\t\t<div class=\"e-con-inner\">\n\t\t\t\t<div class=\"elementor-element elementor-element-33444d2 elementor-widget elementor-widget-text-editor\" data-id=\"33444d2\" data-element_type=\"widget\" data-widget_type=\"text-editor.default\">\n\t\t\t\t\t\t\t\t\t<p>Se pertence ao Grupo 1, deve ficar um ano sem crises antes de se considerar apto; no Grupo 2, o per\u00edodo \u00e9 de dez anos e pode ser necess\u00e1rio suspender a medica\u00e7\u00e3o.<\/p>\t\t\t\t\t\t\t\t<\/div>\n\t\t\t\t\t<\/div>\n\t\t\t\t<\/div>\n\t\t\t\t<\/div>\n\t\t\t\t\t<\/details>\n\t\t\t\t\t\t<details id=\"e-n-accordion-item-2372\" class=\"e-n-accordion-item\" >\n\t\t\t\t<summary class=\"e-n-accordion-item-title\" data-accordion-index=\"3\" tabindex=\"-1\" aria-expanded=\"false\" aria-controls=\"e-n-accordion-item-2372\" >\n\t\t\t\t\t<span class='e-n-accordion-item-title-header'><div class=\"e-n-accordion-item-title-text\"> Quem tem apneia do sono precisa de licen\u00e7a especial? <\/div><\/span>\n\t\t\t\t\t\t\t<span class='e-n-accordion-item-title-icon'>\n\t\t\t<span class='e-opened' ><svg aria-hidden=\"true\" class=\"e-font-icon-svg e-fas-minus\" viewBox=\"0 0 448 512\" xmlns=\"http:\/\/www.w3.org\/2000\/svg\"><path d=\"M416 208H32c-17.67 0-32 14.33-32 32v32c0 17.67 14.33 32 32 32h384c17.67 0 32-14.33 32-32v-32c0-17.67-14.33-32-32-32z\"><\/path><\/svg><\/span>\n\t\t\t<span class='e-closed'><svg aria-hidden=\"true\" class=\"e-font-icon-svg e-fas-plus\" viewBox=\"0 0 448 512\" xmlns=\"http:\/\/www.w3.org\/2000\/svg\"><path d=\"M416 208H272V64c0-17.67-14.33-32-32-32h-32c-17.67 0-32 14.33-32 32v144H32c-17.67 0-32 14.33-32 32v32c0 17.67 14.33 32 32 32h144v144c0 17.67 14.33 32 32 32h32c17.67 0 32-14.33 32-32V304h144c17.67 0 32-14.33 32-32v-32c0-17.67-14.33-32-32-32z\"><\/path><\/svg><\/span>\n\t\t<\/span>\n\n\t\t\t\t\t\t<\/summary>\n\t\t\t\t<div role=\"region\" aria-labelledby=\"e-n-accordion-item-2372\" class=\"elementor-element elementor-element-9bee24a e-con-full e-flex e-con e-child\" data-id=\"9bee24a\" data-element_type=\"container\">\n\t\t<div role=\"region\" aria-labelledby=\"e-n-accordion-item-2372\" class=\"elementor-element elementor-element-e69f0d0 e-flex e-con-boxed e-con e-child\" data-id=\"e69f0d0\" data-element_type=\"container\">\n\t\t\t\t\t<div class=\"e-con-inner\">\n\t\t\t\t<div class=\"elementor-element elementor-element-97771e6 elementor-widget elementor-widget-text-editor\" data-id=\"97771e6\" data-element_type=\"widget\" data-widget_type=\"text-editor.default\">\n\t\t\t\t\t\t\t\t\t<p>Condutores com apneia moderada ou severa devem estar sob tratamento e ser reavaliados periodicamente: no m\u00e1ximo de tr\u00eas anos para o Grupo 1 e de um ano para o Grupo 2.<\/p>\t\t\t\t\t\t\t\t<\/div>\n\t\t\t\t\t<\/div>\n\t\t\t\t<\/div>\n\t\t\t\t<\/div>\n\t\t\t\t\t<\/details>\n\t\t\t\t\t\t<details id=\"e-n-accordion-item-2373\" class=\"e-n-accordion-item\" >\n\t\t\t\t<summary class=\"e-n-accordion-item-title\" data-accordion-index=\"4\" tabindex=\"-1\" aria-expanded=\"false\" aria-controls=\"e-n-accordion-item-2373\" >\n\t\t\t\t\t<span class='e-n-accordion-item-title-header'><div class=\"e-n-accordion-item-title-text\"> A depress\u00e3o impede de conduzir? <\/div><\/span>\n\t\t\t\t\t\t\t<span class='e-n-accordion-item-title-icon'>\n\t\t\t<span class='e-opened' ><svg aria-hidden=\"true\" class=\"e-font-icon-svg e-fas-minus\" viewBox=\"0 0 448 512\" xmlns=\"http:\/\/www.w3.org\/2000\/svg\"><path d=\"M416 208H32c-17.67 0-32 14.33-32 32v32c0 17.67 14.33 32 32 32h384c17.67 0 32-14.33 32-32v-32c0-17.67-14.33-32-32-32z\"><\/path><\/svg><\/span>\n\t\t\t<span class='e-closed'><svg aria-hidden=\"true\" class=\"e-font-icon-svg e-fas-plus\" viewBox=\"0 0 448 512\" xmlns=\"http:\/\/www.w3.org\/2000\/svg\"><path d=\"M416 208H272V64c0-17.67-14.33-32-32-32h-32c-17.67 0-32 14.33-32 32v144H32c-17.67 0-32 14.33-32 32v32c0 17.67 14.33 32 32 32h144v144c0 17.67 14.33 32 32 32h32c17.67 0 32-14.33 32-32V304h144c17.67 0 32-14.33 32-32v-32c0-17.67-14.33-32-32-32z\"><\/path><\/svg><\/span>\n\t\t<\/span>\n\n\t\t\t\t\t\t<\/summary>\n\t\t\t\t<div role=\"region\" aria-labelledby=\"e-n-accordion-item-2373\" class=\"elementor-element elementor-element-1df58ce e-con-full e-flex e-con e-child\" data-id=\"1df58ce\" data-element_type=\"container\">\n\t\t<div role=\"region\" aria-labelledby=\"e-n-accordion-item-2373\" class=\"elementor-element elementor-element-7b78518 e-flex e-con-boxed e-con e-child\" data-id=\"7b78518\" data-element_type=\"container\">\n\t\t\t\t\t<div class=\"e-con-inner\">\n\t\t\t\t<div class=\"elementor-element elementor-element-5fcd0ff elementor-widget elementor-widget-text-editor\" data-id=\"5fcd0ff\" data-element_type=\"widget\" data-widget_type=\"text-editor.default\">\n\t\t\t\t\t\t\t\t\t<p>N\u00e3o necessariamente. Doen\u00e7as mentais tratadas e estabilizadas n\u00e3o implicam inaptid\u00e3o. Contudo, epis\u00f3dios agudos com perda de ju\u00edzo ou risco de comportamentos perigosos requerem suspens\u00e3o tempor\u00e1ria.<\/p>\t\t\t\t\t\t\t\t<\/div>\n\t\t\t\t\t<\/div>\n\t\t\t\t<\/div>\n\t\t\t\t<\/div>\n\t\t\t\t\t<\/details>\n\t\t\t\t\t\t<details id=\"e-n-accordion-item-2374\" class=\"e-n-accordion-item\" >\n\t\t\t\t<summary class=\"e-n-accordion-item-title\" data-accordion-index=\"5\" tabindex=\"-1\" aria-expanded=\"false\" aria-controls=\"e-n-accordion-item-2374\" >\n\t\t\t\t\t<span class='e-n-accordion-item-title-header'><div class=\"e-n-accordion-item-title-text\"> A perda de um membro impede a condu\u00e7\u00e3o? <\/div><\/span>\n\t\t\t\t\t\t\t<span class='e-n-accordion-item-title-icon'>\n\t\t\t<span class='e-opened' ><svg aria-hidden=\"true\" class=\"e-font-icon-svg e-fas-minus\" viewBox=\"0 0 448 512\" xmlns=\"http:\/\/www.w3.org\/2000\/svg\"><path d=\"M416 208H32c-17.67 0-32 14.33-32 32v32c0 17.67 14.33 32 32 32h384c17.67 0 32-14.33 32-32v-32c0-17.67-14.33-32-32-32z\"><\/path><\/svg><\/span>\n\t\t\t<span class='e-closed'><svg aria-hidden=\"true\" class=\"e-font-icon-svg e-fas-plus\" viewBox=\"0 0 448 512\" xmlns=\"http:\/\/www.w3.org\/2000\/svg\"><path d=\"M416 208H272V64c0-17.67-14.33-32-32-32h-32c-17.67 0-32 14.33-32 32v144H32c-17.67 0-32 14.33-32 32v32c0 17.67 14.33 32 32 32h144v144c0 17.67 14.33 32 32 32h32c17.67 0 32-14.33 32-32V304h144c17.67 0 32-14.33 32-32v-32c0-17.67-14.33-32-32-32z\"><\/path><\/svg><\/span>\n\t\t<\/span>\n\n\t\t\t\t\t\t<\/summary>\n\t\t\t\t<div role=\"region\" aria-labelledby=\"e-n-accordion-item-2374\" class=\"elementor-element elementor-element-d0ec482 e-con-full e-flex e-con e-child\" data-id=\"d0ec482\" data-element_type=\"container\">\n\t\t<div role=\"region\" aria-labelledby=\"e-n-accordion-item-2374\" class=\"elementor-element elementor-element-5d1941e e-flex e-con-boxed e-con e-child\" data-id=\"5d1941e\" data-element_type=\"container\">\n\t\t\t\t\t<div class=\"e-con-inner\">\n\t\t\t\t<div class=\"elementor-element elementor-element-2a6dc95 elementor-widget elementor-widget-text-editor\" data-id=\"2a6dc95\" data-element_type=\"widget\" data-widget_type=\"text-editor.default\">\n\t\t\t\t\t\t\t\t\t<p>Depende da amputa\u00e7\u00e3o e das adapta\u00e7\u00f5es poss\u00edveis. Com ve\u00edculos adaptados e forma\u00e7\u00e3o adequada, muitos condutores com limita\u00e7\u00f5es locomotoras podem obter a carta, com restri\u00e7\u00f5es registadas.<\/p>\t\t\t\t\t\t\t\t<\/div>\n\t\t\t\t\t<\/div>\n\t\t\t\t<\/div>\n\t\t\t\t<\/div>\n\t\t\t\t\t<\/details>\n\t\t\t\t\t<\/div>\n\t\t\t\t\t<script type=\"application\/ld+json\">{\"@context\":\"https:\\\/\\\/schema.org\",\"@type\":\"FAQPage\",\"mainEntity\":[{\"@type\":\"Question\",\"name\":\"Se tenho diabetes, posso conduzir?\",\"acceptedAnswer\":{\"@type\":\"Answer\",\"text\":\"Sim, desde que tenha bom controlo glic\\u00e9mico e n\\u00e3o registe epis\\u00f3dios de hipoglicemia grave. Para o Grupo 2, \\u00e9 necess\\u00e1rio um relat\\u00f3rio m\\u00e9dico comprovativo e reavalia\\u00e7\\u00f5es frequentes.\"}},{\"@type\":\"Question\",\"name\":\"Quanto tempo devo esperar para conduzir ap\\u00f3s uma crise epil\\u00e9ptica?\",\"acceptedAnswer\":{\"@type\":\"Answer\",\"text\":\"Se pertence ao Grupo 1, deve ficar um ano sem crises antes de se considerar apto; no Grupo 2, o per\\u00edodo \\u00e9 de dez anos e pode ser necess\\u00e1rio suspender a medica\\u00e7\\u00e3o.\"}},{\"@type\":\"Question\",\"name\":\"Quem tem apneia do sono precisa de licen\\u00e7a especial?\",\"acceptedAnswer\":{\"@type\":\"Answer\",\"text\":\"Condutores com apneia moderada ou severa devem estar sob tratamento e ser reavaliados periodicamente: no m\\u00e1ximo de tr\\u00eas anos para o Grupo 1 e de um ano para o Grupo 2.\"}},{\"@type\":\"Question\",\"name\":\"A depress\\u00e3o impede de conduzir?\",\"acceptedAnswer\":{\"@type\":\"Answer\",\"text\":\"N\\u00e3o necessariamente. Doen\\u00e7as mentais tratadas e estabilizadas n\\u00e3o implicam inaptid\\u00e3o. Contudo, epis\\u00f3dios agudos com perda de ju\\u00edzo ou risco de comportamentos perigosos requerem suspens\\u00e3o tempor\\u00e1ria.\"}},{\"@type\":\"Question\",\"name\":\"A perda de um membro impede a condu\\u00e7\\u00e3o?\",\"acceptedAnswer\":{\"@type\":\"Answer\",\"text\":\"Depende da amputa\\u00e7\\u00e3o e das adapta\\u00e7\\u00f5es poss\\u00edveis. Com ve\\u00edculos adaptados e forma\\u00e7\\u00e3o adequada, muitos condutores com limita\\u00e7\\u00f5es locomotoras podem obter a carta, com restri\\u00e7\\u00f5es registadas.\"}}]}<\/script>\n\t\t\t\t\t\t\t<\/div>\n\t\t\t\t<\/div>\n\t\t\t\t<\/div>\n\t\t<div class=\"elementor-element elementor-element-6e14121 e-flex e-con-boxed e-con e-parent\" data-id=\"6e14121\" data-element_type=\"container\">\n\t\t\t\t\t<div class=\"e-con-inner\">\n\t\t\t\t<div class=\"elementor-element elementor-element-35928ad elementor-widget elementor-widget-heading\" data-id=\"35928ad\" data-element_type=\"widget\" data-widget_type=\"heading.default\">\n\t\t\t\t\t<h2 class=\"elementor-heading-title elementor-size-default\">Fontes<\/h2>\t\t\t\t<\/div>\n\t\t\t\t<div class=\"elementor-element elementor-element-c344ddb elementor-widget elementor-widget-text-editor\" data-id=\"c344ddb\" data-element_type=\"widget\" data-widget_type=\"text-editor.default\">\n\t\t\t\t\t\t\t\t\t<p data-start=\"7184\" data-end=\"7210\"><a href=\"https:\/\/diariodarepublica.pt\/dr\/legislacao-consolidada\/decreto-lei\/2012-114321099\" rel=\"dofollow noopener\" target=\"_blank\">Decreto-Lei n.\u00ba 138\/2012 \u2013 crit\u00e9rios de vis\u00e3o e aptid\u00e3o para conduzir<\/a><br \/><a href=\"https:\/\/diariodarepublica.pt\/dr\/legislacao-consolidada\/decreto-lei\/2012-114321099\" rel=\"nofollow noopener\" target=\"_blank\">Decreto-Lei n.\u00ba 138\/2012 \u2013 epilepsia e doen\u00e7as neurol\u00f3gicas<\/a><br \/><a href=\"https:\/\/diariodarepublica.pt\/dr\/legislacao-consolidada\/decreto-lei\/2012-114321099\" rel=\"nofollow noopener\" target=\"_blank\">Decreto-Lei n.\u00ba 138\/2012 \u2013 diabetes e doen\u00e7as metab\u00f3licas<\/a><br \/><a href=\"https:\/\/diariodarepublica.pt\/dr\/legislacao-consolidada\/decreto-lei\/2012-114321099\" rel=\"nofollow noopener\" target=\"_blank\">Decreto-Lei n.\u00ba 138\/2012 \u2013 apneia do sono e outras patologias neurol\u00f3gicas<\/a><br \/><a href=\"https:\/\/diariodarepublica.pt\/dr\/legislacao-consolidada\/decreto-lei\/2012-114321099\" rel=\"nofollow noopener\" target=\"_blank\">Decreto-Lei n.\u00ba 138\/2012 \u2013 perturba\u00e7\u00f5es mentais, alcoolismo e toxicodepend\u00eancia<\/a><\/p>\t\t\t\t\t\t\t\t<\/div>\n\t\t\t\t\t<\/div>\n\t\t\t\t<\/div>\n\t\t\t\t<\/div>\n\t\t","protected":false},"excerpt":{"rendered":"<p>Nem todos os condutores est\u00e3o aptos a permanecer ao volante sem restri\u00e7\u00f5es. A aptid\u00e3o para conduzir depende de v\u00e1rios factores cl\u00ednicos, uma vez que determinadas doen\u00e7as e condi\u00e7\u00f5es m\u00e9dicas podem comprometer a seguran\u00e7a rodovi\u00e1ria, sendo por isso avaliadas no momento da emiss\u00e3o ou revalida\u00e7\u00e3o da carta de condu\u00e7\u00e3o. Este artigo explica as principais patologias abordadas [&hellip;]<\/p>\n","protected":false},"author":2964,"featured_media":53271,"comment_status":"closed","ping_status":"closed","sticky":false,"template":"","format":"standard","meta":{"_jetpack_memberships_contains_paid_content":false,"footnotes":""},"categories":[137],"tags":[],"class_list":["post-53242","post","type-post","status-publish","format-standard","has-post-thumbnail","hentry","category-carta-de-conducao"],"jetpack_featured_media_url":"https:\/\/www.mediconanet.pt\/wp-content\/uploads\/2026\/01\/condicoes-de-saude-aptidao-para-conduzir.jpeg","jetpack_sharing_enabled":true,"_links":{"self":[{"href":"https:\/\/www.mediconanet.pt\/en\/wp-json\/wp\/v2\/posts\/53242","targetHints":{"allow":["GET"]}}],"collection":[{"href":"https:\/\/www.mediconanet.pt\/en\/wp-json\/wp\/v2\/posts"}],"about":[{"href":"https:\/\/www.mediconanet.pt\/en\/wp-json\/wp\/v2\/types\/post"}],"author":[{"embeddable":true,"href":"https:\/\/www.mediconanet.pt\/en\/wp-json\/wp\/v2\/users\/2964"}],"replies":[{"embeddable":true,"href":"https:\/\/www.mediconanet.pt\/en\/wp-json\/wp\/v2\/comments?post=53242"}],"version-history":[{"count":20,"href":"https:\/\/www.mediconanet.pt\/en\/wp-json\/wp\/v2\/posts\/53242\/revisions"}],"predecessor-version":[{"id":53251,"href":"https:\/\/www.mediconanet.pt\/en\/wp-json\/wp\/v2\/posts\/53242\/revisions\/53251"}],"wp:featuredmedia":[{"embeddable":true,"href":"https:\/\/www.mediconanet.pt\/en\/wp-json\/wp\/v2\/media\/53271"}],"wp:attachment":[{"href":"https:\/\/www.mediconanet.pt\/en\/wp-json\/wp\/v2\/media?parent=53242"}],"wp:term":[{"taxonomy":"category","embeddable":true,"href":"https:\/\/www.mediconanet.pt\/en\/wp-json\/wp\/v2\/categories?post=53242"},{"taxonomy":"post_tag","embeddable":true,"href":"https:\/\/www.mediconanet.pt\/en\/wp-json\/wp\/v2\/tags?post=53242"}],"curies":[{"name":"wp","href":"https:\/\/api.w.org\/{rel}","templated":true}]}}