{"id":53307,"date":"2026-01-30T17:36:24","date_gmt":"2026-01-30T17:36:24","guid":{"rendered":"https:\/\/www.mediconanet.pt\/?p=53307"},"modified":"2026-02-02T19:29:20","modified_gmt":"2026-02-02T19:29:20","slug":"revalidacao-da-carta-de-conducao-prazos-regras","status":"publish","type":"post","link":"https:\/\/www.mediconanet.pt\/en\/revalidacao-da-carta-de-conducao-prazos-regras\/","title":{"rendered":"Revalida\u00e7\u00e3o da carta de condu\u00e7\u00e3o: prazos, escalonamento e novidades"},"content":{"rendered":"\t\t<div data-elementor-type=\"wp-post\" data-elementor-id=\"53307\" class=\"elementor elementor-53307\" data-elementor-post-type=\"post\">\n\t\t\t\t<div class=\"elementor-element elementor-element-303808a e-flex e-con-boxed e-con e-parent\" data-id=\"303808a\" data-element_type=\"container\">\n\t\t\t\t\t<div class=\"e-con-inner\">\n\t\t\t\t<div class=\"elementor-element elementor-element-e80c0c7 elementor-widget elementor-widget-text-editor\" data-id=\"e80c0c7\" data-element_type=\"widget\" data-widget_type=\"text-editor.default\">\n\t\t\t\t\t\t\t\t\t<p data-start=\"378\" data-end=\"741\">A revalida\u00e7\u00e3o da carta de condu\u00e7\u00e3o deve ser feita dentro dos prazos legais para evitar coimas e garantir que o condutor mant\u00e9m as condi\u00e7\u00f5es de sa\u00fade exigidas para conduzir em seguran\u00e7a. Ao longo dos \u00faltimos anos, estes prazos foram alterados, sobretudo com a entrada em vigor do Decreto-Lei n.\u00ba 40\/2016 e a harmoniza\u00e7\u00e3o das regras com as directivas europeias.<\/p><p data-start=\"378\" data-end=\"741\">Neste artigo explicamos, de forma clara, quando deve revalidar a carta de condu\u00e7\u00e3o, quais os prazos aplic\u00e1veis a cada grupo de ve\u00edculos e que documentos s\u00e3o necess\u00e1rios.<\/p>\t\t\t\t\t\t\t\t<\/div>\n\t\t\t\t<div class=\"elementor-element elementor-element-a2ad200 elementor-widget elementor-widget-heading\" data-id=\"a2ad200\" data-element_type=\"widget\" data-widget_type=\"heading.default\">\n\t\t\t\t\t<h2 class=\"elementor-heading-title elementor-size-default\">Revalida\u00e7\u00e3o da Carta de Condu\u00e7\u00e3o -  Grupo 1<\/h2>\t\t\t\t<\/div>\n\t\t\t\t<div class=\"elementor-element elementor-element-abef95a elementor-widget elementor-widget-text-editor\" data-id=\"abef95a\" data-element_type=\"widget\" data-widget_type=\"text-editor.default\">\n\t\t\t\t\t\t\t\t\t<p>O <strong data-start=\"972\" data-end=\"983\">Grupo 1<\/strong> inclui as categorias AM, A1, A2, A, B1, B e BE, abrangendo ve\u00edculos ligeiros, motociclos e tractores agr\u00edcolas. Nestes casos, a revalida\u00e7\u00e3o da carta de condu\u00e7\u00e3o \u00e9 menos frequente e depende essencialmente da data de emiss\u00e3o da carta.<\/p>\t\t\t\t\t\t\t\t<\/div>\n\t\t\t\t<div class=\"elementor-element elementor-element-7f7e720 elementor-widget elementor-widget-heading\" data-id=\"7f7e720\" data-element_type=\"widget\" data-widget_type=\"heading.default\">\n\t\t\t\t\t<h3 class=\"elementor-heading-title elementor-size-default\">Cartas emitidas antes de 2 de janeiro de 2013<\/h3>\t\t\t\t<\/div>\n\t\t\t\t<div class=\"elementor-element elementor-element-ac97803 elementor-widget elementor-widget-text-editor\" data-id=\"ac97803\" data-element_type=\"widget\" data-widget_type=\"text-editor.default\">\n\t\t\t\t\t\t\t\t\t<ul><li data-start=\"1084\" data-end=\"1132\">Revalida\u00e7\u00e3o aos <strong>50 anos<\/strong> (sem atestado m\u00e9dico).<\/li><li data-start=\"1084\" data-end=\"1132\">Revalida\u00e7\u00e3o aos <strong>60, 65 e 70 anos<\/strong> com atestado m\u00e9dico.<\/li><li data-start=\"1084\" data-end=\"1132\">Ap\u00f3s os 70 anos, a revalida\u00e7\u00e3o \u00e9 bienal, sempre com atestado.<\/li><\/ul>\t\t\t\t\t\t\t\t<\/div>\n\t\t\t\t<div class=\"elementor-element elementor-element-adb70d9 elementor-widget elementor-widget-heading\" data-id=\"adb70d9\" data-element_type=\"widget\" data-widget_type=\"heading.default\">\n\t\t\t\t\t<h3 class=\"elementor-heading-title elementor-size-default\">Cartas emitidas entre 2 de janeiro de 2013 e 29 de julho de 2016<\/h3>\t\t\t\t<\/div>\n\t\t\t\t<div class=\"elementor-element elementor-element-df3fd07 elementor-widget elementor-widget-text-editor\" data-id=\"df3fd07\" data-element_type=\"widget\" data-widget_type=\"text-editor.default\">\n\t\t\t\t\t\t\t\t\t<ul><li data-start=\"1327\" data-end=\"1411\">Se a carta foi obtida antes dos 25 anos, revalida aos <strong>30 e 45 anos<\/strong> (sem atestado).Se foi obtida depois dos 25 anos, revalida aos <strong>40 e 55 anos<\/strong> (sem atestado).<\/li><li data-start=\"1327\" data-end=\"1411\">Em ambos os casos, a revalida\u00e7\u00e3o subsequente \u00e9 aos 60, <strong>65 e 70 anos<\/strong> com atestado.<\/li><li data-start=\"1327\" data-end=\"1411\">Ap\u00f3s os <strong>70 anos<\/strong>, a revalida\u00e7\u00e3o \u00e9 bienal com atestado.<\/li><\/ul>\t\t\t\t\t\t\t\t<\/div>\n\t\t\t\t<div class=\"elementor-element elementor-element-db6858d elementor-widget elementor-widget-heading\" data-id=\"db6858d\" data-element_type=\"widget\" data-widget_type=\"heading.default\">\n\t\t\t\t\t<h3 class=\"elementor-heading-title elementor-size-default\">Cartas emitidas a partir de 30 de julho de 2016<\/h3>\t\t\t\t<\/div>\n\t\t\t\t<div class=\"elementor-element elementor-element-1fb2605 elementor-widget elementor-widget-text-editor\" data-id=\"1fb2605\" data-element_type=\"widget\" data-widget_type=\"text-editor.default\">\n\t\t\t\t\t\t\t\t\t<ul><li data-start=\"1689\" data-end=\"1749\">A validade passa a ser de <strong>15 anos<\/strong> at\u00e9 perfazer os 60 anos.<\/li><li data-start=\"1689\" data-end=\"1749\">Depois dos 60 anos, a carta deve ser revalidada aos <strong>60, 65 e 70 anos<\/strong>, com intervalo de 5 anos entre cada revalida\u00e7\u00e3o.<\/li><li data-start=\"1689\" data-end=\"1749\">A partir dos 70 anos, a revalida\u00e7\u00e3o \u00e9 de <strong>2 em 2 anos<\/strong> com atestado.<\/li><\/ul>\t\t\t\t\t\t\t\t<\/div>\n\t\t\t\t<div class=\"elementor-element elementor-element-bf5614c elementor-widget elementor-widget-text-editor\" data-id=\"bf5614c\" data-element_type=\"widget\" data-widget_type=\"text-editor.default\">\n\t\t\t\t\t\t\t\t\t<p>\u00c9 poss\u00edvel iniciar a revalida\u00e7\u00e3o da carta de condu\u00e7\u00e3o at\u00e9 <strong>seis meses antes<\/strong> do prazo. Quando se revalida uma categoria do Grupo 1, as restantes categorias do mesmo grupo s\u00e3o automaticamente renovadas, desde que o atestado m\u00e9dico abranja todas.<\/p>\t\t\t\t\t\t\t\t<\/div>\n\t\t\t\t<div class=\"elementor-element elementor-element-3f78a51 elementor-widget elementor-widget-heading\" data-id=\"3f78a51\" data-element_type=\"widget\" data-widget_type=\"heading.default\">\n\t\t\t\t\t<h2 class=\"elementor-heading-title elementor-size-default\">Revalida\u00e7\u00e3o da Carta de Condu\u00e7\u00e3o -  Grupo 2<\/h2>\t\t\t\t<\/div>\n\t\t\t\t<div class=\"elementor-element elementor-element-cea756d elementor-widget elementor-widget-text-editor\" data-id=\"cea756d\" data-element_type=\"widget\" data-widget_type=\"text-editor.default\">\n\t\t\t\t\t\t\t\t\t<p data-start=\"2469\" data-end=\"2693\">O <strong data-start=\"2471\" data-end=\"2482\">Grupo 2<\/strong> inclui condutores de ve\u00edculos pesados (C, C1, CE, D, entre outros) e condutores das categorias B e BE quando a condu\u00e7\u00e3o \u00e9 exercida como actividade profissional, como transporte de passageiros ou de mercadorias.<\/p><p data-start=\"2695\" data-end=\"2884\">Neste grupo, a revalida\u00e7\u00e3o da carta de condu\u00e7\u00e3o \u00e9 mais exigente e envolve, a partir de determinadas idades, avalia\u00e7\u00e3o psicol\u00f3gica e obten\u00e7\u00e3o do <strong>certificado de aptid\u00e3o psicol\u00f3gica (CAP)<\/strong>.<\/p>\t\t\t\t\t\t\t\t<\/div>\n\t\t\t\t<div class=\"elementor-element elementor-element-540ed03 elementor-widget elementor-widget-heading\" data-id=\"540ed03\" data-element_type=\"widget\" data-widget_type=\"heading.default\">\n\t\t\t\t\t<h3 class=\"elementor-heading-title elementor-size-default\">Cartas emitidas antes de 2 de janeiro de 2013<\/h3>\t\t\t\t<\/div>\n\t\t\t\t<div class=\"elementor-element elementor-element-55df168 elementor-widget elementor-widget-text-editor\" data-id=\"55df168\" data-element_type=\"widget\" data-widget_type=\"text-editor.default\">\n\t\t\t\t\t\t\t\t\t<ul><li data-start=\"2613\" data-end=\"2652\">Revalida\u00e7\u00e3o aos <strong>40 e 45 anos<\/strong> sem CAP.<\/li><li data-start=\"2613\" data-end=\"2652\">Revalida\u00e7\u00e3o aos <strong>50 anos<\/strong> com CAP.<\/li><li data-start=\"2613\" data-end=\"2652\">Revalida novamente aos <strong>55, 60, 65, 68 e 70 anos<\/strong>, sempre com atestado m\u00e9dico e CAP.<\/li><li data-start=\"2613\" data-end=\"2652\">Ap\u00f3s os <strong>70 anos<\/strong>, a revalida\u00e7\u00e3o \u00e9 bienal, podendo ser exigidos exames adicionais.<\/li><\/ul>\t\t\t\t\t\t\t\t<\/div>\n\t\t\t\t<div class=\"elementor-element elementor-element-9ae8928 elementor-widget elementor-widget-heading\" data-id=\"9ae8928\" data-element_type=\"widget\" data-widget_type=\"heading.default\">\n\t\t\t\t\t<h3 class=\"elementor-heading-title elementor-size-default\">Cartas emitidas entre 2 de janeiro de 2013 e 29 de julho de 2016<\/h3>\t\t\t\t<\/div>\n\t\t\t\t<div class=\"elementor-element elementor-element-eb024cb elementor-widget elementor-widget-text-editor\" data-id=\"eb024cb\" data-element_type=\"widget\" data-widget_type=\"text-editor.default\">\n\t\t\t\t\t\t\t\t\t<ul><li data-start=\"2932\" data-end=\"3012\">Revalida\u00e7\u00e3o aos <strong>25, 30, 35, 40 e 45 anos<\/strong> com atestado, sem necessidade de CAP.<\/li><li data-start=\"2932\" data-end=\"3012\">A partir dos <strong>50 anos<\/strong>, as revalida\u00e7\u00f5es devem ser feitas de cinco em cinco anos com atestado e CAP.<\/li><\/ul>\t\t\t\t\t\t\t\t<\/div>\n\t\t\t\t<div class=\"elementor-element elementor-element-79b9d1c elementor-widget elementor-widget-heading\" data-id=\"79b9d1c\" data-element_type=\"widget\" data-widget_type=\"heading.default\">\n\t\t\t\t\t<h3 class=\"elementor-heading-title elementor-size-default\">Cartas emitidas a partir de 30 de julho de 2016<\/h3>\t\t\t\t<\/div>\n\t\t\t\t<div class=\"elementor-element elementor-element-f630369 elementor-widget elementor-widget-text-editor\" data-id=\"f630369\" data-element_type=\"widget\" data-widget_type=\"text-editor.default\">\n\t\t\t\t\t\t\t\t\t<ul><li data-start=\"3168\" data-end=\"3231\">A revalida\u00e7\u00e3o \u00e9 feita de cinco em cinco anos at\u00e9 aos <strong>70 anos<\/strong>.<\/li><li data-start=\"3168\" data-end=\"3231\">At\u00e9 aos <strong>50 anos<\/strong>, basta o atestado; ap\u00f3s essa idade, \u00e9 igualmente necess\u00e1rio o CAP.<\/li><li data-start=\"3168\" data-end=\"3231\">Em algumas categorias, a carta pode caducar aos <strong>67 anos<\/strong>, sobretudo para condutores que realizam transporte colectivo de passageiros.<\/li><\/ul>\t\t\t\t\t\t\t\t<\/div>\n\t\t\t\t<div class=\"elementor-element elementor-element-2bb750f elementor-widget elementor-widget-text-editor\" data-id=\"2bb750f\" data-element_type=\"widget\" data-widget_type=\"text-editor.default\">\n\t\t\t\t\t\t\t\t\t<p>Tal como no Grupo 1, a revalida\u00e7\u00e3o pode ser iniciada seis meses antes da data limite. A partir dos 50 anos, os condutores devem realizar uma avalia\u00e7\u00e3o psicol\u00f3gica e obter o CAP. Para conduzir ve\u00edculos de mercadorias perigosas ou transporte colectivo de crian\u00e7as, podem ainda ser necess\u00e1rios cursos adicionais.<\/p>\t\t\t\t\t\t\t\t<\/div>\n\t\t\t\t<div class=\"elementor-element elementor-element-eac2f12 elementor-widget elementor-widget-image\" data-id=\"eac2f12\" data-element_type=\"widget\" data-widget_type=\"image.default\">\n\t\t\t\t\t\t\t\t\t\t\t\t\t\t\t<img fetchpriority=\"high\" decoding=\"async\" width=\"800\" height=\"448\" src=\"https:\/\/www.mediconanet.pt\/wp-content\/uploads\/2026\/01\/consulta-medica-online-revalidacao-carta-conducao-1024x573.jpg\" class=\"attachment-large size-large wp-image-53344\" alt=\"Consulta m\u00e9dica online para revalida\u00e7\u00e3o da carta de condu\u00e7\u00e3o\" srcset=\"https:\/\/www.mediconanet.pt\/wp-content\/uploads\/2026\/01\/consulta-medica-online-revalidacao-carta-conducao-1024x573.jpg 1024w, https:\/\/www.mediconanet.pt\/wp-content\/uploads\/2026\/01\/consulta-medica-online-revalidacao-carta-conducao-300x168.jpg 300w, https:\/\/www.mediconanet.pt\/wp-content\/uploads\/2026\/01\/consulta-medica-online-revalidacao-carta-conducao-768x430.jpg 768w, https:\/\/www.mediconanet.pt\/wp-content\/uploads\/2026\/01\/consulta-medica-online-revalidacao-carta-conducao-1536x860.jpg 1536w, https:\/\/www.mediconanet.pt\/wp-content\/uploads\/2026\/01\/consulta-medica-online-revalidacao-carta-conducao-18x10.jpg 18w, https:\/\/www.mediconanet.pt\/wp-content\/uploads\/2026\/01\/consulta-medica-online-revalidacao-carta-conducao-600x336.jpg 600w, https:\/\/www.mediconanet.pt\/wp-content\/uploads\/2026\/01\/consulta-medica-online-revalidacao-carta-conducao.jpg 1600w\" sizes=\"(max-width: 800px) 100vw, 800px\" \/>\t\t\t\t\t\t\t\t\t\t\t\t\t\t\t<\/div>\n\t\t\t\t<div class=\"elementor-element elementor-element-5c00fd6 elementor-widget elementor-widget-heading\" data-id=\"5c00fd6\" data-element_type=\"widget\" data-widget_type=\"heading.default\">\n\t\t\t\t\t<h2 class=\"elementor-heading-title elementor-size-default\">Procedimentos e documentos para revalidar<\/h2>\t\t\t\t<\/div>\n\t\t\t\t<div class=\"elementor-element elementor-element-fb72a0d elementor-widget elementor-widget-text-editor\" data-id=\"fb72a0d\" data-element_type=\"widget\" data-widget_type=\"text-editor.default\">\n\t\t\t\t\t\t\t\t\t<p data-start=\"3817\" data-end=\"3854\">Para efectuar a revalida\u00e7\u00e3o da carta de condu\u00e7\u00e3o, s\u00e3o necess\u00e1rios:<\/p><ul><li data-start=\"3857\" data-end=\"3923\">Atestado m\u00e9dico electr\u00f3nico v\u00e1lido (com validade de seis meses);<\/li><li data-start=\"3857\" data-end=\"3923\">Certificado de aptid\u00e3o psicol\u00f3gica (quando aplic\u00e1vel, ap\u00f3s os 50 anos no Grupo 2);<\/li><li data-start=\"4013\" data-end=\"4106\">Documentos de identifica\u00e7\u00e3o: Cart\u00e3o de Cidad\u00e3o, carta de condu\u00e7\u00e3o e n\u00famero de contribuinte;<\/li><li data-start=\"4013\" data-end=\"4106\">Pagamento da taxa de revalida\u00e7\u00e3o, que varia conforme a categoria;<\/li><li data-start=\"4013\" data-end=\"4106\">No caso de revalida\u00e7\u00e3o online, acesso ao portal do IMT e meios de autentica\u00e7\u00e3o (Cart\u00e3o de Cidad\u00e3o ou Chave M\u00f3vel Digital).<\/li><\/ul>\t\t\t\t\t\t\t\t<\/div>\n\t\t\t\t<div class=\"elementor-element elementor-element-db94396 elementor-widget elementor-widget-heading\" data-id=\"db94396\" data-element_type=\"widget\" data-widget_type=\"heading.default\">\n\t\t\t\t\t<h2 class=\"elementor-heading-title elementor-size-default\">Consequ\u00eancias de n\u00e3o revalidar no prazo<\/h2>\t\t\t\t<\/div>\n\t\t\t\t<div class=\"elementor-element elementor-element-e23dfdf elementor-widget elementor-widget-text-editor\" data-id=\"e23dfdf\" data-element_type=\"widget\" data-widget_type=\"text-editor.default\">\n\t\t\t\t\t\t\t\t\t<p>Conduzir com a carta caducada constitui infra\u00e7\u00e3o rodovi\u00e1ria. As coimas variam entre <strong>120<\/strong> e <strong>600 euros<\/strong>. Se a revalida\u00e7\u00e3o for feita ap\u00f3s dois anos de caducidade, \u00e9 necess\u00e1rio realizar um <strong>exame de condu\u00e7\u00e3o especial<\/strong> para recuperar o t\u00edtulo. Depois de cinco anos, a lei exige a frequ\u00eancia de um<strong> curso de forma\u00e7\u00e3o<\/strong> para condutores; e ap\u00f3s dez anos, a carta caduca definitivamente, obrigando \u00e0 obten\u00e7\u00e3o de nova habilita\u00e7\u00e3o.<\/p>\t\t\t\t\t\t\t\t<\/div>\n\t\t\t\t<div class=\"elementor-element elementor-element-a7911db elementor-widget elementor-widget-heading\" data-id=\"a7911db\" data-element_type=\"widget\" data-widget_type=\"heading.default\">\n\t\t\t\t\t<h2 class=\"elementor-heading-title elementor-size-default\">Conclus\u00e3o<\/h2>\t\t\t\t<\/div>\n\t\t\t\t<div class=\"elementor-element elementor-element-0631987 elementor-widget elementor-widget-text-editor\" data-id=\"0631987\" data-element_type=\"widget\" data-widget_type=\"text-editor.default\">\n\t\t\t\t\t\t\t\t\t<p>Os prazos de revalida\u00e7\u00e3o da carta de condu\u00e7\u00e3o variam consoante a data de emiss\u00e3o e o grupo de ve\u00edculos. Estar atento aos calend\u00e1rios e preparar com anteced\u00eancia o atestado m\u00e9dico e o CAP evita contratempos e penaliza\u00e7\u00f5es. A moderniza\u00e7\u00e3o legislativa alongou alguns prazos, mas refor\u00e7ou a necessidade de avalia\u00e7\u00f5es regulares em idades mais avan\u00e7adas, assegurando que apenas condutores aptos permanecem na estrada.<\/p><p data-start=\"108\" data-end=\"353\">Atrav\u00e9s do\u00a0<strong>M\u00e9dico na Net<\/strong>, \u00e9 poss\u00edvel realizar online a<a href=\"https:\/\/www.mediconanet.pt\/produto\/atestado-para-carta-de-conducao\/\">\u00a0<strong>consulta m\u00e9dica<\/strong><\/a>\u00a0necess\u00e1ria para a emiss\u00e3o do atestado de aptid\u00e3o para revalidar a carta de condu\u00e7\u00e3o. A avalia\u00e7\u00e3o \u00e9 feita por videoconsulta, permitindo cumprir os requisitos legais sem desloca\u00e7\u00f5es.<\/p><p data-start=\"355\" data-end=\"704\">Sempre que clinicamente indicado, o atestado m\u00e9dico \u00e9 emitido e enviado electronicamente para o Instituto da Mobilidade e dos Transportes (IMT), sendo igualmente disponibilizado ao utente. Esta consulta destina-se \u00e0 renova\u00e7\u00e3o da carta, obten\u00e7\u00e3o da primeira carta, altera\u00e7\u00e3o de categoria, substitui\u00e7\u00e3o de carta estrangeira ou averbamento do Grupo II.<\/p>\t\t\t\t\t\t\t\t<\/div>\n\t\t\t\t\t<\/div>\n\t\t\t\t<\/div>\n\t\t<div class=\"elementor-element elementor-element-9e179e7 e-flex e-con-boxed e-con e-parent\" data-id=\"9e179e7\" data-element_type=\"container\">\n\t\t\t\t\t<div class=\"e-con-inner\">\n\t\t<div class=\"elementor-element elementor-element-399a9d6 e-con-full e-flex e-con e-child\" data-id=\"399a9d6\" data-element_type=\"container\">\n\t\t\t\t<div class=\"elementor-element elementor-element-c6034a8 elementor-widget elementor-widget-heading\" data-id=\"c6034a8\" data-element_type=\"widget\" data-widget_type=\"heading.default\">\n\t\t\t\t\t<h2 class=\"elementor-heading-title elementor-size-default\">Perguntas frequentes (FAQ)<\/h2>\t\t\t\t<\/div>\n\t\t\t\t<div class=\"elementor-element elementor-element-dae2dc6 elementor-widget elementor-widget-n-accordion\" data-id=\"dae2dc6\" data-element_type=\"widget\" data-settings=\"{&quot;default_state&quot;:&quot;all_collapsed&quot;,&quot;max_items_expended&quot;:&quot;one&quot;,&quot;n_accordion_animation_duration&quot;:{&quot;unit&quot;:&quot;ms&quot;,&quot;size&quot;:400,&quot;sizes&quot;:[]}}\" data-widget_type=\"nested-accordion.default\">\n\t\t\t\t\t\t\t<div class=\"e-n-accordion\" aria-label=\"Accordion. Open links with Enter or Space, close with Escape, and navigate with Arrow Keys\">\n\t\t\t\t\t\t<details id=\"e-n-accordion-item-2290\" class=\"e-n-accordion-item\" >\n\t\t\t\t<summary class=\"e-n-accordion-item-title\" data-accordion-index=\"1\" tabindex=\"0\" aria-expanded=\"false\" aria-controls=\"e-n-accordion-item-2290\" >\n\t\t\t\t\t<span class='e-n-accordion-item-title-header'><div class=\"e-n-accordion-item-title-text\"> Posso revalidar a carta antes do prazo? <\/div><\/span>\n\t\t\t\t\t\t\t<span class='e-n-accordion-item-title-icon'>\n\t\t\t<span class='e-opened' ><svg aria-hidden=\"true\" class=\"e-font-icon-svg e-fas-minus\" viewBox=\"0 0 448 512\" xmlns=\"http:\/\/www.w3.org\/2000\/svg\"><path d=\"M416 208H32c-17.67 0-32 14.33-32 32v32c0 17.67 14.33 32 32 32h384c17.67 0 32-14.33 32-32v-32c0-17.67-14.33-32-32-32z\"><\/path><\/svg><\/span>\n\t\t\t<span class='e-closed'><svg aria-hidden=\"true\" class=\"e-font-icon-svg e-fas-plus\" viewBox=\"0 0 448 512\" xmlns=\"http:\/\/www.w3.org\/2000\/svg\"><path d=\"M416 208H272V64c0-17.67-14.33-32-32-32h-32c-17.67 0-32 14.33-32 32v144H32c-17.67 0-32 14.33-32 32v32c0 17.67 14.33 32 32 32h144v144c0 17.67 14.33 32 32 32h32c17.67 0 32-14.33 32-32V304h144c17.67 0 32-14.33 32-32v-32c0-17.67-14.33-32-32-32z\"><\/path><\/svg><\/span>\n\t\t<\/span>\n\n\t\t\t\t\t\t<\/summary>\n\t\t\t\t<div role=\"region\" aria-labelledby=\"e-n-accordion-item-2290\" class=\"elementor-element elementor-element-e74e8d5 e-con-full e-flex e-con e-child\" data-id=\"e74e8d5\" data-element_type=\"container\">\n\t\t<div role=\"region\" aria-labelledby=\"e-n-accordion-item-2290\" class=\"elementor-element elementor-element-c3a4397 e-flex e-con-boxed e-con e-child\" data-id=\"c3a4397\" data-element_type=\"container\">\n\t\t\t\t\t<div class=\"e-con-inner\">\n\t\t\t\t<div class=\"elementor-element elementor-element-ec739e2 elementor-widget elementor-widget-text-editor\" data-id=\"ec739e2\" data-element_type=\"widget\" data-widget_type=\"text-editor.default\">\n\t\t\t\t\t\t\t\t\t<p>Sim. A revalida\u00e7\u00e3o pode ser solicitada at\u00e9 seis meses antes da data limite.<\/p>\t\t\t\t\t\t\t\t<\/div>\n\t\t\t\t\t<\/div>\n\t\t\t\t<\/div>\n\t\t\t\t<\/div>\n\t\t\t\t\t<\/details>\n\t\t\t\t\t\t<details id=\"e-n-accordion-item-2291\" class=\"e-n-accordion-item\" >\n\t\t\t\t<summary class=\"e-n-accordion-item-title\" data-accordion-index=\"2\" tabindex=\"-1\" aria-expanded=\"false\" aria-controls=\"e-n-accordion-item-2291\" >\n\t\t\t\t\t<span class='e-n-accordion-item-title-header'><div class=\"e-n-accordion-item-title-text\"> O que acontece se a carta caducar h\u00e1 mais de dois anos? <\/div><\/span>\n\t\t\t\t\t\t\t<span class='e-n-accordion-item-title-icon'>\n\t\t\t<span class='e-opened' ><svg aria-hidden=\"true\" class=\"e-font-icon-svg e-fas-minus\" viewBox=\"0 0 448 512\" xmlns=\"http:\/\/www.w3.org\/2000\/svg\"><path d=\"M416 208H32c-17.67 0-32 14.33-32 32v32c0 17.67 14.33 32 32 32h384c17.67 0 32-14.33 32-32v-32c0-17.67-14.33-32-32-32z\"><\/path><\/svg><\/span>\n\t\t\t<span class='e-closed'><svg aria-hidden=\"true\" class=\"e-font-icon-svg e-fas-plus\" viewBox=\"0 0 448 512\" xmlns=\"http:\/\/www.w3.org\/2000\/svg\"><path d=\"M416 208H272V64c0-17.67-14.33-32-32-32h-32c-17.67 0-32 14.33-32 32v144H32c-17.67 0-32 14.33-32 32v32c0 17.67 14.33 32 32 32h144v144c0 17.67 14.33 32 32 32h32c17.67 0 32-14.33 32-32V304h144c17.67 0 32-14.33 32-32v-32c0-17.67-14.33-32-32-32z\"><\/path><\/svg><\/span>\n\t\t<\/span>\n\n\t\t\t\t\t\t<\/summary>\n\t\t\t\t<div role=\"region\" aria-labelledby=\"e-n-accordion-item-2291\" class=\"elementor-element elementor-element-cd38d77 e-con-full e-flex e-con e-child\" data-id=\"cd38d77\" data-element_type=\"container\">\n\t\t<div role=\"region\" aria-labelledby=\"e-n-accordion-item-2291\" class=\"elementor-element elementor-element-c8f23c7 e-flex e-con-boxed e-con e-child\" data-id=\"c8f23c7\" data-element_type=\"container\">\n\t\t\t\t\t<div class=\"e-con-inner\">\n\t\t\t\t<div class=\"elementor-element elementor-element-a98913e elementor-widget elementor-widget-text-editor\" data-id=\"a98913e\" data-element_type=\"widget\" data-widget_type=\"text-editor.default\">\n\t\t\t\t\t\t\t\t\t<p>Ter\u00e1 de fazer um exame de condu\u00e7\u00e3o especial para recuperar o t\u00edtulo. Ap\u00f3s cinco anos sem revalidar, \u00e9 exigido um curso de forma\u00e7\u00e3o; depois de dez anos, a carta perde validade e ter\u00e1 de obter nova carta.<\/p>\t\t\t\t\t\t\t\t<\/div>\n\t\t\t\t\t<\/div>\n\t\t\t\t<\/div>\n\t\t\t\t<\/div>\n\t\t\t\t\t<\/details>\n\t\t\t\t\t\t<details id=\"e-n-accordion-item-2292\" class=\"e-n-accordion-item\" >\n\t\t\t\t<summary class=\"e-n-accordion-item-title\" data-accordion-index=\"3\" tabindex=\"-1\" aria-expanded=\"false\" aria-controls=\"e-n-accordion-item-2292\" >\n\t\t\t\t\t<span class='e-n-accordion-item-title-header'><div class=\"e-n-accordion-item-title-text\"> Os prazos s\u00e3o os mesmos para todos os pa\u00edses da UE? <\/div><\/span>\n\t\t\t\t\t\t\t<span class='e-n-accordion-item-title-icon'>\n\t\t\t<span class='e-opened' ><svg aria-hidden=\"true\" class=\"e-font-icon-svg e-fas-minus\" viewBox=\"0 0 448 512\" xmlns=\"http:\/\/www.w3.org\/2000\/svg\"><path d=\"M416 208H32c-17.67 0-32 14.33-32 32v32c0 17.67 14.33 32 32 32h384c17.67 0 32-14.33 32-32v-32c0-17.67-14.33-32-32-32z\"><\/path><\/svg><\/span>\n\t\t\t<span class='e-closed'><svg aria-hidden=\"true\" class=\"e-font-icon-svg e-fas-plus\" viewBox=\"0 0 448 512\" xmlns=\"http:\/\/www.w3.org\/2000\/svg\"><path d=\"M416 208H272V64c0-17.67-14.33-32-32-32h-32c-17.67 0-32 14.33-32 32v144H32c-17.67 0-32 14.33-32 32v32c0 17.67 14.33 32 32 32h144v144c0 17.67 14.33 32 32 32h32c17.67 0 32-14.33 32-32V304h144c17.67 0 32-14.33 32-32v-32c0-17.67-14.33-32-32-32z\"><\/path><\/svg><\/span>\n\t\t<\/span>\n\n\t\t\t\t\t\t<\/summary>\n\t\t\t\t<div role=\"region\" aria-labelledby=\"e-n-accordion-item-2292\" class=\"elementor-element elementor-element-72fe033 e-con-full e-flex e-con e-child\" data-id=\"72fe033\" data-element_type=\"container\">\n\t\t<div role=\"region\" aria-labelledby=\"e-n-accordion-item-2292\" class=\"elementor-element elementor-element-f09b15c e-flex e-con-boxed e-con e-child\" data-id=\"f09b15c\" data-element_type=\"container\">\n\t\t\t\t\t<div class=\"e-con-inner\">\n\t\t\t\t<div class=\"elementor-element elementor-element-d0de215 elementor-widget elementor-widget-text-editor\" data-id=\"d0de215\" data-element_type=\"widget\" data-widget_type=\"text-editor.default\">\n\t\t\t\t\t\t\t\t\t<p>N\u00e3o. As directivas europeias estabelecem intervalos m\u00ednimos, mas cada pa\u00eds pode definir regras pr\u00f3prias. Em Portugal, os prazos apresentados cumprem as directivas e foram harmonizados pelo Decreto-Lei n.\u00ba 40\/2016.<\/p>\t\t\t\t\t\t\t\t<\/div>\n\t\t\t\t\t<\/div>\n\t\t\t\t<\/div>\n\t\t\t\t<\/div>\n\t\t\t\t\t<\/details>\n\t\t\t\t\t\t<details id=\"e-n-accordion-item-2293\" class=\"e-n-accordion-item\" >\n\t\t\t\t<summary class=\"e-n-accordion-item-title\" data-accordion-index=\"4\" tabindex=\"-1\" aria-expanded=\"false\" aria-controls=\"e-n-accordion-item-2293\" >\n\t\t\t\t\t<span class='e-n-accordion-item-title-header'><div class=\"e-n-accordion-item-title-text\"> Preciso do CAP se conduzir ocasionalmente um ve\u00edculo pesado? <\/div><\/span>\n\t\t\t\t\t\t\t<span class='e-n-accordion-item-title-icon'>\n\t\t\t<span class='e-opened' ><svg aria-hidden=\"true\" class=\"e-font-icon-svg e-fas-minus\" viewBox=\"0 0 448 512\" xmlns=\"http:\/\/www.w3.org\/2000\/svg\"><path d=\"M416 208H32c-17.67 0-32 14.33-32 32v32c0 17.67 14.33 32 32 32h384c17.67 0 32-14.33 32-32v-32c0-17.67-14.33-32-32-32z\"><\/path><\/svg><\/span>\n\t\t\t<span class='e-closed'><svg aria-hidden=\"true\" class=\"e-font-icon-svg e-fas-plus\" viewBox=\"0 0 448 512\" xmlns=\"http:\/\/www.w3.org\/2000\/svg\"><path d=\"M416 208H272V64c0-17.67-14.33-32-32-32h-32c-17.67 0-32 14.33-32 32v144H32c-17.67 0-32 14.33-32 32v32c0 17.67 14.33 32 32 32h144v144c0 17.67 14.33 32 32 32h32c17.67 0 32-14.33 32-32V304h144c17.67 0 32-14.33 32-32v-32c0-17.67-14.33-32-32-32z\"><\/path><\/svg><\/span>\n\t\t<\/span>\n\n\t\t\t\t\t\t<\/summary>\n\t\t\t\t<div role=\"region\" aria-labelledby=\"e-n-accordion-item-2293\" class=\"elementor-element elementor-element-58425f1 e-con-full e-flex e-con e-child\" data-id=\"58425f1\" data-element_type=\"container\">\n\t\t<div role=\"region\" aria-labelledby=\"e-n-accordion-item-2293\" class=\"elementor-element elementor-element-41b798a e-flex e-con-boxed e-con e-child\" data-id=\"41b798a\" data-element_type=\"container\">\n\t\t\t\t\t<div class=\"e-con-inner\">\n\t\t\t\t<div class=\"elementor-element elementor-element-8766e9b elementor-widget elementor-widget-text-editor\" data-id=\"8766e9b\" data-element_type=\"widget\" data-widget_type=\"text-editor.default\">\n\t\t\t\t\t\t\t\t\t<p>Se conduzir um ve\u00edculo pesado ou de transporte de passageiros como actividade profissional, sim. O CAP \u00e9 exigido a partir dos 50 anos no Grupo 2.<\/p>\t\t\t\t\t\t\t\t<\/div>\n\t\t\t\t\t<\/div>\n\t\t\t\t<\/div>\n\t\t\t\t<\/div>\n\t\t\t\t\t<\/details>\n\t\t\t\t\t\t<details id=\"e-n-accordion-item-2294\" class=\"e-n-accordion-item\" >\n\t\t\t\t<summary class=\"e-n-accordion-item-title\" data-accordion-index=\"5\" tabindex=\"-1\" aria-expanded=\"false\" aria-controls=\"e-n-accordion-item-2294\" >\n\t\t\t\t\t<span class='e-n-accordion-item-title-header'><div class=\"e-n-accordion-item-title-text\"> A primeira revalida\u00e7\u00e3o da minha carta \u00e9 aos 30 anos? <\/div><\/span>\n\t\t\t\t\t\t\t<span class='e-n-accordion-item-title-icon'>\n\t\t\t<span class='e-opened' ><svg aria-hidden=\"true\" class=\"e-font-icon-svg e-fas-minus\" viewBox=\"0 0 448 512\" xmlns=\"http:\/\/www.w3.org\/2000\/svg\"><path d=\"M416 208H32c-17.67 0-32 14.33-32 32v32c0 17.67 14.33 32 32 32h384c17.67 0 32-14.33 32-32v-32c0-17.67-14.33-32-32-32z\"><\/path><\/svg><\/span>\n\t\t\t<span class='e-closed'><svg aria-hidden=\"true\" class=\"e-font-icon-svg e-fas-plus\" viewBox=\"0 0 448 512\" xmlns=\"http:\/\/www.w3.org\/2000\/svg\"><path d=\"M416 208H272V64c0-17.67-14.33-32-32-32h-32c-17.67 0-32 14.33-32 32v144H32c-17.67 0-32 14.33-32 32v32c0 17.67 14.33 32 32 32h144v144c0 17.67 14.33 32 32 32h32c17.67 0 32-14.33 32-32V304h144c17.67 0 32-14.33 32-32v-32c0-17.67-14.33-32-32-32z\"><\/path><\/svg><\/span>\n\t\t<\/span>\n\n\t\t\t\t\t\t<\/summary>\n\t\t\t\t<div role=\"region\" aria-labelledby=\"e-n-accordion-item-2294\" class=\"elementor-element elementor-element-671889b e-con-full e-flex e-con e-child\" data-id=\"671889b\" data-element_type=\"container\">\n\t\t<div role=\"region\" aria-labelledby=\"e-n-accordion-item-2294\" class=\"elementor-element elementor-element-5c2b690 e-flex e-con-boxed e-con e-child\" data-id=\"5c2b690\" data-element_type=\"container\">\n\t\t\t\t\t<div class=\"e-con-inner\">\n\t\t\t\t<div class=\"elementor-element elementor-element-3457078 elementor-widget elementor-widget-text-editor\" data-id=\"3457078\" data-element_type=\"widget\" data-widget_type=\"text-editor.default\">\n\t\t\t\t\t\t\t\t\t<p>Depende da data de emiss\u00e3o. Se tirou a carta antes de 2013 com menos de 25 anos, sim. Se tirou depois de 2016, a primeira revalida\u00e7\u00e3o \u00e9 apenas aos 60 anos.<\/p>\t\t\t\t\t\t\t\t<\/div>\n\t\t\t\t\t<\/div>\n\t\t\t\t<\/div>\n\t\t\t\t<\/div>\n\t\t\t\t\t<\/details>\n\t\t\t\t\t<\/div>\n\t\t\t\t\t<script type=\"application\/ld+json\">{\"@context\":\"https:\\\/\\\/schema.org\",\"@type\":\"FAQPage\",\"mainEntity\":[{\"@type\":\"Question\",\"name\":\"Posso revalidar a carta antes do prazo?\",\"acceptedAnswer\":{\"@type\":\"Answer\",\"text\":\"Sim. A revalida\\u00e7\\u00e3o pode ser solicitada at\\u00e9 seis meses antes da data limite.\"}},{\"@type\":\"Question\",\"name\":\"O que acontece se a carta caducar h\\u00e1 mais de dois anos?\",\"acceptedAnswer\":{\"@type\":\"Answer\",\"text\":\"Ter\\u00e1 de fazer um exame de condu\\u00e7\\u00e3o especial para recuperar o t\\u00edtulo. Ap\\u00f3s cinco anos sem revalidar, \\u00e9 exigido um curso de forma\\u00e7\\u00e3o; depois de dez anos, a carta perde validade e ter\\u00e1 de obter nova carta.\"}},{\"@type\":\"Question\",\"name\":\"Os prazos s\\u00e3o os mesmos para todos os pa\\u00edses da UE?\",\"acceptedAnswer\":{\"@type\":\"Answer\",\"text\":\"N\\u00e3o. As directivas europeias estabelecem intervalos m\\u00ednimos, mas cada pa\\u00eds pode definir regras pr\\u00f3prias. Em Portugal, os prazos apresentados cumprem as directivas e foram harmonizados pelo Decreto-Lei n.\\u00ba 40\\\/2016.\"}},{\"@type\":\"Question\",\"name\":\"Preciso do CAP se conduzir ocasionalmente um ve\\u00edculo pesado?\",\"acceptedAnswer\":{\"@type\":\"Answer\",\"text\":\"Se conduzir um ve\\u00edculo pesado ou de transporte de passageiros como actividade profissional, sim. O CAP \\u00e9 exigido a partir dos 50 anos no Grupo 2.\"}},{\"@type\":\"Question\",\"name\":\"A primeira revalida\\u00e7\\u00e3o da minha carta \\u00e9 aos 30 anos?\",\"acceptedAnswer\":{\"@type\":\"Answer\",\"text\":\"Depende da data de emiss\\u00e3o. Se tirou a carta antes de 2013 com menos de 25 anos, sim. Se tirou depois de 2016, a primeira revalida\\u00e7\\u00e3o \\u00e9 apenas aos 60 anos.\"}}]}<\/script>\n\t\t\t\t\t\t\t<\/div>\n\t\t\t\t<\/div>\n\t\t\t\t\t<\/div>\n\t\t\t\t<\/div>\n\t\t<div class=\"elementor-element elementor-element-5a2e9a3 e-flex e-con-boxed e-con e-parent\" data-id=\"5a2e9a3\" data-element_type=\"container\">\n\t\t\t\t\t<div class=\"e-con-inner\">\n\t\t\t\t<div class=\"elementor-element elementor-element-95ed38c elementor-widget elementor-widget-heading\" data-id=\"95ed38c\" data-element_type=\"widget\" data-widget_type=\"heading.default\">\n\t\t\t\t\t<h2 class=\"elementor-heading-title elementor-size-default\">Fontes<\/h2>\t\t\t\t<\/div>\n\t\t\t\t<div class=\"elementor-element elementor-element-6a4ab0e elementor-widget elementor-widget-text-editor\" data-id=\"6a4ab0e\" data-element_type=\"widget\" data-widget_type=\"text-editor.default\">\n\t\t\t\t\t\t\t\t\t<p data-start=\"6339\" data-end=\"6490\"><a rel=\"dofollow noopener\" href=\"https:\/\/www.doutorfinancas.pt\/vida-e-familia\/automovel\/renovacao-da-carta-de-conducao\/\" target=\"_blank\">Doutor Finan\u00e7as \u2013 Guia de renova\u00e7\u00e3o da carta de condu\u00e7\u00e3o<\/a><br data-start=\"6399\" data-end=\"6402\" \/><a href=\"https:\/\/www.caetano.pt\/blog\/revalidar-carta-de-conducao\/\" rel=\"nofollow noopener\" target=\"_blank\">Caetano.pt \u2013 Prazos e procedimentos de revalida\u00e7\u00e3o<\/a>\n<a href=\"https:\/\/www.imt-ip.pt\/sites\/IMTT\/Portugues\/Condutores\/RevalidacaoCartaConducao\/Paginas\/RevalidacaoCartaConducao.aspx\" rel=\"nofollow noopener\" target=\"_blank\">IMT Madeira \u2013 Informa\u00e7\u00f5es oficiais sobre revalida\u00e7\u00e3o<\/a><br data-start=\"6669\" data-end=\"6672\" \/><a href=\"https:\/\/diariodarepublica.pt\/dr\/detalhe\/decreto-lei\/40-2016-75117914\" rel=\"nofollow noopener\" target=\"_blank\">Decreto-Lei n.\u00ba 40\/2016 \u2013 Harmoniza\u00e7\u00e3o dos prazos<\/a><br data-start=\"6847\" data-end=\"6850\" \/><a href=\"https:\/\/clinicadr-luiscouto.pt\/carta-de-conducao-caducada\/\" rel=\"nofollow noopener\" target=\"_blank\">Cl\u00ednica Dr. Lu\u00eds Couto \u2013 Consequ\u00eancias de carta caducada<\/a><\/p>\t\t\t\t\t\t\t\t<\/div>\n\t\t\t\t\t<\/div>\n\t\t\t\t<\/div>\n\t\t\t\t<\/div>\n\t\t","protected":false},"excerpt":{"rendered":"<p>A revalida\u00e7\u00e3o da carta de condu\u00e7\u00e3o deve ser feita dentro dos prazos legais para evitar coimas e garantir que o condutor mant\u00e9m as condi\u00e7\u00f5es de sa\u00fade exigidas para conduzir em seguran\u00e7a. Ao longo dos \u00faltimos anos, estes prazos foram alterados, sobretudo com a entrada em vigor do Decreto-Lei n.\u00ba 40\/2016 e a harmoniza\u00e7\u00e3o das regras [&hellip;]<\/p>\n","protected":false},"author":2964,"featured_media":53348,"comment_status":"closed","ping_status":"closed","sticky":false,"template":"","format":"standard","meta":{"_jetpack_memberships_contains_paid_content":false,"footnotes":""},"categories":[137],"tags":[],"class_list":["post-53307","post","type-post","status-publish","format-standard","has-post-thumbnail","hentry","category-carta-de-conducao"],"jetpack_featured_media_url":"https:\/\/www.mediconanet.pt\/wp-content\/uploads\/2026\/01\/prazos-revalidacao-carta-de-conducao-calendario.jpg","jetpack_sharing_enabled":true,"_links":{"self":[{"href":"https:\/\/www.mediconanet.pt\/en\/wp-json\/wp\/v2\/posts\/53307","targetHints":{"allow":["GET"]}}],"collection":[{"href":"https:\/\/www.mediconanet.pt\/en\/wp-json\/wp\/v2\/posts"}],"about":[{"href":"https:\/\/www.mediconanet.pt\/en\/wp-json\/wp\/v2\/types\/post"}],"author":[{"embeddable":true,"href":"https:\/\/www.mediconanet.pt\/en\/wp-json\/wp\/v2\/users\/2964"}],"replies":[{"embeddable":true,"href":"https:\/\/www.mediconanet.pt\/en\/wp-json\/wp\/v2\/comments?post=53307"}],"version-history":[{"count":32,"href":"https:\/\/www.mediconanet.pt\/en\/wp-json\/wp\/v2\/posts\/53307\/revisions"}],"predecessor-version":[{"id":53352,"href":"https:\/\/www.mediconanet.pt\/en\/wp-json\/wp\/v2\/posts\/53307\/revisions\/53352"}],"wp:featuredmedia":[{"embeddable":true,"href":"https:\/\/www.mediconanet.pt\/en\/wp-json\/wp\/v2\/media\/53348"}],"wp:attachment":[{"href":"https:\/\/www.mediconanet.pt\/en\/wp-json\/wp\/v2\/media?parent=53307"}],"wp:term":[{"taxonomy":"category","embeddable":true,"href":"https:\/\/www.mediconanet.pt\/en\/wp-json\/wp\/v2\/categories?post=53307"},{"taxonomy":"post_tag","embeddable":true,"href":"https:\/\/www.mediconanet.pt\/en\/wp-json\/wp\/v2\/tags?post=53307"}],"curies":[{"name":"wp","href":"https:\/\/api.w.org\/{rel}","templated":true}]}}