{"id":53478,"date":"2026-02-02T09:44:02","date_gmt":"2026-02-02T09:44:02","guid":{"rendered":"https:\/\/www.mediconanet.pt\/?p=53478"},"modified":"2026-02-02T19:29:18","modified_gmt":"2026-02-02T19:29:18","slug":"condutores-certificado-de-aptidao-psicologica","status":"publish","type":"post","link":"https:\/\/www.mediconanet.pt\/en\/condutores-certificado-de-aptidao-psicologica\/","title":{"rendered":"Condutores profissionais e certificado de aptid\u00e3o psicol\u00f3gica: requisitos e procedimentos"},"content":{"rendered":"\t\t<div data-elementor-type=\"wp-post\" data-elementor-id=\"53478\" class=\"elementor elementor-53478\" data-elementor-post-type=\"post\">\n\t\t\t\t<div class=\"elementor-element elementor-element-9a9b525 e-flex e-con-boxed e-con e-parent\" data-id=\"9a9b525\" data-element_type=\"container\">\n\t\t\t\t\t<div class=\"e-con-inner\">\n\t\t\t\t<div class=\"elementor-element elementor-element-6eea3ef elementor-widget elementor-widget-text-editor\" data-id=\"6eea3ef\" data-element_type=\"widget\" data-widget_type=\"text-editor.default\">\n\t\t\t\t\t\t\t\t\t<p>A <strong data-start=\"255\" data-end=\"291\">revalida\u00e7\u00e3o da carta de condu\u00e7\u00e3o<\/strong> para condutores profissionais envolve regras espec\u00edficas. Al\u00e9m do atestado m\u00e9dico de aptid\u00e3o f\u00edsica e mental, estes condutores necessitam frequentemente de um <strong data-start=\"451\" data-end=\"495\">certificado de aptid\u00e3o psicol\u00f3gica (CAP)<\/strong> e de forma\u00e7\u00e3o especializada. Este artigo esclarece quem est\u00e1 abrangido, quais os prazos de revalida\u00e7\u00e3o e como obter o CAP.<\/p>\t\t\t\t\t\t\t\t<\/div>\n\t\t\t\t<div class=\"elementor-element elementor-element-18fa93b elementor-widget elementor-widget-heading\" data-id=\"18fa93b\" data-element_type=\"widget\" data-widget_type=\"heading.default\">\n\t\t\t\t\t<h2 class=\"elementor-heading-title elementor-size-default\">Quem \u00e9 considerado condutor profissional?<\/h2>\t\t\t\t<\/div>\n\t\t\t\t<div class=\"elementor-element elementor-element-1984f1e elementor-widget elementor-widget-text-editor\" data-id=\"1984f1e\" data-element_type=\"widget\" data-widget_type=\"text-editor.default\">\n\t\t\t\t\t\t\t\t\t<p data-start=\"675\" data-end=\"843\">Pertencem ao Grupo 2 todos os condutores das categorias C, C1, CE, D, D1 e das categorias B e BE quando a condu\u00e7\u00e3o \u00e9 realizada com fins profissionais. Exemplos incluem:<\/p><ul><li data-start=\"847\" data-end=\"909\">Motoristas de pesados de mercadorias (categorias C, C1, CE).<\/li><li data-start=\"847\" data-end=\"909\">Motoristas de autocarros e transporte colectivo de passageiros (categorias D, D1).<\/li><li data-start=\"847\" data-end=\"909\">Condutores de ambul\u00e2ncias, ve\u00edculos de bombeiros, transporte de doentes e de transporte colectivo de crian\u00e7as com ve\u00edculos ligeiros (categorias B e BE).<\/li><li data-start=\"847\" data-end=\"909\">Motoristas de TVDE, t\u00e1xis e outros servi\u00e7os de aluguer de passageiros.<br \/><br \/><\/li><\/ul><p>Os condutores amadores das categorias C1 e C1E que utilizam ve\u00edculos pesados apenas para fins pessoais n\u00e3o s\u00e3o considerados profissionais; nesses casos, apenas se exige o atestado m\u00e9dico, n\u00e3o o CAP.<\/p>\t\t\t\t\t\t\t\t<\/div>\n\t\t\t\t<div class=\"elementor-element elementor-element-806af72 elementor-widget elementor-widget-heading\" data-id=\"806af72\" data-element_type=\"widget\" data-widget_type=\"heading.default\">\n\t\t\t\t\t<h2 class=\"elementor-heading-title elementor-size-default\">O que \u00e9 o certificado de aptid\u00e3o psicol\u00f3gica (CAP)?<\/h2>\t\t\t\t<\/div>\n\t\t\t\t<div class=\"elementor-element elementor-element-8f43602 elementor-widget elementor-widget-text-editor\" data-id=\"8f43602\" data-element_type=\"widget\" data-widget_type=\"text-editor.default\">\n\t\t\t\t\t\t\t\t\t<p data-start=\"1493\" data-end=\"1859\">O <strong data-start=\"1495\" data-end=\"1502\">Certificado de Aptid\u00e3o Psicol\u00f3gica<\/strong> \u00e9 um documento emitido por um psic\u00f3logo credenciado que atesta a capacidade psicol\u00f3gica do condutor para exercer actividade profissional. A avalia\u00e7\u00e3o inclui testes de aten\u00e7\u00e3o, coordena\u00e7\u00e3o, velocidade de reac\u00e7\u00e3o e capacidade de lidar com stress. Este certificado complementa o atestado m\u00e9dico e \u00e9 exigido aos condutores do Grupo 2 a partir de certas idades:<\/p><ul><li data-start=\"1863\" data-end=\"1982\">Para cartas obtidas antes de 2013, o CAP \u00e9 exigido a partir dos 50 anos, devendo ser renovado de cinco em cinco anos.<\/li><li data-start=\"1863\" data-end=\"1982\">Para cartas obtidas entre 2013 e 2016, o CAP come\u00e7a a ser obrigat\u00f3rio a partir dos 50 anos, coincidindo com a revalida\u00e7\u00e3o da carta de condu\u00e7\u00e3o.<\/li><li data-start=\"1863\" data-end=\"1982\">Para cartas emitidas ap\u00f3s 2016, o CAP \u00e9 necess\u00e1rio nas revalida\u00e7\u00f5es ap\u00f3s os 50 anos, respeitando um intervalo de cinco anos.<\/li><\/ul><p data-start=\"2259\" data-end=\"2551\">Alguns servi\u00e7os (como ambul\u00e2ncias ou transporte escolar) podem exigir o CAP mesmo antes dos 50 anos, dependendo da legisla\u00e7\u00e3o espec\u00edfica ou do empregador. A avalia\u00e7\u00e3o psicol\u00f3gica deve ser repetida sempre que existam sinais de desgaste, acidentes ou mudan\u00e7as significativas no estado de sa\u00fade.<\/p>\t\t\t\t\t\t\t\t<\/div>\n\t\t\t\t<div class=\"elementor-element elementor-element-f2eac20 elementor-widget elementor-widget-heading\" data-id=\"f2eac20\" data-element_type=\"widget\" data-widget_type=\"heading.default\">\n\t\t\t\t\t<h2 class=\"elementor-heading-title elementor-size-default\">Como obter o CAP?<\/h2>\t\t\t\t<\/div>\n\t\t\t\t<div class=\"elementor-element elementor-element-c06f210 elementor-widget elementor-widget-text-editor\" data-id=\"c06f210\" data-element_type=\"widget\" data-widget_type=\"text-editor.default\">\n\t\t\t\t\t\t\t\t\t<p data-start=\"2584\" data-end=\"2618\">Para obter o certificado de aptid\u00e3o psicol\u00f3gica, o condutor deve:<\/p><ol><li data-start=\"2623\" data-end=\"2827\">Marcar uma avalia\u00e7\u00e3o psicol\u00f3gica com um psic\u00f3logo credenciado. Esta avalia\u00e7\u00e3o inclui baterias de testes estandardizados que medem aten\u00e7\u00e3o, tempo de reac\u00e7\u00e3o e capacidade de tomada de decis\u00e3o sob press\u00e3o.<\/li><li data-start=\"2623\" data-end=\"2827\">Apresentar a documenta\u00e7\u00e3o: identifica\u00e7\u00e3o, carta de condu\u00e7\u00e3o e, quando necess\u00e1rio, comprovativo da actividade profissional.<\/li><li data-start=\"2623\" data-end=\"2827\">Realizar os testes num consult\u00f3rio de psicologia ou centro especializado. O relat\u00f3rio \u00e9 emitido ap\u00f3s a avalia\u00e7\u00e3o.<\/li><li data-start=\"2623\" data-end=\"2827\">Entregar o certificado ao IMT no momento da revalida\u00e7\u00e3o, juntamente com o atestado m\u00e9dico.<\/li><\/ol><p data-start=\"3170\" data-end=\"3454\">O CAP tem uma validade de cinco anos, excepto quando \u00e9 emitido em simult\u00e2neo com uma revalida\u00e7\u00e3o que imp\u00f5e intervalos mais curtos (por exemplo, a partir dos 68 anos, quando as revalida\u00e7\u00f5es s\u00e3o bienais). Nestes casos, o certificado deve acompanhar a periodicidade da carta de condu\u00e7\u00e3o.<\/p>\t\t\t\t\t\t\t\t<\/div>\n\t\t\t\t<div class=\"elementor-element elementor-element-910efd8 elementor-widget elementor-widget-image\" data-id=\"910efd8\" data-element_type=\"widget\" data-widget_type=\"image.default\">\n\t\t\t\t\t\t\t\t\t\t\t\t\t\t\t<img fetchpriority=\"high\" decoding=\"async\" width=\"800\" height=\"448\" src=\"https:\/\/www.mediconanet.pt\/wp-content\/uploads\/2026\/02\/consulta-medica-online-atestado-carta-conducao.jpg-1024x573.jpg\" class=\"attachment-large size-large wp-image-53498\" alt=\"Paciente em consulta m\u00e9dica online com m\u00e9dico por videoconfer\u00eancia para avalia\u00e7\u00e3o de aptid\u00e3o para a carta de condu\u00e7\u00e3o\" srcset=\"https:\/\/www.mediconanet.pt\/wp-content\/uploads\/2026\/02\/consulta-medica-online-atestado-carta-conducao.jpg-1024x573.jpg 1024w, https:\/\/www.mediconanet.pt\/wp-content\/uploads\/2026\/02\/consulta-medica-online-atestado-carta-conducao.jpg-300x168.jpg 300w, https:\/\/www.mediconanet.pt\/wp-content\/uploads\/2026\/02\/consulta-medica-online-atestado-carta-conducao.jpg-768x430.jpg 768w, https:\/\/www.mediconanet.pt\/wp-content\/uploads\/2026\/02\/consulta-medica-online-atestado-carta-conducao.jpg-1536x860.jpg 1536w, https:\/\/www.mediconanet.pt\/wp-content\/uploads\/2026\/02\/consulta-medica-online-atestado-carta-conducao.jpg-18x10.jpg 18w, https:\/\/www.mediconanet.pt\/wp-content\/uploads\/2026\/02\/consulta-medica-online-atestado-carta-conducao.jpg-600x336.jpg 600w, https:\/\/www.mediconanet.pt\/wp-content\/uploads\/2026\/02\/consulta-medica-online-atestado-carta-conducao.jpg.jpg 1600w\" sizes=\"(max-width: 800px) 100vw, 800px\" \/>\t\t\t\t\t\t\t\t\t\t\t\t\t\t\t<\/div>\n\t\t\t\t<div class=\"elementor-element elementor-element-9418acf elementor-widget elementor-widget-heading\" data-id=\"9418acf\" data-element_type=\"widget\" data-widget_type=\"heading.default\">\n\t\t\t\t\t<h2 class=\"elementor-heading-title elementor-size-default\">Forma\u00e7\u00e3o complementar e CAP espec\u00edfico (CAM\/CCP)<\/h2>\t\t\t\t<\/div>\n\t\t\t\t<div class=\"elementor-element elementor-element-c742b61 elementor-widget elementor-widget-text-editor\" data-id=\"c742b61\" data-element_type=\"widget\" data-widget_type=\"text-editor.default\">\n\t\t\t\t\t\t\t\t\t<p>Al\u00e9m do certificado de aptid\u00e3o psicol\u00f3gica, muitos condutores profissionais necessitam de forma\u00e7\u00e3o complementar. Por exemplo, os motoristas de mercadorias e passageiros devem frequentar o <strong data-start=\"3675\" data-end=\"3719\">Curso de Qualifica\u00e7\u00e3o de Motorista (CAM)<\/strong> ou possuir o <strong data-start=\"3733\" data-end=\"3779\">Certificado de Condu\u00e7\u00e3o Profissional (CCP)<\/strong>, que comprova a aptid\u00e3o te\u00f3rico-pr\u00e1tica para a actividade. Estes cursos abrangem legisla\u00e7\u00e3o rodovi\u00e1ria, seguran\u00e7a na carga, condu\u00e7\u00e3o defensiva e tempos de trabalho. Os condutores de transporte colectivo de crian\u00e7as devem ainda frequentar forma\u00e7\u00e3o especializada sobre transporte escolar e de menores.<\/p>\t\t\t\t\t\t\t\t<\/div>\n\t\t\t\t<div class=\"elementor-element elementor-element-6907270 elementor-widget elementor-widget-heading\" data-id=\"6907270\" data-element_type=\"widget\" data-widget_type=\"heading.default\">\n\t\t\t\t\t<h2 class=\"elementor-heading-title elementor-size-default\">Penaliza\u00e7\u00f5es por conduzir sem o Certificado de Aptid\u00e3o Psicol\u00f3gica<\/h2>\t\t\t\t<\/div>\n\t\t\t\t<div class=\"elementor-element elementor-element-0070a81 elementor-widget elementor-widget-text-editor\" data-id=\"0070a81\" data-element_type=\"widget\" data-widget_type=\"text-editor.default\">\n\t\t\t\t\t\t\t\t\t<p>Conduzir um ve\u00edculo de transporte profissional sem CAP v\u00e1lido constitui infrac\u00e7\u00e3o grave. O condutor pode ser sancionado com coimas e suspens\u00e3o da carta de condu\u00e7\u00e3o. A empresa empregadora tamb\u00e9m pode ser responsabilizada. As autoridades rodovi\u00e1rias est\u00e3o habilitadas a fiscalizar a validade do CAP e do atestado m\u00e9dico durante opera\u00e7\u00f5es de fiscaliza\u00e7\u00e3o rodovi\u00e1ria.<\/p>\t\t\t\t\t\t\t\t<\/div>\n\t\t\t\t<div class=\"elementor-element elementor-element-f981b53 elementor-widget elementor-widget-heading\" data-id=\"f981b53\" data-element_type=\"widget\" data-widget_type=\"heading.default\">\n\t\t\t\t\t<h2 class=\"elementor-heading-title elementor-size-default\">Conclus\u00e3o<\/h2>\t\t\t\t<\/div>\n\t\t\t\t<div class=\"elementor-element elementor-element-5682605 elementor-widget elementor-widget-text-editor\" data-id=\"5682605\" data-element_type=\"widget\" data-widget_type=\"text-editor.default\">\n\t\t\t\t\t\t\t\t\t<p>Os condutores profissionais est\u00e3o sujeitos a normas mais exigentes do que os condutores particulares. Al\u00e9m de um atestado m\u00e9dico, precisam de um certificado de aptid\u00e3o psicol\u00f3gica e, frequentemente, de forma\u00e7\u00e3o espec\u00edfica para garantir que executam as suas fun\u00e7\u00f5es com seguran\u00e7a e compet\u00eancia. Cumprir estas exig\u00eancias contribui para a seguran\u00e7a colectiva e para a valoriza\u00e7\u00e3o da profiss\u00e3o.<\/p><p>Atrav\u00e9s do\u00a0<strong>M\u00e9dico na Net<\/strong>, \u00e9 poss\u00edvel realizar online a<a href=\"https:\/\/www.mediconanet.pt\/produto\/atestado-para-carta-de-conducao\/\">\u00a0<strong>consulta m\u00e9dica<\/strong><\/a>\u00a0necess\u00e1ria para a emiss\u00e3o do atestado de aptid\u00e3o para revalidar a carta de condu\u00e7\u00e3o. A avalia\u00e7\u00e3o \u00e9 feita por videoconsulta, permitindo cumprir os requisitos legais sem desloca\u00e7\u00f5es.<\/p><p data-start=\"355\" data-end=\"704\">Sempre que clinicamente indicado, o atestado m\u00e9dico \u00e9 emitido e enviado electronicamente para o Instituto da Mobilidade e dos Transportes (IMT), sendo igualmente disponibilizado ao utente. Esta consulta destina-se \u00e0 renova\u00e7\u00e3o da carta, obten\u00e7\u00e3o da primeira carta, altera\u00e7\u00e3o de categoria, substitui\u00e7\u00e3o de carta estrangeira ou averbamento do Grupo II.<\/p>\t\t\t\t\t\t\t\t<\/div>\n\t\t\t\t\t<\/div>\n\t\t\t\t<\/div>\n\t\t<div class=\"elementor-element elementor-element-e22ac6f e-flex e-con-boxed e-con e-parent\" data-id=\"e22ac6f\" data-element_type=\"container\">\n\t\t\t\t\t<div class=\"e-con-inner\">\n\t\t<div class=\"elementor-element elementor-element-e7b96e6 e-con-full e-flex e-con e-child\" data-id=\"e7b96e6\" data-element_type=\"container\">\n\t\t\t\t<div class=\"elementor-element elementor-element-691799e elementor-widget elementor-widget-heading\" data-id=\"691799e\" data-element_type=\"widget\" data-widget_type=\"heading.default\">\n\t\t\t\t\t<h2 class=\"elementor-heading-title elementor-size-default\">Perguntas frequentes (FAQ)<\/h2>\t\t\t\t<\/div>\n\t\t\t\t<div class=\"elementor-element elementor-element-513c70a elementor-widget elementor-widget-n-accordion\" data-id=\"513c70a\" data-element_type=\"widget\" data-settings=\"{&quot;default_state&quot;:&quot;all_collapsed&quot;,&quot;max_items_expended&quot;:&quot;one&quot;,&quot;n_accordion_animation_duration&quot;:{&quot;unit&quot;:&quot;ms&quot;,&quot;size&quot;:400,&quot;sizes&quot;:[]}}\" data-widget_type=\"nested-accordion.default\">\n\t\t\t\t\t\t\t<div class=\"e-n-accordion\" aria-label=\"Accordion. Open links with Enter or Space, close with Escape, and navigate with Arrow Keys\">\n\t\t\t\t\t\t<details id=\"e-n-accordion-item-8510\" class=\"e-n-accordion-item\" >\n\t\t\t\t<summary class=\"e-n-accordion-item-title\" data-accordion-index=\"1\" tabindex=\"0\" aria-expanded=\"false\" aria-controls=\"e-n-accordion-item-8510\" >\n\t\t\t\t\t<span class='e-n-accordion-item-title-header'><div class=\"e-n-accordion-item-title-text\"> Todos os motoristas de pesados precisam de CAP? <\/div><\/span>\n\t\t\t\t\t\t\t<span class='e-n-accordion-item-title-icon'>\n\t\t\t<span class='e-opened' ><svg aria-hidden=\"true\" class=\"e-font-icon-svg e-fas-minus\" viewBox=\"0 0 448 512\" xmlns=\"http:\/\/www.w3.org\/2000\/svg\"><path d=\"M416 208H32c-17.67 0-32 14.33-32 32v32c0 17.67 14.33 32 32 32h384c17.67 0 32-14.33 32-32v-32c0-17.67-14.33-32-32-32z\"><\/path><\/svg><\/span>\n\t\t\t<span class='e-closed'><svg aria-hidden=\"true\" class=\"e-font-icon-svg e-fas-plus\" viewBox=\"0 0 448 512\" xmlns=\"http:\/\/www.w3.org\/2000\/svg\"><path d=\"M416 208H272V64c0-17.67-14.33-32-32-32h-32c-17.67 0-32 14.33-32 32v144H32c-17.67 0-32 14.33-32 32v32c0 17.67 14.33 32 32 32h144v144c0 17.67 14.33 32 32 32h32c17.67 0 32-14.33 32-32V304h144c17.67 0 32-14.33 32-32v-32c0-17.67-14.33-32-32-32z\"><\/path><\/svg><\/span>\n\t\t<\/span>\n\n\t\t\t\t\t\t<\/summary>\n\t\t\t\t<div role=\"region\" aria-labelledby=\"e-n-accordion-item-8510\" class=\"elementor-element elementor-element-350889d e-con-full e-flex e-con e-child\" data-id=\"350889d\" data-element_type=\"container\">\n\t\t<div role=\"region\" aria-labelledby=\"e-n-accordion-item-8510\" class=\"elementor-element elementor-element-2e8f4d6 e-flex e-con-boxed e-con e-child\" data-id=\"2e8f4d6\" data-element_type=\"container\">\n\t\t\t\t\t<div class=\"e-con-inner\">\n\t\t\t\t<div class=\"elementor-element elementor-element-d5f5703 elementor-widget elementor-widget-text-editor\" data-id=\"d5f5703\" data-element_type=\"widget\" data-widget_type=\"text-editor.default\">\n\t\t\t\t\t\t\t\t\t<p>Sim, desde que a condu\u00e7\u00e3o seja para fins profissionais. O Certificado de Aptid\u00e3o Psicol\u00f3gica \u00e9 exigido a partir dos 50 anos e deve ser renovado de cinco em cinco anos.<\/p>\t\t\t\t\t\t\t\t<\/div>\n\t\t\t\t\t<\/div>\n\t\t\t\t<\/div>\n\t\t\t\t<\/div>\n\t\t\t\t\t<\/details>\n\t\t\t\t\t\t<details id=\"e-n-accordion-item-8511\" class=\"e-n-accordion-item\" >\n\t\t\t\t<summary class=\"e-n-accordion-item-title\" data-accordion-index=\"2\" tabindex=\"-1\" aria-expanded=\"false\" aria-controls=\"e-n-accordion-item-8511\" >\n\t\t\t\t\t<span class='e-n-accordion-item-title-header'><div class=\"e-n-accordion-item-title-text\"> Sou condutor de ambul\u00e2ncia. Preciso de CAP mesmo com carta da categoria B? <\/div><\/span>\n\t\t\t\t\t\t\t<span class='e-n-accordion-item-title-icon'>\n\t\t\t<span class='e-opened' ><svg aria-hidden=\"true\" class=\"e-font-icon-svg e-fas-minus\" viewBox=\"0 0 448 512\" xmlns=\"http:\/\/www.w3.org\/2000\/svg\"><path d=\"M416 208H32c-17.67 0-32 14.33-32 32v32c0 17.67 14.33 32 32 32h384c17.67 0 32-14.33 32-32v-32c0-17.67-14.33-32-32-32z\"><\/path><\/svg><\/span>\n\t\t\t<span class='e-closed'><svg aria-hidden=\"true\" class=\"e-font-icon-svg e-fas-plus\" viewBox=\"0 0 448 512\" xmlns=\"http:\/\/www.w3.org\/2000\/svg\"><path d=\"M416 208H272V64c0-17.67-14.33-32-32-32h-32c-17.67 0-32 14.33-32 32v144H32c-17.67 0-32 14.33-32 32v32c0 17.67 14.33 32 32 32h144v144c0 17.67 14.33 32 32 32h32c17.67 0 32-14.33 32-32V304h144c17.67 0 32-14.33 32-32v-32c0-17.67-14.33-32-32-32z\"><\/path><\/svg><\/span>\n\t\t<\/span>\n\n\t\t\t\t\t\t<\/summary>\n\t\t\t\t<div role=\"region\" aria-labelledby=\"e-n-accordion-item-8511\" class=\"elementor-element elementor-element-b884501 e-con-full e-flex e-con e-child\" data-id=\"b884501\" data-element_type=\"container\">\n\t\t<div role=\"region\" aria-labelledby=\"e-n-accordion-item-8511\" class=\"elementor-element elementor-element-0dabbe5 e-flex e-con-boxed e-con e-child\" data-id=\"0dabbe5\" data-element_type=\"container\">\n\t\t\t\t\t<div class=\"e-con-inner\">\n\t\t\t\t<div class=\"elementor-element elementor-element-6b89a70 elementor-widget elementor-widget-text-editor\" data-id=\"6b89a70\" data-element_type=\"widget\" data-widget_type=\"text-editor.default\">\n\t\t\t\t\t\t\t\t\t<p>Sim. A legisla\u00e7\u00e3o inclui condutores de ambul\u00e2ncias e ve\u00edculos de transporte de doentes no Grupo 2, exigindo atestado m\u00e9dico e CAP.<\/p>\t\t\t\t\t\t\t\t<\/div>\n\t\t\t\t\t<\/div>\n\t\t\t\t<\/div>\n\t\t\t\t<\/div>\n\t\t\t\t\t<\/details>\n\t\t\t\t\t\t<details id=\"e-n-accordion-item-8512\" class=\"e-n-accordion-item\" >\n\t\t\t\t<summary class=\"e-n-accordion-item-title\" data-accordion-index=\"3\" tabindex=\"-1\" aria-expanded=\"false\" aria-controls=\"e-n-accordion-item-8512\" >\n\t\t\t\t\t<span class='e-n-accordion-item-title-header'><div class=\"e-n-accordion-item-title-text\"> Onde posso fazer o teste psicol\u00f3gico? <\/div><\/span>\n\t\t\t\t\t\t\t<span class='e-n-accordion-item-title-icon'>\n\t\t\t<span class='e-opened' ><svg aria-hidden=\"true\" class=\"e-font-icon-svg e-fas-minus\" viewBox=\"0 0 448 512\" xmlns=\"http:\/\/www.w3.org\/2000\/svg\"><path d=\"M416 208H32c-17.67 0-32 14.33-32 32v32c0 17.67 14.33 32 32 32h384c17.67 0 32-14.33 32-32v-32c0-17.67-14.33-32-32-32z\"><\/path><\/svg><\/span>\n\t\t\t<span class='e-closed'><svg aria-hidden=\"true\" class=\"e-font-icon-svg e-fas-plus\" viewBox=\"0 0 448 512\" xmlns=\"http:\/\/www.w3.org\/2000\/svg\"><path d=\"M416 208H272V64c0-17.67-14.33-32-32-32h-32c-17.67 0-32 14.33-32 32v144H32c-17.67 0-32 14.33-32 32v32c0 17.67 14.33 32 32 32h144v144c0 17.67 14.33 32 32 32h32c17.67 0 32-14.33 32-32V304h144c17.67 0 32-14.33 32-32v-32c0-17.67-14.33-32-32-32z\"><\/path><\/svg><\/span>\n\t\t<\/span>\n\n\t\t\t\t\t\t<\/summary>\n\t\t\t\t<div role=\"region\" aria-labelledby=\"e-n-accordion-item-8512\" class=\"elementor-element elementor-element-1be56c7 e-con-full e-flex e-con e-child\" data-id=\"1be56c7\" data-element_type=\"container\">\n\t\t<div role=\"region\" aria-labelledby=\"e-n-accordion-item-8512\" class=\"elementor-element elementor-element-280e610 e-flex e-con-boxed e-con e-child\" data-id=\"280e610\" data-element_type=\"container\">\n\t\t\t\t\t<div class=\"e-con-inner\">\n\t\t\t\t<div class=\"elementor-element elementor-element-68c0fcc elementor-widget elementor-widget-text-editor\" data-id=\"68c0fcc\" data-element_type=\"widget\" data-widget_type=\"text-editor.default\">\n\t\t\t\t\t\t\t\t\t<p>Em consult\u00f3rios de psicologia ou centros credenciados, que aplicam os testes estandardizados e emitem o certificado que deve ser entregue ao IMT.<\/p>\t\t\t\t\t\t\t\t<\/div>\n\t\t\t\t\t<\/div>\n\t\t\t\t<\/div>\n\t\t\t\t<\/div>\n\t\t\t\t\t<\/details>\n\t\t\t\t\t\t<details id=\"e-n-accordion-item-8513\" class=\"e-n-accordion-item\" >\n\t\t\t\t<summary class=\"e-n-accordion-item-title\" data-accordion-index=\"4\" tabindex=\"-1\" aria-expanded=\"false\" aria-controls=\"e-n-accordion-item-8513\" >\n\t\t\t\t\t<span class='e-n-accordion-item-title-header'><div class=\"e-n-accordion-item-title-text\"> O CAP \u00e9 o mesmo que o CAM? <\/div><\/span>\n\t\t\t\t\t\t\t<span class='e-n-accordion-item-title-icon'>\n\t\t\t<span class='e-opened' ><svg aria-hidden=\"true\" class=\"e-font-icon-svg e-fas-minus\" viewBox=\"0 0 448 512\" xmlns=\"http:\/\/www.w3.org\/2000\/svg\"><path d=\"M416 208H32c-17.67 0-32 14.33-32 32v32c0 17.67 14.33 32 32 32h384c17.67 0 32-14.33 32-32v-32c0-17.67-14.33-32-32-32z\"><\/path><\/svg><\/span>\n\t\t\t<span class='e-closed'><svg aria-hidden=\"true\" class=\"e-font-icon-svg e-fas-plus\" viewBox=\"0 0 448 512\" xmlns=\"http:\/\/www.w3.org\/2000\/svg\"><path d=\"M416 208H272V64c0-17.67-14.33-32-32-32h-32c-17.67 0-32 14.33-32 32v144H32c-17.67 0-32 14.33-32 32v32c0 17.67 14.33 32 32 32h144v144c0 17.67 14.33 32 32 32h32c17.67 0 32-14.33 32-32V304h144c17.67 0 32-14.33 32-32v-32c0-17.67-14.33-32-32-32z\"><\/path><\/svg><\/span>\n\t\t<\/span>\n\n\t\t\t\t\t\t<\/summary>\n\t\t\t\t<div role=\"region\" aria-labelledby=\"e-n-accordion-item-8513\" class=\"elementor-element elementor-element-68efcb5 e-con-full e-flex e-con e-child\" data-id=\"68efcb5\" data-element_type=\"container\">\n\t\t<div role=\"region\" aria-labelledby=\"e-n-accordion-item-8513\" class=\"elementor-element elementor-element-f92a33f e-flex e-con-boxed e-con e-child\" data-id=\"f92a33f\" data-element_type=\"container\">\n\t\t\t\t\t<div class=\"e-con-inner\">\n\t\t\t\t<div class=\"elementor-element elementor-element-6817322 elementor-widget elementor-widget-text-editor\" data-id=\"6817322\" data-element_type=\"widget\" data-widget_type=\"text-editor.default\">\n\t\t\t\t\t\t\t\t\t<p>N\u00e3o. O CAP avalia a aptid\u00e3o psicol\u00f3gica, enquanto o CAM ou CCP avalia compet\u00eancias te\u00f3rico-pr\u00e1ticas. Muitas vezes, ambos s\u00e3o exigidos a condutores profissionais.<\/p>\t\t\t\t\t\t\t\t<\/div>\n\t\t\t\t\t<\/div>\n\t\t\t\t<\/div>\n\t\t\t\t<\/div>\n\t\t\t\t\t<\/details>\n\t\t\t\t\t\t<details id=\"e-n-accordion-item-8514\" class=\"e-n-accordion-item\" >\n\t\t\t\t<summary class=\"e-n-accordion-item-title\" data-accordion-index=\"5\" tabindex=\"-1\" aria-expanded=\"false\" aria-controls=\"e-n-accordion-item-8514\" >\n\t\t\t\t\t<span class='e-n-accordion-item-title-header'><div class=\"e-n-accordion-item-title-text\"> Se conduzir ve\u00edculos pesados apenas para fins pessoais, preciso de CAP? <\/div><\/span>\n\t\t\t\t\t\t\t<span class='e-n-accordion-item-title-icon'>\n\t\t\t<span class='e-opened' ><svg aria-hidden=\"true\" class=\"e-font-icon-svg e-fas-minus\" viewBox=\"0 0 448 512\" xmlns=\"http:\/\/www.w3.org\/2000\/svg\"><path d=\"M416 208H32c-17.67 0-32 14.33-32 32v32c0 17.67 14.33 32 32 32h384c17.67 0 32-14.33 32-32v-32c0-17.67-14.33-32-32-32z\"><\/path><\/svg><\/span>\n\t\t\t<span class='e-closed'><svg aria-hidden=\"true\" class=\"e-font-icon-svg e-fas-plus\" viewBox=\"0 0 448 512\" xmlns=\"http:\/\/www.w3.org\/2000\/svg\"><path d=\"M416 208H272V64c0-17.67-14.33-32-32-32h-32c-17.67 0-32 14.33-32 32v144H32c-17.67 0-32 14.33-32 32v32c0 17.67 14.33 32 32 32h144v144c0 17.67 14.33 32 32 32h32c17.67 0 32-14.33 32-32V304h144c17.67 0 32-14.33 32-32v-32c0-17.67-14.33-32-32-32z\"><\/path><\/svg><\/span>\n\t\t<\/span>\n\n\t\t\t\t\t\t<\/summary>\n\t\t\t\t<div role=\"region\" aria-labelledby=\"e-n-accordion-item-8514\" class=\"elementor-element elementor-element-17f2b4c e-con-full e-flex e-con e-child\" data-id=\"17f2b4c\" data-element_type=\"container\">\n\t\t<div role=\"region\" aria-labelledby=\"e-n-accordion-item-8514\" class=\"elementor-element elementor-element-53fe539 e-flex e-con-boxed e-con e-child\" data-id=\"53fe539\" data-element_type=\"container\">\n\t\t\t\t\t<div class=\"e-con-inner\">\n\t\t\t\t<div class=\"elementor-element elementor-element-d3cc363 elementor-widget elementor-widget-text-editor\" data-id=\"d3cc363\" data-element_type=\"widget\" data-widget_type=\"text-editor.default\">\n\t\t\t\t\t\t\t\t\t<p>N\u00e3o. Condutores amadores das categorias C1 e C1E que n\u00e3o exercem a condu\u00e7\u00e3o como profiss\u00e3o est\u00e3o dispensados do CAP; basta o atestado m\u00e9dico.<\/p>\t\t\t\t\t\t\t\t<\/div>\n\t\t\t\t\t<\/div>\n\t\t\t\t<\/div>\n\t\t\t\t<\/div>\n\t\t\t\t\t<\/details>\n\t\t\t\t\t<\/div>\n\t\t\t\t\t<script type=\"application\/ld+json\">{\"@context\":\"https:\\\/\\\/schema.org\",\"@type\":\"FAQPage\",\"mainEntity\":[{\"@type\":\"Question\",\"name\":\"Todos os motoristas de pesados precisam de CAP?\",\"acceptedAnswer\":{\"@type\":\"Answer\",\"text\":\"Sim, desde que a condu\\u00e7\\u00e3o seja para fins profissionais. O Certificado de Aptid\\u00e3o Psicol\\u00f3gica \\u00e9 exigido a partir dos 50 anos e deve ser renovado de cinco em cinco anos.\"}},{\"@type\":\"Question\",\"name\":\"Sou condutor de ambul\\u00e2ncia. Preciso de CAP mesmo com carta da categoria B?\",\"acceptedAnswer\":{\"@type\":\"Answer\",\"text\":\"Sim. A legisla\\u00e7\\u00e3o inclui condutores de ambul\\u00e2ncias e ve\\u00edculos de transporte de doentes no Grupo 2, exigindo atestado m\\u00e9dico e CAP.\"}},{\"@type\":\"Question\",\"name\":\"Onde posso fazer o teste psicol\\u00f3gico?\",\"acceptedAnswer\":{\"@type\":\"Answer\",\"text\":\"Em consult\\u00f3rios de psicologia ou centros credenciados, que aplicam os testes estandardizados e emitem o certificado que deve ser entregue ao IMT.\"}},{\"@type\":\"Question\",\"name\":\"O CAP \\u00e9 o mesmo que o CAM?\",\"acceptedAnswer\":{\"@type\":\"Answer\",\"text\":\"N\\u00e3o. O CAP avalia a aptid\\u00e3o psicol\\u00f3gica, enquanto o CAM ou CCP avalia compet\\u00eancias te\\u00f3rico-pr\\u00e1ticas. Muitas vezes, ambos s\\u00e3o exigidos a condutores profissionais.\"}},{\"@type\":\"Question\",\"name\":\"Se conduzir ve\\u00edculos pesados apenas para fins pessoais, preciso de CAP?\",\"acceptedAnswer\":{\"@type\":\"Answer\",\"text\":\"N\\u00e3o. Condutores amadores das categorias C1 e C1E que n\\u00e3o exercem a condu\\u00e7\\u00e3o como profiss\\u00e3o est\\u00e3o dispensados do CAP; basta o atestado m\\u00e9dico.\"}}]}<\/script>\n\t\t\t\t\t\t\t<\/div>\n\t\t\t\t<\/div>\n\t\t\t\t\t<\/div>\n\t\t\t\t<\/div>\n\t\t<div class=\"elementor-element elementor-element-4aee224 e-flex e-con-boxed e-con e-parent\" data-id=\"4aee224\" data-element_type=\"container\">\n\t\t\t\t\t<div class=\"e-con-inner\">\n\t\t\t\t<div class=\"elementor-element elementor-element-14f68f7 elementor-widget elementor-widget-heading\" data-id=\"14f68f7\" data-element_type=\"widget\" data-widget_type=\"heading.default\">\n\t\t\t\t\t<h2 class=\"elementor-heading-title elementor-size-default\">Fontes<\/h2>\t\t\t\t<\/div>\n\t\t\t\t<div class=\"elementor-element elementor-element-05869f5 elementor-widget elementor-widget-text-editor\" data-id=\"05869f5\" data-element_type=\"widget\" data-widget_type=\"text-editor.default\">\n\t\t\t\t\t\t\t\t\t<p data-start=\"5977\" data-end=\"6089\"><a href=\"https:\/\/www.dgs.pt\/\" rel=\"nofollow noopener\" target=\"_blank\">Dire\u00e7\u00e3o-Geral da Sa\u00fade \u2013 crit\u00e9rios de grupos e categorias (condutores profissionais)<\/a><br \/><a href=\"https:\/\/www.imt-ip.pt\/condutores\" rel=\"nofollow noopener\" target=\"_blank\">IMT \u2013 categorias profissionais e requisitos de revalida\u00e7\u00e3o<\/a><br \/><a href=\"https:\/\/www.doutorfinancas.pt\/\" rel=\"nofollow noopener\" target=\"_blank\">Guia de revalida\u00e7\u00e3o da carta \u2013 Doutor Finan\u00e7as (regras e CAP)<\/a><br \/><a href=\"https:\/\/www.caetano.pt\/\" rel=\"nofollow noopener\" target=\"_blank\">Caetano.pt \u2013 procedimentos de revalida\u00e7\u00e3o e documenta\u00e7\u00e3o<\/a><br \/><a href=\"https:\/\/www.ordemdospsicologos.pt\/\" rel=\"dofollow noopener\" target=\"_blank\">Informa\u00e7\u00e3o sobre avalia\u00e7\u00e3o psicol\u00f3gica em condutores profissionais<\/a><\/p>\t\t\t\t\t\t\t\t<\/div>\n\t\t\t\t\t<\/div>\n\t\t\t\t<\/div>\n\t\t\t\t<\/div>\n\t\t","protected":false},"excerpt":{"rendered":"<p>Saiba quais os requisitos para condutores profissionais, quando \u00e9 exigido o certificado de aptid\u00e3o psicol\u00f3gica (CAP) e como obter este documento para a revalida\u00e7\u00e3o da carta.<\/p>","protected":false},"author":2964,"featured_media":53491,"comment_status":"closed","ping_status":"closed","sticky":false,"template":"","format":"standard","meta":{"_jetpack_memberships_contains_paid_content":false,"footnotes":""},"categories":[137],"tags":[],"class_list":["post-53478","post","type-post","status-publish","format-standard","has-post-thumbnail","hentry","category-carta-de-conducao"],"jetpack_featured_media_url":"https:\/\/www.mediconanet.pt\/wp-content\/uploads\/2026\/02\/certificado-de-aptidao-psicologica-requisitos.jpg","jetpack_sharing_enabled":true,"_links":{"self":[{"href":"https:\/\/www.mediconanet.pt\/en\/wp-json\/wp\/v2\/posts\/53478","targetHints":{"allow":["GET"]}}],"collection":[{"href":"https:\/\/www.mediconanet.pt\/en\/wp-json\/wp\/v2\/posts"}],"about":[{"href":"https:\/\/www.mediconanet.pt\/en\/wp-json\/wp\/v2\/types\/post"}],"author":[{"embeddable":true,"href":"https:\/\/www.mediconanet.pt\/en\/wp-json\/wp\/v2\/users\/2964"}],"replies":[{"embeddable":true,"href":"https:\/\/www.mediconanet.pt\/en\/wp-json\/wp\/v2\/comments?post=53478"}],"version-history":[{"count":8,"href":"https:\/\/www.mediconanet.pt\/en\/wp-json\/wp\/v2\/posts\/53478\/revisions"}],"predecessor-version":[{"id":53501,"href":"https:\/\/www.mediconanet.pt\/en\/wp-json\/wp\/v2\/posts\/53478\/revisions\/53501"}],"wp:featuredmedia":[{"embeddable":true,"href":"https:\/\/www.mediconanet.pt\/en\/wp-json\/wp\/v2\/media\/53491"}],"wp:attachment":[{"href":"https:\/\/www.mediconanet.pt\/en\/wp-json\/wp\/v2\/media?parent=53478"}],"wp:term":[{"taxonomy":"category","embeddable":true,"href":"https:\/\/www.mediconanet.pt\/en\/wp-json\/wp\/v2\/categories?post=53478"},{"taxonomy":"post_tag","embeddable":true,"href":"https:\/\/www.mediconanet.pt\/en\/wp-json\/wp\/v2\/tags?post=53478"}],"curies":[{"name":"wp","href":"https:\/\/api.w.org\/{rel}","templated":true}]}}