{"id":53550,"date":"2026-02-02T12:26:52","date_gmt":"2026-02-02T12:26:52","guid":{"rendered":"https:\/\/www.mediconanet.pt\/?p=53550"},"modified":"2026-02-02T19:29:12","modified_gmt":"2026-02-02T19:29:12","slug":"atestados-medicos-de-conducao-no-mundo","status":"publish","type":"post","link":"https:\/\/www.mediconanet.pt\/en\/atestados-medicos-de-conducao-no-mundo\/","title":{"rendered":"Atestados de condu\u00e7\u00e3o no mundo: como Portugal se compara a outros pa\u00edses"},"content":{"rendered":"\t\t<div data-elementor-type=\"wp-post\" data-elementor-id=\"53550\" class=\"elementor elementor-53550\" data-elementor-post-type=\"post\">\n\t\t\t\t<div class=\"elementor-element elementor-element-a96957b e-flex e-con-boxed e-con e-parent\" data-id=\"a96957b\" data-element_type=\"container\">\n\t\t\t\t\t<div class=\"e-con-inner\">\n\t\t\t\t<div class=\"elementor-element elementor-element-7a4d469 elementor-widget elementor-widget-text-editor\" data-id=\"7a4d469\" data-element_type=\"widget\" data-widget_type=\"text-editor.default\">\n\t\t\t\t\t\t\t\t\t<p>As regras para emiss\u00e3o e revalida\u00e7\u00e3o de cartas de condu\u00e7\u00e3o variam amplamente entre pa\u00edses, reflectindo diferentes abordagens \u00e0 seguran\u00e7a rodovi\u00e1ria e \u00e0 responsabilidade individual. Em Portugal, os <strong data-start=\"463\" data-end=\"496\">atestados m\u00e9dicos de condu\u00e7\u00e3o<\/strong> s\u00e3o obrigat\u00f3rios a partir de determinadas idades e para condutores profissionais. Mas como \u00e9 que outros pa\u00edses tratam a aptid\u00e3o f\u00edsica e mental dos seus condutores? Neste artigo, comparamos o regime portugu\u00eas com o de alguns Estados europeus e discutimos tend\u00eancias globais.<\/p>\t\t\t\t\t\t\t\t<\/div>\n\t\t\t\t<div class=\"elementor-element elementor-element-676386a elementor-widget elementor-widget-heading\" data-id=\"676386a\" data-element_type=\"widget\" data-widget_type=\"heading.default\">\n\t\t\t\t\t<h2 class=\"elementor-heading-title elementor-size-default\">Portugal: atestados m\u00e9dicos de condu\u00e7\u00e3o em idades definidas<\/h2>\t\t\t\t<\/div>\n\t\t\t\t<div class=\"elementor-element elementor-element-0ca978d elementor-widget elementor-widget-text-editor\" data-id=\"0ca978d\" data-element_type=\"widget\" data-widget_type=\"text-editor.default\">\n\t\t\t\t\t\t\t\t\t<p>Portugal exige atestados m\u00e9dicos de condu\u00e7\u00e3o para condutores do <strong>Grupo 1<\/strong> (ligeiros) a partir dos 60 anos (50 anos para cartas mais antigas) e em todas as revalida\u00e7\u00f5es do <strong>Grupo 2<\/strong>. O atestado \u00e9 electr\u00f3nico e transmitido ao IMT, e o prazo de validade da carta \u00e9 de 15 anos at\u00e9 aos 60 anos para ligeiros e de 5 anos para pesados. A idade limite para conduzir alguns ve\u00edculos pesados foi fixada nos 67 anos. Os condutores que apresentem doen\u00e7as espec\u00edficas devem cumprir crit\u00e9rios de aptid\u00e3o estabelecidos por lei.<\/p>\t\t\t\t\t\t\t\t<\/div>\n\t\t\t\t<div class=\"elementor-element elementor-element-5121d44 elementor-widget elementor-widget-heading\" data-id=\"5121d44\" data-element_type=\"widget\" data-widget_type=\"heading.default\">\n\t\t\t\t\t<h2 class=\"elementor-heading-title elementor-size-default\">Espanha e Fran\u00e7a: exames menos frequentes<\/h2>\t\t\t\t<\/div>\n\t\t\t\t<div class=\"elementor-element elementor-element-df25367 elementor-widget elementor-widget-text-editor\" data-id=\"df25367\" data-element_type=\"widget\" data-widget_type=\"text-editor.default\">\n\t\t\t\t\t\t\t\t\t<p data-start=\"1411\" data-end=\"2028\">Em Espanha, a carta de condu\u00e7\u00e3o para ve\u00edculos ligeiros (permiso B) \u00e9 v\u00e1lida por 10 anos at\u00e9 aos 65 anos e por 5 anos a partir dessa idade. \u00c9 necess\u00e1rio um exame m\u00e9dico nas revalida\u00e7\u00f5es, mas a avalia\u00e7\u00e3o \u00e9 sobretudo administrativa. Para condutores profissionais, a validade \u00e9 de 5 anos e exige-se exame psicot\u00e9cnico. A Fran\u00e7a segue abordagem semelhante: a carta \u00e9 v\u00e1lida por 15 anos e, at\u00e9 recentemente, n\u00e3o havia obrigatoriedade de exame m\u00e9dico para condutores particulares. Contudo, condutores com doen\u00e7as graves ou que tomem medicamentos espec\u00edficos s\u00e3o aconselhados a comunicar ao m\u00e9dico e podem receber restri\u00e7\u00f5es.<\/p>\t\t\t\t\t\t\t\t<\/div>\n\t\t\t\t<div class=\"elementor-element elementor-element-8a4d8c1 elementor-widget elementor-widget-heading\" data-id=\"8a4d8c1\" data-element_type=\"widget\" data-widget_type=\"heading.default\">\n\t\t\t\t\t<h2 class=\"elementor-heading-title elementor-size-default\">It\u00e1lia, Alemanha e Reino Unido: foco na auto-responsabilidade<\/h2>\t\t\t\t<\/div>\n\t\t\t\t<div class=\"elementor-element elementor-element-2fdac72 elementor-widget elementor-widget-text-editor\" data-id=\"2fdac72\" data-element_type=\"widget\" data-widget_type=\"text-editor.default\">\n\t\t\t\t\t\t\t\t\t<p data-start=\"2105\" data-end=\"2962\">Na It\u00e1lia, a carta B \u00e9 v\u00e1lida por 10 anos at\u00e9 aos 50 anos, 5 anos at\u00e9 aos 70 anos e 3 anos a partir dos 70. A revalida\u00e7\u00e3o exige exame m\u00e9dico simples, mas n\u00e3o h\u00e1 avalia\u00e7\u00e3o psicol\u00f3gica. A Alemanha adopta sistema de <strong>auto-declara\u00e7\u00e3o de sa\u00fade<\/strong>: os condutores s\u00e3o respons\u00e1veis por informar a autoridade caso surjam doen\u00e7as que afectem a aptid\u00e3o. Para pesados e transporte p\u00fablico h\u00e1 exames m\u00e9dicos regulares. No Reino Unido, as cartas de condu\u00e7\u00e3o s\u00e3o v\u00e1lidas at\u00e9 aos 70 anos; a partir dessa idade, a revalida\u00e7\u00e3o \u00e9 de 3 em 3 anos e n\u00e3o existe exame m\u00e9dico obrigat\u00f3rio, embora os condutores tenham de declarar que se mant\u00eam aptos. Apenas quem possui condi\u00e7\u00f5es m\u00e9dicas espec\u00edficas, como epilepsia, problemas card\u00edacos ou vis\u00e3o reduzida, deve comunicar \u00e0 Driver and Vehicle Licensing Agency (DVLA). A ag\u00eancia pode solicitar relat\u00f3rios m\u00e9dicos ou determinar restri\u00e7\u00f5es.<\/p>\t\t\t\t\t\t\t\t<\/div>\n\t\t\t\t<div class=\"elementor-element elementor-element-e8924af elementor-widget elementor-widget-heading\" data-id=\"e8924af\" data-element_type=\"widget\" data-widget_type=\"heading.default\">\n\t\t\t\t\t<h2 class=\"elementor-heading-title elementor-size-default\">Pa\u00edses N\u00f3rdicos e Holanda: avalia\u00e7\u00f5es baseadas na fun\u00e7\u00e3o<\/h2>\t\t\t\t<\/div>\n\t\t\t\t<div class=\"elementor-element elementor-element-c592d03 elementor-widget elementor-widget-text-editor\" data-id=\"c592d03\" data-element_type=\"widget\" data-widget_type=\"text-editor.default\">\n\t\t\t\t\t\t\t\t\t<p data-start=\"3034\" data-end=\"3573\">Na Su\u00e9cia, Dinamarca e Finl\u00e2ndia, n\u00e3o existe exame m\u00e9dico obrigat\u00f3rio para condutores de ligeiros. O princ\u00edpio da <strong>auto-responsabilidade<\/strong> predomina: os condutores s\u00e3o legalmente obrigados a avaliar se est\u00e3o aptos a conduzir e a informar as autoridades em caso de doen\u00e7a. S\u00f3 condutores de pesados ou autocarros passam por exames m\u00e9dicos regulares. A Holanda aplica sistema semelhante; condutores com idade superior a 75 anos necessitam de relat\u00f3rio m\u00e9dico e podem ser sujeitos a revalida\u00e7\u00e3o mais frequente, mas n\u00e3o existe avalia\u00e7\u00e3o universal.<\/p>\t\t\t\t\t\t\t\t<\/div>\n\t\t\t\t<div class=\"elementor-element elementor-element-d2fcc6a elementor-widget elementor-widget-heading\" data-id=\"d2fcc6a\" data-element_type=\"widget\" data-widget_type=\"heading.default\">\n\t\t\t\t\t<h2 class=\"elementor-heading-title elementor-size-default\">Estados Unidos e Canad\u00e1: diversidade regional<\/h2>\t\t\t\t<\/div>\n\t\t\t\t<div class=\"elementor-element elementor-element-dfbc8e0 elementor-widget elementor-widget-text-editor\" data-id=\"dfbc8e0\" data-element_type=\"widget\" data-widget_type=\"text-editor.default\">\n\t\t\t\t\t\t\t\t\t<p data-start=\"3634\" data-end=\"4079\">Nos EUA e no Canad\u00e1, as regras variam por estado ou prov\u00edncia. Muitos estados emitem cartas sem prazo de validade definido e n\u00e3o exigem exames m\u00e9dicos, excepto para condu\u00e7\u00e3o comercial. Alguns estados canadianos exigem revalida\u00e7\u00e3o e exame visual a partir dos 75 anos. Em geral, h\u00e1 forte \u00eanfase na auto-declara\u00e7\u00e3o e na responsabilidade pessoal; os m\u00e9dicos podem aconselhar a suspens\u00e3o da carta, mas a decis\u00e3o cabe ao condutor e \u00e0 autoridade local.<\/p>\t\t\t\t\t\t\t\t<\/div>\n\t\t\t\t<div class=\"elementor-element elementor-element-1b93517 elementor-widget elementor-widget-image\" data-id=\"1b93517\" data-element_type=\"widget\" data-widget_type=\"image.default\">\n\t\t\t\t\t\t\t\t\t\t\t\t\t\t\t<img fetchpriority=\"high\" decoding=\"async\" width=\"800\" height=\"448\" src=\"https:\/\/www.mediconanet.pt\/wp-content\/uploads\/2026\/02\/atestados-de-conducao-portugal-consulta-online-comparacao-internacional-1024x573.jpg\" class=\"attachment-large size-large wp-image-53589\" alt=\"Consulta m\u00e9dica online para avalia\u00e7\u00e3o de atestados m\u00e9dicos de condu\u00e7\u00e3o em Portugal, no contexto da compara\u00e7\u00e3o com outros pa\u00edses\" srcset=\"https:\/\/www.mediconanet.pt\/wp-content\/uploads\/2026\/02\/atestados-de-conducao-portugal-consulta-online-comparacao-internacional-1024x573.jpg 1024w, https:\/\/www.mediconanet.pt\/wp-content\/uploads\/2026\/02\/atestados-de-conducao-portugal-consulta-online-comparacao-internacional-300x168.jpg 300w, https:\/\/www.mediconanet.pt\/wp-content\/uploads\/2026\/02\/atestados-de-conducao-portugal-consulta-online-comparacao-internacional-768x430.jpg 768w, https:\/\/www.mediconanet.pt\/wp-content\/uploads\/2026\/02\/atestados-de-conducao-portugal-consulta-online-comparacao-internacional-1536x860.jpg 1536w, https:\/\/www.mediconanet.pt\/wp-content\/uploads\/2026\/02\/atestados-de-conducao-portugal-consulta-online-comparacao-internacional-18x10.jpg 18w, https:\/\/www.mediconanet.pt\/wp-content\/uploads\/2026\/02\/atestados-de-conducao-portugal-consulta-online-comparacao-internacional-600x336.jpg 600w, https:\/\/www.mediconanet.pt\/wp-content\/uploads\/2026\/02\/atestados-de-conducao-portugal-consulta-online-comparacao-internacional.jpg 1600w\" sizes=\"(max-width: 800px) 100vw, 800px\" \/>\t\t\t\t\t\t\t\t\t\t\t\t\t\t\t<\/div>\n\t\t\t\t<div class=\"elementor-element elementor-element-4f6e1b3 elementor-widget elementor-widget-heading\" data-id=\"4f6e1b3\" data-element_type=\"widget\" data-widget_type=\"heading.default\">\n\t\t\t\t\t<h2 class=\"elementor-heading-title elementor-size-default\">Tend\u00eancias europeias: digitaliza\u00e7\u00e3o e avalia\u00e7\u00e3o por compet\u00eancias<\/h2>\t\t\t\t<\/div>\n\t\t\t\t<div class=\"elementor-element elementor-element-4461940 elementor-widget elementor-widget-text-editor\" data-id=\"4461940\" data-element_type=\"widget\" data-widget_type=\"text-editor.default\">\n\t\t\t\t\t\t\t\t\t<p>No \u00e2mbito da Uni\u00e3o Europeia, discute-se actualmente a cria\u00e7\u00e3o de uma <strong>carta de condu\u00e7\u00e3o digital<\/strong> e a possibilidade de obter a carta com 17 anos, acompanhados de tutor. A proposta prev\u00ea que a validade m\u00ednima seja de 15 anos para ligeiros e 5 anos para pesados, assim como a realiza\u00e7\u00e3o de exames focados nas <strong>compet\u00eancias funcionais<\/strong> em vez de crit\u00e9rios puramente et\u00e1rios. Portugal j\u00e1 alinha a validade com estes valores e implementou a desmaterializa\u00e7\u00e3o dos <strong data-start=\"4612\" data-end=\"4645\">atestados m\u00e9dicos de condu\u00e7\u00e3o<\/strong>. Ainda assim, o debate continua: alguns especialistas defendem avalia\u00e7\u00f5es m\u00e9dicas peri\u00f3dicas para condutores s\u00e9niores, enquanto outros apontam para a auto-regula\u00e7\u00e3o e educa\u00e7\u00e3o cont\u00ednua.<\/p>\t\t\t\t\t\t\t\t<\/div>\n\t\t\t\t<div class=\"elementor-element elementor-element-a98910d elementor-widget elementor-widget-heading\" data-id=\"a98910d\" data-element_type=\"widget\" data-widget_type=\"heading.default\">\n\t\t\t\t\t<h2 class=\"elementor-heading-title elementor-size-default\">Conclus\u00e3o<\/h2>\t\t\t\t<\/div>\n\t\t\t\t<div class=\"elementor-element elementor-element-2950be8 elementor-widget elementor-widget-text-editor\" data-id=\"2950be8\" data-element_type=\"widget\" data-widget_type=\"text-editor.default\">\n\t\t\t\t\t\t\t\t\t<p data-start=\"4551\" data-end=\"4689\">A compara\u00e7\u00e3o internacional mostra que Portugal adopta uma posi\u00e7\u00e3o interm\u00e9dia: exige exames m\u00e9dicos a partir de idades definidas e para profissionais, mas tamb\u00e9m prolonga a validade das cartas e investe na digitaliza\u00e7\u00e3o. Pa\u00edses como Alemanha e Reino Unido privilegiam a responsabilidade individual, enquanto Espanha, Fran\u00e7a e It\u00e1lia exigem exames regulares mas com menor frequ\u00eancia. As futuras directivas europeias poder\u00e3o uniformizar procedimentos e introduzir a carta digital, mantendo o desafio de equilibrar liberdade de circula\u00e7\u00e3o e seguran\u00e7a rodovi\u00e1ria.<\/p><p data-start=\"4551\" data-end=\"4689\">Atrav\u00e9s do\u00a0<strong>M\u00e9dico na Net<\/strong>, \u00e9 poss\u00edvel realizar online a<a href=\"https:\/\/www.mediconanet.pt\/produto\/atestado-para-carta-de-conducao\/\">\u00a0<strong>consulta m\u00e9dica<\/strong><\/a> necess\u00e1ria para a emiss\u00e3o do atestado m\u00e9dico de de condu\u00e7\u00e3o. A avalia\u00e7\u00e3o \u00e9 feita por videoconsulta, permitindo cumprir os requisitos legais sem desloca\u00e7\u00f5es.<\/p><p data-start=\"355\" data-end=\"704\">Sempre que clinicamente indicado, o atestado m\u00e9dico \u00e9 emitido e enviado electronicamente para o Instituto da Mobilidade e dos Transportes (IMT), sendo igualmente disponibilizado ao utente. Esta consulta destina-se \u00e0 renova\u00e7\u00e3o da carta, obten\u00e7\u00e3o da primeira carta, altera\u00e7\u00e3o de categoria, substitui\u00e7\u00e3o de carta estrangeira ou averbamento do Grupo II.<\/p>\t\t\t\t\t\t\t\t<\/div>\n\t\t\t\t\t<\/div>\n\t\t\t\t<\/div>\n\t\t<div class=\"elementor-element elementor-element-b0cef45 e-con-full e-flex e-con e-parent\" data-id=\"b0cef45\" data-element_type=\"container\">\n\t\t<div class=\"elementor-element elementor-element-71e99e6 e-con-full e-flex e-con e-child\" data-id=\"71e99e6\" data-element_type=\"container\">\n\t\t\t\t<div class=\"elementor-element elementor-element-c404770 elementor-widget elementor-widget-heading\" data-id=\"c404770\" data-element_type=\"widget\" data-widget_type=\"heading.default\">\n\t\t\t\t\t<h2 class=\"elementor-heading-title elementor-size-default\">Perguntas frequentes (FAQ)<\/h2>\t\t\t\t<\/div>\n\t\t\t\t<div class=\"elementor-element elementor-element-a7cdfb7 elementor-widget elementor-widget-n-accordion\" data-id=\"a7cdfb7\" data-element_type=\"widget\" data-settings=\"{&quot;default_state&quot;:&quot;all_collapsed&quot;,&quot;max_items_expended&quot;:&quot;one&quot;,&quot;n_accordion_animation_duration&quot;:{&quot;unit&quot;:&quot;ms&quot;,&quot;size&quot;:400,&quot;sizes&quot;:[]}}\" data-widget_type=\"nested-accordion.default\">\n\t\t\t\t\t\t\t<div class=\"e-n-accordion\" aria-label=\"Accordion. Open links with Enter or Space, close with Escape, and navigate with Arrow Keys\">\n\t\t\t\t\t\t<details id=\"e-n-accordion-item-1750\" class=\"e-n-accordion-item\" >\n\t\t\t\t<summary class=\"e-n-accordion-item-title\" data-accordion-index=\"1\" tabindex=\"0\" aria-expanded=\"false\" aria-controls=\"e-n-accordion-item-1750\" >\n\t\t\t\t\t<span class='e-n-accordion-item-title-header'><div class=\"e-n-accordion-item-title-text\"> Os condutores portugueses s\u00e3o mais controlados do que os de outros pa\u00edses? <\/div><\/span>\n\t\t\t\t\t\t\t<span class='e-n-accordion-item-title-icon'>\n\t\t\t<span class='e-opened' ><svg aria-hidden=\"true\" class=\"e-font-icon-svg e-fas-minus\" viewBox=\"0 0 448 512\" xmlns=\"http:\/\/www.w3.org\/2000\/svg\"><path d=\"M416 208H32c-17.67 0-32 14.33-32 32v32c0 17.67 14.33 32 32 32h384c17.67 0 32-14.33 32-32v-32c0-17.67-14.33-32-32-32z\"><\/path><\/svg><\/span>\n\t\t\t<span class='e-closed'><svg aria-hidden=\"true\" class=\"e-font-icon-svg e-fas-plus\" viewBox=\"0 0 448 512\" xmlns=\"http:\/\/www.w3.org\/2000\/svg\"><path d=\"M416 208H272V64c0-17.67-14.33-32-32-32h-32c-17.67 0-32 14.33-32 32v144H32c-17.67 0-32 14.33-32 32v32c0 17.67 14.33 32 32 32h144v144c0 17.67 14.33 32 32 32h32c17.67 0 32-14.33 32-32V304h144c17.67 0 32-14.33 32-32v-32c0-17.67-14.33-32-32-32z\"><\/path><\/svg><\/span>\n\t\t<\/span>\n\n\t\t\t\t\t\t<\/summary>\n\t\t\t\t<div role=\"region\" aria-labelledby=\"e-n-accordion-item-1750\" class=\"elementor-element elementor-element-452850d e-con-full e-flex e-con e-child\" data-id=\"452850d\" data-element_type=\"container\">\n\t\t<div role=\"region\" aria-labelledby=\"e-n-accordion-item-1750\" class=\"elementor-element elementor-element-a1cfcc1 e-flex e-con-boxed e-con e-child\" data-id=\"a1cfcc1\" data-element_type=\"container\">\n\t\t\t\t\t<div class=\"e-con-inner\">\n\t\t\t\t<div class=\"elementor-element elementor-element-d9526ef elementor-widget elementor-widget-text-editor\" data-id=\"d9526ef\" data-element_type=\"widget\" data-widget_type=\"text-editor.default\">\n\t\t\t\t\t\t\t\t\t<p>Depende. Portugal exige <strong data-start=\"5538\" data-end=\"5571\">atestados m\u00e9dicos de condu\u00e7\u00e3o<\/strong> em idades definidas, mas permite validades longas (15 anos para ligeiros). Em pa\u00edses n\u00f3rdicos, n\u00e3o h\u00e1 exame m\u00e9dico universal; noutros pa\u00edses, a revalida\u00e7\u00e3o \u00e9 mais frequente.<\/p>\t\t\t\t\t\t\t\t<\/div>\n\t\t\t\t\t<\/div>\n\t\t\t\t<\/div>\n\t\t\t\t<\/div>\n\t\t\t\t\t<\/details>\n\t\t\t\t\t\t<details id=\"e-n-accordion-item-1751\" class=\"e-n-accordion-item\" >\n\t\t\t\t<summary class=\"e-n-accordion-item-title\" data-accordion-index=\"2\" tabindex=\"-1\" aria-expanded=\"false\" aria-controls=\"e-n-accordion-item-1751\" >\n\t\t\t\t\t<span class='e-n-accordion-item-title-header'><div class=\"e-n-accordion-item-title-text\"> Na Alemanha e Reino Unido n\u00e3o h\u00e1 exames m\u00e9dicos? <\/div><\/span>\n\t\t\t\t\t\t\t<span class='e-n-accordion-item-title-icon'>\n\t\t\t<span class='e-opened' ><svg aria-hidden=\"true\" class=\"e-font-icon-svg e-fas-minus\" viewBox=\"0 0 448 512\" xmlns=\"http:\/\/www.w3.org\/2000\/svg\"><path d=\"M416 208H32c-17.67 0-32 14.33-32 32v32c0 17.67 14.33 32 32 32h384c17.67 0 32-14.33 32-32v-32c0-17.67-14.33-32-32-32z\"><\/path><\/svg><\/span>\n\t\t\t<span class='e-closed'><svg aria-hidden=\"true\" class=\"e-font-icon-svg e-fas-plus\" viewBox=\"0 0 448 512\" xmlns=\"http:\/\/www.w3.org\/2000\/svg\"><path d=\"M416 208H272V64c0-17.67-14.33-32-32-32h-32c-17.67 0-32 14.33-32 32v144H32c-17.67 0-32 14.33-32 32v32c0 17.67 14.33 32 32 32h144v144c0 17.67 14.33 32 32 32h32c17.67 0 32-14.33 32-32V304h144c17.67 0 32-14.33 32-32v-32c0-17.67-14.33-32-32-32z\"><\/path><\/svg><\/span>\n\t\t<\/span>\n\n\t\t\t\t\t\t<\/summary>\n\t\t\t\t<div role=\"region\" aria-labelledby=\"e-n-accordion-item-1751\" class=\"elementor-element elementor-element-591be02 e-con-full e-flex e-con e-child\" data-id=\"591be02\" data-element_type=\"container\">\n\t\t<div role=\"region\" aria-labelledby=\"e-n-accordion-item-1751\" class=\"elementor-element elementor-element-07cdccf e-flex e-con-boxed e-con e-child\" data-id=\"07cdccf\" data-element_type=\"container\">\n\t\t\t\t\t<div class=\"e-con-inner\">\n\t\t\t\t<div class=\"elementor-element elementor-element-e93b2d8 elementor-widget elementor-widget-text-editor\" data-id=\"e93b2d8\" data-element_type=\"widget\" data-widget_type=\"text-editor.default\">\n\t\t\t\t\t\t\t\t\t<p>Depende. Portugal exige <strong data-start=\"5538\" data-end=\"5571\">atestados m\u00e9dicos de condu\u00e7\u00e3o<\/strong> em idades definidas, mas permite validades longas (15 anos para ligeiros). Em pa\u00edses n\u00f3rdicos, n\u00e3o h\u00e1 exame m\u00e9dico universal; noutros pa\u00edses, a revalida\u00e7\u00e3o \u00e9 mais frequente.<\/p>\t\t\t\t\t\t\t\t<\/div>\n\t\t\t\t\t<\/div>\n\t\t\t\t<\/div>\n\t\t\t\t<\/div>\n\t\t\t\t\t<\/details>\n\t\t\t\t\t\t<details id=\"e-n-accordion-item-1752\" class=\"e-n-accordion-item\" >\n\t\t\t\t<summary class=\"e-n-accordion-item-title\" data-accordion-index=\"3\" tabindex=\"-1\" aria-expanded=\"false\" aria-controls=\"e-n-accordion-item-1752\" >\n\t\t\t\t\t<span class='e-n-accordion-item-title-header'><div class=\"e-n-accordion-item-title-text\"> A UE vai impor exames m\u00e9dicos obrigat\u00f3rios a todos? <\/div><\/span>\n\t\t\t\t\t\t\t<span class='e-n-accordion-item-title-icon'>\n\t\t\t<span class='e-opened' ><svg aria-hidden=\"true\" class=\"e-font-icon-svg e-fas-minus\" viewBox=\"0 0 448 512\" xmlns=\"http:\/\/www.w3.org\/2000\/svg\"><path d=\"M416 208H32c-17.67 0-32 14.33-32 32v32c0 17.67 14.33 32 32 32h384c17.67 0 32-14.33 32-32v-32c0-17.67-14.33-32-32-32z\"><\/path><\/svg><\/span>\n\t\t\t<span class='e-closed'><svg aria-hidden=\"true\" class=\"e-font-icon-svg e-fas-plus\" viewBox=\"0 0 448 512\" xmlns=\"http:\/\/www.w3.org\/2000\/svg\"><path d=\"M416 208H272V64c0-17.67-14.33-32-32-32h-32c-17.67 0-32 14.33-32 32v144H32c-17.67 0-32 14.33-32 32v32c0 17.67 14.33 32 32 32h144v144c0 17.67 14.33 32 32 32h32c17.67 0 32-14.33 32-32V304h144c17.67 0 32-14.33 32-32v-32c0-17.67-14.33-32-32-32z\"><\/path><\/svg><\/span>\n\t\t<\/span>\n\n\t\t\t\t\t\t<\/summary>\n\t\t\t\t<div role=\"region\" aria-labelledby=\"e-n-accordion-item-1752\" class=\"elementor-element elementor-element-39e287f e-con-full e-flex e-con e-child\" data-id=\"39e287f\" data-element_type=\"container\">\n\t\t<div role=\"region\" aria-labelledby=\"e-n-accordion-item-1752\" class=\"elementor-element elementor-element-2554f99 e-flex e-con-boxed e-con e-child\" data-id=\"2554f99\" data-element_type=\"container\">\n\t\t\t\t\t<div class=\"e-con-inner\">\n\t\t\t\t<div class=\"elementor-element elementor-element-771c3e5 elementor-widget elementor-widget-text-editor\" data-id=\"771c3e5\" data-element_type=\"widget\" data-widget_type=\"text-editor.default\">\n\t\t\t\t\t\t\t\t\t<p>N\u00e3o h\u00e1 consenso. A proposta actual aposta na digitaliza\u00e7\u00e3o e na avalia\u00e7\u00e3o por compet\u00eancias e permite aos Estados-membros exigir exames m\u00e9dicos espec\u00edficos.<\/p>\t\t\t\t\t\t\t\t<\/div>\n\t\t\t\t\t<\/div>\n\t\t\t\t<\/div>\n\t\t\t\t<\/div>\n\t\t\t\t\t<\/details>\n\t\t\t\t\t\t<details id=\"e-n-accordion-item-1753\" class=\"e-n-accordion-item\" >\n\t\t\t\t<summary class=\"e-n-accordion-item-title\" data-accordion-index=\"4\" tabindex=\"-1\" aria-expanded=\"false\" aria-controls=\"e-n-accordion-item-1753\" >\n\t\t\t\t\t<span class='e-n-accordion-item-title-header'><div class=\"e-n-accordion-item-title-text\"> Portugal vai adoptar a carta digital? <\/div><\/span>\n\t\t\t\t\t\t\t<span class='e-n-accordion-item-title-icon'>\n\t\t\t<span class='e-opened' ><svg aria-hidden=\"true\" class=\"e-font-icon-svg e-fas-minus\" viewBox=\"0 0 448 512\" xmlns=\"http:\/\/www.w3.org\/2000\/svg\"><path d=\"M416 208H32c-17.67 0-32 14.33-32 32v32c0 17.67 14.33 32 32 32h384c17.67 0 32-14.33 32-32v-32c0-17.67-14.33-32-32-32z\"><\/path><\/svg><\/span>\n\t\t\t<span class='e-closed'><svg aria-hidden=\"true\" class=\"e-font-icon-svg e-fas-plus\" viewBox=\"0 0 448 512\" xmlns=\"http:\/\/www.w3.org\/2000\/svg\"><path d=\"M416 208H272V64c0-17.67-14.33-32-32-32h-32c-17.67 0-32 14.33-32 32v144H32c-17.67 0-32 14.33-32 32v32c0 17.67 14.33 32 32 32h144v144c0 17.67 14.33 32 32 32h32c17.67 0 32-14.33 32-32V304h144c17.67 0 32-14.33 32-32v-32c0-17.67-14.33-32-32-32z\"><\/path><\/svg><\/span>\n\t\t<\/span>\n\n\t\t\t\t\t\t<\/summary>\n\t\t\t\t<div role=\"region\" aria-labelledby=\"e-n-accordion-item-1753\" class=\"elementor-element elementor-element-6a16d1e e-con-full e-flex e-con e-child\" data-id=\"6a16d1e\" data-element_type=\"container\">\n\t\t<div role=\"region\" aria-labelledby=\"e-n-accordion-item-1753\" class=\"elementor-element elementor-element-35bdaf8 e-flex e-con-boxed e-con e-child\" data-id=\"35bdaf8\" data-element_type=\"container\">\n\t\t\t\t\t<div class=\"e-con-inner\">\n\t\t\t\t<div class=\"elementor-element elementor-element-86547d8 elementor-widget elementor-widget-text-editor\" data-id=\"86547d8\" data-element_type=\"widget\" data-widget_type=\"text-editor.default\">\n\t\t\t\t\t\t\t\t\t<p>Sim. O plano europeu inclui a implementa\u00e7\u00e3o de uma carta digital acess\u00edvel atrav\u00e9s de uma aplica\u00e7\u00e3o m\u00f3vel. Portugal j\u00e1 digitalizou os <strong data-start=\"6396\" data-end=\"6429\">atestados m\u00e9dicos de condu\u00e7\u00e3o<\/strong> e poder\u00e1 integrar esta inova\u00e7\u00e3o.<\/p>\t\t\t\t\t\t\t\t<\/div>\n\t\t\t\t\t<\/div>\n\t\t\t\t<\/div>\n\t\t\t\t<\/div>\n\t\t\t\t\t<\/details>\n\t\t\t\t\t\t<details id=\"e-n-accordion-item-1754\" class=\"e-n-accordion-item\" >\n\t\t\t\t<summary class=\"e-n-accordion-item-title\" data-accordion-index=\"5\" tabindex=\"-1\" aria-expanded=\"false\" aria-controls=\"e-n-accordion-item-1754\" >\n\t\t\t\t\t<span class='e-n-accordion-item-title-header'><div class=\"e-n-accordion-item-title-text\"> Qual o objectivo das diferentes abordagens? <\/div><\/span>\n\t\t\t\t\t\t\t<span class='e-n-accordion-item-title-icon'>\n\t\t\t<span class='e-opened' ><svg aria-hidden=\"true\" class=\"e-font-icon-svg e-fas-minus\" viewBox=\"0 0 448 512\" xmlns=\"http:\/\/www.w3.org\/2000\/svg\"><path d=\"M416 208H32c-17.67 0-32 14.33-32 32v32c0 17.67 14.33 32 32 32h384c17.67 0 32-14.33 32-32v-32c0-17.67-14.33-32-32-32z\"><\/path><\/svg><\/span>\n\t\t\t<span class='e-closed'><svg aria-hidden=\"true\" class=\"e-font-icon-svg e-fas-plus\" viewBox=\"0 0 448 512\" xmlns=\"http:\/\/www.w3.org\/2000\/svg\"><path d=\"M416 208H272V64c0-17.67-14.33-32-32-32h-32c-17.67 0-32 14.33-32 32v144H32c-17.67 0-32 14.33-32 32v32c0 17.67 14.33 32 32 32h144v144c0 17.67 14.33 32 32 32h32c17.67 0 32-14.33 32-32V304h144c17.67 0 32-14.33 32-32v-32c0-17.67-14.33-32-32-32z\"><\/path><\/svg><\/span>\n\t\t<\/span>\n\n\t\t\t\t\t\t<\/summary>\n\t\t\t\t<div role=\"region\" aria-labelledby=\"e-n-accordion-item-1754\" class=\"elementor-element elementor-element-1bd1886 e-con-full e-flex e-con e-child\" data-id=\"1bd1886\" data-element_type=\"container\">\n\t\t<div role=\"region\" aria-labelledby=\"e-n-accordion-item-1754\" class=\"elementor-element elementor-element-db9ab37 e-flex e-con-boxed e-con e-child\" data-id=\"db9ab37\" data-element_type=\"container\">\n\t\t\t\t\t<div class=\"e-con-inner\">\n\t\t\t\t<div class=\"elementor-element elementor-element-dcf4b43 elementor-widget elementor-widget-text-editor\" data-id=\"dcf4b43\" data-element_type=\"widget\" data-widget_type=\"text-editor.default\">\n\t\t\t\t\t\t\t\t\t<p>Cada pa\u00eds equilibra a seguran\u00e7a rodovi\u00e1ria com a liberdade de circula\u00e7\u00e3o. Pa\u00edses que confiam na auto-regula\u00e7\u00e3o apostam na educa\u00e7\u00e3o e responsabilidade individual; outros preferem avalia\u00e7\u00f5es formais para prevenir riscos.<\/p>\t\t\t\t\t\t\t\t<\/div>\n\t\t\t\t\t<\/div>\n\t\t\t\t<\/div>\n\t\t\t\t<\/div>\n\t\t\t\t\t<\/details>\n\t\t\t\t\t<\/div>\n\t\t\t\t\t<script type=\"application\/ld+json\">{\"@context\":\"https:\\\/\\\/schema.org\",\"@type\":\"FAQPage\",\"mainEntity\":[{\"@type\":\"Question\",\"name\":\"Os condutores portugueses s\\u00e3o mais controlados do que os de outros pa\\u00edses?\",\"acceptedAnswer\":{\"@type\":\"Answer\",\"text\":\"Depende. Portugal exige atestados m\\u00e9dicos de condu\\u00e7\\u00e3o em idades definidas, mas permite validades longas (15 anos para ligeiros). Em pa\\u00edses n\\u00f3rdicos, n\\u00e3o h\\u00e1 exame m\\u00e9dico universal; noutros pa\\u00edses, a revalida\\u00e7\\u00e3o \\u00e9 mais frequente.\"}},{\"@type\":\"Question\",\"name\":\"Na Alemanha e Reino Unido n\\u00e3o h\\u00e1 exames m\\u00e9dicos?\",\"acceptedAnswer\":{\"@type\":\"Answer\",\"text\":\"Depende. Portugal exige atestados m\\u00e9dicos de condu\\u00e7\\u00e3o em idades definidas, mas permite validades longas (15 anos para ligeiros). Em pa\\u00edses n\\u00f3rdicos, n\\u00e3o h\\u00e1 exame m\\u00e9dico universal; noutros pa\\u00edses, a revalida\\u00e7\\u00e3o \\u00e9 mais frequente.\"}},{\"@type\":\"Question\",\"name\":\"A UE vai impor exames m\\u00e9dicos obrigat\\u00f3rios a todos?\",\"acceptedAnswer\":{\"@type\":\"Answer\",\"text\":\"N\\u00e3o h\\u00e1 consenso. A proposta actual aposta na digitaliza\\u00e7\\u00e3o e na avalia\\u00e7\\u00e3o por compet\\u00eancias e permite aos Estados-membros exigir exames m\\u00e9dicos espec\\u00edficos.\"}},{\"@type\":\"Question\",\"name\":\"Portugal vai adoptar a carta digital?\",\"acceptedAnswer\":{\"@type\":\"Answer\",\"text\":\"Sim. O plano europeu inclui a implementa\\u00e7\\u00e3o de uma carta digital acess\\u00edvel atrav\\u00e9s de uma aplica\\u00e7\\u00e3o m\\u00f3vel. Portugal j\\u00e1 digitalizou os atestados m\\u00e9dicos de condu\\u00e7\\u00e3o e poder\\u00e1 integrar esta inova\\u00e7\\u00e3o.\"}},{\"@type\":\"Question\",\"name\":\"Qual o objectivo das diferentes abordagens?\",\"acceptedAnswer\":{\"@type\":\"Answer\",\"text\":\"Cada pa\\u00eds equilibra a seguran\\u00e7a rodovi\\u00e1ria com a liberdade de circula\\u00e7\\u00e3o. Pa\\u00edses que confiam na auto-regula\\u00e7\\u00e3o apostam na educa\\u00e7\\u00e3o e responsabilidade individual; outros preferem avalia\\u00e7\\u00f5es formais para prevenir riscos.\"}}]}<\/script>\n\t\t\t\t\t\t\t<\/div>\n\t\t\t\t<\/div>\n\t\t\t\t<\/div>\n\t\t<div class=\"elementor-element elementor-element-e749293 e-flex e-con-boxed e-con e-parent\" data-id=\"e749293\" data-element_type=\"container\">\n\t\t\t\t\t<div class=\"e-con-inner\">\n\t\t\t\t<div class=\"elementor-element elementor-element-6520854 elementor-widget elementor-widget-heading\" data-id=\"6520854\" data-element_type=\"widget\" data-widget_type=\"heading.default\">\n\t\t\t\t\t<h2 class=\"elementor-heading-title elementor-size-default\">Fontes<\/h2>\t\t\t\t<\/div>\n\t\t\t\t<div class=\"elementor-element elementor-element-d6d3250 elementor-widget elementor-widget-text-editor\" data-id=\"d6d3250\" data-element_type=\"widget\" data-widget_type=\"text-editor.default\">\n\t\t\t\t\t\t\t\t\t<p data-start=\"6762\" data-end=\"6914\"><a href=\"https:\/\/www.prp.pt\/noticias\/regulacao-carta-de-conducao-novas-directivas\/\" rel=\"dofollow noopener\" target=\"_blank\">Preven\u00e7\u00e3o Rodovi\u00e1ria Portuguesa \u2013 artigo sobre novas regras europeias<\/a><br data-start=\"6838\" data-end=\"6841\" \/><a href=\"https:\/\/www.racaoautomovel.pt\/noticias\/carta-de-conducao-digital-e-idades-maximas\/\" rel=\"nofollow noopener\" target=\"_blank\">Raz\u00e3o Autom\u00f3vel \u2013 proposta de carta digital e novos limites de idade<\/a><br \/><a href=\"https:\/\/www.dgs.pt\/servicos-saude\/carta-de-conducao-atestados-medicos.aspx\" rel=\"nofollow noopener\" target=\"_blank\">Dire\u00e7\u00e3o-Geral da Sa\u00fade \u2013 desmaterializa\u00e7\u00e3o dos atestados m\u00e9dicos<\/a><br data-start=\"7149\" data-end=\"7152\" \/><a href=\"https:\/\/diariodarepublica.pt\/dr\/detalhe\/decreto-lei\/40-2016-75117914\" rel=\"nofollow noopener\" target=\"_blank\">Regulamento da Habilita\u00e7\u00e3o Legal para Conduzir (DL 40\/2016)<\/a><br \/><a href=\"https:\/\/ec.europa.eu\/transport\/road_safety\/sites\/default\/files\/pdf\/ersosynthesis2022-ats-mobility.pdf\" rel=\"nofollow noopener\" target=\"_blank\">EU road safety country overview \u2013 compara\u00e7\u00e3o de revalida\u00e7\u00e3o em pa\u00edses europeus<\/a><\/p>\t\t\t\t\t\t\t\t<\/div>\n\t\t\t\t\t<\/div>\n\t\t\t\t<\/div>\n\t\t\t\t<\/div>\n\t\t","protected":false},"excerpt":{"rendered":"<p>As regras para emiss\u00e3o e revalida\u00e7\u00e3o de cartas de condu\u00e7\u00e3o variam amplamente entre pa\u00edses, reflectindo diferentes abordagens \u00e0 seguran\u00e7a rodovi\u00e1ria e \u00e0 responsabilidade individual. Em Portugal, os atestados m\u00e9dicos de condu\u00e7\u00e3o s\u00e3o obrigat\u00f3rios a partir de determinadas idades e para condutores profissionais. Mas como \u00e9 que outros pa\u00edses tratam a aptid\u00e3o f\u00edsica e mental dos [&hellip;]<\/p>\n","protected":false},"author":2964,"featured_media":53586,"comment_status":"closed","ping_status":"closed","sticky":false,"template":"","format":"standard","meta":{"_jetpack_memberships_contains_paid_content":false,"footnotes":""},"categories":[85,137],"tags":[],"class_list":["post-53550","post","type-post","status-publish","format-standard","has-post-thumbnail","hentry","category-atestados","category-carta-de-conducao"],"jetpack_featured_media_url":"https:\/\/www.mediconanet.pt\/wp-content\/uploads\/2026\/02\/atestados-de-conducao-portugal-comparacao-internacional.jpg","jetpack_sharing_enabled":true,"_links":{"self":[{"href":"https:\/\/www.mediconanet.pt\/en\/wp-json\/wp\/v2\/posts\/53550","targetHints":{"allow":["GET"]}}],"collection":[{"href":"https:\/\/www.mediconanet.pt\/en\/wp-json\/wp\/v2\/posts"}],"about":[{"href":"https:\/\/www.mediconanet.pt\/en\/wp-json\/wp\/v2\/types\/post"}],"author":[{"embeddable":true,"href":"https:\/\/www.mediconanet.pt\/en\/wp-json\/wp\/v2\/users\/2964"}],"replies":[{"embeddable":true,"href":"https:\/\/www.mediconanet.pt\/en\/wp-json\/wp\/v2\/comments?post=53550"}],"version-history":[{"count":35,"href":"https:\/\/www.mediconanet.pt\/en\/wp-json\/wp\/v2\/posts\/53550\/revisions"}],"predecessor-version":[{"id":53554,"href":"https:\/\/www.mediconanet.pt\/en\/wp-json\/wp\/v2\/posts\/53550\/revisions\/53554"}],"wp:featuredmedia":[{"embeddable":true,"href":"https:\/\/www.mediconanet.pt\/en\/wp-json\/wp\/v2\/media\/53586"}],"wp:attachment":[{"href":"https:\/\/www.mediconanet.pt\/en\/wp-json\/wp\/v2\/media?parent=53550"}],"wp:term":[{"taxonomy":"category","embeddable":true,"href":"https:\/\/www.mediconanet.pt\/en\/wp-json\/wp\/v2\/categories?post=53550"},{"taxonomy":"post_tag","embeddable":true,"href":"https:\/\/www.mediconanet.pt\/en\/wp-json\/wp\/v2\/tags?post=53550"}],"curies":[{"name":"wp","href":"https:\/\/api.w.org\/{rel}","templated":true}]}}