{"id":53752,"date":"2026-02-04T09:33:23","date_gmt":"2026-02-04T09:33:23","guid":{"rendered":"https:\/\/www.mediconanet.pt\/?p=53752"},"modified":"2026-02-11T18:14:38","modified_gmt":"2026-02-11T18:14:38","slug":"perda-de-peso-saudavel-como-planear","status":"publish","type":"post","link":"https:\/\/www.mediconanet.pt\/en\/perda-de-peso-saudavel-como-planear\/","title":{"rendered":"Como planear uma perda de peso saud\u00e1vel: passos e estrat\u00e9gias"},"content":{"rendered":"\t\t<div data-elementor-type=\"wp-post\" data-elementor-id=\"53752\" class=\"elementor elementor-53752\" data-elementor-post-type=\"post\">\n\t\t\t\t<div class=\"elementor-element elementor-element-8826ac3 e-flex e-con-boxed e-con e-parent\" data-id=\"8826ac3\" data-element_type=\"container\">\n\t\t\t\t\t<div class=\"e-con-inner\">\n\t\t\t\t<div class=\"elementor-element elementor-element-0ea0b6b elementor-widget elementor-widget-text-editor\" data-id=\"0ea0b6b\" data-element_type=\"widget\" data-widget_type=\"text-editor.default\">\n\t\t\t\t\t\t\t\t\t<p>Perder peso com sucesso exige mais do que reduzir calorias; implica um planeamento cuidadoso e mudan\u00e7as sustent\u00e1veis no estilo de vida. Uma perda de peso saud\u00e1vel n\u00e3o se baseia em dietas restritivas nem em solu\u00e7\u00f5es r\u00e1pidas, mas sim na adop\u00e7\u00e3o de h\u00e1bitos consistentes que promovam a sa\u00fade f\u00edsica e mental. Iniciar uma dieta sem apoio ou sem objectivos definidos tende a resultar em frustra\u00e7\u00e3o e recupera\u00e7\u00e3o r\u00e1pida do peso. As orienta\u00e7\u00f5es da Direc\u00e7\u00e3o-Geral da Sa\u00fade recomendam analisar os h\u00e1bitos alimentares e de actividade f\u00edsica, estabelecer metas realistas e envolver a fam\u00edlia no processo. Este artigo explica como estruturar um plano de perda de peso que favore\u00e7a a sa\u00fade e a motiva\u00e7\u00e3o.<\/p>\t\t\t\t\t\t\t\t<\/div>\n\t\t\t\t<div class=\"elementor-element elementor-element-9269e6f elementor-widget elementor-widget-heading\" data-id=\"9269e6f\" data-element_type=\"widget\" data-widget_type=\"heading.default\">\n\t\t\t\t\t<h2 class=\"elementor-heading-title elementor-size-default\">Por onde come\u00e7ar numa perda de peso saud\u00e1vel?<\/h2>\t\t\t\t<\/div>\n\t\t\t\t<div class=\"elementor-element elementor-element-7a03b20 elementor-widget elementor-widget-heading\" data-id=\"7a03b20\" data-element_type=\"widget\" data-widget_type=\"heading.default\">\n\t\t\t\t\t<h3 class=\"elementor-heading-title elementor-size-default\">Avalie o ponto de partida<\/h3>\t\t\t\t<\/div>\n\t\t\t\t<div class=\"elementor-element elementor-element-cbd8d1d elementor-widget elementor-widget-text-editor\" data-id=\"cbd8d1d\" data-element_type=\"widget\" data-widget_type=\"text-editor.default\">\n\t\t\t\t\t\t\t\t\t<p>Antes de alterar a alimenta\u00e7\u00e3o, \u00e9 importante saber de onde parte. Registe durante alguns dias tudo o que come e bebe, o hor\u00e1rio das refei\u00e7\u00f5es e a actividade f\u00edsica praticada. Este di\u00e1rio alimentar, sugerido pela Sociedade Portuguesa de Endocrinologia, Diabetes e Metabolismo, ajuda a identificar padr\u00f5es e erros, como saltar refei\u00e7\u00f5es ou consumir demasiados alimentos processados. Pergunte a si pr\u00f3prio: <em data-start=\"1456\" data-end=\"1515\">\u201cQue comportamentos contribu\u00edram para o aumento de peso?\u201d<\/em>.<\/p>\t\t\t\t\t\t\t\t<\/div>\n\t\t\t\t<div class=\"elementor-element elementor-element-0b77d70 elementor-widget elementor-widget-heading\" data-id=\"0b77d70\" data-element_type=\"widget\" data-widget_type=\"heading.default\">\n\t\t\t\t\t<h3 class=\"elementor-heading-title elementor-size-default\">Defina metas realistas<\/h3>\t\t\t\t<\/div>\n\t\t\t\t<div class=\"elementor-element elementor-element-c55ec17 elementor-widget elementor-widget-text-editor\" data-id=\"c55ec17\" data-element_type=\"widget\" data-widget_type=\"text-editor.default\">\n\t\t\t\t\t\t\t\t\t<p>Objectivos demasiado ambiciosos tendem a ser desmotivadores. Uma perda de peso saud\u00e1vel deve ocorrer de forma gradual, idealmente entre 0,5\u20131 kg por semana. Em vez de querer perder 20 kg em dois meses, foque-se numa redu\u00e7\u00e3o inicial de 5\u201310 % do peso corporal, que j\u00e1 traz benef\u00edcios significativos para a sa\u00fade. Defina prazos realistas e estabele\u00e7a marcos interm\u00e9dios; celebrar pequenas conquistas ajuda a manter a motiva\u00e7\u00e3o ao longo do processo.<\/p>\t\t\t\t\t\t\t\t<\/div>\n\t\t\t\t<div class=\"elementor-element elementor-element-0812b77 elementor-widget elementor-widget-heading\" data-id=\"0812b77\" data-element_type=\"widget\" data-widget_type=\"heading.default\">\n\t\t\t\t\t<h3 class=\"elementor-heading-title elementor-size-default\">Envolva a fam\u00edlia e o ambiente<\/h3>\t\t\t\t<\/div>\n\t\t\t\t<div class=\"elementor-element elementor-element-6252287 elementor-widget elementor-widget-text-editor\" data-id=\"6252287\" data-element_type=\"widget\" data-widget_type=\"text-editor.default\">\n\t\t\t\t\t\t\t\t\t<p>O apoio de familiares e amigos \u00e9 determinante para o sucesso de uma perda de peso saud\u00e1vel. Partilhar objectivos, preparar refei\u00e7\u00f5es equilibradas em conjunto e criar um ambiente dom\u00e9stico favor\u00e1vel facilita a ades\u00e3o ao plano. As orienta\u00e7\u00f5es da DGS sugerem modificar o ambiente alimentar, como evitar ter doces em casa, organizar melhor o frigor\u00edfico e optar por recipientes mais pequenos. Pergunte: <em data-start=\"2435\" data-end=\"2512\">\u201cO que posso mudar no meu ambiente para facilitar escolhas mais saud\u00e1veis?\u201d<\/em>.<\/p>\t\t\t\t\t\t\t\t<\/div>\n\t\t\t\t<div class=\"elementor-element elementor-element-ee12eb1 elementor-widget elementor-widget-heading\" data-id=\"ee12eb1\" data-element_type=\"widget\" data-widget_type=\"heading.default\">\n\t\t\t\t\t<h2 class=\"elementor-heading-title elementor-size-default\">Construir um plano alimentar equilibrado<\/h2>\t\t\t\t<\/div>\n\t\t\t\t<div class=\"elementor-element elementor-element-76f5712 elementor-widget elementor-widget-text-editor\" data-id=\"76f5712\" data-element_type=\"widget\" data-widget_type=\"text-editor.default\">\n\t\t\t\t\t\t\t\t\t<p data-start=\"2560\" data-end=\"2860\">Uma perda de peso saud\u00e1vel assenta numa alimenta\u00e7\u00e3o equilibrada e ligeiramente hipocal\u00f3rica, sem exclus\u00f5es extremas. A SPEDM recomenda o padr\u00e3o alimentar mediterr\u00e2nico, caracterizado por uma elevada ingest\u00e3o de vegetais, frutas, leguminosas, cereais integrais e gorduras saud\u00e1veis, como o azeite.<\/p><p data-start=\"2862\" data-end=\"2882\">Inclua no seu plano:<\/p><ul><li data-start=\"2885\" data-end=\"2990\">Vegetais e frutas em todas as refei\u00e7\u00f5es, para aumentar a saciedade e fornecer fibras e micronutrientes;<\/li><li data-start=\"2885\" data-end=\"2990\">Cereais integrais em substitui\u00e7\u00e3o dos refinados, como p\u00e3o e massa integrais;<\/li><li data-start=\"2885\" data-end=\"2990\">Prote\u00ednas magras (peixe, leguminosas, carne branca) para preservar a massa muscular;<\/li><li data-start=\"2885\" data-end=\"2990\">Gorduras saud\u00e1veis, como azeite, abacate e frutos secos, consumidas com modera\u00e7\u00e3o;<\/li><li data-start=\"2885\" data-end=\"2990\">\u00c1gua como bebida principal, limitando refrigerantes e bebidas alco\u00f3licas.<\/li><\/ul><p data-start=\"3325\" data-end=\"3594\">Evite dietas da moda que excluem grupos alimentares inteiros, pois podem conduzir a car\u00eancias nutricionais e comprometer a perda de peso saud\u00e1vel a m\u00e9dio e longo prazo. Planear refei\u00e7\u00f5es com anteced\u00eancia ajuda a evitar escolhas impulsivas e a manter a consist\u00eancia.<\/p>\t\t\t\t\t\t\t\t<\/div>\n\t\t\t\t<div class=\"elementor-element elementor-element-855deb2 elementor-widget elementor-widget-heading\" data-id=\"855deb2\" data-element_type=\"widget\" data-widget_type=\"heading.default\">\n\t\t\t\t\t<h2 class=\"elementor-heading-title elementor-size-default\">A actividade f\u00edsica no plano de emagrecimento<\/h2>\t\t\t\t<\/div>\n\t\t\t\t<div class=\"elementor-element elementor-element-4495274 elementor-widget elementor-widget-text-editor\" data-id=\"4495274\" data-element_type=\"widget\" data-widget_type=\"text-editor.default\">\n\t\t\t\t\t\t\t\t\t<p data-start=\"3646\" data-end=\"4014\">A actividade f\u00edsica regular \u00e9 um pilar fundamental de qualquer perda de peso saud\u00e1vel. A Organiza\u00e7\u00e3o Mundial da Sa\u00fade recomenda pelo menos 30 minutos de actividade f\u00edsica moderada, cinco dias por semana, para reduzir o sedentarismo e prevenir doen\u00e7as cr\u00f3nicas. Caminhadas r\u00e1pidas, corrida leve, nata\u00e7\u00e3o ou ciclismo s\u00e3o op\u00e7\u00f5es acess\u00edveis para a maioria das pessoas.<\/p><p data-start=\"4016\" data-end=\"4293\">Aumentar gradualmente a intensidade do exerc\u00edcio e incluir treino de for\u00e7a contribui para preservar a massa muscular, melhorar o metabolismo e facilitar a manuten\u00e7\u00e3o do peso perdido. Pergunte a si pr\u00f3prio: <em data-start=\"4222\" data-end=\"4292\">\u201cQue tipo de exerc\u00edcio me d\u00e1 prazer e consigo manter a longo prazo?\u201d<\/em>.<\/p>\t\t\t\t\t\t\t\t<\/div>\n\t\t\t\t<div class=\"elementor-element elementor-element-5240471 elementor-widget elementor-widget-image\" data-id=\"5240471\" data-element_type=\"widget\" data-widget_type=\"image.default\">\n\t\t\t\t\t\t\t\t\t\t\t\t\t\t\t<img fetchpriority=\"high\" decoding=\"async\" width=\"800\" height=\"448\" src=\"https:\/\/www.mediconanet.pt\/wp-content\/uploads\/2026\/02\/perda-de-peso-saudavel-consulta-online-1024x573.jpg\" class=\"attachment-large size-large wp-image-53796\" alt=\"Consulta m\u00e9dica online para acompanhamento de perda de peso saud\u00e1vel\" srcset=\"https:\/\/www.mediconanet.pt\/wp-content\/uploads\/2026\/02\/perda-de-peso-saudavel-consulta-online-1024x573.jpg 1024w, https:\/\/www.mediconanet.pt\/wp-content\/uploads\/2026\/02\/perda-de-peso-saudavel-consulta-online-300x168.jpg 300w, https:\/\/www.mediconanet.pt\/wp-content\/uploads\/2026\/02\/perda-de-peso-saudavel-consulta-online-768x430.jpg 768w, https:\/\/www.mediconanet.pt\/wp-content\/uploads\/2026\/02\/perda-de-peso-saudavel-consulta-online-1536x860.jpg 1536w, https:\/\/www.mediconanet.pt\/wp-content\/uploads\/2026\/02\/perda-de-peso-saudavel-consulta-online-18x10.jpg 18w, https:\/\/www.mediconanet.pt\/wp-content\/uploads\/2026\/02\/perda-de-peso-saudavel-consulta-online-600x336.jpg 600w, https:\/\/www.mediconanet.pt\/wp-content\/uploads\/2026\/02\/perda-de-peso-saudavel-consulta-online.jpg 1600w\" sizes=\"(max-width: 800px) 100vw, 800px\" \/>\t\t\t\t\t\t\t\t\t\t\t\t\t\t\t<\/div>\n\t\t\t\t<div class=\"elementor-element elementor-element-150c753 elementor-widget elementor-widget-heading\" data-id=\"150c753\" data-element_type=\"widget\" data-widget_type=\"heading.default\">\n\t\t\t\t\t<h2 class=\"elementor-heading-title elementor-size-default\">Monitoriza\u00e7\u00e3o e adapta\u00e7\u00e3o<\/h2>\t\t\t\t<\/div>\n\t\t\t\t<div class=\"elementor-element elementor-element-87e5d8b elementor-widget elementor-widget-text-editor\" data-id=\"87e5d8b\" data-element_type=\"widget\" data-widget_type=\"text-editor.default\">\n\t\t\t\t\t\t\t\t\t<p>Uma perda de peso saud\u00e1vel requer acompanhamento e ajustes regulares. Se o peso estabilizar por v\u00e1rias semanas, pode ser necess\u00e1rio reavaliar a ingest\u00e3o cal\u00f3rica, o n\u00edvel de actividade f\u00edsica ou outros factores, como o sono e o stress. A falta de descanso e o stress cr\u00f3nico podem interferir negativamente no emagrecimento. Sempre que poss\u00edvel, fa\u00e7a estas adapta\u00e7\u00f5es com o apoio de um profissional de sa\u00fade e mantenha expectativas realistas: o processo n\u00e3o \u00e9 linear.<\/p>\t\t\t\t\t\t\t\t<\/div>\n\t\t\t\t\t<\/div>\n\t\t\t\t<\/div>\n\t\t<div class=\"elementor-element elementor-element-addf134 e-flex e-con-boxed e-con e-parent\" data-id=\"addf134\" data-element_type=\"container\">\n\t\t\t\t\t<div class=\"e-con-inner\">\n\t\t<div class=\"elementor-element elementor-element-d5102fa e-con-full e-flex e-con e-child\" data-id=\"d5102fa\" data-element_type=\"container\">\n\t\t\t\t<div class=\"elementor-element elementor-element-93d5747 elementor-widget elementor-widget-heading\" data-id=\"93d5747\" data-element_type=\"widget\" data-widget_type=\"heading.default\">\n\t\t\t\t\t<h2 class=\"elementor-heading-title elementor-size-default\">Perguntas frequentes (FAQ)<\/h2>\t\t\t\t<\/div>\n\t\t\t\t<div class=\"elementor-element elementor-element-5838fab elementor-widget elementor-widget-n-accordion\" data-id=\"5838fab\" data-element_type=\"widget\" data-settings=\"{&quot;default_state&quot;:&quot;all_collapsed&quot;,&quot;max_items_expended&quot;:&quot;one&quot;,&quot;n_accordion_animation_duration&quot;:{&quot;unit&quot;:&quot;ms&quot;,&quot;size&quot;:400,&quot;sizes&quot;:[]}}\" data-widget_type=\"nested-accordion.default\">\n\t\t\t\t\t\t\t<div class=\"e-n-accordion\" aria-label=\"Accordion. Open links with Enter or Space, close with Escape, and navigate with Arrow Keys\">\n\t\t\t\t\t\t<details id=\"e-n-accordion-item-9250\" class=\"e-n-accordion-item\" >\n\t\t\t\t<summary class=\"e-n-accordion-item-title\" data-accordion-index=\"1\" tabindex=\"0\" aria-expanded=\"false\" aria-controls=\"e-n-accordion-item-9250\" >\n\t\t\t\t\t<span class='e-n-accordion-item-title-header'><div class=\"e-n-accordion-item-title-text\"> Como escolher a melhor dieta para mim? <\/div><\/span>\n\t\t\t\t\t\t\t<span class='e-n-accordion-item-title-icon'>\n\t\t\t<span class='e-opened' ><svg aria-hidden=\"true\" class=\"e-font-icon-svg e-fas-minus\" viewBox=\"0 0 448 512\" xmlns=\"http:\/\/www.w3.org\/2000\/svg\"><path d=\"M416 208H32c-17.67 0-32 14.33-32 32v32c0 17.67 14.33 32 32 32h384c17.67 0 32-14.33 32-32v-32c0-17.67-14.33-32-32-32z\"><\/path><\/svg><\/span>\n\t\t\t<span class='e-closed'><svg aria-hidden=\"true\" class=\"e-font-icon-svg e-fas-plus\" viewBox=\"0 0 448 512\" xmlns=\"http:\/\/www.w3.org\/2000\/svg\"><path d=\"M416 208H272V64c0-17.67-14.33-32-32-32h-32c-17.67 0-32 14.33-32 32v144H32c-17.67 0-32 14.33-32 32v32c0 17.67 14.33 32 32 32h144v144c0 17.67 14.33 32 32 32h32c17.67 0 32-14.33 32-32V304h144c17.67 0 32-14.33 32-32v-32c0-17.67-14.33-32-32-32z\"><\/path><\/svg><\/span>\n\t\t<\/span>\n\n\t\t\t\t\t\t<\/summary>\n\t\t\t\t<div role=\"region\" aria-labelledby=\"e-n-accordion-item-9250\" class=\"elementor-element elementor-element-81eba78 e-con-full e-flex e-con e-child\" data-id=\"81eba78\" data-element_type=\"container\">\n\t\t<div role=\"region\" aria-labelledby=\"e-n-accordion-item-9250\" class=\"elementor-element elementor-element-ff2ffaa e-flex e-con-boxed e-con e-child\" data-id=\"ff2ffaa\" data-element_type=\"container\">\n\t\t\t\t\t<div class=\"e-con-inner\">\n\t\t\t\t<div class=\"elementor-element elementor-element-3187929 elementor-widget elementor-widget-text-editor\" data-id=\"3187929\" data-element_type=\"widget\" data-widget_type=\"text-editor.default\">\n\t\t\t\t\t\t\t\t\t<p>Opte por um padr\u00e3o alimentar variado e equilibrado, adaptado ao seu estilo de vida. Dietas demasiado restritivas dificultam a ades\u00e3o e prejudicam a perda de peso saud\u00e1vel.<\/p>\t\t\t\t\t\t\t\t<\/div>\n\t\t\t\t\t<\/div>\n\t\t\t\t<\/div>\n\t\t\t\t<\/div>\n\t\t\t\t\t<\/details>\n\t\t\t\t\t\t<details id=\"e-n-accordion-item-9251\" class=\"e-n-accordion-item\" >\n\t\t\t\t<summary class=\"e-n-accordion-item-title\" data-accordion-index=\"2\" tabindex=\"-1\" aria-expanded=\"false\" aria-controls=\"e-n-accordion-item-9251\" >\n\t\t\t\t\t<span class='e-n-accordion-item-title-header'><div class=\"e-n-accordion-item-title-text\"> Preciso de cortar completamente os hidratos de carbono? <\/div><\/span>\n\t\t\t\t\t\t\t<span class='e-n-accordion-item-title-icon'>\n\t\t\t<span class='e-opened' ><svg aria-hidden=\"true\" class=\"e-font-icon-svg e-fas-minus\" viewBox=\"0 0 448 512\" xmlns=\"http:\/\/www.w3.org\/2000\/svg\"><path d=\"M416 208H32c-17.67 0-32 14.33-32 32v32c0 17.67 14.33 32 32 32h384c17.67 0 32-14.33 32-32v-32c0-17.67-14.33-32-32-32z\"><\/path><\/svg><\/span>\n\t\t\t<span class='e-closed'><svg aria-hidden=\"true\" class=\"e-font-icon-svg e-fas-plus\" viewBox=\"0 0 448 512\" xmlns=\"http:\/\/www.w3.org\/2000\/svg\"><path d=\"M416 208H272V64c0-17.67-14.33-32-32-32h-32c-17.67 0-32 14.33-32 32v144H32c-17.67 0-32 14.33-32 32v32c0 17.67 14.33 32 32 32h144v144c0 17.67 14.33 32 32 32h32c17.67 0 32-14.33 32-32V304h144c17.67 0 32-14.33 32-32v-32c0-17.67-14.33-32-32-32z\"><\/path><\/svg><\/span>\n\t\t<\/span>\n\n\t\t\t\t\t\t<\/summary>\n\t\t\t\t<div role=\"region\" aria-labelledby=\"e-n-accordion-item-9251\" class=\"elementor-element elementor-element-f56d17b e-con-full e-flex e-con e-child\" data-id=\"f56d17b\" data-element_type=\"container\">\n\t\t<div role=\"region\" aria-labelledby=\"e-n-accordion-item-9251\" class=\"elementor-element elementor-element-1649216 e-flex e-con-boxed e-con e-child\" data-id=\"1649216\" data-element_type=\"container\">\n\t\t\t\t\t<div class=\"e-con-inner\">\n\t\t\t\t<div class=\"elementor-element elementor-element-dfefa88 elementor-widget elementor-widget-text-editor\" data-id=\"dfefa88\" data-element_type=\"widget\" data-widget_type=\"text-editor.default\">\n\t\t\t\t\t\t\t\t\t<p>N\u00e3o. Os cereais integrais fornecem energia e fibras importantes. O essencial est\u00e1 na qualidade e na quantidade consumida.<\/p>\t\t\t\t\t\t\t\t<\/div>\n\t\t\t\t\t<\/div>\n\t\t\t\t<\/div>\n\t\t\t\t<\/div>\n\t\t\t\t\t<\/details>\n\t\t\t\t\t\t<details id=\"e-n-accordion-item-9252\" class=\"e-n-accordion-item\" >\n\t\t\t\t<summary class=\"e-n-accordion-item-title\" data-accordion-index=\"3\" tabindex=\"-1\" aria-expanded=\"false\" aria-controls=\"e-n-accordion-item-9252\" >\n\t\t\t\t\t<span class='e-n-accordion-item-title-header'><div class=\"e-n-accordion-item-title-text\"> Posso emagrecer sem fazer exerc\u00edcio? <\/div><\/span>\n\t\t\t\t\t\t\t<span class='e-n-accordion-item-title-icon'>\n\t\t\t<span class='e-opened' ><svg aria-hidden=\"true\" class=\"e-font-icon-svg e-fas-minus\" viewBox=\"0 0 448 512\" xmlns=\"http:\/\/www.w3.org\/2000\/svg\"><path d=\"M416 208H32c-17.67 0-32 14.33-32 32v32c0 17.67 14.33 32 32 32h384c17.67 0 32-14.33 32-32v-32c0-17.67-14.33-32-32-32z\"><\/path><\/svg><\/span>\n\t\t\t<span class='e-closed'><svg aria-hidden=\"true\" class=\"e-font-icon-svg e-fas-plus\" viewBox=\"0 0 448 512\" xmlns=\"http:\/\/www.w3.org\/2000\/svg\"><path d=\"M416 208H272V64c0-17.67-14.33-32-32-32h-32c-17.67 0-32 14.33-32 32v144H32c-17.67 0-32 14.33-32 32v32c0 17.67 14.33 32 32 32h144v144c0 17.67 14.33 32 32 32h32c17.67 0 32-14.33 32-32V304h144c17.67 0 32-14.33 32-32v-32c0-17.67-14.33-32-32-32z\"><\/path><\/svg><\/span>\n\t\t<\/span>\n\n\t\t\t\t\t\t<\/summary>\n\t\t\t\t<div role=\"region\" aria-labelledby=\"e-n-accordion-item-9252\" class=\"elementor-element elementor-element-fb278c9 e-con-full e-flex e-con e-child\" data-id=\"fb278c9\" data-element_type=\"container\">\n\t\t<div role=\"region\" aria-labelledby=\"e-n-accordion-item-9252\" class=\"elementor-element elementor-element-5c20097 e-flex e-con-boxed e-con e-child\" data-id=\"5c20097\" data-element_type=\"container\">\n\t\t\t\t\t<div class=\"e-con-inner\">\n\t\t\t\t<div class=\"elementor-element elementor-element-dbd786e elementor-widget elementor-widget-text-editor\" data-id=\"dbd786e\" data-element_type=\"widget\" data-widget_type=\"text-editor.default\">\n\t\t\t\t\t\t\t\t\t<p>Embora a alimenta\u00e7\u00e3o tenha um papel central, a actividade f\u00edsica melhora os resultados, ajuda a preservar m\u00fasculo e potencia uma perda de peso saud\u00e1vel.<\/p>\t\t\t\t\t\t\t\t<\/div>\n\t\t\t\t\t<\/div>\n\t\t\t\t<\/div>\n\t\t\t\t<\/div>\n\t\t\t\t\t<\/details>\n\t\t\t\t\t\t<details id=\"e-n-accordion-item-9253\" class=\"e-n-accordion-item\" >\n\t\t\t\t<summary class=\"e-n-accordion-item-title\" data-accordion-index=\"4\" tabindex=\"-1\" aria-expanded=\"false\" aria-controls=\"e-n-accordion-item-9253\" >\n\t\t\t\t\t<span class='e-n-accordion-item-title-header'><div class=\"e-n-accordion-item-title-text\"> E se falhar uma refei\u00e7\u00e3o saud\u00e1vel? <\/div><\/span>\n\t\t\t\t\t\t\t<span class='e-n-accordion-item-title-icon'>\n\t\t\t<span class='e-opened' ><svg aria-hidden=\"true\" class=\"e-font-icon-svg e-fas-minus\" viewBox=\"0 0 448 512\" xmlns=\"http:\/\/www.w3.org\/2000\/svg\"><path d=\"M416 208H32c-17.67 0-32 14.33-32 32v32c0 17.67 14.33 32 32 32h384c17.67 0 32-14.33 32-32v-32c0-17.67-14.33-32-32-32z\"><\/path><\/svg><\/span>\n\t\t\t<span class='e-closed'><svg aria-hidden=\"true\" class=\"e-font-icon-svg e-fas-plus\" viewBox=\"0 0 448 512\" xmlns=\"http:\/\/www.w3.org\/2000\/svg\"><path d=\"M416 208H272V64c0-17.67-14.33-32-32-32h-32c-17.67 0-32 14.33-32 32v144H32c-17.67 0-32 14.33-32 32v32c0 17.67 14.33 32 32 32h144v144c0 17.67 14.33 32 32 32h32c17.67 0 32-14.33 32-32V304h144c17.67 0 32-14.33 32-32v-32c0-17.67-14.33-32-32-32z\"><\/path><\/svg><\/span>\n\t\t<\/span>\n\n\t\t\t\t\t\t<\/summary>\n\t\t\t\t<div role=\"region\" aria-labelledby=\"e-n-accordion-item-9253\" class=\"elementor-element elementor-element-ef08f2d e-con-full e-flex e-con e-child\" data-id=\"ef08f2d\" data-element_type=\"container\">\n\t\t<div role=\"region\" aria-labelledby=\"e-n-accordion-item-9253\" class=\"elementor-element elementor-element-1c16061 e-flex e-con-boxed e-con e-child\" data-id=\"1c16061\" data-element_type=\"container\">\n\t\t\t\t\t<div class=\"e-con-inner\">\n\t\t\t\t<div class=\"elementor-element elementor-element-2abf3ff elementor-widget elementor-widget-text-editor\" data-id=\"2abf3ff\" data-element_type=\"widget\" data-widget_type=\"text-editor.default\">\n\t\t\t\t\t\t\t\t\t<p>Lapsos acontecem. Retome o plano na refei\u00e7\u00e3o seguinte sem culpa. O foco deve ser o padr\u00e3o global, n\u00e3o a perfei\u00e7\u00e3o.<\/p>\t\t\t\t\t\t\t\t<\/div>\n\t\t\t\t\t<\/div>\n\t\t\t\t<\/div>\n\t\t\t\t<\/div>\n\t\t\t\t\t<\/details>\n\t\t\t\t\t\t<details id=\"e-n-accordion-item-9254\" class=\"e-n-accordion-item\" >\n\t\t\t\t<summary class=\"e-n-accordion-item-title\" data-accordion-index=\"5\" tabindex=\"-1\" aria-expanded=\"false\" aria-controls=\"e-n-accordion-item-9254\" >\n\t\t\t\t\t<span class='e-n-accordion-item-title-header'><div class=\"e-n-accordion-item-title-text\"> Quanto tempo leva para ver resultados? <\/div><\/span>\n\t\t\t\t\t\t\t<span class='e-n-accordion-item-title-icon'>\n\t\t\t<span class='e-opened' ><svg aria-hidden=\"true\" class=\"e-font-icon-svg e-fas-minus\" viewBox=\"0 0 448 512\" xmlns=\"http:\/\/www.w3.org\/2000\/svg\"><path d=\"M416 208H32c-17.67 0-32 14.33-32 32v32c0 17.67 14.33 32 32 32h384c17.67 0 32-14.33 32-32v-32c0-17.67-14.33-32-32-32z\"><\/path><\/svg><\/span>\n\t\t\t<span class='e-closed'><svg aria-hidden=\"true\" class=\"e-font-icon-svg e-fas-plus\" viewBox=\"0 0 448 512\" xmlns=\"http:\/\/www.w3.org\/2000\/svg\"><path d=\"M416 208H272V64c0-17.67-14.33-32-32-32h-32c-17.67 0-32 14.33-32 32v144H32c-17.67 0-32 14.33-32 32v32c0 17.67 14.33 32 32 32h144v144c0 17.67 14.33 32 32 32h32c17.67 0 32-14.33 32-32V304h144c17.67 0 32-14.33 32-32v-32c0-17.67-14.33-32-32-32z\"><\/path><\/svg><\/span>\n\t\t<\/span>\n\n\t\t\t\t\t\t<\/summary>\n\t\t\t\t<div role=\"region\" aria-labelledby=\"e-n-accordion-item-9254\" class=\"elementor-element elementor-element-9b7dc11 e-con-full e-flex e-con e-child\" data-id=\"9b7dc11\" data-element_type=\"container\">\n\t\t<div role=\"region\" aria-labelledby=\"e-n-accordion-item-9254\" class=\"elementor-element elementor-element-0245ef2 e-flex e-con-boxed e-con e-child\" data-id=\"0245ef2\" data-element_type=\"container\">\n\t\t\t\t\t<div class=\"e-con-inner\">\n\t\t\t\t<div class=\"elementor-element elementor-element-6dd81ff elementor-widget elementor-widget-text-editor\" data-id=\"6dd81ff\" data-element_type=\"widget\" data-widget_type=\"text-editor.default\">\n\t\t\t\t\t\t\t\t\t<p>Os resultados variam de pessoa para pessoa. Em geral, melhorias come\u00e7am a ser vis\u00edveis ap\u00f3s algumas semanas de consist\u00eancia. A regularidade \u00e9 mais importante do que a rapidez.<\/p>\t\t\t\t\t\t\t\t<\/div>\n\t\t\t\t\t<\/div>\n\t\t\t\t<\/div>\n\t\t\t\t<\/div>\n\t\t\t\t\t<\/details>\n\t\t\t\t\t<\/div>\n\t\t\t\t\t<script type=\"application\/ld+json\">{\"@context\":\"https:\\\/\\\/schema.org\",\"@type\":\"FAQPage\",\"mainEntity\":[{\"@type\":\"Question\",\"name\":\"Como escolher a melhor dieta para mim?\",\"acceptedAnswer\":{\"@type\":\"Answer\",\"text\":\"Opte por um padr\\u00e3o alimentar variado e equilibrado, adaptado ao seu estilo de vida. Dietas demasiado restritivas dificultam a ades\\u00e3o e prejudicam a perda de peso saud\\u00e1vel.\"}},{\"@type\":\"Question\",\"name\":\"Preciso de cortar completamente os hidratos de carbono?\",\"acceptedAnswer\":{\"@type\":\"Answer\",\"text\":\"N\\u00e3o. Os cereais integrais fornecem energia e fibras importantes. O essencial est\\u00e1 na qualidade e na quantidade consumida.\"}},{\"@type\":\"Question\",\"name\":\"Posso emagrecer sem fazer exerc\\u00edcio?\",\"acceptedAnswer\":{\"@type\":\"Answer\",\"text\":\"Embora a alimenta\\u00e7\\u00e3o tenha um papel central, a actividade f\\u00edsica melhora os resultados, ajuda a preservar m\\u00fasculo e potencia uma perda de peso saud\\u00e1vel.\"}},{\"@type\":\"Question\",\"name\":\"E se falhar uma refei\\u00e7\\u00e3o saud\\u00e1vel?\",\"acceptedAnswer\":{\"@type\":\"Answer\",\"text\":\"Lapsos acontecem. Retome o plano na refei\\u00e7\\u00e3o seguinte sem culpa. O foco deve ser o padr\\u00e3o global, n\\u00e3o a perfei\\u00e7\\u00e3o.\"}},{\"@type\":\"Question\",\"name\":\"Quanto tempo leva para ver resultados?\",\"acceptedAnswer\":{\"@type\":\"Answer\",\"text\":\"Os resultados variam de pessoa para pessoa. Em geral, melhorias come\\u00e7am a ser vis\\u00edveis ap\\u00f3s algumas semanas de consist\\u00eancia. A regularidade \\u00e9 mais importante do que a rapidez.\"}}]}<\/script>\n\t\t\t\t\t\t\t<\/div>\n\t\t\t\t<\/div>\n\t\t\t\t\t<\/div>\n\t\t\t\t<\/div>\n\t\t<div class=\"elementor-element elementor-element-947eb6e e-flex e-con-boxed e-con e-parent\" data-id=\"947eb6e\" data-element_type=\"container\">\n\t\t\t\t\t<div class=\"e-con-inner\">\n\t\t\t\t<div class=\"elementor-element elementor-element-0cedcf6 elementor-widget elementor-widget-heading\" data-id=\"0cedcf6\" data-element_type=\"widget\" data-widget_type=\"heading.default\">\n\t\t\t\t\t<h2 class=\"elementor-heading-title elementor-size-default\">Conclus\u00e3o<\/h2>\t\t\t\t<\/div>\n\t\t\t\t<div class=\"elementor-element elementor-element-01e3d11 elementor-widget elementor-widget-text-editor\" data-id=\"01e3d11\" data-element_type=\"widget\" data-widget_type=\"text-editor.default\">\n\t\t\t\t\t\t\t\t\t<p>Planear correctamente o processo \u00e9 essencial para alcan\u00e7ar resultados duradouros. Uma perda de peso saud\u00e1vel baseia-se na avalia\u00e7\u00e3o dos h\u00e1bitos, na defini\u00e7\u00e3o de metas realistas, numa alimenta\u00e7\u00e3o equilibrada, na pr\u00e1tica regular de actividade f\u00edsica e no apoio do meio envolvente. A gradualidade e o acompanhamento profissional aumentam as probabilidades de sucesso e permitem transformar o emagrecimento numa verdadeira mudan\u00e7a de estilo de vida, e n\u00e3o num sacrif\u00edcio tempor\u00e1rio.<\/p><p>Na <strong data-start=\"4008\" data-end=\"4025\">M\u00e9dico na Net<\/strong>, pode agendar a\u00a0<strong><a class=\"decorated-link cursor-pointer\" href=\"https:\/\/www.mediconanet.pt\/produto\/primeira-consulta-perda-de-peso\/?utm_source=blog&amp;utm_medium=artigo&amp;utm_campaign=exercicios-em-casa\" target=\"_new\" rel=\"noopener\" data-start=\"4042\" data-end=\"4228\">Consulta M\u00e9dica Perda de Peso + Consulta Nutri\u00e7\u00e3o<\/a><\/strong>, um servi\u00e7o online onde m\u00e9dicos e nutricionistas trabalham juntos para criar um plano de emagrecimento personalizado.<\/p><p data-start=\"4350\" data-end=\"4501\">Com orienta\u00e7\u00e3o profissional, \u00e9 poss\u00edvel definir metas realistas, escolher a melhor alimenta\u00e7\u00e3o e adaptar os treinos \u00e0 condi\u00e7\u00e3o f\u00edsica de cada pessoa.<\/p>\t\t\t\t\t\t\t\t<\/div>\n\t\t\t\t<div class=\"elementor-element elementor-element-08bb069 elementor-widget elementor-widget-heading\" data-id=\"08bb069\" data-element_type=\"widget\" data-widget_type=\"heading.default\">\n\t\t\t\t\t<h2 class=\"elementor-heading-title elementor-size-default\">Fontes<\/h2>\t\t\t\t<\/div>\n\t\t\t\t<div class=\"elementor-element elementor-element-863fa37 elementor-widget elementor-widget-text-editor\" data-id=\"863fa37\" data-element_type=\"widget\" data-widget_type=\"text-editor.default\">\n\t\t\t\t\t\t\t\t\t<p><a href=\"https:\/\/www.apn.org.pt\" rel=\"dofollow noopener\" target=\"_blank\">Direc\u00e7\u00e3o\u2011Geral da Sa\u00fade \/ Associa\u00e7\u00e3o Portuguesa de Nutri\u00e7\u00e3o \u2013 \u201c10 recomenda\u00e7\u00f5es para perder peso com sa\u00fade\u201d.\u00a0<\/a><br \/>Sociedade Portuguesa de Endocrinologia, Diabetes e <a href=\"https:\/\/www.spedm.org\" rel=\"nofollow noopener\" target=\"_blank\">Metabolismo (SPEDM)<\/a> \u2013 \u201cRecomenda\u00e7\u00f5es nutricionais para a obesidade\u201d.\u00a0<br \/><a href=\"https:\/\/abeso.org.br\" rel=\"nofollow noopener\" target=\"_blank\">ABESO \/ Organiza\u00e7\u00e3o Mundial da Sa\u00fade \u2013 \u201cOs efeitos da pr\u00e1tica de actividade f\u00edsica na perda de peso\u201d.\u00a0<\/a><br \/><a href=\"https:\/\/www.ncbi.nlm.nih.gov\/books\/NBK619591\/\" rel=\"nofollow noopener\" target=\"_blank\">Health Technology Assessment (NIHR) \u2013 \u201cBehavioural weight\u2011management interventions for the treatment of obesity\u201d<\/a><br \/><a href=\"https:\/\/scielo.pt\/pdf\/rpmgf\/v39n5\/2182-5173-rpmgf-39-05-478.pdf\" rel=\"nofollow noopener\" target=\"_blank\">Revista Portuguesa de Medicina Geral e Familiar \u2013 \u201cConsulta de modifica\u00e7\u00e3o de estilos de vida nos cuidados de sa\u00fade prim\u00e1rios\u201d<\/a><br \/><a href=\"https:\/\/www.speo-obesidade.pt\/wp-content\/uploads\/2020\/06\/Ap_Livro-SPEO_v7-.pdf\" rel=\"nofollow noopener\" target=\"_blank\">Sociedade Portuguesa para o Estudo da Obesidade (SPEO) \u2013 \u201cTratamento n\u00e3o cir\u00fargico da obesidade do adulto\u201d<\/a><\/p>\t\t\t\t\t\t\t\t<\/div>\n\t\t\t\t\t<\/div>\n\t\t\t\t<\/div>\n\t\t\t\t<\/div>\n\t\t","protected":false},"excerpt":{"rendered":"<p>Perder peso com sucesso exige mais do que reduzir calorias; implica um planeamento cuidadoso e mudan\u00e7as sustent\u00e1veis no estilo de vida. Uma perda de peso saud\u00e1vel n\u00e3o se baseia em dietas restritivas nem em solu\u00e7\u00f5es r\u00e1pidas, mas sim na adop\u00e7\u00e3o de h\u00e1bitos consistentes que promovam a sa\u00fade f\u00edsica e mental. Iniciar uma dieta sem apoio [&hellip;]<\/p>\n","protected":false},"author":2964,"featured_media":53795,"comment_status":"closed","ping_status":"closed","sticky":false,"template":"","format":"standard","meta":{"_jetpack_memberships_contains_paid_content":false,"footnotes":""},"categories":[111],"tags":[],"class_list":["post-53752","post","type-post","status-publish","format-standard","has-post-thumbnail","hentry","category-perda-de-peso"],"jetpack_featured_media_url":"https:\/\/www.mediconanet.pt\/wp-content\/uploads\/2026\/02\/como-planear-perda-de-peso-saudavel.jpg","jetpack_sharing_enabled":true,"_links":{"self":[{"href":"https:\/\/www.mediconanet.pt\/en\/wp-json\/wp\/v2\/posts\/53752","targetHints":{"allow":["GET"]}}],"collection":[{"href":"https:\/\/www.mediconanet.pt\/en\/wp-json\/wp\/v2\/posts"}],"about":[{"href":"https:\/\/www.mediconanet.pt\/en\/wp-json\/wp\/v2\/types\/post"}],"author":[{"embeddable":true,"href":"https:\/\/www.mediconanet.pt\/en\/wp-json\/wp\/v2\/users\/2964"}],"replies":[{"embeddable":true,"href":"https:\/\/www.mediconanet.pt\/en\/wp-json\/wp\/v2\/comments?post=53752"}],"version-history":[{"count":19,"href":"https:\/\/www.mediconanet.pt\/en\/wp-json\/wp\/v2\/posts\/53752\/revisions"}],"predecessor-version":[{"id":54977,"href":"https:\/\/www.mediconanet.pt\/en\/wp-json\/wp\/v2\/posts\/53752\/revisions\/54977"}],"wp:featuredmedia":[{"embeddable":true,"href":"https:\/\/www.mediconanet.pt\/en\/wp-json\/wp\/v2\/media\/53795"}],"wp:attachment":[{"href":"https:\/\/www.mediconanet.pt\/en\/wp-json\/wp\/v2\/media?parent=53752"}],"wp:term":[{"taxonomy":"category","embeddable":true,"href":"https:\/\/www.mediconanet.pt\/en\/wp-json\/wp\/v2\/categories?post=53752"},{"taxonomy":"post_tag","embeddable":true,"href":"https:\/\/www.mediconanet.pt\/en\/wp-json\/wp\/v2\/tags?post=53752"}],"curies":[{"name":"wp","href":"https:\/\/api.w.org\/{rel}","templated":true}]}}