{"id":53800,"date":"2026-02-04T11:37:53","date_gmt":"2026-02-04T11:37:53","guid":{"rendered":"https:\/\/www.mediconanet.pt\/?p=53800"},"modified":"2026-02-11T18:08:13","modified_gmt":"2026-02-11T18:08:13","slug":"alimentacao-equilibrada-na-perda-de-peso","status":"publish","type":"post","link":"https:\/\/www.mediconanet.pt\/en\/alimentacao-equilibrada-na-perda-de-peso\/","title":{"rendered":"Alimenta\u00e7\u00e3o equilibrada na perda de peso: o que comer e o que evitar"},"content":{"rendered":"\t\t<div data-elementor-type=\"wp-post\" data-elementor-id=\"53800\" class=\"elementor elementor-53800\" data-elementor-post-type=\"post\">\n\t\t\t\t<div class=\"elementor-element elementor-element-9067b8a e-flex e-con-boxed e-con e-parent\" data-id=\"9067b8a\" data-element_type=\"container\">\n\t\t\t\t\t<div class=\"e-con-inner\">\n\t\t\t\t<div class=\"elementor-element elementor-element-85217e8 elementor-widget elementor-widget-text-editor\" data-id=\"85217e8\" data-element_type=\"widget\" data-widget_type=\"text-editor.default\">\n\t\t\t\t\t\t\t\t\t<p>Muitas pessoas associam a perda de peso a dietas extremas e \u00e0 elimina\u00e7\u00e3o total de certos alimentos. No entanto, os especialistas defendem que uma alimenta\u00e7\u00e3o equilibrada na perda de peso, inspirada na dieta mediterr\u00e2nica, \u00e9 uma abordagem muito mais eficaz e sustent\u00e1vel. Rica em vegetais, frutas, leguminosas e gorduras saud\u00e1veis, esta estrat\u00e9gia permite emagrecer com sa\u00fade, evitando as armadilhas das dietas da moda. Este artigo explora como uma alimenta\u00e7\u00e3o variada pode apoiar o emagrecimento sem comprometer o bem-estar.<\/p>\t\t\t\t\t\t\t\t<\/div>\n\t\t\t\t<div class=\"elementor-element elementor-element-a820dbb elementor-widget elementor-widget-heading\" data-id=\"a820dbb\" data-element_type=\"widget\" data-widget_type=\"heading.default\">\n\t\t\t\t\t<h2 class=\"elementor-heading-title elementor-size-default\">O que constitui uma alimenta\u00e7\u00e3o equilibrada na perda de peso?<\/h2>\t\t\t\t<\/div>\n\t\t\t\t<div class=\"elementor-element elementor-element-d611822 elementor-widget elementor-widget-heading\" data-id=\"d611822\" data-element_type=\"widget\" data-widget_type=\"heading.default\">\n\t\t\t\t\t<h3 class=\"elementor-heading-title elementor-size-default\">Base em frutas e vegetais<\/h3>\t\t\t\t<\/div>\n\t\t\t\t<div class=\"elementor-element elementor-element-cfef51a elementor-widget elementor-widget-text-editor\" data-id=\"cfef51a\" data-element_type=\"widget\" data-widget_type=\"text-editor.default\">\n\t\t\t\t\t\t\t\t\t<p>Os vegetais e as frutas devem formar a base de cada refei\u00e7\u00e3o. Estes alimentos s\u00e3o ricos em fibras, vitaminas e antioxidantes, proporcionando saciedade com baixa densidade energ\u00e9tica. O aumento do consumo de vegetais e frutas \u00e9 um dos pilares de uma alimenta\u00e7\u00e3o equilibrada na perda de peso, ajudando a controlar o apetite e a ingest\u00e3o cal\u00f3rica. A Sociedade Portuguesa de Endocrinologia, Diabetes e Metabolismo recomenda privilegiar vegetais e frutos frescos para promover o emagrecimento e a sa\u00fade metab\u00f3lica.<\/p>\t\t\t\t\t\t\t\t<\/div>\n\t\t\t\t<div class=\"elementor-element elementor-element-421b9ea elementor-widget elementor-widget-heading\" data-id=\"421b9ea\" data-element_type=\"widget\" data-widget_type=\"heading.default\">\n\t\t\t\t\t<h3 class=\"elementor-heading-title elementor-size-default\">Cereais integrais em vez de refinados<\/h3>\t\t\t\t<\/div>\n\t\t\t\t<div class=\"elementor-element elementor-element-e49ce54 elementor-widget elementor-widget-text-editor\" data-id=\"e49ce54\" data-element_type=\"widget\" data-widget_type=\"text-editor.default\">\n\t\t\t\t\t\t\t\t\t<p>Substituir alimentos refinados, como p\u00e3o branco, massa e arroz branco, por vers\u00f5es integrais aumenta o teor de fibras e prolonga a sensa\u00e7\u00e3o de saciedade. A ingest\u00e3o regular de cereais integrais est\u00e1 associada a um menor risco de obesidade e diabetes tipo 2. Esta substitui\u00e7\u00e3o contribui para uma alimenta\u00e7\u00e3o equilibrada na perda de peso, ajudando a manter n\u00edveis de energia mais est\u00e1veis ao longo do dia. Procure integrar p\u00e3o integral, aveia, quinoa ou arroz integral nas refei\u00e7\u00f5es.<\/p>\t\t\t\t\t\t\t\t<\/div>\n\t\t\t\t<div class=\"elementor-element elementor-element-ca9c560 elementor-widget elementor-widget-heading\" data-id=\"ca9c560\" data-element_type=\"widget\" data-widget_type=\"heading.default\">\n\t\t\t\t\t<h3 class=\"elementor-heading-title elementor-size-default\">Gorduras boas em modera\u00e7\u00e3o<\/h3>\t\t\t\t<\/div>\n\t\t\t\t<div class=\"elementor-element elementor-element-4374929 elementor-widget elementor-widget-text-editor\" data-id=\"4374929\" data-element_type=\"widget\" data-widget_type=\"text-editor.default\">\n\t\t\t\t\t\t\t\t\t<p>Nem toda a gordura \u00e9 inimiga da dieta. As gorduras insaturadas presentes no azeite, frutos secos (como nozes e am\u00eandoas) e peixes gordos s\u00e3o ben\u00e9ficas para a sa\u00fade cardiovascular. A SPEDM destaca que as gorduras trans, comuns em fritos e produtos industrializados, devem ser evitadas, enquanto o azeite deve ser a principal fonte de gordura na culin\u00e1ria. Numa alimenta\u00e7\u00e3o equilibrada na perda de peso, o consumo de frutos secos deve ser moderado, devido ao seu elevado valor cal\u00f3rico.<\/p>\t\t\t\t\t\t\t\t<\/div>\n\t\t\t\t<div class=\"elementor-element elementor-element-bd38367 elementor-widget elementor-widget-heading\" data-id=\"bd38367\" data-element_type=\"widget\" data-widget_type=\"heading.default\">\n\t\t\t\t\t<h3 class=\"elementor-heading-title elementor-size-default\">Prote\u00ednas magras<\/h3>\t\t\t\t<\/div>\n\t\t\t\t<div class=\"elementor-element elementor-element-da88244 elementor-widget elementor-widget-text-editor\" data-id=\"da88244\" data-element_type=\"widget\" data-widget_type=\"text-editor.default\">\n\t\t\t\t\t\t\t\t\t<p>As prote\u00ednas s\u00e3o essenciais para preservar a massa muscular durante o emagrecimento. Inclua na dieta peixe, aves sem pele, ovos e leguminosas, como feij\u00e3o, gr\u00e3o-de-bico e lentilhas. A ingest\u00e3o adequada de prote\u00ednas \u00e9 fundamental numa alimenta\u00e7\u00e3o equilibrada na perda de peso, pois contribui para a saciedade e ajuda a evitar a perda de m\u00fasculo associada a dietas restritivas.<\/p>\t\t\t\t\t\t\t\t<\/div>\n\t\t\t\t<div class=\"elementor-element elementor-element-87caccb elementor-widget elementor-widget-heading\" data-id=\"87caccb\" data-element_type=\"widget\" data-widget_type=\"heading.default\">\n\t\t\t\t\t<h3 class=\"elementor-heading-title elementor-size-default\">Hidrata\u00e7\u00e3o adequada<\/h3>\t\t\t\t<\/div>\n\t\t\t\t<div class=\"elementor-element elementor-element-06c0ebb elementor-widget elementor-widget-text-editor\" data-id=\"06c0ebb\" data-element_type=\"widget\" data-widget_type=\"text-editor.default\">\n\t\t\t\t\t\t\t\t\t<p>A \u00e1gua \u00e9 uma aliada indispens\u00e1vel do emagrecimento. Al\u00e9m de hidratar, ajuda a controlar o apetite e substitui bebidas a\u00e7ucaradas. A SPEDM aconselha reduzir o consumo de refrigerantes e bebidas alco\u00f3licas, optando por \u00e1gua, infus\u00f5es ou \u00e1gua aromatizada. Uma hidrata\u00e7\u00e3o correcta apoia o metabolismo e integra qualquer alimenta\u00e7\u00e3o equilibrada na perda de peso.<\/p>\t\t\t\t\t\t\t\t<\/div>\n\t\t\t\t<div class=\"elementor-element elementor-element-1eeabf2 elementor-widget elementor-widget-heading\" data-id=\"1eeabf2\" data-element_type=\"widget\" data-widget_type=\"heading.default\">\n\t\t\t\t\t<h2 class=\"elementor-heading-title elementor-size-default\">O que evitar para emagrecer com sa\u00fade<\/h2>\t\t\t\t<\/div>\n\t\t\t\t<div class=\"elementor-element elementor-element-a913271 elementor-widget elementor-widget-heading\" data-id=\"a913271\" data-element_type=\"widget\" data-widget_type=\"heading.default\">\n\t\t\t\t\t<h3 class=\"elementor-heading-title elementor-size-default\">Dietas restritivas e \u201cmilagrosas\u201d<\/h3>\t\t\t\t<\/div>\n\t\t\t\t<div class=\"elementor-element elementor-element-f5abeda elementor-widget elementor-widget-text-editor\" data-id=\"f5abeda\" data-element_type=\"widget\" data-widget_type=\"text-editor.default\">\n\t\t\t\t\t\t\t\t\t<p>Dietas que prometem perdas r\u00e1pidas de muitos quilos, eliminando grupos alimentares inteiros, s\u00e3o insustent\u00e1veis e podem causar d\u00e9fices nutricionais. A Direc\u00e7\u00e3o-Geral da Sa\u00fade alerta para os riscos das dietas da moda e refor\u00e7a a import\u00e2ncia de um plano alimentar ajustado \u00e0s necessidades individuais. Evitar estas abordagens \u00e9 essencial para manter uma alimenta\u00e7\u00e3o equilibrada na perda de peso.<\/p>\t\t\t\t\t\t\t\t<\/div>\n\t\t\t\t<div class=\"elementor-element elementor-element-e118cd6 elementor-widget elementor-widget-heading\" data-id=\"e118cd6\" data-element_type=\"widget\" data-widget_type=\"heading.default\">\n\t\t\t\t\t<h3 class=\"elementor-heading-title elementor-size-default\">Alimentos ultraprocessados<\/h3>\t\t\t\t<\/div>\n\t\t\t\t<div class=\"elementor-element elementor-element-230cd7e elementor-widget elementor-widget-text-editor\" data-id=\"230cd7e\" data-element_type=\"widget\" data-widget_type=\"text-editor.default\">\n\t\t\t\t\t\t\t\t\t<p>Bolachas, snacks, refei\u00e7\u00f5es pr\u00e9-cozinhadas e refrigerantes cont\u00eam grandes quantidades de a\u00e7\u00facar, sal, gorduras trans e aditivos. Estes produtos s\u00e3o pobres em nutrientes e favorecem o ganho de peso. Reduzir o consumo de ultraprocessados \u00e9 uma medida central numa alimenta\u00e7\u00e3o equilibrada na perda de peso, privilegiando alimentos frescos e preparados em casa.<\/p>\t\t\t\t\t\t\t\t<\/div>\n\t\t\t\t<div class=\"elementor-element elementor-element-86c0649 elementor-widget elementor-widget-heading\" data-id=\"86c0649\" data-element_type=\"widget\" data-widget_type=\"heading.default\">\n\t\t\t\t\t<h3 class=\"elementor-heading-title elementor-size-default\">Bebidas a\u00e7ucaradas e \u00e1lcool<\/h3>\t\t\t\t<\/div>\n\t\t\t\t<div class=\"elementor-element elementor-element-23bc99c elementor-widget elementor-widget-text-editor\" data-id=\"23bc99c\" data-element_type=\"widget\" data-widget_type=\"text-editor.default\">\n\t\t\t\t\t\t\t\t\t<p>Os sumos artificiais e as bebidas alco\u00f3licas adicionam calorias vazias \u00e0 dieta. Substitua refrigerantes por \u00e1gua ou ch\u00e1s sem a\u00e7\u00facar. O consumo de \u00e1lcool deve ser moderado, pois al\u00e9m das calorias, pode estimular o apetite e levar a escolhas alimentares menos saud\u00e1veis, dificultando a alimenta\u00e7\u00e3o equilibrada na perda de peso.<\/p>\t\t\t\t\t\t\t\t<\/div>\n\t\t\t\t<div class=\"elementor-element elementor-element-2ca5d26 elementor-widget elementor-widget-image\" data-id=\"2ca5d26\" data-element_type=\"widget\" data-widget_type=\"image.default\">\n\t\t\t\t\t\t\t\t\t\t\t\t\t\t\t<img fetchpriority=\"high\" decoding=\"async\" width=\"800\" height=\"448\" src=\"https:\/\/www.mediconanet.pt\/wp-content\/uploads\/2026\/02\/alimentacao-equilibrada-na-perda-de-peso-consulta-online-1024x573.jpg\" class=\"attachment-large size-large wp-image-53814\" alt=\"Consulta m\u00e9dica online no apoio a uma alimenta\u00e7\u00e3o equilibrada na perda de peso\" srcset=\"https:\/\/www.mediconanet.pt\/wp-content\/uploads\/2026\/02\/alimentacao-equilibrada-na-perda-de-peso-consulta-online-1024x573.jpg 1024w, https:\/\/www.mediconanet.pt\/wp-content\/uploads\/2026\/02\/alimentacao-equilibrada-na-perda-de-peso-consulta-online-300x168.jpg 300w, https:\/\/www.mediconanet.pt\/wp-content\/uploads\/2026\/02\/alimentacao-equilibrada-na-perda-de-peso-consulta-online-768x430.jpg 768w, https:\/\/www.mediconanet.pt\/wp-content\/uploads\/2026\/02\/alimentacao-equilibrada-na-perda-de-peso-consulta-online-1536x860.jpg 1536w, https:\/\/www.mediconanet.pt\/wp-content\/uploads\/2026\/02\/alimentacao-equilibrada-na-perda-de-peso-consulta-online-18x10.jpg 18w, https:\/\/www.mediconanet.pt\/wp-content\/uploads\/2026\/02\/alimentacao-equilibrada-na-perda-de-peso-consulta-online-600x336.jpg 600w, https:\/\/www.mediconanet.pt\/wp-content\/uploads\/2026\/02\/alimentacao-equilibrada-na-perda-de-peso-consulta-online.jpg 1600w\" sizes=\"(max-width: 800px) 100vw, 800px\" \/>\t\t\t\t\t\t\t\t\t\t\t\t\t\t\t<\/div>\n\t\t\t\t\t<\/div>\n\t\t\t\t<\/div>\n\t\t<div class=\"elementor-element elementor-element-1143022 e-flex e-con-boxed e-con e-parent\" data-id=\"1143022\" data-element_type=\"container\">\n\t\t\t\t\t<div class=\"e-con-inner\">\n\t\t<div class=\"elementor-element elementor-element-c5c4b32 e-con-full e-flex e-con e-child\" data-id=\"c5c4b32\" data-element_type=\"container\">\n\t\t<div class=\"elementor-element elementor-element-2677d6f e-con-full e-flex e-con e-child\" data-id=\"2677d6f\" data-element_type=\"container\">\n\t\t\t\t<div class=\"elementor-element elementor-element-d24b04e elementor-widget elementor-widget-heading\" data-id=\"d24b04e\" data-element_type=\"widget\" data-widget_type=\"heading.default\">\n\t\t\t\t\t<h2 class=\"elementor-heading-title elementor-size-default\">Perguntas frequentes (FAQ)<\/h2>\t\t\t\t<\/div>\n\t\t\t\t<div class=\"elementor-element elementor-element-581baf6 elementor-widget elementor-widget-n-accordion\" data-id=\"581baf6\" data-element_type=\"widget\" data-settings=\"{&quot;default_state&quot;:&quot;all_collapsed&quot;,&quot;max_items_expended&quot;:&quot;one&quot;,&quot;n_accordion_animation_duration&quot;:{&quot;unit&quot;:&quot;ms&quot;,&quot;size&quot;:400,&quot;sizes&quot;:[]}}\" data-widget_type=\"nested-accordion.default\">\n\t\t\t\t\t\t\t<div class=\"e-n-accordion\" aria-label=\"Accordion. Open links with Enter or Space, close with Escape, and navigate with Arrow Keys\">\n\t\t\t\t\t\t<details id=\"e-n-accordion-item-9230\" class=\"e-n-accordion-item\" >\n\t\t\t\t<summary class=\"e-n-accordion-item-title\" data-accordion-index=\"1\" tabindex=\"0\" aria-expanded=\"false\" aria-controls=\"e-n-accordion-item-9230\" >\n\t\t\t\t\t<span class='e-n-accordion-item-title-header'><div class=\"e-n-accordion-item-title-text\"> Quais s\u00e3o os melhores alimentos para perder peso? <\/div><\/span>\n\t\t\t\t\t\t\t<span class='e-n-accordion-item-title-icon'>\n\t\t\t<span class='e-opened' ><svg aria-hidden=\"true\" class=\"e-font-icon-svg e-fas-minus\" viewBox=\"0 0 448 512\" xmlns=\"http:\/\/www.w3.org\/2000\/svg\"><path d=\"M416 208H32c-17.67 0-32 14.33-32 32v32c0 17.67 14.33 32 32 32h384c17.67 0 32-14.33 32-32v-32c0-17.67-14.33-32-32-32z\"><\/path><\/svg><\/span>\n\t\t\t<span class='e-closed'><svg aria-hidden=\"true\" class=\"e-font-icon-svg e-fas-plus\" viewBox=\"0 0 448 512\" xmlns=\"http:\/\/www.w3.org\/2000\/svg\"><path d=\"M416 208H272V64c0-17.67-14.33-32-32-32h-32c-17.67 0-32 14.33-32 32v144H32c-17.67 0-32 14.33-32 32v32c0 17.67 14.33 32 32 32h144v144c0 17.67 14.33 32 32 32h32c17.67 0 32-14.33 32-32V304h144c17.67 0 32-14.33 32-32v-32c0-17.67-14.33-32-32-32z\"><\/path><\/svg><\/span>\n\t\t<\/span>\n\n\t\t\t\t\t\t<\/summary>\n\t\t\t\t<div role=\"region\" aria-labelledby=\"e-n-accordion-item-9230\" class=\"elementor-element elementor-element-9e11763 e-con-full e-flex e-con e-child\" data-id=\"9e11763\" data-element_type=\"container\">\n\t\t<div role=\"region\" aria-labelledby=\"e-n-accordion-item-9230\" class=\"elementor-element elementor-element-338028a e-flex e-con-boxed e-con e-child\" data-id=\"338028a\" data-element_type=\"container\">\n\t\t\t\t\t<div class=\"e-con-inner\">\n\t\t\t\t<div class=\"elementor-element elementor-element-d841296 elementor-widget elementor-widget-text-editor\" data-id=\"d841296\" data-element_type=\"widget\" data-widget_type=\"text-editor.default\">\n\t\t\t\t\t\t\t\t\t<p>Os melhores aliados s\u00e3o alimentos naturais e pouco processados: frutas, vegetais, cereais integrais, leguminosas, peixe e azeite. Estes fornecem fibras, vitaminas e minerais essenciais para uma alimenta\u00e7\u00e3o equilibrada na perda de peso.<\/p>\t\t\t\t\t\t\t\t<\/div>\n\t\t\t\t\t<\/div>\n\t\t\t\t<\/div>\n\t\t\t\t<\/div>\n\t\t\t\t\t<\/details>\n\t\t\t\t\t\t<details id=\"e-n-accordion-item-9231\" class=\"e-n-accordion-item\" >\n\t\t\t\t<summary class=\"e-n-accordion-item-title\" data-accordion-index=\"2\" tabindex=\"-1\" aria-expanded=\"false\" aria-controls=\"e-n-accordion-item-9231\" >\n\t\t\t\t\t<span class='e-n-accordion-item-title-header'><div class=\"e-n-accordion-item-title-text\"> Devo cortar completamente as gorduras? <\/div><\/span>\n\t\t\t\t\t\t\t<span class='e-n-accordion-item-title-icon'>\n\t\t\t<span class='e-opened' ><svg aria-hidden=\"true\" class=\"e-font-icon-svg e-fas-minus\" viewBox=\"0 0 448 512\" xmlns=\"http:\/\/www.w3.org\/2000\/svg\"><path d=\"M416 208H32c-17.67 0-32 14.33-32 32v32c0 17.67 14.33 32 32 32h384c17.67 0 32-14.33 32-32v-32c0-17.67-14.33-32-32-32z\"><\/path><\/svg><\/span>\n\t\t\t<span class='e-closed'><svg aria-hidden=\"true\" class=\"e-font-icon-svg e-fas-plus\" viewBox=\"0 0 448 512\" xmlns=\"http:\/\/www.w3.org\/2000\/svg\"><path d=\"M416 208H272V64c0-17.67-14.33-32-32-32h-32c-17.67 0-32 14.33-32 32v144H32c-17.67 0-32 14.33-32 32v32c0 17.67 14.33 32 32 32h144v144c0 17.67 14.33 32 32 32h32c17.67 0 32-14.33 32-32V304h144c17.67 0 32-14.33 32-32v-32c0-17.67-14.33-32-32-32z\"><\/path><\/svg><\/span>\n\t\t<\/span>\n\n\t\t\t\t\t\t<\/summary>\n\t\t\t\t<div role=\"region\" aria-labelledby=\"e-n-accordion-item-9231\" class=\"elementor-element elementor-element-41eb04c e-con-full e-flex e-con e-child\" data-id=\"41eb04c\" data-element_type=\"container\">\n\t\t<div role=\"region\" aria-labelledby=\"e-n-accordion-item-9231\" class=\"elementor-element elementor-element-24f0bcb e-flex e-con-boxed e-con e-child\" data-id=\"24f0bcb\" data-element_type=\"container\">\n\t\t\t\t\t<div class=\"e-con-inner\">\n\t\t\t\t<div class=\"elementor-element elementor-element-d93b6fa elementor-widget elementor-widget-text-editor\" data-id=\"d93b6fa\" data-element_type=\"widget\" data-widget_type=\"text-editor.default\">\n\t\t\t\t\t\t\t\t\t<p>N\u00e3o. O organismo necessita de gorduras para funcionar correctamente. Priorize gorduras insaturadas, como azeite, abacate e frutos secos, e limite gorduras saturadas e trans.<\/p>\t\t\t\t\t\t\t\t<\/div>\n\t\t\t\t\t<\/div>\n\t\t\t\t<\/div>\n\t\t\t\t<\/div>\n\t\t\t\t\t<\/details>\n\t\t\t\t\t\t<details id=\"e-n-accordion-item-9232\" class=\"e-n-accordion-item\" >\n\t\t\t\t<summary class=\"e-n-accordion-item-title\" data-accordion-index=\"3\" tabindex=\"-1\" aria-expanded=\"false\" aria-controls=\"e-n-accordion-item-9232\" >\n\t\t\t\t\t<span class='e-n-accordion-item-title-header'><div class=\"e-n-accordion-item-title-text\"> \u00c9 necess\u00e1rio fazer v\u00e1rias refei\u00e7\u00f5es por dia? <\/div><\/span>\n\t\t\t\t\t\t\t<span class='e-n-accordion-item-title-icon'>\n\t\t\t<span class='e-opened' ><svg aria-hidden=\"true\" class=\"e-font-icon-svg e-fas-minus\" viewBox=\"0 0 448 512\" xmlns=\"http:\/\/www.w3.org\/2000\/svg\"><path d=\"M416 208H32c-17.67 0-32 14.33-32 32v32c0 17.67 14.33 32 32 32h384c17.67 0 32-14.33 32-32v-32c0-17.67-14.33-32-32-32z\"><\/path><\/svg><\/span>\n\t\t\t<span class='e-closed'><svg aria-hidden=\"true\" class=\"e-font-icon-svg e-fas-plus\" viewBox=\"0 0 448 512\" xmlns=\"http:\/\/www.w3.org\/2000\/svg\"><path d=\"M416 208H272V64c0-17.67-14.33-32-32-32h-32c-17.67 0-32 14.33-32 32v144H32c-17.67 0-32 14.33-32 32v32c0 17.67 14.33 32 32 32h144v144c0 17.67 14.33 32 32 32h32c17.67 0 32-14.33 32-32V304h144c17.67 0 32-14.33 32-32v-32c0-17.67-14.33-32-32-32z\"><\/path><\/svg><\/span>\n\t\t<\/span>\n\n\t\t\t\t\t\t<\/summary>\n\t\t\t\t<div role=\"region\" aria-labelledby=\"e-n-accordion-item-9232\" class=\"elementor-element elementor-element-436a0aa e-con-full e-flex e-con e-child\" data-id=\"436a0aa\" data-element_type=\"container\">\n\t\t<div role=\"region\" aria-labelledby=\"e-n-accordion-item-9232\" class=\"elementor-element elementor-element-3979175 e-flex e-con-boxed e-con e-child\" data-id=\"3979175\" data-element_type=\"container\">\n\t\t\t\t\t<div class=\"e-con-inner\">\n\t\t\t\t<div class=\"elementor-element elementor-element-e95f11a elementor-widget elementor-widget-text-editor\" data-id=\"e95f11a\" data-element_type=\"widget\" data-widget_type=\"text-editor.default\">\n\t\t\t\t\t\t\t\t\t<p>Comer pequenas refei\u00e7\u00f5es ao longo do dia pode ajudar a controlar a fome, mas a frequ\u00eancia deve ser adaptada \u00e0 rotina e ao apetite de cada pessoa. O mais importante \u00e9 manter uma alimenta\u00e7\u00e3o equilibrada na perda de peso ao longo do dia.<\/p>\t\t\t\t\t\t\t\t<\/div>\n\t\t\t\t\t<\/div>\n\t\t\t\t<\/div>\n\t\t\t\t<\/div>\n\t\t\t\t\t<\/details>\n\t\t\t\t\t\t<details id=\"e-n-accordion-item-9233\" class=\"e-n-accordion-item\" >\n\t\t\t\t<summary class=\"e-n-accordion-item-title\" data-accordion-index=\"4\" tabindex=\"-1\" aria-expanded=\"false\" aria-controls=\"e-n-accordion-item-9233\" >\n\t\t\t\t\t<span class='e-n-accordion-item-title-header'><div class=\"e-n-accordion-item-title-text\"> O que posso comer entre as refei\u00e7\u00f5es? <\/div><\/span>\n\t\t\t\t\t\t\t<span class='e-n-accordion-item-title-icon'>\n\t\t\t<span class='e-opened' ><svg aria-hidden=\"true\" class=\"e-font-icon-svg e-fas-minus\" viewBox=\"0 0 448 512\" xmlns=\"http:\/\/www.w3.org\/2000\/svg\"><path d=\"M416 208H32c-17.67 0-32 14.33-32 32v32c0 17.67 14.33 32 32 32h384c17.67 0 32-14.33 32-32v-32c0-17.67-14.33-32-32-32z\"><\/path><\/svg><\/span>\n\t\t\t<span class='e-closed'><svg aria-hidden=\"true\" class=\"e-font-icon-svg e-fas-plus\" viewBox=\"0 0 448 512\" xmlns=\"http:\/\/www.w3.org\/2000\/svg\"><path d=\"M416 208H272V64c0-17.67-14.33-32-32-32h-32c-17.67 0-32 14.33-32 32v144H32c-17.67 0-32 14.33-32 32v32c0 17.67 14.33 32 32 32h144v144c0 17.67 14.33 32 32 32h32c17.67 0 32-14.33 32-32V304h144c17.67 0 32-14.33 32-32v-32c0-17.67-14.33-32-32-32z\"><\/path><\/svg><\/span>\n\t\t<\/span>\n\n\t\t\t\t\t\t<\/summary>\n\t\t\t\t<div role=\"region\" aria-labelledby=\"e-n-accordion-item-9233\" class=\"elementor-element elementor-element-34fc859 e-con-full e-flex e-con e-child\" data-id=\"34fc859\" data-element_type=\"container\">\n\t\t<div role=\"region\" aria-labelledby=\"e-n-accordion-item-9233\" class=\"elementor-element elementor-element-960b929 e-flex e-con-boxed e-con e-child\" data-id=\"960b929\" data-element_type=\"container\">\n\t\t\t\t\t<div class=\"e-con-inner\">\n\t\t\t\t<div class=\"elementor-element elementor-element-f2206b1 elementor-widget elementor-widget-text-editor\" data-id=\"f2206b1\" data-element_type=\"widget\" data-widget_type=\"text-editor.default\">\n\t\t\t\t\t\t\t\t\t<p>Lanches saud\u00e1veis incluem fruta fresca, iogurte natural, h\u00famus com palitos de cenoura ou pequenas por\u00e7\u00f5es de frutos secos. O planeamento dos snacks evita escolhas impulsivas e cal\u00f3ricas.<\/p>\t\t\t\t\t\t\t\t<\/div>\n\t\t\t\t\t<\/div>\n\t\t\t\t<\/div>\n\t\t\t\t<\/div>\n\t\t\t\t\t<\/details>\n\t\t\t\t\t\t<details id=\"e-n-accordion-item-9234\" class=\"e-n-accordion-item\" >\n\t\t\t\t<summary class=\"e-n-accordion-item-title\" data-accordion-index=\"5\" tabindex=\"-1\" aria-expanded=\"false\" aria-controls=\"e-n-accordion-item-9234\" >\n\t\t\t\t\t<span class='e-n-accordion-item-title-header'><div class=\"e-n-accordion-item-title-text\"> A dieta mediterr\u00e2nica ajuda mesmo a emagrecer? <\/div><\/span>\n\t\t\t\t\t\t\t<span class='e-n-accordion-item-title-icon'>\n\t\t\t<span class='e-opened' ><svg aria-hidden=\"true\" class=\"e-font-icon-svg e-fas-minus\" viewBox=\"0 0 448 512\" xmlns=\"http:\/\/www.w3.org\/2000\/svg\"><path d=\"M416 208H32c-17.67 0-32 14.33-32 32v32c0 17.67 14.33 32 32 32h384c17.67 0 32-14.33 32-32v-32c0-17.67-14.33-32-32-32z\"><\/path><\/svg><\/span>\n\t\t\t<span class='e-closed'><svg aria-hidden=\"true\" class=\"e-font-icon-svg e-fas-plus\" viewBox=\"0 0 448 512\" xmlns=\"http:\/\/www.w3.org\/2000\/svg\"><path d=\"M416 208H272V64c0-17.67-14.33-32-32-32h-32c-17.67 0-32 14.33-32 32v144H32c-17.67 0-32 14.33-32 32v32c0 17.67 14.33 32 32 32h144v144c0 17.67 14.33 32 32 32h32c17.67 0 32-14.33 32-32V304h144c17.67 0 32-14.33 32-32v-32c0-17.67-14.33-32-32-32z\"><\/path><\/svg><\/span>\n\t\t<\/span>\n\n\t\t\t\t\t\t<\/summary>\n\t\t\t\t<div role=\"region\" aria-labelledby=\"e-n-accordion-item-9234\" class=\"elementor-element elementor-element-7666da3 e-con-full e-flex e-con e-child\" data-id=\"7666da3\" data-element_type=\"container\">\n\t\t<div role=\"region\" aria-labelledby=\"e-n-accordion-item-9234\" class=\"elementor-element elementor-element-aa6cea4 e-flex e-con-boxed e-con e-child\" data-id=\"aa6cea4\" data-element_type=\"container\">\n\t\t\t\t\t<div class=\"e-con-inner\">\n\t\t\t\t<div class=\"elementor-element elementor-element-07685e6 elementor-widget elementor-widget-text-editor\" data-id=\"07685e6\" data-element_type=\"widget\" data-widget_type=\"text-editor.default\">\n\t\t\t\t\t\t\t\t\t<p>Sim. Diversos estudos mostram que este padr\u00e3o alimentar contribui para a perda de peso e para a sa\u00fade cardiovascular, sendo uma base s\u00f3lida para uma alimenta\u00e7\u00e3o equilibrada na perda de peso.<\/p>\t\t\t\t\t\t\t\t<\/div>\n\t\t\t\t\t<\/div>\n\t\t\t\t<\/div>\n\t\t\t\t<\/div>\n\t\t\t\t\t<\/details>\n\t\t\t\t\t<\/div>\n\t\t\t\t\t<script type=\"application\/ld+json\">{\"@context\":\"https:\\\/\\\/schema.org\",\"@type\":\"FAQPage\",\"mainEntity\":[{\"@type\":\"Question\",\"name\":\"Quais s\\u00e3o os melhores alimentos para perder peso?\",\"acceptedAnswer\":{\"@type\":\"Answer\",\"text\":\"Os melhores aliados s\\u00e3o alimentos naturais e pouco processados: frutas, vegetais, cereais integrais, leguminosas, peixe e azeite. Estes fornecem fibras, vitaminas e minerais essenciais para uma alimenta\\u00e7\\u00e3o equilibrada na perda de peso.\"}},{\"@type\":\"Question\",\"name\":\"Devo cortar completamente as gorduras?\",\"acceptedAnswer\":{\"@type\":\"Answer\",\"text\":\"N\\u00e3o. O organismo necessita de gorduras para funcionar correctamente. Priorize gorduras insaturadas, como azeite, abacate e frutos secos, e limite gorduras saturadas e trans.\"}},{\"@type\":\"Question\",\"name\":\"\\u00c9 necess\\u00e1rio fazer v\\u00e1rias refei\\u00e7\\u00f5es por dia?\",\"acceptedAnswer\":{\"@type\":\"Answer\",\"text\":\"Comer pequenas refei\\u00e7\\u00f5es ao longo do dia pode ajudar a controlar a fome, mas a frequ\\u00eancia deve ser adaptada \\u00e0 rotina e ao apetite de cada pessoa. O mais importante \\u00e9 manter uma alimenta\\u00e7\\u00e3o equilibrada na perda de peso ao longo do dia.\"}},{\"@type\":\"Question\",\"name\":\"O que posso comer entre as refei\\u00e7\\u00f5es?\",\"acceptedAnswer\":{\"@type\":\"Answer\",\"text\":\"Lanches saud\\u00e1veis incluem fruta fresca, iogurte natural, h\\u00famus com palitos de cenoura ou pequenas por\\u00e7\\u00f5es de frutos secos. O planeamento dos snacks evita escolhas impulsivas e cal\\u00f3ricas.\"}},{\"@type\":\"Question\",\"name\":\"A dieta mediterr\\u00e2nica ajuda mesmo a emagrecer?\",\"acceptedAnswer\":{\"@type\":\"Answer\",\"text\":\"Sim. Diversos estudos mostram que este padr\\u00e3o alimentar contribui para a perda de peso e para a sa\\u00fade cardiovascular, sendo uma base s\\u00f3lida para uma alimenta\\u00e7\\u00e3o equilibrada na perda de peso.\"}}]}<\/script>\n\t\t\t\t\t\t\t<\/div>\n\t\t\t\t<\/div>\n\t\t\t\t<\/div>\n\t\t\t\t\t<\/div>\n\t\t\t\t<\/div>\n\t\t<div class=\"elementor-element elementor-element-c5d7c57 e-flex e-con-boxed e-con e-parent\" data-id=\"c5d7c57\" data-element_type=\"container\">\n\t\t\t\t\t<div class=\"e-con-inner\">\n\t\t\t\t<div class=\"elementor-element elementor-element-83716d4 elementor-widget elementor-widget-heading\" data-id=\"83716d4\" data-element_type=\"widget\" data-widget_type=\"heading.default\">\n\t\t\t\t\t<h2 class=\"elementor-heading-title elementor-size-default\">Conclus\u00e3o<\/h2>\t\t\t\t<\/div>\n\t\t\t\t<div class=\"elementor-element elementor-element-0a23e20 elementor-widget elementor-widget-text-editor\" data-id=\"0a23e20\" data-element_type=\"widget\" data-widget_type=\"text-editor.default\">\n\t\t\t\t\t\t\t\t\t<p>Uma alimenta\u00e7\u00e3o equilibrada na perda de peso \u00e9 a base de um emagrecimento duradouro e saud\u00e1vel. Ao privilegiar alimentos frescos, integrais e ricos em nutrientes e ao evitar ultraprocessados, bebidas a\u00e7ucaradas e gorduras trans, \u00e9 poss\u00edvel reduzir o peso sem sacrificar o prazer de comer. Combinar este padr\u00e3o alimentar com actividade f\u00edsica regular e acompanhamento profissional aumenta significativamente as hip\u00f3teses de sucesso a longo prazo.<\/p><p>Na <strong data-start=\"4008\" data-end=\"4025\">M\u00e9dico na Net<\/strong>, pode agendar a\u00a0<strong><a class=\"decorated-link cursor-pointer\" href=\"https:\/\/www.mediconanet.pt\/produto\/primeira-consulta-perda-de-peso\/?utm_source=blog&amp;utm_medium=artigo&amp;utm_campaign=exercicios-em-casa\" target=\"_new\" rel=\"noopener\" data-start=\"4042\" data-end=\"4228\">Consulta M\u00e9dica Perda de Peso + Consulta Nutri\u00e7\u00e3o<\/a><\/strong>, um servi\u00e7o online onde m\u00e9dicos e nutricionistas trabalham juntos para criar um plano de emagrecimento personalizado.<\/p><p data-start=\"4350\" data-end=\"4501\">Com orienta\u00e7\u00e3o profissional, \u00e9 poss\u00edvel definir metas realistas, escolher a melhor alimenta\u00e7\u00e3o e adaptar os treinos \u00e0 condi\u00e7\u00e3o f\u00edsica de cada pessoa.<\/p>\t\t\t\t\t\t\t\t<\/div>\n\t\t\t\t<div class=\"elementor-element elementor-element-9fa57be elementor-widget elementor-widget-heading\" data-id=\"9fa57be\" data-element_type=\"widget\" data-widget_type=\"heading.default\">\n\t\t\t\t\t<h2 class=\"elementor-heading-title elementor-size-default\">Fontes<\/h2>\t\t\t\t<\/div>\n\t\t\t\t<div class=\"elementor-element elementor-element-abb1962 elementor-widget elementor-widget-text-editor\" data-id=\"abb1962\" data-element_type=\"widget\" data-widget_type=\"text-editor.default\">\n\t\t\t\t\t\t\t\t\t<p><a href=\"https:\/\/www.spedm.org\" rel=\"dofollow noopener\" target=\"_blank\">Sociedade Portuguesa de Endocrinologia, Diabetes e Metabolismo (SPEDM)<span style=\"font-weight: 400;\"> \u2013 \u201cRecomenda\u00e7\u00f5es nutricionais para a obesidade\u201d.<\/span><\/a><br \/><a href=\"https:\/\/www.apn.org.pt\" rel=\"nofollow noopener\" target=\"_blank\">Direc\u00e7\u00e3o\u2011Geral da Sa\u00fade \/ Associa\u00e7\u00e3o Portuguesa de Nutri\u00e7\u00e3o<span style=\"font-weight: 400;\"> \u2013 \u201c10 recomenda\u00e7\u00f5es para perder peso com sa\u00fade\u201d.<\/span><\/a><br \/><a href=\"https:\/\/www.lusiadas.pt\/blog\/exercicio\/musculacao-ou-cardio-qual-melhor-para-si\" rel=\"dofollow noopener\" target=\"_blank\">Lus\u00edadas Sa\u00fade \u2013 <em data-start=\"5618\" data-end=\"5664\">Muscula\u00e7\u00e3o ou Cardio: qual o melhor para si?<\/em><\/a><br \/><a href=\"https:\/\/www.ncbi.nlm.nih.gov\/books\/NBK619591\/\" rel=\"nofollow noopener\" target=\"_blank\">Health Technology Assessment (NIHR) \u2013 \u201cBehavioural weight\u2011management interventions for the treatment of obesity\u201d<\/a><br \/><a href=\"https:\/\/scielo.pt\/pdf\/rpmgf\/v39n5\/2182-5173-rpmgf-39-05-478.pdf\" rel=\"nofollow noopener\" target=\"_blank\">Revista Portuguesa de Medicina Geral e Familiar \u2013 \u201cConsulta de modifica\u00e7\u00e3o de estilos de vida nos cuidados de sa\u00fade prim\u00e1rios\u201d<\/a><br \/><a href=\"https:\/\/www.speo-obesidade.pt\/wp-content\/uploads\/2020\/06\/Ap_Livro-SPEO_v7-.pd\" rel=\"nofollow noopener\" target=\"_blank\">Sociedade Portuguesa para o Estudo da Obesidade (SPEO) \u2013 \u201cTratamento n\u00e3o cir\u00fargico da obesidade do adulto\u201d<\/a><\/p>\t\t\t\t\t\t\t\t<\/div>\n\t\t\t\t\t<\/div>\n\t\t\t\t<\/div>\n\t\t\t\t<\/div>\n\t\t","protected":false},"excerpt":{"rendered":"<p>Muitas pessoas associam a perda de peso a dietas extremas e \u00e0 elimina\u00e7\u00e3o total de certos alimentos. No entanto, os especialistas defendem que uma alimenta\u00e7\u00e3o equilibrada na perda de peso, inspirada na dieta mediterr\u00e2nica, \u00e9 uma abordagem muito mais eficaz e sustent\u00e1vel. Rica em vegetais, frutas, leguminosas e gorduras saud\u00e1veis, esta estrat\u00e9gia permite emagrecer com [&hellip;]<\/p>\n","protected":false},"author":2964,"featured_media":53813,"comment_status":"closed","ping_status":"closed","sticky":false,"template":"","format":"standard","meta":{"_jetpack_memberships_contains_paid_content":false,"footnotes":""},"categories":[111],"tags":[],"class_list":["post-53800","post","type-post","status-publish","format-standard","has-post-thumbnail","hentry","category-perda-de-peso"],"jetpack_featured_media_url":"https:\/\/www.mediconanet.pt\/wp-content\/uploads\/2026\/02\/alimentacao-equilibrada-na-perda-de-peso.jpg","jetpack_sharing_enabled":true,"_links":{"self":[{"href":"https:\/\/www.mediconanet.pt\/en\/wp-json\/wp\/v2\/posts\/53800","targetHints":{"allow":["GET"]}}],"collection":[{"href":"https:\/\/www.mediconanet.pt\/en\/wp-json\/wp\/v2\/posts"}],"about":[{"href":"https:\/\/www.mediconanet.pt\/en\/wp-json\/wp\/v2\/types\/post"}],"author":[{"embeddable":true,"href":"https:\/\/www.mediconanet.pt\/en\/wp-json\/wp\/v2\/users\/2964"}],"replies":[{"embeddable":true,"href":"https:\/\/www.mediconanet.pt\/en\/wp-json\/wp\/v2\/comments?post=53800"}],"version-history":[{"count":16,"href":"https:\/\/www.mediconanet.pt\/en\/wp-json\/wp\/v2\/posts\/53800\/revisions"}],"predecessor-version":[{"id":54968,"href":"https:\/\/www.mediconanet.pt\/en\/wp-json\/wp\/v2\/posts\/53800\/revisions\/54968"}],"wp:featuredmedia":[{"embeddable":true,"href":"https:\/\/www.mediconanet.pt\/en\/wp-json\/wp\/v2\/media\/53813"}],"wp:attachment":[{"href":"https:\/\/www.mediconanet.pt\/en\/wp-json\/wp\/v2\/media?parent=53800"}],"wp:term":[{"taxonomy":"category","embeddable":true,"href":"https:\/\/www.mediconanet.pt\/en\/wp-json\/wp\/v2\/categories?post=53800"},{"taxonomy":"post_tag","embeddable":true,"href":"https:\/\/www.mediconanet.pt\/en\/wp-json\/wp\/v2\/tags?post=53800"}],"curies":[{"name":"wp","href":"https:\/\/api.w.org\/{rel}","templated":true}]}}