{"id":53854,"date":"2026-02-04T14:46:15","date_gmt":"2026-02-04T14:46:15","guid":{"rendered":"https:\/\/www.mediconanet.pt\/?p=53854"},"modified":"2026-02-11T17:52:54","modified_gmt":"2026-02-11T17:52:54","slug":"subsidio-de-doenca-em-portugal-direitos-deveres","status":"publish","type":"post","link":"https:\/\/www.mediconanet.pt\/en\/subsidio-de-doenca-em-portugal-direitos-deveres\/","title":{"rendered":"Baixa m\u00e9dica em Portugal: direitos, deveres e dura\u00e7\u00e3o do subs\u00eddio de doen\u00e7a"},"content":{"rendered":"\t\t<div data-elementor-type=\"wp-post\" data-elementor-id=\"53854\" class=\"elementor elementor-53854\" data-elementor-post-type=\"post\">\n\t\t\t\t<div class=\"elementor-element elementor-element-d7015e8 e-flex e-con-boxed e-con e-parent\" data-id=\"d7015e8\" data-element_type=\"container\">\n\t\t\t\t\t<div class=\"e-con-inner\">\n\t\t\t\t<div class=\"elementor-element elementor-element-d9beb98 elementor-widget elementor-widget-text-editor\" data-id=\"d9beb98\" data-element_type=\"widget\" data-widget_type=\"text-editor.default\">\n\t\t\t\t\t\t\t\t\t<p>Ficar doente e n\u00e3o poder trabalhar \u00e9 uma situa\u00e7\u00e3o que pode afectar qualquer trabalhador. Em <strong data-start=\"386\" data-end=\"398\">Portugal<\/strong>, o sistema de seguran\u00e7a social prev\u00ea um conjunto de direitos e deveres quando se recorre \u00e0 baixa m\u00e9dica, garantindo protec\u00e7\u00e3o financeira durante o per\u00edodo de incapacidade. Compreender como funciona o <strong data-start=\"599\" data-end=\"633\">subs\u00eddio de doen\u00e7a em Portugal<\/strong> \u00e9 essencial para evitar falhas no processo e assegurar o cumprimento das obriga\u00e7\u00f5es legais. Este artigo explica quais s\u00e3o os direitos do trabalhador, os seus deveres e como funciona a dura\u00e7\u00e3o do subs\u00eddio de doen\u00e7a.<\/p>\t\t\t\t\t\t\t\t<\/div>\n\t\t\t\t<div class=\"elementor-element elementor-element-1a80ebb elementor-widget elementor-widget-heading\" data-id=\"1a80ebb\" data-element_type=\"widget\" data-widget_type=\"heading.default\">\n\t\t\t\t\t<h2 class=\"elementor-heading-title elementor-size-default\">Direitos do trabalhador em baixa m\u00e9dica<\/h2>\t\t\t\t<\/div>\n\t\t\t\t<div class=\"elementor-element elementor-element-d7f311b elementor-widget elementor-widget-heading\" data-id=\"d7f311b\" data-element_type=\"widget\" data-widget_type=\"heading.default\">\n\t\t\t\t\t<h3 class=\"elementor-heading-title elementor-size-default\">Subs\u00eddio de doen\u00e7a<\/h3>\t\t\t\t<\/div>\n\t\t\t\t\t<\/div>\n\t\t\t\t<\/div>\n\t\t<div class=\"elementor-element elementor-element-f45e760 e-flex e-con-boxed e-con e-parent\" data-id=\"f45e760\" data-element_type=\"container\">\n\t\t\t\t\t<div class=\"e-con-inner\">\n\t\t\t\t<div class=\"elementor-element elementor-element-a0822a1 elementor-widget elementor-widget-text-editor\" data-id=\"a0822a1\" data-element_type=\"widget\" data-widget_type=\"text-editor.default\">\n\t\t\t\t\t\t\t\t\t<p>O principal direito de quem se encontra de baixa m\u00e9dica \u00e9 o acesso ao subs\u00eddio de doen\u00e7a em Portugal, pago pela Seguran\u00e7a Social. Este apoio financeiro destina-se a compensar a perda de rendimentos enquanto o trabalhador est\u00e1 temporariamente incapaz de exercer a sua actividade profissional. O direito ao subs\u00eddio inicia-se, regra geral, no quarto dia de incapacidade e depende do cumprimento do prazo de garantia, ou seja, de o trabalhador ter contribui\u00e7\u00f5es suficientes para a Seguran\u00e7a Social. O valor a receber varia em fun\u00e7\u00e3o da remunera\u00e7\u00e3o de refer\u00eancia e da dura\u00e7\u00e3o da baixa.<\/p>\t\t\t\t\t\t\t\t<\/div>\n\t\t\t\t<div class=\"elementor-element elementor-element-29210dc elementor-widget elementor-widget-heading\" data-id=\"29210dc\" data-element_type=\"widget\" data-widget_type=\"heading.default\">\n\t\t\t\t\t<h3 class=\"elementor-heading-title elementor-size-default\">Protec\u00e7\u00e3o no emprego<\/h3>\t\t\t\t<\/div>\n\t\t\t\t<div class=\"elementor-element elementor-element-b623a8c elementor-widget elementor-widget-text-editor\" data-id=\"b623a8c\" data-element_type=\"widget\" data-widget_type=\"text-editor.default\">\n\t\t\t\t\t\t\t\t\t<p>Durante o per\u00edodo de baixa m\u00e9dica, o contrato de trabalho mant\u00e9m-se activo. O trabalhador n\u00e3o pode ser despedido por motivo de doen\u00e7a, estando protegido pela lei. No entanto, deve cumprir as regras associadas ao subs\u00eddio de doen\u00e7a em Portugal, como informar a entidade empregadora da aus\u00eancia e estar dispon\u00edvel para eventuais per\u00edcias m\u00e9dicas determinadas pela Seguran\u00e7a Social.<\/p>\t\t\t\t\t\t\t\t<\/div>\n\t\t\t\t<div class=\"elementor-element elementor-element-2eb264c elementor-widget elementor-widget-heading\" data-id=\"2eb264c\" data-element_type=\"widget\" data-widget_type=\"heading.default\">\n\t\t\t\t\t<h3 class=\"elementor-heading-title elementor-size-default\">Certificado de Incapacidade Tempor\u00e1ria (CIT)<\/h3>\t\t\t\t<\/div>\n\t\t\t\t\t<\/div>\n\t\t\t\t<\/div>\n\t\t<div class=\"elementor-element elementor-element-209a9c0 e-flex e-con-boxed e-con e-parent\" data-id=\"209a9c0\" data-element_type=\"container\">\n\t\t\t\t\t<div class=\"e-con-inner\">\n\t\t\t\t<div class=\"elementor-element elementor-element-4285504 elementor-widget elementor-widget-text-editor\" data-id=\"4285504\" data-element_type=\"widget\" data-widget_type=\"text-editor.default\">\n\t\t\t\t\t\t\t\t\t<p>O Certificado de Incapacidade Tempor\u00e1ria (CIT) \u00e9 o documento que formaliza a baixa m\u00e9dica e permite o acesso ao subs\u00eddio de doen\u00e7a em Portugal. O CIT deve ser emitido por um m\u00e9dico do SNS ou por entidades p\u00fablicas ou privadas com acordo com o SNS e \u00e9 comunicado electronicamente \u00e0 Seguran\u00e7a Social. Sem a emiss\u00e3o deste certificado, n\u00e3o existe direito ao subs\u00eddio.<\/p>\t\t\t\t\t\t\t\t<\/div>\n\t\t\t\t<div class=\"elementor-element elementor-element-bfbfbd5 elementor-widget elementor-widget-heading\" data-id=\"bfbfbd5\" data-element_type=\"widget\" data-widget_type=\"heading.default\">\n\t\t\t\t\t<h3 class=\"elementor-heading-title elementor-size-default\">Autodeclara\u00e7\u00e3o de doen\u00e7a<\/h3>\t\t\t\t<\/div>\n\t\t\t\t<div class=\"elementor-element elementor-element-79eefcf elementor-widget elementor-widget-text-editor\" data-id=\"79eefcf\" data-element_type=\"widget\" data-widget_type=\"text-editor.default\">\n\t\t\t\t\t\t\t\t\t<p>Em situa\u00e7\u00f5es de doen\u00e7a ligeira e de curta dura\u00e7\u00e3o, o trabalhador pode recorrer \u00e0 autodeclara\u00e7\u00e3o de doen\u00e7a por um per\u00edodo m\u00e1ximo de tr\u00eas dias consecutivos, at\u00e9 duas vezes por ano. Este mecanismo \u00e9 solicitado atrav\u00e9s do portal ou da aplica\u00e7\u00e3o SNS 24 e n\u00e3o exige avalia\u00e7\u00e3o m\u00e9dica. No entanto, a autodeclara\u00e7\u00e3o n\u00e3o d\u00e1 acesso ao subs\u00eddio de doen\u00e7a em Portugal, servindo apenas para justificar a aus\u00eancia ao trabalho.<\/p>\t\t\t\t\t\t\t\t<\/div>\n\t\t\t\t<div class=\"elementor-element elementor-element-aa2163e elementor-widget elementor-widget-heading\" data-id=\"aa2163e\" data-element_type=\"widget\" data-widget_type=\"heading.default\">\n\t\t\t\t\t<h2 class=\"elementor-heading-title elementor-size-default\">Deveres do trabalhador<\/h2>\t\t\t\t<\/div>\n\t\t\t\t<div class=\"elementor-element elementor-element-ebcb178 elementor-widget elementor-widget-heading\" data-id=\"ebcb178\" data-element_type=\"widget\" data-widget_type=\"heading.default\">\n\t\t\t\t\t<h3 class=\"elementor-heading-title elementor-size-default\">Comunicar a baixa e cumprir os prazos<\/h3>\t\t\t\t<\/div>\n\t\t\t\t<div class=\"elementor-element elementor-element-1493dd1 elementor-widget elementor-widget-text-editor\" data-id=\"1493dd1\" data-element_type=\"widget\" data-widget_type=\"text-editor.default\">\n\t\t\t\t\t\t\t\t\t<p>\u00c9 obriga\u00e7\u00e3o do trabalhador comunicar a situa\u00e7\u00e3o de incapacidade \u00e0 entidade empregadora com a maior brevidade poss\u00edvel. Embora o CIT seja enviado electronicamente, esta comunica\u00e7\u00e3o \u00e9 essencial para a organiza\u00e7\u00e3o interna da empresa. Para manter o direito ao subs\u00eddio de doen\u00e7a em Portugal, o trabalhador deve ainda cumprir todos os prazos definidos pela Seguran\u00e7a Social.<\/p>\t\t\t\t\t\t\t\t<\/div>\n\t\t\t\t<div class=\"elementor-element elementor-element-54c8054 elementor-widget elementor-widget-heading\" data-id=\"54c8054\" data-element_type=\"widget\" data-widget_type=\"heading.default\">\n\t\t\t\t\t<h3 class=\"elementor-heading-title elementor-size-default\">Respeitar os per\u00edodos de repouso<\/h3>\t\t\t\t<\/div>\n\t\t\t\t<div class=\"elementor-element elementor-element-38bc8ec elementor-widget elementor-widget-text-editor\" data-id=\"38bc8ec\" data-element_type=\"widget\" data-widget_type=\"text-editor.default\">\n\t\t\t\t\t\t\t\t\t<p>Durante a baixa m\u00e9dica, espera-se que o trabalhador siga as indica\u00e7\u00f5es cl\u00ednicas do m\u00e9dico assistente. Realizar actividades incompat\u00edveis com a recupera\u00e7\u00e3o pode levar \u00e0 suspens\u00e3o do subs\u00eddio de doen\u00e7a em Portugal. A Seguran\u00e7a Social pode efectuar visitas domicili\u00e1rias ou convocar o benefici\u00e1rio para confirmar a situa\u00e7\u00e3o de incapacidade.<\/p>\t\t\t\t\t\t\t\t<\/div>\n\t\t\t\t<div class=\"elementor-element elementor-element-b2815f9 elementor-widget elementor-widget-heading\" data-id=\"b2815f9\" data-element_type=\"widget\" data-widget_type=\"heading.default\">\n\t\t\t\t\t<h3 class=\"elementor-heading-title elementor-size-default\">Solicitar renova\u00e7\u00e3o quando necess\u00e1rio<\/h3>\t\t\t\t<\/div>\n\t\t\t\t<div class=\"elementor-element elementor-element-963c380 elementor-widget elementor-widget-text-editor\" data-id=\"963c380\" data-element_type=\"widget\" data-widget_type=\"text-editor.default\">\n\t\t\t\t\t\t\t\t\t<p>Caso a incapacidade se prolongue para al\u00e9m do per\u00edodo inicialmente previsto, o trabalhador deve regressar ao m\u00e9dico para reavaliar a situa\u00e7\u00e3o e solicitar a renova\u00e7\u00e3o do CIT. A n\u00e3o renova\u00e7\u00e3o do certificado implica a suspens\u00e3o do subs\u00eddio de doen\u00e7a em Portugal e pode resultar em faltas injustificadas ao trabalho.<\/p>\t\t\t\t\t\t\t\t<\/div>\n\t\t\t\t<div class=\"elementor-element elementor-element-28b9cc3 elementor-widget elementor-widget-image\" data-id=\"28b9cc3\" data-element_type=\"widget\" data-widget_type=\"image.default\">\n\t\t\t\t\t\t\t\t\t\t\t\t\t\t\t<img fetchpriority=\"high\" decoding=\"async\" width=\"800\" height=\"448\" src=\"https:\/\/www.mediconanet.pt\/wp-content\/uploads\/2026\/02\/baixa-medica-direitos-deveres-consulta-online-1024x573.jpg\" class=\"attachment-large size-large wp-image-53873\" alt=\"Consulta m\u00e9dica online durante a baixa m\u00e9dica para esclarecimento de direitos e deveres do trabalhador\" srcset=\"https:\/\/www.mediconanet.pt\/wp-content\/uploads\/2026\/02\/baixa-medica-direitos-deveres-consulta-online-1024x573.jpg 1024w, https:\/\/www.mediconanet.pt\/wp-content\/uploads\/2026\/02\/baixa-medica-direitos-deveres-consulta-online-300x168.jpg 300w, https:\/\/www.mediconanet.pt\/wp-content\/uploads\/2026\/02\/baixa-medica-direitos-deveres-consulta-online-768x430.jpg 768w, https:\/\/www.mediconanet.pt\/wp-content\/uploads\/2026\/02\/baixa-medica-direitos-deveres-consulta-online-1536x860.jpg 1536w, https:\/\/www.mediconanet.pt\/wp-content\/uploads\/2026\/02\/baixa-medica-direitos-deveres-consulta-online-18x10.jpg 18w, https:\/\/www.mediconanet.pt\/wp-content\/uploads\/2026\/02\/baixa-medica-direitos-deveres-consulta-online-600x336.jpg 600w, https:\/\/www.mediconanet.pt\/wp-content\/uploads\/2026\/02\/baixa-medica-direitos-deveres-consulta-online.jpg 1600w\" sizes=\"(max-width: 800px) 100vw, 800px\" \/>\t\t\t\t\t\t\t\t\t\t\t\t\t\t\t<\/div>\n\t\t\t\t\t<\/div>\n\t\t\t\t<\/div>\n\t\t<div class=\"elementor-element elementor-element-dcca223 e-flex e-con-boxed e-con e-parent\" data-id=\"dcca223\" data-element_type=\"container\">\n\t\t\t\t\t<div class=\"e-con-inner\">\n\t\t<div class=\"elementor-element elementor-element-3e38ab1 e-con-full e-flex e-con e-child\" data-id=\"3e38ab1\" data-element_type=\"container\">\n\t\t<div class=\"elementor-element elementor-element-4eba8a4 e-con-full e-flex e-con e-child\" data-id=\"4eba8a4\" data-element_type=\"container\">\n\t\t\t\t<div class=\"elementor-element elementor-element-4dc2027 elementor-widget elementor-widget-heading\" data-id=\"4dc2027\" data-element_type=\"widget\" data-widget_type=\"heading.default\">\n\t\t\t\t\t<h2 class=\"elementor-heading-title elementor-size-default\">Perguntas frequentes (FAQ)<\/h2>\t\t\t\t<\/div>\n\t\t\t\t<div class=\"elementor-element elementor-element-e83ee22 elementor-widget elementor-widget-n-accordion\" data-id=\"e83ee22\" data-element_type=\"widget\" data-settings=\"{&quot;default_state&quot;:&quot;all_collapsed&quot;,&quot;max_items_expended&quot;:&quot;one&quot;,&quot;n_accordion_animation_duration&quot;:{&quot;unit&quot;:&quot;ms&quot;,&quot;size&quot;:400,&quot;sizes&quot;:[]}}\" data-widget_type=\"nested-accordion.default\">\n\t\t\t\t\t\t\t<div class=\"e-n-accordion\" aria-label=\"Accordion. Open links with Enter or Space, close with Escape, and navigate with Arrow Keys\">\n\t\t\t\t\t\t<details id=\"e-n-accordion-item-2430\" class=\"e-n-accordion-item\" >\n\t\t\t\t<summary class=\"e-n-accordion-item-title\" data-accordion-index=\"1\" tabindex=\"0\" aria-expanded=\"false\" aria-controls=\"e-n-accordion-item-2430\" >\n\t\t\t\t\t<span class='e-n-accordion-item-title-header'><div class=\"e-n-accordion-item-title-text\"> Tenho direito ao subs\u00eddio de doen\u00e7a desde o primeiro dia de baixa? <\/div><\/span>\n\t\t\t\t\t\t\t<span class='e-n-accordion-item-title-icon'>\n\t\t\t<span class='e-opened' ><svg aria-hidden=\"true\" class=\"e-font-icon-svg e-fas-minus\" viewBox=\"0 0 448 512\" xmlns=\"http:\/\/www.w3.org\/2000\/svg\"><path d=\"M416 208H32c-17.67 0-32 14.33-32 32v32c0 17.67 14.33 32 32 32h384c17.67 0 32-14.33 32-32v-32c0-17.67-14.33-32-32-32z\"><\/path><\/svg><\/span>\n\t\t\t<span class='e-closed'><svg aria-hidden=\"true\" class=\"e-font-icon-svg e-fas-plus\" viewBox=\"0 0 448 512\" xmlns=\"http:\/\/www.w3.org\/2000\/svg\"><path d=\"M416 208H272V64c0-17.67-14.33-32-32-32h-32c-17.67 0-32 14.33-32 32v144H32c-17.67 0-32 14.33-32 32v32c0 17.67 14.33 32 32 32h144v144c0 17.67 14.33 32 32 32h32c17.67 0 32-14.33 32-32V304h144c17.67 0 32-14.33 32-32v-32c0-17.67-14.33-32-32-32z\"><\/path><\/svg><\/span>\n\t\t<\/span>\n\n\t\t\t\t\t\t<\/summary>\n\t\t\t\t<div role=\"region\" aria-labelledby=\"e-n-accordion-item-2430\" class=\"elementor-element elementor-element-ae178a2 e-con-full e-flex e-con e-child\" data-id=\"ae178a2\" data-element_type=\"container\">\n\t\t<div role=\"region\" aria-labelledby=\"e-n-accordion-item-2430\" class=\"elementor-element elementor-element-2aa4612 e-flex e-con-boxed e-con e-child\" data-id=\"2aa4612\" data-element_type=\"container\">\n\t\t\t\t\t<div class=\"e-con-inner\">\n\t\t\t\t<div class=\"elementor-element elementor-element-462f417 elementor-widget elementor-widget-text-editor\" data-id=\"462f417\" data-element_type=\"widget\" data-widget_type=\"text-editor.default\">\n\t\t\t\t\t\t\t\t\t<p>N\u00e3o. Em regra, o subs\u00eddio de doen\u00e7a em Portugal \u00e9 atribu\u00eddo a partir do quarto dia de incapacidade. Os primeiros tr\u00eas dias correspondem ao per\u00edodo de espera e n\u00e3o s\u00e3o remunerados.<\/p>\t\t\t\t\t\t\t\t<\/div>\n\t\t\t\t\t<\/div>\n\t\t\t\t<\/div>\n\t\t\t\t<\/div>\n\t\t\t\t\t<\/details>\n\t\t\t\t\t\t<details id=\"e-n-accordion-item-2431\" class=\"e-n-accordion-item\" >\n\t\t\t\t<summary class=\"e-n-accordion-item-title\" data-accordion-index=\"2\" tabindex=\"-1\" aria-expanded=\"false\" aria-controls=\"e-n-accordion-item-2431\" >\n\t\t\t\t\t<span class='e-n-accordion-item-title-header'><div class=\"e-n-accordion-item-title-text\"> Posso trabalhar durante a baixa m\u00e9dica? <\/div><\/span>\n\t\t\t\t\t\t\t<span class='e-n-accordion-item-title-icon'>\n\t\t\t<span class='e-opened' ><svg aria-hidden=\"true\" class=\"e-font-icon-svg e-fas-minus\" viewBox=\"0 0 448 512\" xmlns=\"http:\/\/www.w3.org\/2000\/svg\"><path d=\"M416 208H32c-17.67 0-32 14.33-32 32v32c0 17.67 14.33 32 32 32h384c17.67 0 32-14.33 32-32v-32c0-17.67-14.33-32-32-32z\"><\/path><\/svg><\/span>\n\t\t\t<span class='e-closed'><svg aria-hidden=\"true\" class=\"e-font-icon-svg e-fas-plus\" viewBox=\"0 0 448 512\" xmlns=\"http:\/\/www.w3.org\/2000\/svg\"><path d=\"M416 208H272V64c0-17.67-14.33-32-32-32h-32c-17.67 0-32 14.33-32 32v144H32c-17.67 0-32 14.33-32 32v32c0 17.67 14.33 32 32 32h144v144c0 17.67 14.33 32 32 32h32c17.67 0 32-14.33 32-32V304h144c17.67 0 32-14.33 32-32v-32c0-17.67-14.33-32-32-32z\"><\/path><\/svg><\/span>\n\t\t<\/span>\n\n\t\t\t\t\t\t<\/summary>\n\t\t\t\t<div role=\"region\" aria-labelledby=\"e-n-accordion-item-2431\" class=\"elementor-element elementor-element-f25e2f2 e-con-full e-flex e-con e-child\" data-id=\"f25e2f2\" data-element_type=\"container\">\n\t\t<div role=\"region\" aria-labelledby=\"e-n-accordion-item-2431\" class=\"elementor-element elementor-element-0c6dfab e-flex e-con-boxed e-con e-child\" data-id=\"0c6dfab\" data-element_type=\"container\">\n\t\t\t\t\t<div class=\"e-con-inner\">\n\t\t\t\t<div class=\"elementor-element elementor-element-1b3601f elementor-widget elementor-widget-text-editor\" data-id=\"1b3601f\" data-element_type=\"widget\" data-widget_type=\"text-editor.default\">\n\t\t\t\t\t\t\t\t\t<p>N\u00e3o. A baixa m\u00e9dica pressup\u00f5e incapacidade para o trabalho. Exerc\u00edcio de actividade profissional durante este per\u00edodo pode implicar a perda do subs\u00eddio e outras consequ\u00eancias legais.<\/p>\t\t\t\t\t\t\t\t<\/div>\n\t\t\t\t\t<\/div>\n\t\t\t\t<\/div>\n\t\t\t\t<\/div>\n\t\t\t\t\t<\/details>\n\t\t\t\t\t\t<details id=\"e-n-accordion-item-2432\" class=\"e-n-accordion-item\" >\n\t\t\t\t<summary class=\"e-n-accordion-item-title\" data-accordion-index=\"3\" tabindex=\"-1\" aria-expanded=\"false\" aria-controls=\"e-n-accordion-item-2432\" >\n\t\t\t\t\t<span class='e-n-accordion-item-title-header'><div class=\"e-n-accordion-item-title-text\"> O empregador pode recusar a minha baixa? <\/div><\/span>\n\t\t\t\t\t\t\t<span class='e-n-accordion-item-title-icon'>\n\t\t\t<span class='e-opened' ><svg aria-hidden=\"true\" class=\"e-font-icon-svg e-fas-minus\" viewBox=\"0 0 448 512\" xmlns=\"http:\/\/www.w3.org\/2000\/svg\"><path d=\"M416 208H32c-17.67 0-32 14.33-32 32v32c0 17.67 14.33 32 32 32h384c17.67 0 32-14.33 32-32v-32c0-17.67-14.33-32-32-32z\"><\/path><\/svg><\/span>\n\t\t\t<span class='e-closed'><svg aria-hidden=\"true\" class=\"e-font-icon-svg e-fas-plus\" viewBox=\"0 0 448 512\" xmlns=\"http:\/\/www.w3.org\/2000\/svg\"><path d=\"M416 208H272V64c0-17.67-14.33-32-32-32h-32c-17.67 0-32 14.33-32 32v144H32c-17.67 0-32 14.33-32 32v32c0 17.67 14.33 32 32 32h144v144c0 17.67 14.33 32 32 32h32c17.67 0 32-14.33 32-32V304h144c17.67 0 32-14.33 32-32v-32c0-17.67-14.33-32-32-32z\"><\/path><\/svg><\/span>\n\t\t<\/span>\n\n\t\t\t\t\t\t<\/summary>\n\t\t\t\t<div role=\"region\" aria-labelledby=\"e-n-accordion-item-2432\" class=\"elementor-element elementor-element-80a31c9 e-con-full e-flex e-con e-child\" data-id=\"80a31c9\" data-element_type=\"container\">\n\t\t<div role=\"region\" aria-labelledby=\"e-n-accordion-item-2432\" class=\"elementor-element elementor-element-d4e0092 e-flex e-con-boxed e-con e-child\" data-id=\"d4e0092\" data-element_type=\"container\">\n\t\t\t\t\t<div class=\"e-con-inner\">\n\t\t\t\t<div class=\"elementor-element elementor-element-b7e6e13 elementor-widget elementor-widget-text-editor\" data-id=\"b7e6e13\" data-element_type=\"widget\" data-widget_type=\"text-editor.default\">\n\t\t\t\t\t\t\t\t\t<p>N\u00e3o. O CIT \u00e9 um documento oficial e deve ser respeitado. O empregador pode, contudo, solicitar uma per\u00edcia m\u00e9dica caso existam d\u00favidas fundamentadas.<\/p>\t\t\t\t\t\t\t\t<\/div>\n\t\t\t\t\t<\/div>\n\t\t\t\t<\/div>\n\t\t\t\t<\/div>\n\t\t\t\t\t<\/details>\n\t\t\t\t\t\t<details id=\"e-n-accordion-item-2433\" class=\"e-n-accordion-item\" >\n\t\t\t\t<summary class=\"e-n-accordion-item-title\" data-accordion-index=\"4\" tabindex=\"-1\" aria-expanded=\"false\" aria-controls=\"e-n-accordion-item-2433\" >\n\t\t\t\t\t<span class='e-n-accordion-item-title-header'><div class=\"e-n-accordion-item-title-text\"> Quantas vezes posso utilizar a autodeclara\u00e7\u00e3o de doen\u00e7a? <\/div><\/span>\n\t\t\t\t\t\t\t<span class='e-n-accordion-item-title-icon'>\n\t\t\t<span class='e-opened' ><svg aria-hidden=\"true\" class=\"e-font-icon-svg e-fas-minus\" viewBox=\"0 0 448 512\" xmlns=\"http:\/\/www.w3.org\/2000\/svg\"><path d=\"M416 208H32c-17.67 0-32 14.33-32 32v32c0 17.67 14.33 32 32 32h384c17.67 0 32-14.33 32-32v-32c0-17.67-14.33-32-32-32z\"><\/path><\/svg><\/span>\n\t\t\t<span class='e-closed'><svg aria-hidden=\"true\" class=\"e-font-icon-svg e-fas-plus\" viewBox=\"0 0 448 512\" xmlns=\"http:\/\/www.w3.org\/2000\/svg\"><path d=\"M416 208H272V64c0-17.67-14.33-32-32-32h-32c-17.67 0-32 14.33-32 32v144H32c-17.67 0-32 14.33-32 32v32c0 17.67 14.33 32 32 32h144v144c0 17.67 14.33 32 32 32h32c17.67 0 32-14.33 32-32V304h144c17.67 0 32-14.33 32-32v-32c0-17.67-14.33-32-32-32z\"><\/path><\/svg><\/span>\n\t\t<\/span>\n\n\t\t\t\t\t\t<\/summary>\n\t\t\t\t<div role=\"region\" aria-labelledby=\"e-n-accordion-item-2433\" class=\"elementor-element elementor-element-165db06 e-con-full e-flex e-con e-child\" data-id=\"165db06\" data-element_type=\"container\">\n\t\t<div role=\"region\" aria-labelledby=\"e-n-accordion-item-2433\" class=\"elementor-element elementor-element-6b9a223 e-flex e-con-boxed e-con e-child\" data-id=\"6b9a223\" data-element_type=\"container\">\n\t\t\t\t\t<div class=\"e-con-inner\">\n\t\t\t\t<div class=\"elementor-element elementor-element-771cf23 elementor-widget elementor-widget-text-editor\" data-id=\"771cf23\" data-element_type=\"widget\" data-widget_type=\"text-editor.default\">\n\t\t\t\t\t\t\t\t\t<p>At\u00e9 duas vezes por ano, por um m\u00e1ximo de tr\u00eas dias consecutivos em cada utiliza\u00e7\u00e3o.<\/p>\t\t\t\t\t\t\t\t<\/div>\n\t\t\t\t\t<\/div>\n\t\t\t\t<\/div>\n\t\t\t\t<\/div>\n\t\t\t\t\t<\/details>\n\t\t\t\t\t\t<details id=\"e-n-accordion-item-2434\" class=\"e-n-accordion-item\" >\n\t\t\t\t<summary class=\"e-n-accordion-item-title\" data-accordion-index=\"5\" tabindex=\"-1\" aria-expanded=\"false\" aria-controls=\"e-n-accordion-item-2434\" >\n\t\t\t\t\t<span class='e-n-accordion-item-title-header'><div class=\"e-n-accordion-item-title-text\"> O que acontece se n\u00e3o renovar a baixa m\u00e9dica? <\/div><\/span>\n\t\t\t\t\t\t\t<span class='e-n-accordion-item-title-icon'>\n\t\t\t<span class='e-opened' ><svg aria-hidden=\"true\" class=\"e-font-icon-svg e-fas-minus\" viewBox=\"0 0 448 512\" xmlns=\"http:\/\/www.w3.org\/2000\/svg\"><path d=\"M416 208H32c-17.67 0-32 14.33-32 32v32c0 17.67 14.33 32 32 32h384c17.67 0 32-14.33 32-32v-32c0-17.67-14.33-32-32-32z\"><\/path><\/svg><\/span>\n\t\t\t<span class='e-closed'><svg aria-hidden=\"true\" class=\"e-font-icon-svg e-fas-plus\" viewBox=\"0 0 448 512\" xmlns=\"http:\/\/www.w3.org\/2000\/svg\"><path d=\"M416 208H272V64c0-17.67-14.33-32-32-32h-32c-17.67 0-32 14.33-32 32v144H32c-17.67 0-32 14.33-32 32v32c0 17.67 14.33 32 32 32h144v144c0 17.67 14.33 32 32 32h32c17.67 0 32-14.33 32-32V304h144c17.67 0 32-14.33 32-32v-32c0-17.67-14.33-32-32-32z\"><\/path><\/svg><\/span>\n\t\t<\/span>\n\n\t\t\t\t\t\t<\/summary>\n\t\t\t\t<div role=\"region\" aria-labelledby=\"e-n-accordion-item-2434\" class=\"elementor-element elementor-element-20c5afd e-con-full e-flex e-con e-child\" data-id=\"20c5afd\" data-element_type=\"container\">\n\t\t<div role=\"region\" aria-labelledby=\"e-n-accordion-item-2434\" class=\"elementor-element elementor-element-a1f88c0 e-flex e-con-boxed e-con e-child\" data-id=\"a1f88c0\" data-element_type=\"container\">\n\t\t\t\t\t<div class=\"e-con-inner\">\n\t\t\t\t<div class=\"elementor-element elementor-element-177d1d4 elementor-widget elementor-widget-text-editor\" data-id=\"177d1d4\" data-element_type=\"widget\" data-widget_type=\"text-editor.default\">\n\t\t\t\t\t\t\t\t\t<p>Se a incapacidade persistir e o CIT n\u00e3o for renovado, o subs\u00eddio de doen\u00e7a em Portugal \u00e9 suspenso e o trabalhador poder\u00e1 ser considerado em falta injustificada.<\/p>\t\t\t\t\t\t\t\t<\/div>\n\t\t\t\t\t<\/div>\n\t\t\t\t<\/div>\n\t\t\t\t<\/div>\n\t\t\t\t\t<\/details>\n\t\t\t\t\t<\/div>\n\t\t\t\t\t<script type=\"application\/ld+json\">{\"@context\":\"https:\\\/\\\/schema.org\",\"@type\":\"FAQPage\",\"mainEntity\":[{\"@type\":\"Question\",\"name\":\"Tenho direito ao subs\\u00eddio de doen\\u00e7a desde o primeiro dia de baixa?\",\"acceptedAnswer\":{\"@type\":\"Answer\",\"text\":\"N\\u00e3o. Em regra, o subs\\u00eddio de doen\\u00e7a em Portugal \\u00e9 atribu\\u00eddo a partir do quarto dia de incapacidade. Os primeiros tr\\u00eas dias correspondem ao per\\u00edodo de espera e n\\u00e3o s\\u00e3o remunerados.\"}},{\"@type\":\"Question\",\"name\":\"Posso trabalhar durante a baixa m\\u00e9dica?\",\"acceptedAnswer\":{\"@type\":\"Answer\",\"text\":\"N\\u00e3o. A baixa m\\u00e9dica pressup\\u00f5e incapacidade para o trabalho. Exerc\\u00edcio de actividade profissional durante este per\\u00edodo pode implicar a perda do subs\\u00eddio e outras consequ\\u00eancias legais.\"}},{\"@type\":\"Question\",\"name\":\"O empregador pode recusar a minha baixa?\",\"acceptedAnswer\":{\"@type\":\"Answer\",\"text\":\"N\\u00e3o. O CIT \\u00e9 um documento oficial e deve ser respeitado. O empregador pode, contudo, solicitar uma per\\u00edcia m\\u00e9dica caso existam d\\u00favidas fundamentadas.\"}},{\"@type\":\"Question\",\"name\":\"Quantas vezes posso utilizar a autodeclara\\u00e7\\u00e3o de doen\\u00e7a?\",\"acceptedAnswer\":{\"@type\":\"Answer\",\"text\":\"At\\u00e9 duas vezes por ano, por um m\\u00e1ximo de tr\\u00eas dias consecutivos em cada utiliza\\u00e7\\u00e3o.\"}},{\"@type\":\"Question\",\"name\":\"O que acontece se n\\u00e3o renovar a baixa m\\u00e9dica?\",\"acceptedAnswer\":{\"@type\":\"Answer\",\"text\":\"Se a incapacidade persistir e o CIT n\\u00e3o for renovado, o subs\\u00eddio de doen\\u00e7a em Portugal \\u00e9 suspenso e o trabalhador poder\\u00e1 ser considerado em falta injustificada.\"}}]}<\/script>\n\t\t\t\t\t\t\t<\/div>\n\t\t\t\t<\/div>\n\t\t\t\t<\/div>\n\t\t\t\t\t<\/div>\n\t\t\t\t<\/div>\n\t\t<div class=\"elementor-element elementor-element-de48da6 e-flex e-con-boxed e-con e-parent\" data-id=\"de48da6\" data-element_type=\"container\">\n\t\t\t\t\t<div class=\"e-con-inner\">\n\t\t\t\t<div class=\"elementor-element elementor-element-025b0b3 elementor-widget elementor-widget-heading\" data-id=\"025b0b3\" data-element_type=\"widget\" data-widget_type=\"heading.default\">\n\t\t\t\t\t<h2 class=\"elementor-heading-title elementor-size-default\">Conclus\u00e3o<\/h2>\t\t\t\t<\/div>\n\t\t\t\t<div class=\"elementor-element elementor-element-9d5cf4e elementor-widget elementor-widget-text-editor\" data-id=\"9d5cf4e\" data-element_type=\"widget\" data-widget_type=\"text-editor.default\">\n\t\t\t\t\t\t\t\t\t<p>Conhecer os direitos e deveres associados \u00e0 baixa m\u00e9dica \u00e9 fundamental para garantir seguran\u00e7a financeira e estabilidade laboral. O acesso ao subs\u00eddio de doen\u00e7a em Portugal depende da emiss\u00e3o do Certificado de Incapacidade Tempor\u00e1ria e do cumprimento rigoroso dos prazos e obriga\u00e7\u00f5es legais. Informar a entidade empregadora, respeitar o repouso e renovar o CIT quando necess\u00e1rio s\u00e3o passos essenciais para um processo transparente e conforme \u00e0 lei. A autodeclara\u00e7\u00e3o de doen\u00e7a \u00e9 \u00fatil para aus\u00eancias curtas, mas n\u00e3o substitui o CIT em situa\u00e7\u00f5es de incapacidade prolongada.<\/p><p>Na <strong data-start=\"180\" data-end=\"197\">M\u00e9dico na Net<\/strong>, \u00e9 poss\u00edvel agendar uma <a href=\"https:\/\/www.mediconanet.pt\/produto\/baixa-medica\/\"><strong data-start=\"222\" data-end=\"337\">consulta m\u00e9dica online para avalia\u00e7\u00e3o de baixa m\u00e9dica e emiss\u00e3o de Certificado de Incapacidade Tempor\u00e1ria (CIT)<\/strong><\/a>, quando clinicamente justificado. Atrav\u00e9s de acompanhamento m\u00e9dico \u00e0 dist\u00e2ncia, o profissional avalia a situa\u00e7\u00e3o de sa\u00fade, esclarece d\u00favidas e orienta o processo de forma segura, confidencial e em conformidade com a legisla\u00e7\u00e3o em vigor.<\/p>\t\t\t\t\t\t\t\t<\/div>\n\t\t\t\t<div class=\"elementor-element elementor-element-e3de55e elementor-widget elementor-widget-heading\" data-id=\"e3de55e\" data-element_type=\"widget\" data-widget_type=\"heading.default\">\n\t\t\t\t\t<h2 class=\"elementor-heading-title elementor-size-default\">Fontes<\/h2>\t\t\t\t<\/div>\n\t\t\t\t<div class=\"elementor-element elementor-element-6c3a3c3 elementor-widget elementor-widget-text-editor\" data-id=\"6c3a3c3\" data-element_type=\"widget\" data-widget_type=\"text-editor.default\">\n\t\t\t\t\t\t\t\t\t<p><a href=\"https:\/\/www.montepio.org\" rel=\"dofollow noopener\" target=\"_blank\">Montepio \u2013 Finan\u00e7as Pessoais<span style=\"font-weight: 400;\"> \u2013 \u201cBaixa m\u00e9dica: o que \u00e9 e como funciona\u201d.<\/span><\/a><br \/><a href=\"https:\/\/www.comparaja.pt\" rel=\"nofollow noopener\" target=\"_blank\">ComparaJ\u00e1<span style=\"font-weight: 400;\"> \u2013 \u201cBaixa m\u00e9dica: o que \u00e9 e como funciona\u201d.<\/span><\/a><br \/><a href=\"https:\/\/rpmgf.pt\/ojs\/index.php\/rpmgf\/en\/article\/view\/13551\" rel=\"nofollow noopener\" target=\"_blank\">Revista Portuguesa de Medicina Geral e Familiar \u2013 \u201cTemporary disability certificates: a cross\u2011sectional study carried out in two Family Health Units&#8221;<\/a><br \/><a href=\"https:\/\/rpmgf.pt\/ojs\/index.php\/rpmgf\/en\/article\/view\/11068\" rel=\"nofollow noopener\" target=\"_blank\">Revista Portuguesa de Medicina Geral e Familiar \u2013 \u201cDeterminants of long\u2011term work absenteeism \u2013 The INCIT study&#8221;<\/a><br \/><a href=\"https:\/\/journals.plos.org\/plosone\/article?id=10.1371\/journal.pone.0067887\" rel=\"nofollow noopener\" target=\"_blank\">PLOS One \u2013 \u201cAll\u2011Cause and Cause\u2011Specific Mortality after Long\u2011Term Sickness Absence for Psychiatric Disorders: A Prospective Cohort Study\u201d<\/a><\/p>\t\t\t\t\t\t\t\t<\/div>\n\t\t\t\t\t<\/div>\n\t\t\t\t<\/div>\n\t\t\t\t<\/div>\n\t\t","protected":false},"excerpt":{"rendered":"<p>Ficar doente e n\u00e3o poder trabalhar \u00e9 uma situa\u00e7\u00e3o que pode afectar qualquer trabalhador. Em Portugal, o sistema de seguran\u00e7a social prev\u00ea um conjunto de direitos e deveres quando se recorre \u00e0 baixa m\u00e9dica, garantindo protec\u00e7\u00e3o financeira durante o per\u00edodo de incapacidade. Compreender como funciona o subs\u00eddio de doen\u00e7a em Portugal \u00e9 essencial para evitar [&hellip;]<\/p>\n","protected":false},"author":2964,"featured_media":53868,"comment_status":"closed","ping_status":"closed","sticky":false,"template":"","format":"standard","meta":{"_jetpack_memberships_contains_paid_content":false,"footnotes":""},"categories":[121],"tags":[],"class_list":["post-53854","post","type-post","status-publish","format-standard","has-post-thumbnail","hentry","category-baixa-medica"],"jetpack_featured_media_url":"https:\/\/www.mediconanet.pt\/wp-content\/uploads\/2026\/02\/baixa-medica-direitos-deveres-do-cidadao-portugal.jpg","jetpack_sharing_enabled":true,"_links":{"self":[{"href":"https:\/\/www.mediconanet.pt\/en\/wp-json\/wp\/v2\/posts\/53854","targetHints":{"allow":["GET"]}}],"collection":[{"href":"https:\/\/www.mediconanet.pt\/en\/wp-json\/wp\/v2\/posts"}],"about":[{"href":"https:\/\/www.mediconanet.pt\/en\/wp-json\/wp\/v2\/types\/post"}],"author":[{"embeddable":true,"href":"https:\/\/www.mediconanet.pt\/en\/wp-json\/wp\/v2\/users\/2964"}],"replies":[{"embeddable":true,"href":"https:\/\/www.mediconanet.pt\/en\/wp-json\/wp\/v2\/comments?post=53854"}],"version-history":[{"count":19,"href":"https:\/\/www.mediconanet.pt\/en\/wp-json\/wp\/v2\/posts\/53854\/revisions"}],"predecessor-version":[{"id":54939,"href":"https:\/\/www.mediconanet.pt\/en\/wp-json\/wp\/v2\/posts\/53854\/revisions\/54939"}],"wp:featuredmedia":[{"embeddable":true,"href":"https:\/\/www.mediconanet.pt\/en\/wp-json\/wp\/v2\/media\/53868"}],"wp:attachment":[{"href":"https:\/\/www.mediconanet.pt\/en\/wp-json\/wp\/v2\/media?parent=53854"}],"wp:term":[{"taxonomy":"category","embeddable":true,"href":"https:\/\/www.mediconanet.pt\/en\/wp-json\/wp\/v2\/categories?post=53854"},{"taxonomy":"post_tag","embeddable":true,"href":"https:\/\/www.mediconanet.pt\/en\/wp-json\/wp\/v2\/tags?post=53854"}],"curies":[{"name":"wp","href":"https:\/\/api.w.org\/{rel}","templated":true}]}}