{"id":54077,"date":"2026-02-05T14:57:37","date_gmt":"2026-02-05T14:57:37","guid":{"rendered":"https:\/\/www.mediconanet.pt\/?p=54077"},"modified":"2026-02-11T18:05:30","modified_gmt":"2026-02-11T18:05:30","slug":"apoio-psicologico-na-perda-de-peso","status":"publish","type":"post","link":"https:\/\/www.mediconanet.pt\/en\/apoio-psicologico-na-perda-de-peso\/","title":{"rendered":"O papel do apoio psicol\u00f3gico e da autoimagem na perda de peso"},"content":{"rendered":"\t\t<div data-elementor-type=\"wp-post\" data-elementor-id=\"54077\" class=\"elementor elementor-54077\" data-elementor-post-type=\"post\">\n\t\t\t\t<div class=\"elementor-element elementor-element-1dd6db7 e-flex e-con-boxed e-con e-parent\" data-id=\"1dd6db7\" data-element_type=\"container\">\n\t\t\t\t\t<div class=\"e-con-inner\">\n\t\t\t\t<div class=\"elementor-element elementor-element-469ae15 elementor-widget elementor-widget-text-editor\" data-id=\"469ae15\" data-element_type=\"widget\" data-widget_type=\"text-editor.default\">\n\t\t\t\t\t\t\t\t\t<p data-start=\"384\" data-end=\"765\">Emagrecer n\u00e3o \u00e9 apenas contar calorias ou seguir um plano alimentar. A perda de peso envolve transforma\u00e7\u00f5es f\u00edsicas, emocionais e comportamentais, onde o apoio psicol\u00f3gico na perda de peso assume um papel determinante. A forma como cada pessoa se v\u00ea, lida com a comida e interpreta os seus pensamentos influencia diretamente o sucesso e a sustentabilidade do emagrecimento.<\/p><p data-start=\"767\" data-end=\"928\">Este artigo explica porque o acompanhamento psicol\u00f3gico e o trabalho da autoimagem s\u00e3o componentes essenciais num processo de emagrecimento saud\u00e1vel e duradouro.<\/p>\t\t\t\t\t\t\t\t<\/div>\n\t\t\t\t<div class=\"elementor-element elementor-element-233cdae elementor-widget elementor-widget-heading\" data-id=\"233cdae\" data-element_type=\"widget\" data-widget_type=\"heading.default\">\n\t\t\t\t\t<h2 class=\"elementor-heading-title elementor-size-default\">Compreender a rela\u00e7\u00e3o com a comida<\/h2>\t\t\t\t<\/div>\n\t\t\t\t<div class=\"elementor-element elementor-element-29d5856 elementor-widget elementor-widget-text-editor\" data-id=\"29d5856\" data-element_type=\"widget\" data-widget_type=\"text-editor.default\">\n\t\t\t\t\t\t\t\t\t<p data-start=\"974\" data-end=\"1200\">Muitas pessoas comem n\u00e3o apenas por fome fisiol\u00f3gica, mas para lidar com emo\u00e7\u00f5es como ansiedade, tristeza, frustra\u00e7\u00e3o ou aborrecimento. Esta chamada fome emocional \u00e9 uma das principais causas de insucesso na perda de peso.<\/p><p data-start=\"1202\" data-end=\"1584\">O apoio psicol\u00f3gico na perda de peso ajuda a identificar estes padr\u00f5es, permitindo compreender quando o acto de comer est\u00e1 associado a emo\u00e7\u00f5es e n\u00e3o a necessidades reais do organismo. Manter um di\u00e1rio alimentar, incluindo emo\u00e7\u00f5es e contextos, \u00e9 uma estrat\u00e9gia recomendada pela Sociedade Portuguesa de Endocrinologia, Diabetes e Metabolismo para aumentar a consci\u00eancia alimentar.<\/p><p data-start=\"1586\" data-end=\"1702\">Perguntas simples como <em data-start=\"1609\" data-end=\"1671\">\u201cEstou a comer porque tenho fome ou porque estou stressado?\u201d<\/em> ajudam a criar esta distin\u00e7\u00e3o.<\/p>\t\t\t\t\t\t\t\t<\/div>\n\t\t\t\t<div class=\"elementor-element elementor-element-ab3543d elementor-widget elementor-widget-heading\" data-id=\"ab3543d\" data-element_type=\"widget\" data-widget_type=\"heading.default\">\n\t\t\t\t\t<h2 class=\"elementor-heading-title elementor-size-default\">O impacto da autoimagem e da autoestima no emagrecimento<\/h2>\t\t\t\t<\/div>\n\t\t\t\t<div class=\"elementor-element elementor-element-388c0fb elementor-widget elementor-widget-text-editor\" data-id=\"388c0fb\" data-element_type=\"widget\" data-widget_type=\"text-editor.default\">\n\t\t\t\t\t\t\t\t\t<p data-start=\"1770\" data-end=\"1977\">A autoimagem influencia profundamente o comportamento alimentar. Uma percep\u00e7\u00e3o negativa do pr\u00f3prio corpo pode gerar desmotiva\u00e7\u00e3o, culpa e atitudes extremas, como dietas restritivas ou epis\u00f3dios de compuls\u00e3o.<\/p><p data-start=\"1979\" data-end=\"2257\">Trabalhar a autoestima faz parte do apoio psicol\u00f3gico na perda de peso, promovendo uma rela\u00e7\u00e3o mais equilibrada com o corpo. Reconhecer o valor pessoal para al\u00e9m do peso, aceitar o processo e celebrar pequenas conquistas aumenta a ades\u00e3o ao plano alimentar e reduz reca\u00eddas.<\/p><p data-start=\"2259\" data-end=\"2359\">Uma autoimagem saud\u00e1vel est\u00e1 associada a escolhas mais conscientes e consistentes ao longo do tempo.<\/p>\t\t\t\t\t\t\t\t<\/div>\n\t\t\t\t<div class=\"elementor-element elementor-element-fd45c83 elementor-widget elementor-widget-heading\" data-id=\"fd45c83\" data-element_type=\"widget\" data-widget_type=\"heading.default\">\n\t\t\t\t\t<h2 class=\"elementor-heading-title elementor-size-default\">A import\u00e2ncia do apoio psicol\u00f3gico na perda de peso<\/h2>\t\t\t\t<\/div>\n\t\t\t\t<div class=\"elementor-element elementor-element-6dd4968 elementor-widget elementor-widget-heading\" data-id=\"6dd4968\" data-element_type=\"widget\" data-widget_type=\"heading.default\">\n\t\t\t\t\t<h3 class=\"elementor-heading-title elementor-size-default\">Consultas de psicologia e terapia comportamental<\/h3>\t\t\t\t<\/div>\n\t\t\t\t<div class=\"elementor-element elementor-element-2a2d88d elementor-widget elementor-widget-text-editor\" data-id=\"2a2d88d\" data-element_type=\"widget\" data-widget_type=\"text-editor.default\">\n\t\t\t\t\t\t\t\t\t<p data-start=\"2476\" data-end=\"2513\">O acompanhamento psicol\u00f3gico permite:<\/p><ul><li data-start=\"2516\" data-end=\"2573\">identificar gatilhos emocionais associados \u00e0 alimenta\u00e7\u00e3o;<\/li><li data-start=\"2516\" data-end=\"2573\">definir expectativas realistas sobre o emagrecimento;<\/li><li data-start=\"2516\" data-end=\"2573\">desenvolver estrat\u00e9gias para lidar com reca\u00eddas e frustra\u00e7\u00f5es.<\/li><\/ul><p data-start=\"2696\" data-end=\"2942\">A terapia cognitivo-comportamental, frequentemente integrada no apoio psicol\u00f3gico na perda de peso, ajuda a substituir pensamentos autom\u00e1ticos negativos por padr\u00f5es mais saud\u00e1veis e construtivos, facilitando a cria\u00e7\u00e3o de h\u00e1bitos sustent\u00e1veis.<\/p>\t\t\t\t\t\t\t\t<\/div>\n\t\t\t\t<div class=\"elementor-element elementor-element-03c206f elementor-widget elementor-widget-heading\" data-id=\"03c206f\" data-element_type=\"widget\" data-widget_type=\"heading.default\">\n\t\t\t\t\t<h3 class=\"elementor-heading-title elementor-size-default\">Grupos de apoio e envolvimento social<\/h3>\t\t\t\t<\/div>\n\t\t\t\t<div class=\"elementor-element elementor-element-c78d22c elementor-widget elementor-widget-text-editor\" data-id=\"c78d22c\" data-element_type=\"widget\" data-widget_type=\"text-editor.default\">\n\t\t\t\t\t\t\t\t\t<p data-start=\"2992\" data-end=\"3231\">Participar em grupos de apoio ou envolver familiares e amigos no processo de emagrecimento aumenta significativamente as probabilidades de sucesso. A partilha de experi\u00eancias reduz o isolamento, melhora a motiva\u00e7\u00e3o e refor\u00e7a o compromisso.<\/p><p data-start=\"3233\" data-end=\"3357\">As orienta\u00e7\u00f5es da Direc\u00e7\u00e3o-Geral da Sa\u00fade destacam que o suporte social \u00e9 um factor-chave para a manuten\u00e7\u00e3o do peso perdido.<\/p>\t\t\t\t\t\t\t\t<\/div>\n\t\t\t\t<div class=\"elementor-element elementor-element-0d9aeb4 elementor-widget elementor-widget-image\" data-id=\"0d9aeb4\" data-element_type=\"widget\" data-widget_type=\"image.default\">\n\t\t\t\t\t\t\t\t\t\t\t\t\t\t\t<img fetchpriority=\"high\" decoding=\"async\" width=\"800\" height=\"448\" src=\"https:\/\/www.mediconanet.pt\/wp-content\/uploads\/2026\/02\/apoio-psicologico-na-perda-de-peso-consulta-online-1024x573.jpg\" class=\"attachment-large size-large wp-image-54090\" alt=\"Consulta online de apoio psicol\u00f3gico na perda de peso com acompanhamento emocional\" srcset=\"https:\/\/www.mediconanet.pt\/wp-content\/uploads\/2026\/02\/apoio-psicologico-na-perda-de-peso-consulta-online-1024x573.jpg 1024w, https:\/\/www.mediconanet.pt\/wp-content\/uploads\/2026\/02\/apoio-psicologico-na-perda-de-peso-consulta-online-300x168.jpg 300w, https:\/\/www.mediconanet.pt\/wp-content\/uploads\/2026\/02\/apoio-psicologico-na-perda-de-peso-consulta-online-768x430.jpg 768w, https:\/\/www.mediconanet.pt\/wp-content\/uploads\/2026\/02\/apoio-psicologico-na-perda-de-peso-consulta-online-1536x860.jpg 1536w, https:\/\/www.mediconanet.pt\/wp-content\/uploads\/2026\/02\/apoio-psicologico-na-perda-de-peso-consulta-online-18x10.jpg 18w, https:\/\/www.mediconanet.pt\/wp-content\/uploads\/2026\/02\/apoio-psicologico-na-perda-de-peso-consulta-online-600x336.jpg 600w, https:\/\/www.mediconanet.pt\/wp-content\/uploads\/2026\/02\/apoio-psicologico-na-perda-de-peso-consulta-online.jpg 1600w\" sizes=\"(max-width: 800px) 100vw, 800px\" \/>\t\t\t\t\t\t\t\t\t\t\t\t\t\t\t<\/div>\n\t\t\t\t<div class=\"elementor-element elementor-element-ec7a6f6 elementor-widget elementor-widget-heading\" data-id=\"ec7a6f6\" data-element_type=\"widget\" data-widget_type=\"heading.default\">\n\t\t\t\t\t<h2 class=\"elementor-heading-title elementor-size-default\">Estrat\u00e9gias para melhorar a autoimagem durante o processo<\/h2>\t\t\t\t<\/div>\n\t\t\t\t<div class=\"elementor-element elementor-element-716b429 elementor-widget elementor-widget-text-editor\" data-id=\"716b429\" data-element_type=\"widget\" data-widget_type=\"text-editor.default\">\n\t\t\t\t\t\t\t\t\t<ul><li data-start=\"3428\" data-end=\"3544\">Focar no progresso e n\u00e3o na perfei\u00e7\u00e3o: cada melhoria conta, mesmo que n\u00e3o se reflita imediatamente na balan\u00e7a.<\/li><li data-start=\"3428\" data-end=\"3544\">Evitar compara\u00e7\u00f5es: cada corpo tem um ritmo pr\u00f3prio; comparar-se com padr\u00f5es irreais compromete a autoestima.<\/li><li data-start=\"3428\" data-end=\"3544\">Definir metas de sa\u00fade: energia, bem-estar, mobilidade e qualidade do sono s\u00e3o indicadores t\u00e3o importantes quanto o peso.<\/li><li data-start=\"3428\" data-end=\"3544\">Praticar afirma\u00e7\u00f5es positivas: refor\u00e7ar pensamentos como <em data-start=\"3856\" data-end=\"3875\">\u201cestou a evoluir\u201d<\/em> contribui para uma rela\u00e7\u00e3o mais saud\u00e1vel com o corpo.<\/li><\/ul><p data-start=\"3931\" data-end=\"4082\">Estas estrat\u00e9gias s\u00e3o frequentemente trabalhadas no contexto do apoio psicol\u00f3gico na perda de peso, ajudando a consolidar mudan\u00e7as comportamentais.<\/p>\t\t\t\t\t\t\t\t<\/div>\n\t\t\t\t\t<\/div>\n\t\t\t\t<\/div>\n\t\t<div class=\"elementor-element elementor-element-0862850 e-flex e-con-boxed e-con e-parent\" data-id=\"0862850\" data-element_type=\"container\">\n\t\t\t\t\t<div class=\"e-con-inner\">\n\t\t<div class=\"elementor-element elementor-element-5d0cc7f e-con-full e-flex e-con e-child\" data-id=\"5d0cc7f\" data-element_type=\"container\">\n\t\t<div class=\"elementor-element elementor-element-fd31b69 e-con-full e-flex e-con e-child\" data-id=\"fd31b69\" data-element_type=\"container\">\n\t\t\t\t<div class=\"elementor-element elementor-element-79e2c83 elementor-widget elementor-widget-heading\" data-id=\"79e2c83\" data-element_type=\"widget\" data-widget_type=\"heading.default\">\n\t\t\t\t\t<h2 class=\"elementor-heading-title elementor-size-default\">Perguntas frequentes (FAQ)<\/h2>\t\t\t\t<\/div>\n\t\t\t\t<div class=\"elementor-element elementor-element-aa53159 elementor-widget elementor-widget-n-accordion\" data-id=\"aa53159\" data-element_type=\"widget\" data-settings=\"{&quot;default_state&quot;:&quot;all_collapsed&quot;,&quot;max_items_expended&quot;:&quot;one&quot;,&quot;n_accordion_animation_duration&quot;:{&quot;unit&quot;:&quot;ms&quot;,&quot;size&quot;:400,&quot;sizes&quot;:[]}}\" data-widget_type=\"nested-accordion.default\">\n\t\t\t\t\t\t\t<div class=\"e-n-accordion\" aria-label=\"Accordion. Open links with Enter or Space, close with Escape, and navigate with Arrow Keys\">\n\t\t\t\t\t\t<details id=\"e-n-accordion-item-1780\" class=\"e-n-accordion-item\" >\n\t\t\t\t<summary class=\"e-n-accordion-item-title\" data-accordion-index=\"1\" tabindex=\"0\" aria-expanded=\"false\" aria-controls=\"e-n-accordion-item-1780\" >\n\t\t\t\t\t<span class='e-n-accordion-item-title-header'><div class=\"e-n-accordion-item-title-text\"> Preciso de apoio psicol\u00f3gico para emagrecer? <\/div><\/span>\n\t\t\t\t\t\t\t<span class='e-n-accordion-item-title-icon'>\n\t\t\t<span class='e-opened' ><svg aria-hidden=\"true\" class=\"e-font-icon-svg e-fas-minus\" viewBox=\"0 0 448 512\" xmlns=\"http:\/\/www.w3.org\/2000\/svg\"><path d=\"M416 208H32c-17.67 0-32 14.33-32 32v32c0 17.67 14.33 32 32 32h384c17.67 0 32-14.33 32-32v-32c0-17.67-14.33-32-32-32z\"><\/path><\/svg><\/span>\n\t\t\t<span class='e-closed'><svg aria-hidden=\"true\" class=\"e-font-icon-svg e-fas-plus\" viewBox=\"0 0 448 512\" xmlns=\"http:\/\/www.w3.org\/2000\/svg\"><path d=\"M416 208H272V64c0-17.67-14.33-32-32-32h-32c-17.67 0-32 14.33-32 32v144H32c-17.67 0-32 14.33-32 32v32c0 17.67 14.33 32 32 32h144v144c0 17.67 14.33 32 32 32h32c17.67 0 32-14.33 32-32V304h144c17.67 0 32-14.33 32-32v-32c0-17.67-14.33-32-32-32z\"><\/path><\/svg><\/span>\n\t\t<\/span>\n\n\t\t\t\t\t\t<\/summary>\n\t\t\t\t<div role=\"region\" aria-labelledby=\"e-n-accordion-item-1780\" class=\"elementor-element elementor-element-35758c0 e-con-full e-flex e-con e-child\" data-id=\"35758c0\" data-element_type=\"container\">\n\t\t<div role=\"region\" aria-labelledby=\"e-n-accordion-item-1780\" class=\"elementor-element elementor-element-a1112bc e-flex e-con-boxed e-con e-child\" data-id=\"a1112bc\" data-element_type=\"container\">\n\t\t\t\t\t<div class=\"e-con-inner\">\n\t\t\t\t<div class=\"elementor-element elementor-element-57fd882 elementor-widget elementor-widget-text-editor\" data-id=\"57fd882\" data-element_type=\"widget\" data-widget_type=\"text-editor.default\">\n\t\t\t\t\t\t\t\t\t<p>N\u00e3o \u00e9 obrigat\u00f3rio, mas o apoio psicol\u00f3gico na perda de peso \u00e9 altamente recomendado para lidar com emo\u00e7\u00f5es, prevenir reca\u00eddas e melhorar a ades\u00e3o ao plano.<\/p>\t\t\t\t\t\t\t\t<\/div>\n\t\t\t\t\t<\/div>\n\t\t\t\t<\/div>\n\t\t\t\t<\/div>\n\t\t\t\t\t<\/details>\n\t\t\t\t\t\t<details id=\"e-n-accordion-item-1781\" class=\"e-n-accordion-item\" >\n\t\t\t\t<summary class=\"e-n-accordion-item-title\" data-accordion-index=\"2\" tabindex=\"-1\" aria-expanded=\"false\" aria-controls=\"e-n-accordion-item-1781\" >\n\t\t\t\t\t<span class='e-n-accordion-item-title-header'><div class=\"e-n-accordion-item-title-text\"> A autoimagem influencia realmente o peso? <\/div><\/span>\n\t\t\t\t\t\t\t<span class='e-n-accordion-item-title-icon'>\n\t\t\t<span class='e-opened' ><svg aria-hidden=\"true\" class=\"e-font-icon-svg e-fas-minus\" viewBox=\"0 0 448 512\" xmlns=\"http:\/\/www.w3.org\/2000\/svg\"><path d=\"M416 208H32c-17.67 0-32 14.33-32 32v32c0 17.67 14.33 32 32 32h384c17.67 0 32-14.33 32-32v-32c0-17.67-14.33-32-32-32z\"><\/path><\/svg><\/span>\n\t\t\t<span class='e-closed'><svg aria-hidden=\"true\" class=\"e-font-icon-svg e-fas-plus\" viewBox=\"0 0 448 512\" xmlns=\"http:\/\/www.w3.org\/2000\/svg\"><path d=\"M416 208H272V64c0-17.67-14.33-32-32-32h-32c-17.67 0-32 14.33-32 32v144H32c-17.67 0-32 14.33-32 32v32c0 17.67 14.33 32 32 32h144v144c0 17.67 14.33 32 32 32h32c17.67 0 32-14.33 32-32V304h144c17.67 0 32-14.33 32-32v-32c0-17.67-14.33-32-32-32z\"><\/path><\/svg><\/span>\n\t\t<\/span>\n\n\t\t\t\t\t\t<\/summary>\n\t\t\t\t<div role=\"region\" aria-labelledby=\"e-n-accordion-item-1781\" class=\"elementor-element elementor-element-335e192 e-con-full e-flex e-con e-child\" data-id=\"335e192\" data-element_type=\"container\">\n\t\t<div role=\"region\" aria-labelledby=\"e-n-accordion-item-1781\" class=\"elementor-element elementor-element-7467b2c e-flex e-con-boxed e-con e-child\" data-id=\"7467b2c\" data-element_type=\"container\">\n\t\t\t\t\t<div class=\"e-con-inner\">\n\t\t\t\t<div class=\"elementor-element elementor-element-3280e3d elementor-widget elementor-widget-text-editor\" data-id=\"3280e3d\" data-element_type=\"widget\" data-widget_type=\"text-editor.default\">\n\t\t\t\t\t\t\t\t\t<p>Sim. Uma autoimagem negativa pode conduzir \u00e0 desist\u00eancia ou a comportamentos compensat\u00f3rios. Trabalhar a autoestima favorece escolhas mais consistentes.<\/p>\t\t\t\t\t\t\t\t<\/div>\n\t\t\t\t\t<\/div>\n\t\t\t\t<\/div>\n\t\t\t\t<\/div>\n\t\t\t\t\t<\/details>\n\t\t\t\t\t\t<details id=\"e-n-accordion-item-1782\" class=\"e-n-accordion-item\" >\n\t\t\t\t<summary class=\"e-n-accordion-item-title\" data-accordion-index=\"3\" tabindex=\"-1\" aria-expanded=\"false\" aria-controls=\"e-n-accordion-item-1782\" >\n\t\t\t\t\t<span class='e-n-accordion-item-title-header'><div class=\"e-n-accordion-item-title-text\"> Como controlar a fome emocional? <\/div><\/span>\n\t\t\t\t\t\t\t<span class='e-n-accordion-item-title-icon'>\n\t\t\t<span class='e-opened' ><svg aria-hidden=\"true\" class=\"e-font-icon-svg e-fas-minus\" viewBox=\"0 0 448 512\" xmlns=\"http:\/\/www.w3.org\/2000\/svg\"><path d=\"M416 208H32c-17.67 0-32 14.33-32 32v32c0 17.67 14.33 32 32 32h384c17.67 0 32-14.33 32-32v-32c0-17.67-14.33-32-32-32z\"><\/path><\/svg><\/span>\n\t\t\t<span class='e-closed'><svg aria-hidden=\"true\" class=\"e-font-icon-svg e-fas-plus\" viewBox=\"0 0 448 512\" xmlns=\"http:\/\/www.w3.org\/2000\/svg\"><path d=\"M416 208H272V64c0-17.67-14.33-32-32-32h-32c-17.67 0-32 14.33-32 32v144H32c-17.67 0-32 14.33-32 32v32c0 17.67 14.33 32 32 32h144v144c0 17.67 14.33 32 32 32h32c17.67 0 32-14.33 32-32V304h144c17.67 0 32-14.33 32-32v-32c0-17.67-14.33-32-32-32z\"><\/path><\/svg><\/span>\n\t\t<\/span>\n\n\t\t\t\t\t\t<\/summary>\n\t\t\t\t<div role=\"region\" aria-labelledby=\"e-n-accordion-item-1782\" class=\"elementor-element elementor-element-98a17c0 e-con-full e-flex e-con e-child\" data-id=\"98a17c0\" data-element_type=\"container\">\n\t\t<div role=\"region\" aria-labelledby=\"e-n-accordion-item-1782\" class=\"elementor-element elementor-element-c3d6e0a e-flex e-con-boxed e-con e-child\" data-id=\"c3d6e0a\" data-element_type=\"container\">\n\t\t\t\t\t<div class=\"e-con-inner\">\n\t\t\t\t<div class=\"elementor-element elementor-element-c39913c elementor-widget elementor-widget-text-editor\" data-id=\"c39913c\" data-element_type=\"widget\" data-widget_type=\"text-editor.default\">\n\t\t\t\t\t\t\t\t\t<p>Identificar gatilhos, criar alternativas ao acto de comer e recorrer a apoio psicol\u00f3gico s\u00e3o estrat\u00e9gias eficazes.<\/p>\t\t\t\t\t\t\t\t<\/div>\n\t\t\t\t\t<\/div>\n\t\t\t\t<\/div>\n\t\t\t\t<\/div>\n\t\t\t\t\t<\/details>\n\t\t\t\t\t\t<details id=\"e-n-accordion-item-1783\" class=\"e-n-accordion-item\" >\n\t\t\t\t<summary class=\"e-n-accordion-item-title\" data-accordion-index=\"4\" tabindex=\"-1\" aria-expanded=\"false\" aria-controls=\"e-n-accordion-item-1783\" >\n\t\t\t\t\t<span class='e-n-accordion-item-title-header'><div class=\"e-n-accordion-item-title-text\"> O apoio da fam\u00edlia faz diferen\u00e7a? <\/div><\/span>\n\t\t\t\t\t\t\t<span class='e-n-accordion-item-title-icon'>\n\t\t\t<span class='e-opened' ><svg aria-hidden=\"true\" class=\"e-font-icon-svg e-fas-minus\" viewBox=\"0 0 448 512\" xmlns=\"http:\/\/www.w3.org\/2000\/svg\"><path d=\"M416 208H32c-17.67 0-32 14.33-32 32v32c0 17.67 14.33 32 32 32h384c17.67 0 32-14.33 32-32v-32c0-17.67-14.33-32-32-32z\"><\/path><\/svg><\/span>\n\t\t\t<span class='e-closed'><svg aria-hidden=\"true\" class=\"e-font-icon-svg e-fas-plus\" viewBox=\"0 0 448 512\" xmlns=\"http:\/\/www.w3.org\/2000\/svg\"><path d=\"M416 208H272V64c0-17.67-14.33-32-32-32h-32c-17.67 0-32 14.33-32 32v144H32c-17.67 0-32 14.33-32 32v32c0 17.67 14.33 32 32 32h144v144c0 17.67 14.33 32 32 32h32c17.67 0 32-14.33 32-32V304h144c17.67 0 32-14.33 32-32v-32c0-17.67-14.33-32-32-32z\"><\/path><\/svg><\/span>\n\t\t<\/span>\n\n\t\t\t\t\t\t<\/summary>\n\t\t\t\t<div role=\"region\" aria-labelledby=\"e-n-accordion-item-1783\" class=\"elementor-element elementor-element-5c49175 e-con-full e-flex e-con e-child\" data-id=\"5c49175\" data-element_type=\"container\">\n\t\t<div role=\"region\" aria-labelledby=\"e-n-accordion-item-1783\" class=\"elementor-element elementor-element-f1eeaba e-flex e-con-boxed e-con e-child\" data-id=\"f1eeaba\" data-element_type=\"container\">\n\t\t\t\t\t<div class=\"e-con-inner\">\n\t\t\t\t<div class=\"elementor-element elementor-element-94ed720 elementor-widget elementor-widget-text-editor\" data-id=\"94ed720\" data-element_type=\"widget\" data-widget_type=\"text-editor.default\">\n\t\t\t\t\t\t\t\t\t<p>Sim. Um ambiente de apoio facilita a manuten\u00e7\u00e3o dos novos h\u00e1bitos e reduz o risco de reca\u00eddas.<\/p>\t\t\t\t\t\t\t\t<\/div>\n\t\t\t\t\t<\/div>\n\t\t\t\t<\/div>\n\t\t\t\t<\/div>\n\t\t\t\t\t<\/details>\n\t\t\t\t\t\t<details id=\"e-n-accordion-item-1784\" class=\"e-n-accordion-item\" >\n\t\t\t\t<summary class=\"e-n-accordion-item-title\" data-accordion-index=\"5\" tabindex=\"-1\" aria-expanded=\"false\" aria-controls=\"e-n-accordion-item-1784\" >\n\t\t\t\t\t<span class='e-n-accordion-item-title-header'><div class=\"e-n-accordion-item-title-text\"> O apoio psicol\u00f3gico na perda de peso \u00e9 \u00fatil mesmo quando j\u00e1 sigo dieta e fa\u00e7o exerc\u00edcio? <\/div><\/span>\n\t\t\t\t\t\t\t<span class='e-n-accordion-item-title-icon'>\n\t\t\t<span class='e-opened' ><svg aria-hidden=\"true\" class=\"e-font-icon-svg e-fas-minus\" viewBox=\"0 0 448 512\" xmlns=\"http:\/\/www.w3.org\/2000\/svg\"><path d=\"M416 208H32c-17.67 0-32 14.33-32 32v32c0 17.67 14.33 32 32 32h384c17.67 0 32-14.33 32-32v-32c0-17.67-14.33-32-32-32z\"><\/path><\/svg><\/span>\n\t\t\t<span class='e-closed'><svg aria-hidden=\"true\" class=\"e-font-icon-svg e-fas-plus\" viewBox=\"0 0 448 512\" xmlns=\"http:\/\/www.w3.org\/2000\/svg\"><path d=\"M416 208H272V64c0-17.67-14.33-32-32-32h-32c-17.67 0-32 14.33-32 32v144H32c-17.67 0-32 14.33-32 32v32c0 17.67 14.33 32 32 32h144v144c0 17.67 14.33 32 32 32h32c17.67 0 32-14.33 32-32V304h144c17.67 0 32-14.33 32-32v-32c0-17.67-14.33-32-32-32z\"><\/path><\/svg><\/span>\n\t\t<\/span>\n\n\t\t\t\t\t\t<\/summary>\n\t\t\t\t<div role=\"region\" aria-labelledby=\"e-n-accordion-item-1784\" class=\"elementor-element elementor-element-e43b9f8 e-con-full e-flex e-con e-child\" data-id=\"e43b9f8\" data-element_type=\"container\">\n\t\t<div role=\"region\" aria-labelledby=\"e-n-accordion-item-1784\" class=\"elementor-element elementor-element-2d87cbb e-flex e-con-boxed e-con e-child\" data-id=\"2d87cbb\" data-element_type=\"container\">\n\t\t\t\t\t<div class=\"e-con-inner\">\n\t\t\t\t<div class=\"elementor-element elementor-element-4910d60 elementor-widget elementor-widget-text-editor\" data-id=\"4910d60\" data-element_type=\"widget\" data-widget_type=\"text-editor.default\">\n\t\t\t\t\t\t\t\t\t<p>Sim. Mesmo com alimenta\u00e7\u00e3o equilibrada e pr\u00e1tica de exerc\u00edcio f\u00edsico, o apoio psicol\u00f3gico na perda de peso ajuda a gerir emo\u00e7\u00f5es, a melhorar a autoimagem e a prevenir comportamentos como a fome emocional, o auto-sabotamento e as reca\u00eddas. Este acompanhamento refor\u00e7a a motiva\u00e7\u00e3o e aumenta a probabilidade de manter os resultados a longo prazo.<\/p>\t\t\t\t\t\t\t\t<\/div>\n\t\t\t\t\t<\/div>\n\t\t\t\t<\/div>\n\t\t\t\t<\/div>\n\t\t\t\t\t<\/details>\n\t\t\t\t\t<\/div>\n\t\t\t\t\t<script type=\"application\/ld+json\">{\"@context\":\"https:\\\/\\\/schema.org\",\"@type\":\"FAQPage\",\"mainEntity\":[{\"@type\":\"Question\",\"name\":\"Preciso de apoio psicol\\u00f3gico para emagrecer?\",\"acceptedAnswer\":{\"@type\":\"Answer\",\"text\":\"N\\u00e3o \\u00e9 obrigat\\u00f3rio, mas o apoio psicol\\u00f3gico na perda de peso \\u00e9 altamente recomendado para lidar com emo\\u00e7\\u00f5es, prevenir reca\\u00eddas e melhorar a ades\\u00e3o ao plano.\"}},{\"@type\":\"Question\",\"name\":\"A autoimagem influencia realmente o peso?\",\"acceptedAnswer\":{\"@type\":\"Answer\",\"text\":\"Sim. Uma autoimagem negativa pode conduzir \\u00e0 desist\\u00eancia ou a comportamentos compensat\\u00f3rios. Trabalhar a autoestima favorece escolhas mais consistentes.\"}},{\"@type\":\"Question\",\"name\":\"Como controlar a fome emocional?\",\"acceptedAnswer\":{\"@type\":\"Answer\",\"text\":\"Identificar gatilhos, criar alternativas ao acto de comer e recorrer a apoio psicol\\u00f3gico s\\u00e3o estrat\\u00e9gias eficazes.\"}},{\"@type\":\"Question\",\"name\":\"O apoio da fam\\u00edlia faz diferen\\u00e7a?\",\"acceptedAnswer\":{\"@type\":\"Answer\",\"text\":\"Sim. Um ambiente de apoio facilita a manuten\\u00e7\\u00e3o dos novos h\\u00e1bitos e reduz o risco de reca\\u00eddas.\"}},{\"@type\":\"Question\",\"name\":\"O apoio psicol\\u00f3gico na perda de peso \\u00e9 \\u00fatil mesmo quando j\\u00e1 sigo dieta e fa\\u00e7o exerc\\u00edcio?\",\"acceptedAnswer\":{\"@type\":\"Answer\",\"text\":\"Sim. Mesmo com alimenta\\u00e7\\u00e3o equilibrada e pr\\u00e1tica de exerc\\u00edcio f\\u00edsico, o apoio psicol\\u00f3gico na perda de peso ajuda a gerir emo\\u00e7\\u00f5es, a melhorar a autoimagem e a prevenir comportamentos como a fome emocional, o auto-sabotamento e as reca\\u00eddas. Este acompanhamento refor\\u00e7a a motiva\\u00e7\\u00e3o e aumenta a probabilidade de manter os resultados a longo prazo.\"}}]}<\/script>\n\t\t\t\t\t\t\t<\/div>\n\t\t\t\t<\/div>\n\t\t\t\t<\/div>\n\t\t\t\t\t<\/div>\n\t\t\t\t<\/div>\n\t\t<div class=\"elementor-element elementor-element-c353aea e-flex e-con-boxed e-con e-parent\" data-id=\"c353aea\" data-element_type=\"container\">\n\t\t\t\t\t<div class=\"e-con-inner\">\n\t\t\t\t<div class=\"elementor-element elementor-element-8e17302 elementor-widget elementor-widget-heading\" data-id=\"8e17302\" data-element_type=\"widget\" data-widget_type=\"heading.default\">\n\t\t\t\t\t<h2 class=\"elementor-heading-title elementor-size-default\">Conclus\u00e3o<\/h2>\t\t\t\t<\/div>\n\t\t\t\t<div class=\"elementor-element elementor-element-0e9af0e elementor-widget elementor-widget-text-editor\" data-id=\"0e9af0e\" data-element_type=\"widget\" data-widget_type=\"text-editor.default\">\n\t\t\t\t\t\t\t\t\t<p>A perda de peso sustent\u00e1vel vai muito al\u00e9m da alimenta\u00e7\u00e3o e do exerc\u00edcio. O apoio psicol\u00f3gico na perda de peso \u00e9 fundamental para compreender a rela\u00e7\u00e3o com a comida, fortalecer a autoestima e criar mudan\u00e7as duradouras. Investir na sa\u00fade mental e na autoimagem torna o processo de emagrecimento mais equilibrado, eficaz e gratificante, promovendo bem-estar a longo prazo.<\/p><p data-start=\"4005\" data-end=\"4348\">Na\u00a0<strong data-start=\"4008\" data-end=\"4025\">M\u00e9dico na Net<\/strong>, pode agendar a\u00a0<strong><a class=\"decorated-link cursor-pointer\" href=\"https:\/\/www.mediconanet.pt\/produto\/primeira-consulta-perda-de-peso\/?utm_source=blog&amp;utm_medium=artigo&amp;utm_campaign=exercicios-em-casa\" target=\"_new\" rel=\"noopener\" data-start=\"4042\" data-end=\"4228\">Consulta M\u00e9dica Perda de Peso + Consulta Nutri\u00e7\u00e3o<\/a><\/strong>, um servi\u00e7o online onde m\u00e9dicos e nutricionistas trabalham juntos para criar um plano de emagrecimento personalizado.<\/p><p data-start=\"4350\" data-end=\"4501\">Com orienta\u00e7\u00e3o profissional, \u00e9 poss\u00edvel definir metas realistas, escolher a melhor alimenta\u00e7\u00e3o e adaptar os treinos \u00e0 condi\u00e7\u00e3o f\u00edsica de cada pessoa.<\/p>\t\t\t\t\t\t\t\t<\/div>\n\t\t\t\t<div class=\"elementor-element elementor-element-215ecc6 elementor-widget elementor-widget-heading\" data-id=\"215ecc6\" data-element_type=\"widget\" data-widget_type=\"heading.default\">\n\t\t\t\t\t<h2 class=\"elementor-heading-title elementor-size-default\">Fontes<\/h2>\t\t\t\t<\/div>\n\t\t\t\t<div class=\"elementor-element elementor-element-05c4a63 elementor-widget elementor-widget-text-editor\" data-id=\"05c4a63\" data-element_type=\"widget\" data-widget_type=\"text-editor.default\">\n\t\t\t\t\t\t\t\t\t<p><a href=\"https:\/\/www.spedm.org\" rel=\"dofollow noopener\" target=\"_blank\">Sociedade Portuguesa de Endocrinologia, Diabetes e Metabolismo (SPEDM)<span style=\"font-weight: 400;\"> \u2013 \u201cRecomenda\u00e7\u00f5es nutricionais para a obesidade\u201d.<\/span><\/a><br \/><a href=\"https:\/\/www.apn.org.pt\" rel=\"nofollow noopener\" target=\"_blank\">Direc\u00e7\u00e3o\u2011Geral da Sa\u00fade \/ Associa\u00e7\u00e3o Portuguesa de Nutri\u00e7\u00e3o \u2013 \u201c10 recomenda\u00e7\u00f5es para perder peso com sa\u00fade\u201d.<\/a><br \/><a href=\"https:\/\/www.lusiadas.pt\/blog\/exercicio\/musculacao-ou-cardio-qual-melhor-para-si\" rel=\"dofollow noopener\" target=\"_blank\">Lus\u00edadas Sa\u00fade \u2013 <em data-start=\"5618\" data-end=\"5664\">Muscula\u00e7\u00e3o ou Cardio: qual o melhor para si?<\/em><\/a><br \/><a href=\"https:\/\/www.ncbi.nlm.nih.gov\/books\/NBK619591\/\" rel=\"nofollow noopener\" target=\"_blank\">Health Technology Assessment (NIHR) \u2013 \u201cBehavioural weight\u2011management interventions for the treatment of obesity\u201d<\/a><br \/><a href=\"https:\/\/scielo.pt\/pdf\/rpmgf\/v39n5\/2182-5173-rpmgf-39-05-478.pdf\" rel=\"nofollow noopener\" target=\"_blank\">Revista Portuguesa de Medicina Geral e Familiar \u2013 \u201cConsulta de modifica\u00e7\u00e3o de estilos de vida nos cuidados de sa\u00fade prim\u00e1rios\u201d<\/a><br \/><a href=\"https:\/\/www.speo-obesidade.pt\/wp-content\/uploads\/2020\/06\/Ap_Livro-SPEO_v7-.pd\" rel=\"nofollow noopener\" target=\"_blank\">Sociedade Portuguesa para o Estudo da Obesidade (SPEO) \u2013 \u201cTratamento n\u00e3o cir\u00fargico da obesidade do adulto\u201d<\/a><\/p>\t\t\t\t\t\t\t\t<\/div>\n\t\t\t\t\t<\/div>\n\t\t\t\t<\/div>\n\t\t\t\t<\/div>\n\t\t","protected":false},"excerpt":{"rendered":"<p>Emagrecer n\u00e3o \u00e9 apenas contar calorias ou seguir um plano alimentar. A perda de peso envolve transforma\u00e7\u00f5es f\u00edsicas, emocionais e comportamentais, onde o apoio psicol\u00f3gico na perda de peso assume um papel determinante. A forma como cada pessoa se v\u00ea, lida com a comida e interpreta os seus pensamentos influencia diretamente o sucesso e a [&hellip;]<\/p>\n","protected":false},"author":2964,"featured_media":54087,"comment_status":"closed","ping_status":"closed","sticky":false,"template":"","format":"standard","meta":{"_jetpack_memberships_contains_paid_content":false,"footnotes":""},"categories":[111],"tags":[],"class_list":["post-54077","post","type-post","status-publish","format-standard","has-post-thumbnail","hentry","category-perda-de-peso"],"jetpack_featured_media_url":"https:\/\/www.mediconanet.pt\/wp-content\/uploads\/2026\/02\/apoio-psicologico-na-perda-de-peso-o-papel-do-apoio.jpg","jetpack_sharing_enabled":true,"_links":{"self":[{"href":"https:\/\/www.mediconanet.pt\/en\/wp-json\/wp\/v2\/posts\/54077","targetHints":{"allow":["GET"]}}],"collection":[{"href":"https:\/\/www.mediconanet.pt\/en\/wp-json\/wp\/v2\/posts"}],"about":[{"href":"https:\/\/www.mediconanet.pt\/en\/wp-json\/wp\/v2\/types\/post"}],"author":[{"embeddable":true,"href":"https:\/\/www.mediconanet.pt\/en\/wp-json\/wp\/v2\/users\/2964"}],"replies":[{"embeddable":true,"href":"https:\/\/www.mediconanet.pt\/en\/wp-json\/wp\/v2\/comments?post=54077"}],"version-history":[{"count":10,"href":"https:\/\/www.mediconanet.pt\/en\/wp-json\/wp\/v2\/posts\/54077\/revisions"}],"predecessor-version":[{"id":54962,"href":"https:\/\/www.mediconanet.pt\/en\/wp-json\/wp\/v2\/posts\/54077\/revisions\/54962"}],"wp:featuredmedia":[{"embeddable":true,"href":"https:\/\/www.mediconanet.pt\/en\/wp-json\/wp\/v2\/media\/54087"}],"wp:attachment":[{"href":"https:\/\/www.mediconanet.pt\/en\/wp-json\/wp\/v2\/media?parent=54077"}],"wp:term":[{"taxonomy":"category","embeddable":true,"href":"https:\/\/www.mediconanet.pt\/en\/wp-json\/wp\/v2\/categories?post=54077"},{"taxonomy":"post_tag","embeddable":true,"href":"https:\/\/www.mediconanet.pt\/en\/wp-json\/wp\/v2\/tags?post=54077"}],"curies":[{"name":"wp","href":"https:\/\/api.w.org\/{rel}","templated":true}]}}