{"id":54113,"date":"2026-02-05T16:16:17","date_gmt":"2026-02-05T16:16:17","guid":{"rendered":"https:\/\/www.mediconanet.pt\/?p=54113"},"modified":"2026-02-11T17:49:43","modified_gmt":"2026-02-11T17:49:43","slug":"mentir-na-autodeclaracao-de-doenca","status":"publish","type":"post","link":"https:\/\/www.mediconanet.pt\/en\/mentir-na-autodeclaracao-de-doenca\/","title":{"rendered":"Mentir na autodeclara\u00e7\u00e3o de doen\u00e7a: quais as consequ\u00eancias legais e laborais?"},"content":{"rendered":"\t\t<div data-elementor-type=\"wp-post\" data-elementor-id=\"54113\" class=\"elementor elementor-54113\" data-elementor-post-type=\"post\">\n\t\t\t\t<div class=\"elementor-element elementor-element-228b188 e-flex e-con-boxed e-con e-parent\" data-id=\"228b188\" data-element_type=\"container\">\n\t\t\t\t\t<div class=\"e-con-inner\">\n\t\t\t\t<div class=\"elementor-element elementor-element-eb6c0e1 elementor-widget elementor-widget-text-editor\" data-id=\"eb6c0e1\" data-element_type=\"widget\" data-widget_type=\"text-editor.default\">\n\t\t\t\t\t\t\t\t\t<p>A autodeclara\u00e7\u00e3o de doen\u00e7a \u00e9 uma medida que facilita a justifica\u00e7\u00e3o de aus\u00eancias curtas ao trabalho. Este mecanismo, dispon\u00edvel no portal e na aplica\u00e7\u00e3o SNS 24, permite que o trabalhador se ausente at\u00e9 tr\u00eas dias consecutivos, duas vezes por ano, sem necessitar de ir ao m\u00e9dico. No entanto, mentir na autodeclara\u00e7\u00e3o de doen\u00e7a, usando-a de forma indevida ou com falsos motivos, pode ter consequ\u00eancias legais e laborais graves. Este artigo explica o que prev\u00ea a lei portuguesa para quem presta falsas declara\u00e7\u00f5es.<\/p>\t\t\t\t\t\t\t\t<\/div>\n\t\t\t\t<div class=\"elementor-element elementor-element-a1c8fe0 elementor-widget elementor-widget-heading\" data-id=\"a1c8fe0\" data-element_type=\"widget\" data-widget_type=\"heading.default\">\n\t\t\t\t\t<h2 class=\"elementor-heading-title elementor-size-default\">Autodeclara\u00e7\u00e3o: confian\u00e7a e responsabilidade<\/h2>\t\t\t\t<\/div>\n\t\t\t\t<div class=\"elementor-element elementor-element-e4fa7ef elementor-widget elementor-widget-text-editor\" data-id=\"e4fa7ef\" data-element_type=\"widget\" data-widget_type=\"text-editor.default\">\n\t\t\t\t\t\t\t\t\t<p>A autodeclara\u00e7\u00e3o baseia-se no princ\u00edpio de boa-f\u00e9: o trabalhador assume, sob compromisso de honra, que est\u00e1 doente e incapaz de trabalhar. Este instrumento destina-se a situa\u00e7\u00f5es ligeiras, como constipa\u00e7\u00f5es ou indisposi\u00e7\u00f5es tempor\u00e1rias, e pretende aliviar o sistema de sa\u00fade de consultas desnecess\u00e1rias. A honestidade \u00e9, portanto, essencial para que este mecanismo continue a existir e a ser cred\u00edvel.<\/p>\t\t\t\t\t\t\t\t<\/div>\n\t\t\t\t<div class=\"elementor-element elementor-element-75d6311 elementor-widget elementor-widget-heading\" data-id=\"75d6311\" data-element_type=\"widget\" data-widget_type=\"heading.default\">\n\t\t\t\t\t<h2 class=\"elementor-heading-title elementor-size-default\">O que acontece se mentir na autodeclara\u00e7\u00e3o de doen\u00e7a?<\/h2>\t\t\t\t<\/div>\n\t\t\t\t<div class=\"elementor-element elementor-element-7f98e9c elementor-widget elementor-widget-text-editor\" data-id=\"7f98e9c\" data-element_type=\"widget\" data-widget_type=\"text-editor.default\">\n\t\t\t\t\t\t\t\t\t<p data-start=\"1277\" data-end=\"1620\">De acordo com especialistas em direito laboral citados pelo jornal <em data-start=\"1344\" data-end=\"1352\">Postal<\/em>, o C\u00f3digo do Trabalho prev\u00ea consequ\u00eancias distintas consoante a gravidade da situa\u00e7\u00e3o. Se o trabalhador recusar comprovar a doen\u00e7a quando solicitado, a falta justificada pela autodeclara\u00e7\u00e3o pode passar a ser considerada injustificada, implicando perda de remunera\u00e7\u00e3o.<\/p><p data-start=\"1622\" data-end=\"2036\">Em casos mais graves, quando se prova que mentir na autodeclara\u00e7\u00e3o de doen\u00e7a ocorreu com inten\u00e7\u00e3o de enganar a entidade empregadora \u2014 ou seja, o trabalhador sabia que estava apto para o trabalho e ainda assim declarou-se doente \u2014 a lei prev\u00ea justa causa para despedimento. Dependendo do enquadramento, a presta\u00e7\u00e3o de falsas declara\u00e7\u00f5es pode ainda configurar il\u00edcito criminal, sujeito a multa ou pena de pris\u00e3o.<\/p>\t\t\t\t\t\t\t\t<\/div>\n\t\t\t\t<div class=\"elementor-element elementor-element-5c5613b elementor-widget elementor-widget-heading\" data-id=\"5c5613b\" data-element_type=\"widget\" data-widget_type=\"heading.default\">\n\t\t\t\t\t<h2 class=\"elementor-heading-title elementor-size-default\">Diferen\u00e7a entre autodeclara\u00e7\u00e3o e CIT<\/h2>\t\t\t\t<\/div>\n\t\t\t\t<div class=\"elementor-element elementor-element-3fa9088 elementor-widget elementor-widget-text-editor\" data-id=\"3fa9088\" data-element_type=\"widget\" data-widget_type=\"text-editor.default\">\n\t\t\t\t\t\t\t\t\t<p data-start=\"2080\" data-end=\"2380\">\u00c9 fundamental distinguir a autodeclara\u00e7\u00e3o do Certificado de Incapacidade Tempor\u00e1ria (CIT). O CIT \u00e9 emitido por um m\u00e9dico ap\u00f3s avalia\u00e7\u00e3o cl\u00ednica e permite o acesso ao subs\u00eddio de doen\u00e7a pago pela Seguran\u00e7a Social. J\u00e1 a autodeclara\u00e7\u00e3o serve apenas para aus\u00eancias curtas e n\u00e3o confere qualquer subs\u00eddio.<\/p><p data-start=\"2382\" data-end=\"2582\">Tal como acontece com o CIT, mentir na autodeclara\u00e7\u00e3o de doen\u00e7a compromete a confian\u00e7a entre trabalhador, empregador e sistema de seguran\u00e7a social, podendo originar san\u00e7\u00f5es disciplinares e legais.<\/p>\t\t\t\t\t\t\t\t<\/div>\n\t\t\t\t<div class=\"elementor-element elementor-element-62379c5 elementor-widget elementor-widget-image\" data-id=\"62379c5\" data-element_type=\"widget\" data-widget_type=\"image.default\">\n\t\t\t\t\t\t\t\t\t\t\t\t\t\t\t<img fetchpriority=\"high\" decoding=\"async\" width=\"800\" height=\"448\" src=\"https:\/\/www.mediconanet.pt\/wp-content\/uploads\/2026\/02\/mentir-na-autodeclaracao-de-doenca-consulta-online-baixa-medica-1024x573.jpg\" class=\"attachment-large size-large wp-image-54129\" alt=\"Consulta m\u00e9dica online para esclarecimento sobre autodeclara\u00e7\u00e3o de doen\u00e7a e baixa m\u00e9dica\" srcset=\"https:\/\/www.mediconanet.pt\/wp-content\/uploads\/2026\/02\/mentir-na-autodeclaracao-de-doenca-consulta-online-baixa-medica-1024x573.jpg 1024w, https:\/\/www.mediconanet.pt\/wp-content\/uploads\/2026\/02\/mentir-na-autodeclaracao-de-doenca-consulta-online-baixa-medica-300x168.jpg 300w, https:\/\/www.mediconanet.pt\/wp-content\/uploads\/2026\/02\/mentir-na-autodeclaracao-de-doenca-consulta-online-baixa-medica-768x430.jpg 768w, https:\/\/www.mediconanet.pt\/wp-content\/uploads\/2026\/02\/mentir-na-autodeclaracao-de-doenca-consulta-online-baixa-medica-1536x860.jpg 1536w, https:\/\/www.mediconanet.pt\/wp-content\/uploads\/2026\/02\/mentir-na-autodeclaracao-de-doenca-consulta-online-baixa-medica-18x10.jpg 18w, https:\/\/www.mediconanet.pt\/wp-content\/uploads\/2026\/02\/mentir-na-autodeclaracao-de-doenca-consulta-online-baixa-medica-600x336.jpg 600w, https:\/\/www.mediconanet.pt\/wp-content\/uploads\/2026\/02\/mentir-na-autodeclaracao-de-doenca-consulta-online-baixa-medica.jpg 1600w\" sizes=\"(max-width: 800px) 100vw, 800px\" \/>\t\t\t\t\t\t\t\t\t\t\t\t\t\t\t<\/div>\n\t\t\t\t<div class=\"elementor-element elementor-element-c58e38d elementor-widget elementor-widget-heading\" data-id=\"c58e38d\" data-element_type=\"widget\" data-widget_type=\"heading.default\">\n\t\t\t\t\t<h2 class=\"elementor-heading-title elementor-size-default\">Boas pr\u00e1ticas a seguir<\/h2>\t\t\t\t<\/div>\n\t\t\t\t<div class=\"elementor-element elementor-element-cc6d39d elementor-widget elementor-widget-text-editor\" data-id=\"cc6d39d\" data-element_type=\"widget\" data-widget_type=\"text-editor.default\">\n\t\t\t\t\t\t\t\t\t<ul><li data-start=\"2614\" data-end=\"2742\"><strong data-start=\"2614\" data-end=\"2674\">Utilizar a autodeclara\u00e7\u00e3o apenas quando realmente doente<\/strong>, reservando este mecanismo para situa\u00e7\u00f5es ligeiras e tempor\u00e1rias.<\/li><li data-start=\"2614\" data-end=\"2742\"><strong data-start=\"2745\" data-end=\"2795\">Consultar um m\u00e9dico se os sintomas persistirem<\/strong>, recorrendo ao CIT quando a incapacidade ultrapassa tr\u00eas dias.<\/li><li data-start=\"2614\" data-end=\"2742\"><strong data-start=\"2863\" data-end=\"2915\">Manter uma rela\u00e7\u00e3o transparente com o empregador<\/strong>, comunicando de forma clara sobre o estado de sa\u00fade.<\/li><li data-start=\"2614\" data-end=\"2742\"><strong data-start=\"2973\" data-end=\"3007\">Guardar comprovativos cl\u00ednicos<\/strong>, como receitas ou relat\u00f3rios, caso seja necess\u00e1rio justificar a situa\u00e7\u00e3o posteriormente.<\/li><\/ul>\t\t\t\t\t\t\t\t<\/div>\n\t\t\t\t\t<\/div>\n\t\t\t\t<\/div>\n\t\t<div class=\"elementor-element elementor-element-bc533fe e-flex e-con-boxed e-con e-parent\" data-id=\"bc533fe\" data-element_type=\"container\">\n\t\t\t\t\t<div class=\"e-con-inner\">\n\t\t<div class=\"elementor-element elementor-element-6343b14 e-con-full e-flex e-con e-child\" data-id=\"6343b14\" data-element_type=\"container\">\n\t\t<div class=\"elementor-element elementor-element-4211919 e-con-full e-flex e-con e-child\" data-id=\"4211919\" data-element_type=\"container\">\n\t\t\t\t<div class=\"elementor-element elementor-element-026f534 elementor-widget elementor-widget-heading\" data-id=\"026f534\" data-element_type=\"widget\" data-widget_type=\"heading.default\">\n\t\t\t\t\t<h2 class=\"elementor-heading-title elementor-size-default\">Perguntas frequentes (FAQ)<\/h2>\t\t\t\t<\/div>\n\t\t\t\t<div class=\"elementor-element elementor-element-a6c439c elementor-widget elementor-widget-n-accordion\" data-id=\"a6c439c\" data-element_type=\"widget\" data-settings=\"{&quot;default_state&quot;:&quot;all_collapsed&quot;,&quot;max_items_expended&quot;:&quot;one&quot;,&quot;n_accordion_animation_duration&quot;:{&quot;unit&quot;:&quot;ms&quot;,&quot;size&quot;:400,&quot;sizes&quot;:[]}}\" data-widget_type=\"nested-accordion.default\">\n\t\t\t\t\t\t\t<div class=\"e-n-accordion\" aria-label=\"Accordion. Open links with Enter or Space, close with Escape, and navigate with Arrow Keys\">\n\t\t\t\t\t\t<details id=\"e-n-accordion-item-1740\" class=\"e-n-accordion-item\" >\n\t\t\t\t<summary class=\"e-n-accordion-item-title\" data-accordion-index=\"1\" tabindex=\"0\" aria-expanded=\"false\" aria-controls=\"e-n-accordion-item-1740\" >\n\t\t\t\t\t<span class='e-n-accordion-item-title-header'><div class=\"e-n-accordion-item-title-text\"> Quantas vezes posso usar a autodeclara\u00e7\u00e3o de doen\u00e7a? <\/div><\/span>\n\t\t\t\t\t\t\t<span class='e-n-accordion-item-title-icon'>\n\t\t\t<span class='e-opened' ><svg aria-hidden=\"true\" class=\"e-font-icon-svg e-fas-minus\" viewBox=\"0 0 448 512\" xmlns=\"http:\/\/www.w3.org\/2000\/svg\"><path d=\"M416 208H32c-17.67 0-32 14.33-32 32v32c0 17.67 14.33 32 32 32h384c17.67 0 32-14.33 32-32v-32c0-17.67-14.33-32-32-32z\"><\/path><\/svg><\/span>\n\t\t\t<span class='e-closed'><svg aria-hidden=\"true\" class=\"e-font-icon-svg e-fas-plus\" viewBox=\"0 0 448 512\" xmlns=\"http:\/\/www.w3.org\/2000\/svg\"><path d=\"M416 208H272V64c0-17.67-14.33-32-32-32h-32c-17.67 0-32 14.33-32 32v144H32c-17.67 0-32 14.33-32 32v32c0 17.67 14.33 32 32 32h144v144c0 17.67 14.33 32 32 32h32c17.67 0 32-14.33 32-32V304h144c17.67 0 32-14.33 32-32v-32c0-17.67-14.33-32-32-32z\"><\/path><\/svg><\/span>\n\t\t<\/span>\n\n\t\t\t\t\t\t<\/summary>\n\t\t\t\t<div role=\"region\" aria-labelledby=\"e-n-accordion-item-1740\" class=\"elementor-element elementor-element-e3fb707 e-con-full e-flex e-con e-child\" data-id=\"e3fb707\" data-element_type=\"container\">\n\t\t<div role=\"region\" aria-labelledby=\"e-n-accordion-item-1740\" class=\"elementor-element elementor-element-219e3e3 e-flex e-con-boxed e-con e-child\" data-id=\"219e3e3\" data-element_type=\"container\">\n\t\t\t\t\t<div class=\"e-con-inner\">\n\t\t\t\t<div class=\"elementor-element elementor-element-817aa38 elementor-widget elementor-widget-text-editor\" data-id=\"817aa38\" data-element_type=\"widget\" data-widget_type=\"text-editor.default\">\n\t\t\t\t\t\t\t\t\t<p>Duas vezes por ano, at\u00e9 tr\u00eas dias consecutivos em cada utiliza\u00e7\u00e3o.<\/p>\t\t\t\t\t\t\t\t<\/div>\n\t\t\t\t\t<\/div>\n\t\t\t\t<\/div>\n\t\t\t\t<\/div>\n\t\t\t\t\t<\/details>\n\t\t\t\t\t\t<details id=\"e-n-accordion-item-1741\" class=\"e-n-accordion-item\" >\n\t\t\t\t<summary class=\"e-n-accordion-item-title\" data-accordion-index=\"2\" tabindex=\"-1\" aria-expanded=\"false\" aria-controls=\"e-n-accordion-item-1741\" >\n\t\t\t\t\t<span class='e-n-accordion-item-title-header'><div class=\"e-n-accordion-item-title-text\"> O empregador pode pedir provas da doen\u00e7a? <\/div><\/span>\n\t\t\t\t\t\t\t<span class='e-n-accordion-item-title-icon'>\n\t\t\t<span class='e-opened' ><svg aria-hidden=\"true\" class=\"e-font-icon-svg e-fas-minus\" viewBox=\"0 0 448 512\" xmlns=\"http:\/\/www.w3.org\/2000\/svg\"><path d=\"M416 208H32c-17.67 0-32 14.33-32 32v32c0 17.67 14.33 32 32 32h384c17.67 0 32-14.33 32-32v-32c0-17.67-14.33-32-32-32z\"><\/path><\/svg><\/span>\n\t\t\t<span class='e-closed'><svg aria-hidden=\"true\" class=\"e-font-icon-svg e-fas-plus\" viewBox=\"0 0 448 512\" xmlns=\"http:\/\/www.w3.org\/2000\/svg\"><path d=\"M416 208H272V64c0-17.67-14.33-32-32-32h-32c-17.67 0-32 14.33-32 32v144H32c-17.67 0-32 14.33-32 32v32c0 17.67 14.33 32 32 32h144v144c0 17.67 14.33 32 32 32h32c17.67 0 32-14.33 32-32V304h144c17.67 0 32-14.33 32-32v-32c0-17.67-14.33-32-32-32z\"><\/path><\/svg><\/span>\n\t\t<\/span>\n\n\t\t\t\t\t\t<\/summary>\n\t\t\t\t<div role=\"region\" aria-labelledby=\"e-n-accordion-item-1741\" class=\"elementor-element elementor-element-bd47e95 e-con-full e-flex e-con e-child\" data-id=\"bd47e95\" data-element_type=\"container\">\n\t\t<div role=\"region\" aria-labelledby=\"e-n-accordion-item-1741\" class=\"elementor-element elementor-element-bdacfd0 e-flex e-con-boxed e-con e-child\" data-id=\"bdacfd0\" data-element_type=\"container\">\n\t\t\t\t\t<div class=\"e-con-inner\">\n\t\t\t\t<div class=\"elementor-element elementor-element-38345c6 elementor-widget elementor-widget-text-editor\" data-id=\"38345c6\" data-element_type=\"widget\" data-widget_type=\"text-editor.default\">\n\t\t\t\t\t\t\t\t\t<p>Sim. Se for solicitada comprova\u00e7\u00e3o e esta n\u00e3o for apresentada, a falta pode ser considerada injustificada.<\/p>\t\t\t\t\t\t\t\t<\/div>\n\t\t\t\t\t<\/div>\n\t\t\t\t<\/div>\n\t\t\t\t<\/div>\n\t\t\t\t\t<\/details>\n\t\t\t\t\t\t<details id=\"e-n-accordion-item-1742\" class=\"e-n-accordion-item\" >\n\t\t\t\t<summary class=\"e-n-accordion-item-title\" data-accordion-index=\"3\" tabindex=\"-1\" aria-expanded=\"false\" aria-controls=\"e-n-accordion-item-1742\" >\n\t\t\t\t\t<span class='e-n-accordion-item-title-header'><div class=\"e-n-accordion-item-title-text\"> Mentir na autodeclara\u00e7\u00e3o de doen\u00e7a pode dar despedimento? <\/div><\/span>\n\t\t\t\t\t\t\t<span class='e-n-accordion-item-title-icon'>\n\t\t\t<span class='e-opened' ><svg aria-hidden=\"true\" class=\"e-font-icon-svg e-fas-minus\" viewBox=\"0 0 448 512\" xmlns=\"http:\/\/www.w3.org\/2000\/svg\"><path d=\"M416 208H32c-17.67 0-32 14.33-32 32v32c0 17.67 14.33 32 32 32h384c17.67 0 32-14.33 32-32v-32c0-17.67-14.33-32-32-32z\"><\/path><\/svg><\/span>\n\t\t\t<span class='e-closed'><svg aria-hidden=\"true\" class=\"e-font-icon-svg e-fas-plus\" viewBox=\"0 0 448 512\" xmlns=\"http:\/\/www.w3.org\/2000\/svg\"><path d=\"M416 208H272V64c0-17.67-14.33-32-32-32h-32c-17.67 0-32 14.33-32 32v144H32c-17.67 0-32 14.33-32 32v32c0 17.67 14.33 32 32 32h144v144c0 17.67 14.33 32 32 32h32c17.67 0 32-14.33 32-32V304h144c17.67 0 32-14.33 32-32v-32c0-17.67-14.33-32-32-32z\"><\/path><\/svg><\/span>\n\t\t<\/span>\n\n\t\t\t\t\t\t<\/summary>\n\t\t\t\t<div role=\"region\" aria-labelledby=\"e-n-accordion-item-1742\" class=\"elementor-element elementor-element-95c3f42 e-con-full e-flex e-con e-child\" data-id=\"95c3f42\" data-element_type=\"container\">\n\t\t<div role=\"region\" aria-labelledby=\"e-n-accordion-item-1742\" class=\"elementor-element elementor-element-1428e2e e-flex e-con-boxed e-con e-child\" data-id=\"1428e2e\" data-element_type=\"container\">\n\t\t\t\t\t<div class=\"e-con-inner\">\n\t\t\t\t<div class=\"elementor-element elementor-element-c5b08f9 elementor-widget elementor-widget-text-editor\" data-id=\"c5b08f9\" data-element_type=\"widget\" data-widget_type=\"text-editor.default\">\n\t\t\t\t\t\t\t\t\t<p>Sim. Em situa\u00e7\u00f5es de fraude comprovada, mentir na autodeclara\u00e7\u00e3o de doen\u00e7a pode constituir justa causa para despedimento, nos termos do C\u00f3digo do Trabalho.<\/p>\t\t\t\t\t\t\t\t<\/div>\n\t\t\t\t\t<\/div>\n\t\t\t\t<\/div>\n\t\t\t\t<\/div>\n\t\t\t\t\t<\/details>\n\t\t\t\t\t\t<details id=\"e-n-accordion-item-1743\" class=\"e-n-accordion-item\" >\n\t\t\t\t<summary class=\"e-n-accordion-item-title\" data-accordion-index=\"4\" tabindex=\"-1\" aria-expanded=\"false\" aria-controls=\"e-n-accordion-item-1743\" >\n\t\t\t\t\t<span class='e-n-accordion-item-title-header'><div class=\"e-n-accordion-item-title-text\"> A falsifica\u00e7\u00e3o de um CIT \u00e9 punida? <\/div><\/span>\n\t\t\t\t\t\t\t<span class='e-n-accordion-item-title-icon'>\n\t\t\t<span class='e-opened' ><svg aria-hidden=\"true\" class=\"e-font-icon-svg e-fas-minus\" viewBox=\"0 0 448 512\" xmlns=\"http:\/\/www.w3.org\/2000\/svg\"><path d=\"M416 208H32c-17.67 0-32 14.33-32 32v32c0 17.67 14.33 32 32 32h384c17.67 0 32-14.33 32-32v-32c0-17.67-14.33-32-32-32z\"><\/path><\/svg><\/span>\n\t\t\t<span class='e-closed'><svg aria-hidden=\"true\" class=\"e-font-icon-svg e-fas-plus\" viewBox=\"0 0 448 512\" xmlns=\"http:\/\/www.w3.org\/2000\/svg\"><path d=\"M416 208H272V64c0-17.67-14.33-32-32-32h-32c-17.67 0-32 14.33-32 32v144H32c-17.67 0-32 14.33-32 32v32c0 17.67 14.33 32 32 32h144v144c0 17.67 14.33 32 32 32h32c17.67 0 32-14.33 32-32V304h144c17.67 0 32-14.33 32-32v-32c0-17.67-14.33-32-32-32z\"><\/path><\/svg><\/span>\n\t\t<\/span>\n\n\t\t\t\t\t\t<\/summary>\n\t\t\t\t<div role=\"region\" aria-labelledby=\"e-n-accordion-item-1743\" class=\"elementor-element elementor-element-689824b e-con-full e-flex e-con e-child\" data-id=\"689824b\" data-element_type=\"container\">\n\t\t<div role=\"region\" aria-labelledby=\"e-n-accordion-item-1743\" class=\"elementor-element elementor-element-7afe1d6 e-flex e-con-boxed e-con e-child\" data-id=\"7afe1d6\" data-element_type=\"container\">\n\t\t\t\t\t<div class=\"e-con-inner\">\n\t\t\t\t<div class=\"elementor-element elementor-element-913dbcf elementor-widget elementor-widget-text-editor\" data-id=\"913dbcf\" data-element_type=\"widget\" data-widget_type=\"text-editor.default\">\n\t\t\t\t\t\t\t\t\t<p>Sim. Falsificar um certificado m\u00e9dico \u00e9 crime e pode resultar em multa ou pena de pris\u00e3o.<\/p>\t\t\t\t\t\t\t\t<\/div>\n\t\t\t\t\t<\/div>\n\t\t\t\t<\/div>\n\t\t\t\t<\/div>\n\t\t\t\t\t<\/details>\n\t\t\t\t\t\t<details id=\"e-n-accordion-item-1744\" class=\"e-n-accordion-item\" >\n\t\t\t\t<summary class=\"e-n-accordion-item-title\" data-accordion-index=\"5\" tabindex=\"-1\" aria-expanded=\"false\" aria-controls=\"e-n-accordion-item-1744\" >\n\t\t\t\t\t<span class='e-n-accordion-item-title-header'><div class=\"e-n-accordion-item-title-text\"> O que devo fazer se tiver d\u00favidas sobre a minha situa\u00e7\u00e3o? <\/div><\/span>\n\t\t\t\t\t\t\t<span class='e-n-accordion-item-title-icon'>\n\t\t\t<span class='e-opened' ><svg aria-hidden=\"true\" class=\"e-font-icon-svg e-fas-minus\" viewBox=\"0 0 448 512\" xmlns=\"http:\/\/www.w3.org\/2000\/svg\"><path d=\"M416 208H32c-17.67 0-32 14.33-32 32v32c0 17.67 14.33 32 32 32h384c17.67 0 32-14.33 32-32v-32c0-17.67-14.33-32-32-32z\"><\/path><\/svg><\/span>\n\t\t\t<span class='e-closed'><svg aria-hidden=\"true\" class=\"e-font-icon-svg e-fas-plus\" viewBox=\"0 0 448 512\" xmlns=\"http:\/\/www.w3.org\/2000\/svg\"><path d=\"M416 208H272V64c0-17.67-14.33-32-32-32h-32c-17.67 0-32 14.33-32 32v144H32c-17.67 0-32 14.33-32 32v32c0 17.67 14.33 32 32 32h144v144c0 17.67 14.33 32 32 32h32c17.67 0 32-14.33 32-32V304h144c17.67 0 32-14.33 32-32v-32c0-17.67-14.33-32-32-32z\"><\/path><\/svg><\/span>\n\t\t<\/span>\n\n\t\t\t\t\t\t<\/summary>\n\t\t\t\t<div role=\"region\" aria-labelledby=\"e-n-accordion-item-1744\" class=\"elementor-element elementor-element-f806a23 e-con-full e-flex e-con e-child\" data-id=\"f806a23\" data-element_type=\"container\">\n\t\t<div role=\"region\" aria-labelledby=\"e-n-accordion-item-1744\" class=\"elementor-element elementor-element-91a2e1c e-flex e-con-boxed e-con e-child\" data-id=\"91a2e1c\" data-element_type=\"container\">\n\t\t\t\t\t<div class=\"e-con-inner\">\n\t\t\t\t<div class=\"elementor-element elementor-element-2a2adb1 elementor-widget elementor-widget-text-editor\" data-id=\"2a2adb1\" data-element_type=\"widget\" data-widget_type=\"text-editor.default\">\n\t\t\t\t\t\t\t\t\t<p>Consulte a legisla\u00e7\u00e3o laboral, um advogado ou procure orienta\u00e7\u00e3o atrav\u00e9s do SNS 24. Em caso de d\u00favida, \u00e9 sempre mais seguro recorrer a avalia\u00e7\u00e3o m\u00e9dica.<\/p>\t\t\t\t\t\t\t\t<\/div>\n\t\t\t\t\t<\/div>\n\t\t\t\t<\/div>\n\t\t\t\t<\/div>\n\t\t\t\t\t<\/details>\n\t\t\t\t\t<\/div>\n\t\t\t\t\t<script type=\"application\/ld+json\">{\"@context\":\"https:\\\/\\\/schema.org\",\"@type\":\"FAQPage\",\"mainEntity\":[{\"@type\":\"Question\",\"name\":\"Quantas vezes posso usar a autodeclara\\u00e7\\u00e3o de doen\\u00e7a?\",\"acceptedAnswer\":{\"@type\":\"Answer\",\"text\":\"Duas vezes por ano, at\\u00e9 tr\\u00eas dias consecutivos em cada utiliza\\u00e7\\u00e3o.\"}},{\"@type\":\"Question\",\"name\":\"O empregador pode pedir provas da doen\\u00e7a?\",\"acceptedAnswer\":{\"@type\":\"Answer\",\"text\":\"Sim. Se for solicitada comprova\\u00e7\\u00e3o e esta n\\u00e3o for apresentada, a falta pode ser considerada injustificada.\"}},{\"@type\":\"Question\",\"name\":\"Mentir na autodeclara\\u00e7\\u00e3o de doen\\u00e7a pode dar despedimento?\",\"acceptedAnswer\":{\"@type\":\"Answer\",\"text\":\"Sim. Em situa\\u00e7\\u00f5es de fraude comprovada, mentir na autodeclara\\u00e7\\u00e3o de doen\\u00e7a pode constituir justa causa para despedimento, nos termos do C\\u00f3digo do Trabalho.\"}},{\"@type\":\"Question\",\"name\":\"A falsifica\\u00e7\\u00e3o de um CIT \\u00e9 punida?\",\"acceptedAnswer\":{\"@type\":\"Answer\",\"text\":\"Sim. Falsificar um certificado m\\u00e9dico \\u00e9 crime e pode resultar em multa ou pena de pris\\u00e3o.\"}},{\"@type\":\"Question\",\"name\":\"O que devo fazer se tiver d\\u00favidas sobre a minha situa\\u00e7\\u00e3o?\",\"acceptedAnswer\":{\"@type\":\"Answer\",\"text\":\"Consulte a legisla\\u00e7\\u00e3o laboral, um advogado ou procure orienta\\u00e7\\u00e3o atrav\\u00e9s do SNS 24. Em caso de d\\u00favida, \\u00e9 sempre mais seguro recorrer a avalia\\u00e7\\u00e3o m\\u00e9dica.\"}}]}<\/script>\n\t\t\t\t\t\t\t<\/div>\n\t\t\t\t<\/div>\n\t\t\t\t<\/div>\n\t\t\t\t\t<\/div>\n\t\t\t\t<\/div>\n\t\t<div class=\"elementor-element elementor-element-297f692 e-flex e-con-boxed e-con e-parent\" data-id=\"297f692\" data-element_type=\"container\">\n\t\t\t\t\t<div class=\"e-con-inner\">\n\t\t\t\t<div class=\"elementor-element elementor-element-0659f07 elementor-widget elementor-widget-heading\" data-id=\"0659f07\" data-element_type=\"widget\" data-widget_type=\"heading.default\">\n\t\t\t\t\t<h2 class=\"elementor-heading-title elementor-size-default\">Conclus\u00e3o<\/h2>\t\t\t\t<\/div>\n\t\t\t\t<div class=\"elementor-element elementor-element-c9c4080 elementor-widget elementor-widget-text-editor\" data-id=\"c9c4080\" data-element_type=\"widget\" data-widget_type=\"text-editor.default\">\n\t\t\t\t\t\t\t\t\t<p>A autodeclara\u00e7\u00e3o de doen\u00e7a \u00e9 um direito que exige responsabilidade. <strong data-start=\"4065\" data-end=\"4103\">Mentir na autodeclara\u00e7\u00e3o de doen\u00e7a<\/strong> pode transformar uma aus\u00eancia justificada numa falta injustificada e at\u00e9 justificar o despedimento. Para cumprir a lei e preservar uma rela\u00e7\u00e3o de confian\u00e7a com o empregador, utilize este mecanismo apenas quando realmente necess\u00e1rio e recorra ao CIT sempre que a incapacidade se prolongue. Honestidade e consci\u00eancia s\u00e3o fundamentais para garantir a credibilidade deste instrumento.<\/p><p>Na <strong data-start=\"180\" data-end=\"197\">M\u00e9dico na Net<\/strong>, \u00e9 poss\u00edvel agendar uma <a href=\"https:\/\/www.mediconanet.pt\/produto\/baixa-medica\/\"><strong data-start=\"222\" data-end=\"337\">consulta m\u00e9dica online para avalia\u00e7\u00e3o de baixa m\u00e9dica e emiss\u00e3o de Certificado de Incapacidade Tempor\u00e1ria (CIT)<\/strong><\/a>, quando clinicamente justificado. Atrav\u00e9s de acompanhamento m\u00e9dico \u00e0 dist\u00e2ncia, o profissional avalia a situa\u00e7\u00e3o de sa\u00fade, esclarece d\u00favidas e orienta o processo de como solicitar a baixa m\u00e9dica de forma segura, confidencial e em conformidade com a legisla\u00e7\u00e3o em vigor.<\/p>\t\t\t\t\t\t\t\t<\/div>\n\t\t\t\t<div class=\"elementor-element elementor-element-83ee97a elementor-widget elementor-widget-heading\" data-id=\"83ee97a\" data-element_type=\"widget\" data-widget_type=\"heading.default\">\n\t\t\t\t\t<h2 class=\"elementor-heading-title elementor-size-default\">Fontes<\/h2>\t\t\t\t<\/div>\n\t\t\t\t<div class=\"elementor-element elementor-element-00629b3 elementor-widget elementor-widget-text-editor\" data-id=\"00629b3\" data-element_type=\"widget\" data-widget_type=\"text-editor.default\">\n\t\t\t\t\t\t\t\t\t<p><a href=\"https:\/\/postal.pt\" rel=\"dofollow noopener\" target=\"_blank\">Postal \u2013 \u201cSaiba o que pode acontecer se mentir na autodeclara\u00e7\u00e3o da baixa m\u00e9dica pelo SNS\u00a024\u201d<span style=\"font-weight: 400;\">.\u00a0<\/span><\/a><br \/><a href=\"https:\/\/rpmgf.pt\/ojs\/index.php\/rpmgf\/en\/article\/view\/13551\" rel=\"nofollow noopener\" target=\"_blank\">Revista Portuguesa de Medicina Geral e Familiar \u2013 \u201cTemporary disability certificates: a cross\u2011sectional study carried out in two Family Health Units&#8221;<\/a><br \/><a href=\"https:\/\/rpmgf.pt\/ojs\/index.php\/rpmgf\/en\/article\/view\/11068\" rel=\"nofollow noopener\" target=\"_blank\">Revista Portuguesa de Medicina Geral e Familiar \u2013 \u201cDeterminants of long\u2011term work absenteeism \u2013 The INCIT study&#8221;<\/a><br \/><a href=\"https:\/\/journals.plos.org\/plosone\/article?id=10.1371\/journal.pone.0067887\" rel=\"nofollow noopener\" target=\"_blank\">PLOS One \u2013 \u201cAll\u2011Cause and Cause\u2011Specific Mortality after Long\u2011Term Sickness Absence for Psychiatric Disorders: A Prospective Cohort Study\u201d<\/a><\/p>\t\t\t\t\t\t\t\t<\/div>\n\t\t\t\t\t<\/div>\n\t\t\t\t<\/div>\n\t\t\t\t<\/div>\n\t\t","protected":false},"excerpt":{"rendered":"<p>A autodeclara\u00e7\u00e3o de doen\u00e7a \u00e9 uma medida que facilita a justifica\u00e7\u00e3o de aus\u00eancias curtas ao trabalho. Este mecanismo, dispon\u00edvel no portal e na aplica\u00e7\u00e3o SNS 24, permite que o trabalhador se ausente at\u00e9 tr\u00eas dias consecutivos, duas vezes por ano, sem necessitar de ir ao m\u00e9dico. No entanto, mentir na autodeclara\u00e7\u00e3o de doen\u00e7a, usando-a de [&hellip;]<\/p>\n","protected":false},"author":2964,"featured_media":54116,"comment_status":"closed","ping_status":"closed","sticky":false,"template":"","format":"standard","meta":{"_jetpack_memberships_contains_paid_content":false,"footnotes":""},"categories":[121],"tags":[],"class_list":["post-54113","post","type-post","status-publish","format-standard","has-post-thumbnail","hentry","category-baixa-medica"],"jetpack_featured_media_url":"https:\/\/www.mediconanet.pt\/wp-content\/uploads\/2026\/02\/mentir-na-autodeclaracao-consequencias-legais-e-laborais.jpg","jetpack_sharing_enabled":true,"_links":{"self":[{"href":"https:\/\/www.mediconanet.pt\/en\/wp-json\/wp\/v2\/posts\/54113","targetHints":{"allow":["GET"]}}],"collection":[{"href":"https:\/\/www.mediconanet.pt\/en\/wp-json\/wp\/v2\/posts"}],"about":[{"href":"https:\/\/www.mediconanet.pt\/en\/wp-json\/wp\/v2\/types\/post"}],"author":[{"embeddable":true,"href":"https:\/\/www.mediconanet.pt\/en\/wp-json\/wp\/v2\/users\/2964"}],"replies":[{"embeddable":true,"href":"https:\/\/www.mediconanet.pt\/en\/wp-json\/wp\/v2\/comments?post=54113"}],"version-history":[{"count":16,"href":"https:\/\/www.mediconanet.pt\/en\/wp-json\/wp\/v2\/posts\/54113\/revisions"}],"predecessor-version":[{"id":54930,"href":"https:\/\/www.mediconanet.pt\/en\/wp-json\/wp\/v2\/posts\/54113\/revisions\/54930"}],"wp:featuredmedia":[{"embeddable":true,"href":"https:\/\/www.mediconanet.pt\/en\/wp-json\/wp\/v2\/media\/54116"}],"wp:attachment":[{"href":"https:\/\/www.mediconanet.pt\/en\/wp-json\/wp\/v2\/media?parent=54113"}],"wp:term":[{"taxonomy":"category","embeddable":true,"href":"https:\/\/www.mediconanet.pt\/en\/wp-json\/wp\/v2\/categories?post=54113"},{"taxonomy":"post_tag","embeddable":true,"href":"https:\/\/www.mediconanet.pt\/en\/wp-json\/wp\/v2\/tags?post=54113"}],"curies":[{"name":"wp","href":"https:\/\/api.w.org\/{rel}","templated":true}]}}