{"id":54590,"date":"2026-02-10T10:12:57","date_gmt":"2026-02-10T10:12:57","guid":{"rendered":"https:\/\/www.mediconanet.pt\/?p=54590"},"modified":"2026-02-11T18:01:37","modified_gmt":"2026-02-11T18:01:37","slug":"fome-emocional-comer-por-emocao-peso","status":"publish","type":"post","link":"https:\/\/www.mediconanet.pt\/en\/fome-emocional-comer-por-emocao-peso\/","title":{"rendered":"Comer por emo\u00e7\u00e3o: como gerir a fome emocional e o peso"},"content":{"rendered":"\t\t<div data-elementor-type=\"wp-post\" data-elementor-id=\"54590\" class=\"elementor elementor-54590\" data-elementor-post-type=\"post\">\n\t\t\t\t<div class=\"elementor-element elementor-element-f6dcaa4 e-flex e-con-boxed e-con e-parent\" data-id=\"f6dcaa4\" data-element_type=\"container\">\n\t\t\t\t\t<div class=\"e-con-inner\">\n\t\t\t\t<div class=\"elementor-element elementor-element-c54b8b6 elementor-widget elementor-widget-text-editor\" data-id=\"c54b8b6\" data-element_type=\"widget\" data-widget_type=\"text-editor.default\">\n\t\t\t\t\t\t\t\t\t<p>A rela\u00e7\u00e3o entre emo\u00e7\u00f5es e alimenta\u00e7\u00e3o \u00e9 complexa. Muitas pessoas procuram conforto na comida quando se sentem tristes, ansiosas ou aborrecidas, fen\u00f3meno conhecido como <strong data-start=\"542\" data-end=\"560\">fome emocional<\/strong>. Este comportamento contribui para o ganho de peso e cria um ciclo vicioso de culpa e ansiedade. Neste artigo explicamos o que \u00e9 a fome emocional, como distingui-la da fome fisiol\u00f3gica e estrat\u00e9gias pr\u00e1ticas para a controlar e proteger o peso.<\/p>\t\t\t\t\t\t\t\t<\/div>\n\t\t\t\t<div class=\"elementor-element elementor-element-b6d0707 elementor-widget elementor-widget-heading\" data-id=\"b6d0707\" data-element_type=\"widget\" data-widget_type=\"heading.default\">\n\t\t\t\t\t<h2 class=\"elementor-heading-title elementor-size-default\">O que \u00e9 a fome emocional?<\/h2>\t\t\t\t<\/div>\n\t\t\t\t<div class=\"elementor-element elementor-element-7e8dee4 elementor-widget elementor-widget-text-editor\" data-id=\"7e8dee4\" data-element_type=\"widget\" data-widget_type=\"text-editor.default\">\n\t\t\t\t\t\t\t\t\t<p data-start=\"837\" data-end=\"1198\">Segundo a Unidade Local de Sa\u00fade do T\u00e2mega e Sousa, a alimenta\u00e7\u00e3o n\u00e3o se limita \u00e0 satisfa\u00e7\u00e3o da fome f\u00edsica. Desde cedo aprendemos a associar alimentos a recompensas e conforto. A chamada <strong data-start=\"1025\" data-end=\"1043\">fome emocional<\/strong> surge de forma abrupta, \u00e9 urgente, exige alimentos espec\u00edficos \u2014 normalmente ricos em a\u00e7\u00facar e gordura \u2014 e persiste mesmo quando o est\u00f4mago j\u00e1 est\u00e1 cheio.<\/p><p data-start=\"1200\" data-end=\"1467\">Usar a comida para lidar com tristeza, frustra\u00e7\u00e3o ou ansiedade proporciona um al\u00edvio tempor\u00e1rio, mas muitas vezes resulta em culpa e baixa auto-estima, refor\u00e7ando o ciclo da fome emocional. Este padr\u00e3o pode dificultar a gest\u00e3o do peso e afectar o bem-estar emocional.<\/p><p data-start=\"1469\" data-end=\"1762\">Em contraste, a fome fisiol\u00f3gica desenvolve-se gradualmente, aceita diferentes tipos de alimentos e desaparece quando as necessidades energ\u00e9ticas est\u00e3o satisfeitas. Reconhecer a diferen\u00e7a entre fome f\u00edsica e fome emocional \u00e9 um primeiro passo essencial para controlar o peso de forma saud\u00e1vel.<\/p>\t\t\t\t\t\t\t\t<\/div>\n\t\t\t\t<div class=\"elementor-element elementor-element-ff897a9 elementor-widget elementor-widget-heading\" data-id=\"ff897a9\" data-element_type=\"widget\" data-widget_type=\"heading.default\">\n\t\t\t\t\t<h2 class=\"elementor-heading-title elementor-size-default\">Como a fome emocional afecta o peso<\/h2>\t\t\t\t<\/div>\n\t\t\t\t<div class=\"elementor-element elementor-element-5eba37c elementor-widget elementor-widget-text-editor\" data-id=\"5eba37c\" data-element_type=\"widget\" data-widget_type=\"text-editor.default\">\n\t\t\t\t\t\t\t\t\t<p data-start=\"1805\" data-end=\"2074\">Quando se come por impulso para aliviar emo\u00e7\u00f5es, tende-se a escolher alimentos de elevado teor cal\u00f3rico e baixo valor nutritivo. Como consequ\u00eancia, ocorre um aumento de peso e sentimentos de culpa ou desvaloriza\u00e7\u00e3o pessoal, que acabam por refor\u00e7ar a <strong data-start=\"2055\" data-end=\"2073\">fome emocional<\/strong>.<\/p><p data-start=\"2076\" data-end=\"2472\">Este comportamento foi particularmente intensificado durante per\u00edodos de maior stress, como aconteceu na pandemia, quando o isolamento social e a ansiedade levaram muitas pessoas a recorrer \u00e0 comida como fonte de conforto. Uma pergunta frequente \u00e9: porque n\u00e3o consigo parar de comer quando estou nervoso? A resposta est\u00e1 na liga\u00e7\u00e3o entre emo\u00e7\u00f5es e h\u00e1bitos alimentares aprendidos ao longo da vida.<\/p>\t\t\t\t\t\t\t\t<\/div>\n\t\t\t\t<div class=\"elementor-element elementor-element-df3458b elementor-widget elementor-widget-image\" data-id=\"df3458b\" data-element_type=\"widget\" data-widget_type=\"image.default\">\n\t\t\t\t\t\t\t\t\t\t\t\t\t\t\t<img fetchpriority=\"high\" decoding=\"async\" width=\"800\" height=\"448\" src=\"https:\/\/www.mediconanet.pt\/wp-content\/uploads\/2026\/02\/fome-emocional-e-o-peso-consulta-online-1024x573.jpg\" class=\"attachment-large size-large wp-image-54603\" alt=\"Consulta m\u00e9dica online para apoio na gest\u00e3o da fome emocional\" srcset=\"https:\/\/www.mediconanet.pt\/wp-content\/uploads\/2026\/02\/fome-emocional-e-o-peso-consulta-online-1024x573.jpg 1024w, https:\/\/www.mediconanet.pt\/wp-content\/uploads\/2026\/02\/fome-emocional-e-o-peso-consulta-online-300x168.jpg 300w, https:\/\/www.mediconanet.pt\/wp-content\/uploads\/2026\/02\/fome-emocional-e-o-peso-consulta-online-768x430.jpg 768w, https:\/\/www.mediconanet.pt\/wp-content\/uploads\/2026\/02\/fome-emocional-e-o-peso-consulta-online-1536x860.jpg 1536w, https:\/\/www.mediconanet.pt\/wp-content\/uploads\/2026\/02\/fome-emocional-e-o-peso-consulta-online-18x10.jpg 18w, https:\/\/www.mediconanet.pt\/wp-content\/uploads\/2026\/02\/fome-emocional-e-o-peso-consulta-online-600x336.jpg 600w, https:\/\/www.mediconanet.pt\/wp-content\/uploads\/2026\/02\/fome-emocional-e-o-peso-consulta-online.jpg 1600w\" sizes=\"(max-width: 800px) 100vw, 800px\" \/>\t\t\t\t\t\t\t\t\t\t\t\t\t\t\t<\/div>\n\t\t\t\t<div class=\"elementor-element elementor-element-95103de elementor-widget elementor-widget-heading\" data-id=\"95103de\" data-element_type=\"widget\" data-widget_type=\"heading.default\">\n\t\t\t\t\t<h2 class=\"elementor-heading-title elementor-size-default\">Estrat\u00e9gias para quebrar o ciclo da fome emocional<\/h2>\t\t\t\t<\/div>\n\t\t\t\t<div class=\"elementor-element elementor-element-803d8a9 elementor-widget elementor-widget-text-editor\" data-id=\"803d8a9\" data-element_type=\"widget\" data-widget_type=\"text-editor.default\">\n\t\t\t\t\t\t\t\t\t<p>A boa not\u00edcia \u00e9 que \u00e9 poss\u00edvel aprender a gerir a <strong data-start=\"2580\" data-end=\"2598\">fome emocional<\/strong>. Especialistas da ULS do T\u00e2mega e Sousa recomendam algumas estrat\u00e9gias pr\u00e1ticas:<\/p><ul><li><strong data-start=\"2683\" data-end=\"2711\">Identificar os gatilhos:<\/strong> registe situa\u00e7\u00f5es que despertam a vontade de comer, como stress, solid\u00e3o ou aborrecimento. Reconhecer o est\u00edmulo ajuda a interromper a resposta autom\u00e1tica.<\/li><li><strong data-start=\"2872\" data-end=\"2902\">Distinguir fome de emo\u00e7\u00e3o:<\/strong> quando sentir vontade de comer, questione se se trata de fome f\u00edsica ou de uma necessidade emocional. Aguarde alguns minutos e avalie se a sensa\u00e7\u00e3o diminui.<\/li><li><strong data-start=\"3064\" data-end=\"3086\">Expressar emo\u00e7\u00f5es:<\/strong> em vez de usar a comida para suprimir sentimentos, fale com algu\u00e9m, escreva num di\u00e1rio ou procure actividades que permitam libertar emo\u00e7\u00f5es.<\/li><li><strong data-start=\"3232\" data-end=\"3267\">Adoptar alternativas saud\u00e1veis:<\/strong> pr\u00e1ticas como relaxamento, medita\u00e7\u00e3o, ioga, caminhadas ao ar livre, leitura ou desenho ajudam a reduzir o impulso de comer por emo\u00e7\u00e3o.<\/li><li><strong data-start=\"3407\" data-end=\"3443\">Evitar dietas muito restritivas:<\/strong> planos alimentares r\u00edgidos aumentam o risco de compuls\u00e3o e agravam a fome emocional.<br \/><strong data-start=\"3533\" data-end=\"3557\">Dormir o suficiente:<\/strong> a priva\u00e7\u00e3o de sono est\u00e1 associada a maior vulnerabilidade \u00e0 fome emocional e ao aumento de peso.<\/li><\/ul><p>Em alguns casos, o apoio de um psic\u00f3logo \u00e9 fundamental para explorar os sentimentos subjacentes, desenvolver estrat\u00e9gias de coping e fortalecer a auto-estima. Se a fome emocional estiver fora de controlo e afectar a sa\u00fade f\u00edsica ou mental, procurar ajuda profissional \u00e9 uma decis\u00e3o sensata.<\/p>\t\t\t\t\t\t\t\t<\/div>\n\t\t\t\t\t<\/div>\n\t\t\t\t<\/div>\n\t\t<div class=\"elementor-element elementor-element-0ec6c1d e-con-full e-flex e-con e-parent\" data-id=\"0ec6c1d\" data-element_type=\"container\">\n\t\t<div class=\"elementor-element elementor-element-678acf5 e-con-full e-flex e-con e-child\" data-id=\"678acf5\" data-element_type=\"container\">\n\t\t<div class=\"elementor-element elementor-element-0c44b06 e-con-full e-flex e-con e-child\" data-id=\"0c44b06\" data-element_type=\"container\">\n\t\t\t\t<div class=\"elementor-element elementor-element-7a3275a elementor-widget elementor-widget-heading\" data-id=\"7a3275a\" data-element_type=\"widget\" data-widget_type=\"heading.default\">\n\t\t\t\t\t<h2 class=\"elementor-heading-title elementor-size-default\">Perguntas frequentes (FAQ)<\/h2>\t\t\t\t<\/div>\n\t\t\t\t<div class=\"elementor-element elementor-element-065c32b elementor-widget elementor-widget-n-accordion\" data-id=\"065c32b\" data-element_type=\"widget\" data-settings=\"{&quot;default_state&quot;:&quot;all_collapsed&quot;,&quot;max_items_expended&quot;:&quot;one&quot;,&quot;n_accordion_animation_duration&quot;:{&quot;unit&quot;:&quot;ms&quot;,&quot;size&quot;:400,&quot;sizes&quot;:[]}}\" data-widget_type=\"nested-accordion.default\">\n\t\t\t\t\t\t\t<div class=\"e-n-accordion\" aria-label=\"Accordion. Open links with Enter or Space, close with Escape, and navigate with Arrow Keys\">\n\t\t\t\t\t\t<details id=\"e-n-accordion-item-6660\" class=\"e-n-accordion-item\" >\n\t\t\t\t<summary class=\"e-n-accordion-item-title\" data-accordion-index=\"1\" tabindex=\"0\" aria-expanded=\"false\" aria-controls=\"e-n-accordion-item-6660\" >\n\t\t\t\t\t<span class='e-n-accordion-item-title-header'><div class=\"e-n-accordion-item-title-text\"> \u00c9 normal comer mais quando estou triste? <\/div><\/span>\n\t\t\t\t\t\t\t<span class='e-n-accordion-item-title-icon'>\n\t\t\t<span class='e-opened' ><svg aria-hidden=\"true\" class=\"e-font-icon-svg e-fas-minus\" viewBox=\"0 0 448 512\" xmlns=\"http:\/\/www.w3.org\/2000\/svg\"><path d=\"M416 208H32c-17.67 0-32 14.33-32 32v32c0 17.67 14.33 32 32 32h384c17.67 0 32-14.33 32-32v-32c0-17.67-14.33-32-32-32z\"><\/path><\/svg><\/span>\n\t\t\t<span class='e-closed'><svg aria-hidden=\"true\" class=\"e-font-icon-svg e-fas-plus\" viewBox=\"0 0 448 512\" xmlns=\"http:\/\/www.w3.org\/2000\/svg\"><path d=\"M416 208H272V64c0-17.67-14.33-32-32-32h-32c-17.67 0-32 14.33-32 32v144H32c-17.67 0-32 14.33-32 32v32c0 17.67 14.33 32 32 32h144v144c0 17.67 14.33 32 32 32h32c17.67 0 32-14.33 32-32V304h144c17.67 0 32-14.33 32-32v-32c0-17.67-14.33-32-32-32z\"><\/path><\/svg><\/span>\n\t\t<\/span>\n\n\t\t\t\t\t\t<\/summary>\n\t\t\t\t<div role=\"region\" aria-labelledby=\"e-n-accordion-item-6660\" class=\"elementor-element elementor-element-e8bc653 e-con-full e-flex e-con e-child\" data-id=\"e8bc653\" data-element_type=\"container\">\n\t\t<div role=\"region\" aria-labelledby=\"e-n-accordion-item-6660\" class=\"elementor-element elementor-element-9cf5026 e-flex e-con-boxed e-con e-child\" data-id=\"9cf5026\" data-element_type=\"container\">\n\t\t\t\t\t<div class=\"e-con-inner\">\n\t\t\t\t<div class=\"elementor-element elementor-element-9ac8adc elementor-widget elementor-widget-text-editor\" data-id=\"9ac8adc\" data-element_type=\"widget\" data-widget_type=\"text-editor.default\">\n\t\t\t\t\t\t\t\t\t<p>Comer em resposta \u00e0s emo\u00e7\u00f5es \u00e9 um comportamento aprendido e relativamente comum. Torna-se problem\u00e1tico quando \u00e9 a principal forma de lidar com sentimentos e leva ao aumento de peso. Desenvolver outras estrat\u00e9gias de autocuidado \u00e9 essencial.<\/p>\t\t\t\t\t\t\t\t<\/div>\n\t\t\t\t\t<\/div>\n\t\t\t\t<\/div>\n\t\t\t\t<\/div>\n\t\t\t\t\t<\/details>\n\t\t\t\t\t\t<details id=\"e-n-accordion-item-6661\" class=\"e-n-accordion-item\" >\n\t\t\t\t<summary class=\"e-n-accordion-item-title\" data-accordion-index=\"2\" tabindex=\"-1\" aria-expanded=\"false\" aria-controls=\"e-n-accordion-item-6661\" >\n\t\t\t\t\t<span class='e-n-accordion-item-title-header'><div class=\"e-n-accordion-item-title-text\"> Os doces viciam? <\/div><\/span>\n\t\t\t\t\t\t\t<span class='e-n-accordion-item-title-icon'>\n\t\t\t<span class='e-opened' ><svg aria-hidden=\"true\" class=\"e-font-icon-svg e-fas-minus\" viewBox=\"0 0 448 512\" xmlns=\"http:\/\/www.w3.org\/2000\/svg\"><path d=\"M416 208H32c-17.67 0-32 14.33-32 32v32c0 17.67 14.33 32 32 32h384c17.67 0 32-14.33 32-32v-32c0-17.67-14.33-32-32-32z\"><\/path><\/svg><\/span>\n\t\t\t<span class='e-closed'><svg aria-hidden=\"true\" class=\"e-font-icon-svg e-fas-plus\" viewBox=\"0 0 448 512\" xmlns=\"http:\/\/www.w3.org\/2000\/svg\"><path d=\"M416 208H272V64c0-17.67-14.33-32-32-32h-32c-17.67 0-32 14.33-32 32v144H32c-17.67 0-32 14.33-32 32v32c0 17.67 14.33 32 32 32h144v144c0 17.67 14.33 32 32 32h32c17.67 0 32-14.33 32-32V304h144c17.67 0 32-14.33 32-32v-32c0-17.67-14.33-32-32-32z\"><\/path><\/svg><\/span>\n\t\t<\/span>\n\n\t\t\t\t\t\t<\/summary>\n\t\t\t\t<div role=\"region\" aria-labelledby=\"e-n-accordion-item-6661\" class=\"elementor-element elementor-element-5f7010b e-con-full e-flex e-con e-child\" data-id=\"5f7010b\" data-element_type=\"container\">\n\t\t<div role=\"region\" aria-labelledby=\"e-n-accordion-item-6661\" class=\"elementor-element elementor-element-ae1b33d e-flex e-con-boxed e-con e-child\" data-id=\"ae1b33d\" data-element_type=\"container\">\n\t\t\t\t\t<div class=\"e-con-inner\">\n\t\t\t\t<div class=\"elementor-element elementor-element-ea259b7 elementor-widget elementor-widget-text-editor\" data-id=\"ea259b7\" data-element_type=\"widget\" data-widget_type=\"text-editor.default\">\n\t\t\t\t\t\t\t\t\t<p>Alimentos ricos em a\u00e7\u00facar e gordura activam os centros de recompensa do c\u00e9rebro, tornando-se mais apelativos em situa\u00e7\u00f5es de stress. N\u00e3o s\u00e3o viciantes no sentido cl\u00ednico, mas podem originar h\u00e1bitos dif\u00edceis de quebrar, sobretudo em contextos de fome emocional.<\/p>\t\t\t\t\t\t\t\t<\/div>\n\t\t\t\t\t<\/div>\n\t\t\t\t<\/div>\n\t\t\t\t<\/div>\n\t\t\t\t\t<\/details>\n\t\t\t\t\t\t<details id=\"e-n-accordion-item-6662\" class=\"e-n-accordion-item\" >\n\t\t\t\t<summary class=\"e-n-accordion-item-title\" data-accordion-index=\"3\" tabindex=\"-1\" aria-expanded=\"false\" aria-controls=\"e-n-accordion-item-6662\" >\n\t\t\t\t\t<span class='e-n-accordion-item-title-header'><div class=\"e-n-accordion-item-title-text\"> Como evitar ataques de gula \u00e0 noite? <\/div><\/span>\n\t\t\t\t\t\t\t<span class='e-n-accordion-item-title-icon'>\n\t\t\t<span class='e-opened' ><svg aria-hidden=\"true\" class=\"e-font-icon-svg e-fas-minus\" viewBox=\"0 0 448 512\" xmlns=\"http:\/\/www.w3.org\/2000\/svg\"><path d=\"M416 208H32c-17.67 0-32 14.33-32 32v32c0 17.67 14.33 32 32 32h384c17.67 0 32-14.33 32-32v-32c0-17.67-14.33-32-32-32z\"><\/path><\/svg><\/span>\n\t\t\t<span class='e-closed'><svg aria-hidden=\"true\" class=\"e-font-icon-svg e-fas-plus\" viewBox=\"0 0 448 512\" xmlns=\"http:\/\/www.w3.org\/2000\/svg\"><path d=\"M416 208H272V64c0-17.67-14.33-32-32-32h-32c-17.67 0-32 14.33-32 32v144H32c-17.67 0-32 14.33-32 32v32c0 17.67 14.33 32 32 32h144v144c0 17.67 14.33 32 32 32h32c17.67 0 32-14.33 32-32V304h144c17.67 0 32-14.33 32-32v-32c0-17.67-14.33-32-32-32z\"><\/path><\/svg><\/span>\n\t\t<\/span>\n\n\t\t\t\t\t\t<\/summary>\n\t\t\t\t<div role=\"region\" aria-labelledby=\"e-n-accordion-item-6662\" class=\"elementor-element elementor-element-a0eb8cb e-con-full e-flex e-con e-child\" data-id=\"a0eb8cb\" data-element_type=\"container\">\n\t\t<div role=\"region\" aria-labelledby=\"e-n-accordion-item-6662\" class=\"elementor-element elementor-element-c79a1fd e-flex e-con-boxed e-con e-child\" data-id=\"c79a1fd\" data-element_type=\"container\">\n\t\t\t\t\t<div class=\"e-con-inner\">\n\t\t\t\t<div class=\"elementor-element elementor-element-6a26107 elementor-widget elementor-widget-text-editor\" data-id=\"6a26107\" data-element_type=\"widget\" data-widget_type=\"text-editor.default\">\n\t\t\t\t\t\t\t\t\t<p>Planeie snacks saud\u00e1veis, mantenha-se hidratado e crie rotinas relaxantes antes de dormir. Ter fruta, iogurte natural ou frutos secos dispon\u00edveis ajuda a evitar escolhas mais cal\u00f3ricas.<\/p>\t\t\t\t\t\t\t\t<\/div>\n\t\t\t\t\t<\/div>\n\t\t\t\t<\/div>\n\t\t\t\t<\/div>\n\t\t\t\t\t<\/details>\n\t\t\t\t\t\t<details id=\"e-n-accordion-item-6663\" class=\"e-n-accordion-item\" >\n\t\t\t\t<summary class=\"e-n-accordion-item-title\" data-accordion-index=\"4\" tabindex=\"-1\" aria-expanded=\"false\" aria-controls=\"e-n-accordion-item-6663\" >\n\t\t\t\t\t<span class='e-n-accordion-item-title-header'><div class=\"e-n-accordion-item-title-text\"> O exerc\u00edcio ajuda a controlar a fome emocional? <\/div><\/span>\n\t\t\t\t\t\t\t<span class='e-n-accordion-item-title-icon'>\n\t\t\t<span class='e-opened' ><svg aria-hidden=\"true\" class=\"e-font-icon-svg e-fas-minus\" viewBox=\"0 0 448 512\" xmlns=\"http:\/\/www.w3.org\/2000\/svg\"><path d=\"M416 208H32c-17.67 0-32 14.33-32 32v32c0 17.67 14.33 32 32 32h384c17.67 0 32-14.33 32-32v-32c0-17.67-14.33-32-32-32z\"><\/path><\/svg><\/span>\n\t\t\t<span class='e-closed'><svg aria-hidden=\"true\" class=\"e-font-icon-svg e-fas-plus\" viewBox=\"0 0 448 512\" xmlns=\"http:\/\/www.w3.org\/2000\/svg\"><path d=\"M416 208H272V64c0-17.67-14.33-32-32-32h-32c-17.67 0-32 14.33-32 32v144H32c-17.67 0-32 14.33-32 32v32c0 17.67 14.33 32 32 32h144v144c0 17.67 14.33 32 32 32h32c17.67 0 32-14.33 32-32V304h144c17.67 0 32-14.33 32-32v-32c0-17.67-14.33-32-32-32z\"><\/path><\/svg><\/span>\n\t\t<\/span>\n\n\t\t\t\t\t\t<\/summary>\n\t\t\t\t<div role=\"region\" aria-labelledby=\"e-n-accordion-item-6663\" class=\"elementor-element elementor-element-ada5f80 e-con-full e-flex e-con e-child\" data-id=\"ada5f80\" data-element_type=\"container\">\n\t\t<div role=\"region\" aria-labelledby=\"e-n-accordion-item-6663\" class=\"elementor-element elementor-element-96652da e-flex e-con-boxed e-con e-child\" data-id=\"96652da\" data-element_type=\"container\">\n\t\t\t\t\t<div class=\"e-con-inner\">\n\t\t\t\t<div class=\"elementor-element elementor-element-8640432 elementor-widget elementor-widget-text-editor\" data-id=\"8640432\" data-element_type=\"widget\" data-widget_type=\"text-editor.default\">\n\t\t\t\t\t\t\t\t\t<p>Sim. A actividade f\u00edsica liberta endorfinas, reduz o stress e diminui o impulso de comer motivado por emo\u00e7\u00f5es. Escolher uma actividade de que goste aumenta a probabilidade de manter o h\u00e1bito.<\/p>\t\t\t\t\t\t\t\t<\/div>\n\t\t\t\t\t<\/div>\n\t\t\t\t<\/div>\n\t\t\t\t<\/div>\n\t\t\t\t\t<\/details>\n\t\t\t\t\t\t<details id=\"e-n-accordion-item-6664\" class=\"e-n-accordion-item\" >\n\t\t\t\t<summary class=\"e-n-accordion-item-title\" data-accordion-index=\"5\" tabindex=\"-1\" aria-expanded=\"false\" aria-controls=\"e-n-accordion-item-6664\" >\n\t\t\t\t\t<span class='e-n-accordion-item-title-header'><div class=\"e-n-accordion-item-title-text\"> A fome emocional desaparece sozinha com o tempo? <\/div><\/span>\n\t\t\t\t\t\t\t<span class='e-n-accordion-item-title-icon'>\n\t\t\t<span class='e-opened' ><svg aria-hidden=\"true\" class=\"e-font-icon-svg e-fas-minus\" viewBox=\"0 0 448 512\" xmlns=\"http:\/\/www.w3.org\/2000\/svg\"><path d=\"M416 208H32c-17.67 0-32 14.33-32 32v32c0 17.67 14.33 32 32 32h384c17.67 0 32-14.33 32-32v-32c0-17.67-14.33-32-32-32z\"><\/path><\/svg><\/span>\n\t\t\t<span class='e-closed'><svg aria-hidden=\"true\" class=\"e-font-icon-svg e-fas-plus\" viewBox=\"0 0 448 512\" xmlns=\"http:\/\/www.w3.org\/2000\/svg\"><path d=\"M416 208H272V64c0-17.67-14.33-32-32-32h-32c-17.67 0-32 14.33-32 32v144H32c-17.67 0-32 14.33-32 32v32c0 17.67 14.33 32 32 32h144v144c0 17.67 14.33 32 32 32h32c17.67 0 32-14.33 32-32V304h144c17.67 0 32-14.33 32-32v-32c0-17.67-14.33-32-32-32z\"><\/path><\/svg><\/span>\n\t\t<\/span>\n\n\t\t\t\t\t\t<\/summary>\n\t\t\t\t<div role=\"region\" aria-labelledby=\"e-n-accordion-item-6664\" class=\"elementor-element elementor-element-86815d2 e-con-full e-flex e-con e-child\" data-id=\"86815d2\" data-element_type=\"container\">\n\t\t<div role=\"region\" aria-labelledby=\"e-n-accordion-item-6664\" class=\"elementor-element elementor-element-c8f17ea e-flex e-con-boxed e-con e-child\" data-id=\"c8f17ea\" data-element_type=\"container\">\n\t\t\t\t\t<div class=\"e-con-inner\">\n\t\t\t\t<div class=\"elementor-element elementor-element-a177ecb elementor-widget elementor-widget-text-editor\" data-id=\"a177ecb\" data-element_type=\"widget\" data-widget_type=\"text-editor.default\">\n\t\t\t\t\t\t\t\t\t<p>A <strong data-start=\"199\" data-end=\"217\">fome emocional<\/strong> pode diminuir quando as fontes de stress s\u00e3o reduzidas, mas raramente desaparece sem algum grau de consci\u00eancia e mudan\u00e7a de comportamento. Identificar emo\u00e7\u00f5es, desenvolver estrat\u00e9gias alternativas e refor\u00e7ar o autocuidado s\u00e3o passos essenciais para aprender a gerir a fome emocional a longo prazo e evitar impacto negativo no peso e na sa\u00fade mental.<\/p>\t\t\t\t\t\t\t\t<\/div>\n\t\t\t\t\t<\/div>\n\t\t\t\t<\/div>\n\t\t\t\t<\/div>\n\t\t\t\t\t<\/details>\n\t\t\t\t\t<\/div>\n\t\t\t\t\t<script type=\"application\/ld+json\">{\"@context\":\"https:\\\/\\\/schema.org\",\"@type\":\"FAQPage\",\"mainEntity\":[{\"@type\":\"Question\",\"name\":\"\\u00c9 normal comer mais quando estou triste?\",\"acceptedAnswer\":{\"@type\":\"Answer\",\"text\":\"Comer em resposta \\u00e0s emo\\u00e7\\u00f5es \\u00e9 um comportamento aprendido e relativamente comum. Torna-se problem\\u00e1tico quando \\u00e9 a principal forma de lidar com sentimentos e leva ao aumento de peso. Desenvolver outras estrat\\u00e9gias de autocuidado \\u00e9 essencial.\"}},{\"@type\":\"Question\",\"name\":\"Os doces viciam?\",\"acceptedAnswer\":{\"@type\":\"Answer\",\"text\":\"Alimentos ricos em a\\u00e7\\u00facar e gordura activam os centros de recompensa do c\\u00e9rebro, tornando-se mais apelativos em situa\\u00e7\\u00f5es de stress. N\\u00e3o s\\u00e3o viciantes no sentido cl\\u00ednico, mas podem originar h\\u00e1bitos dif\\u00edceis de quebrar, sobretudo em contextos de fome emocional.\"}},{\"@type\":\"Question\",\"name\":\"Como evitar ataques de gula \\u00e0 noite?\",\"acceptedAnswer\":{\"@type\":\"Answer\",\"text\":\"Planeie snacks saud\\u00e1veis, mantenha-se hidratado e crie rotinas relaxantes antes de dormir. Ter fruta, iogurte natural ou frutos secos dispon\\u00edveis ajuda a evitar escolhas mais cal\\u00f3ricas.\"}},{\"@type\":\"Question\",\"name\":\"O exerc\\u00edcio ajuda a controlar a fome emocional?\",\"acceptedAnswer\":{\"@type\":\"Answer\",\"text\":\"Sim. A actividade f\\u00edsica liberta endorfinas, reduz o stress e diminui o impulso de comer motivado por emo\\u00e7\\u00f5es. Escolher uma actividade de que goste aumenta a probabilidade de manter o h\\u00e1bito.\"}},{\"@type\":\"Question\",\"name\":\"A fome emocional desaparece sozinha com o tempo?\",\"acceptedAnswer\":{\"@type\":\"Answer\",\"text\":\"A fome emocional pode diminuir quando as fontes de stress s\\u00e3o reduzidas, mas raramente desaparece sem algum grau de consci\\u00eancia e mudan\\u00e7a de comportamento. Identificar emo\\u00e7\\u00f5es, desenvolver estrat\\u00e9gias alternativas e refor\\u00e7ar o autocuidado s\\u00e3o passos essenciais para aprender a gerir a fome emocional a longo prazo e evitar impacto negativo no peso e na sa\\u00fade mental.\"}}]}<\/script>\n\t\t\t\t\t\t\t<\/div>\n\t\t\t\t<\/div>\n\t\t\t\t<\/div>\n\t\t\t\t<\/div>\n\t\t<div class=\"elementor-element elementor-element-41abe86 e-flex e-con-boxed e-con e-parent\" data-id=\"41abe86\" data-element_type=\"container\">\n\t\t\t\t\t<div class=\"e-con-inner\">\n\t\t\t\t<div class=\"elementor-element elementor-element-9735445 elementor-widget elementor-widget-heading\" data-id=\"9735445\" data-element_type=\"widget\" data-widget_type=\"heading.default\">\n\t\t\t\t\t<h2 class=\"elementor-heading-title elementor-size-default\">Conclus\u00e3o<\/h2>\t\t\t\t<\/div>\n\t\t\t\t<div class=\"elementor-element elementor-element-dc0e727 elementor-widget elementor-widget-text-editor\" data-id=\"dc0e727\" data-element_type=\"widget\" data-widget_type=\"text-editor.default\">\n\t\t\t\t\t\t\t\t\t<p>A <strong data-start=\"5042\" data-end=\"5060\">fome emocional<\/strong> faz parte da experi\u00eancia humana, mas quando se torna a principal forma de lidar com sentimentos, pode prejudicar o peso e a sa\u00fade mental. Distinguir entre fome f\u00edsica e emocional, identificar gatilhos e adoptar estrat\u00e9gias alternativas s\u00e3o passos fundamentais para quebrar este ciclo. Sempre que necess\u00e1rio, procurar apoio profissional pode fazer a diferen\u00e7a na gest\u00e3o do peso e no bem-estar emocional.<\/p><p data-start=\"4005\" data-end=\"4348\">Na\u00a0<strong data-start=\"4008\" data-end=\"4025\">M\u00e9dico na Net<\/strong>, pode agendar a\u00a0<strong><a class=\"decorated-link cursor-pointer\" href=\"https:\/\/www.mediconanet.pt\/produto\/primeira-consulta-perda-de-peso\/?utm_source=blog&amp;utm_medium=artigo&amp;utm_campaign=exercicios-em-casa\" target=\"_new\" rel=\"noopener\" data-start=\"4042\" data-end=\"4228\">Consulta M\u00e9dica Perda de Peso + Consulta Nutri\u00e7\u00e3o<\/a><\/strong>, um servi\u00e7o online onde m\u00e9dicos e nutricionistas trabalham juntos para criar um plano de emagrecimento personalizado.<\/p><p data-start=\"4350\" data-end=\"4501\">Com orienta\u00e7\u00e3o profissional, \u00e9 poss\u00edvel definir metas realistas, escolher a melhor alimenta\u00e7\u00e3o e adaptar os treinos \u00e0 condi\u00e7\u00e3o f\u00edsica de cada pessoa.<\/p>\t\t\t\t\t\t\t\t<\/div>\n\t\t\t\t<div class=\"elementor-element elementor-element-73be199 elementor-widget elementor-widget-heading\" data-id=\"73be199\" data-element_type=\"widget\" data-widget_type=\"heading.default\">\n\t\t\t\t\t<h2 class=\"elementor-heading-title elementor-size-default\">Fontes<\/h2>\t\t\t\t<\/div>\n\t\t\t\t<div class=\"elementor-element elementor-element-bcab619 elementor-widget elementor-widget-text-editor\" data-id=\"bcab619\" data-element_type=\"widget\" data-widget_type=\"text-editor.default\">\n\t\t\t\t\t\t\t\t\t<p data-start=\"5477\" data-end=\"5811\"><a href=\"https:\/\/www.ulsts.min-saude.pt\/mais-saude\/saude-mental\/fome-e-alimentacao-emocional\/\" rel=\"dofollow noopener\" target=\"_blank\">ULS do T\u00e2mega e Sousa \u2013 <em data-start=\"5501\" data-end=\"5531\">Fome e Alimenta\u00e7\u00e3o Emocional<\/em>.<\/a><br \/><a href=\"https:\/\/www.lusiadas.pt\/blog\/exercicio\/musculacao-ou-cardio-qual-melhor-para-si\" rel=\"dofollow noopener\" target=\"_blank\">Lus\u00edadas Sa\u00fade \u2013 <em data-start=\"5618\" data-end=\"5664\">Muscula\u00e7\u00e3o ou Cardio: qual o melhor para si?<\/em><\/a><br \/><a href=\"https:\/\/www.ncbi.nlm.nih.gov\/books\/NBK619591\/\" rel=\"nofollow noopener\" target=\"_blank\">Health Technology Assessment (NIHR) \u2013 \u201cBehavioural weight\u2011management interventions for the treatment of obesity\u201d<\/a><br \/><a href=\"https:\/\/scielo.pt\/pdf\/rpmgf\/v39n5\/2182-5173-rpmgf-39-05-478.pdf\" rel=\"nofollow noopener\" target=\"_blank\">Revista Portuguesa de Medicina Geral e Familiar \u2013 \u201cConsulta de modifica\u00e7\u00e3o de estilos de vida nos cuidados de sa\u00fade prim\u00e1rios\u201d<\/a><br \/><a href=\"https:\/\/www.speo-obesidade.pt\/wp-content\/uploads\/2020\/06\/Ap_Livro-SPEO_v7-.pd\" rel=\"nofollow noopener\" target=\"_blank\">Sociedade Portuguesa para o Estudo da Obesidade (SPEO) \u2013 \u201cTratamento n\u00e3o cir\u00fargico da obesidade do adulto\u201d<\/a><\/p>\t\t\t\t\t\t\t\t<\/div>\n\t\t\t\t\t<\/div>\n\t\t\t\t<\/div>\n\t\t\t\t<\/div>\n\t\t","protected":false},"excerpt":{"rendered":"<p>A rela\u00e7\u00e3o entre emo\u00e7\u00f5es e alimenta\u00e7\u00e3o \u00e9 complexa. Muitas pessoas procuram conforto na comida quando se sentem tristes, ansiosas ou aborrecidas, fen\u00f3meno conhecido como fome emocional. Este comportamento contribui para o ganho de peso e cria um ciclo vicioso de culpa e ansiedade. Neste artigo explicamos o que \u00e9 a fome emocional, como distingui-la da [&hellip;]<\/p>\n","protected":false},"author":2964,"featured_media":54598,"comment_status":"closed","ping_status":"closed","sticky":false,"template":"","format":"standard","meta":{"_jetpack_memberships_contains_paid_content":false,"footnotes":""},"categories":[111],"tags":[],"class_list":["post-54590","post","type-post","status-publish","format-standard","has-post-thumbnail","hentry","category-perda-de-peso"],"jetpack_featured_media_url":"https:\/\/www.mediconanet.pt\/wp-content\/uploads\/2026\/02\/fome-emocional-e-o-peso-como-gerir.jpg","jetpack_sharing_enabled":true,"_links":{"self":[{"href":"https:\/\/www.mediconanet.pt\/en\/wp-json\/wp\/v2\/posts\/54590","targetHints":{"allow":["GET"]}}],"collection":[{"href":"https:\/\/www.mediconanet.pt\/en\/wp-json\/wp\/v2\/posts"}],"about":[{"href":"https:\/\/www.mediconanet.pt\/en\/wp-json\/wp\/v2\/types\/post"}],"author":[{"embeddable":true,"href":"https:\/\/www.mediconanet.pt\/en\/wp-json\/wp\/v2\/users\/2964"}],"replies":[{"embeddable":true,"href":"https:\/\/www.mediconanet.pt\/en\/wp-json\/wp\/v2\/comments?post=54590"}],"version-history":[{"count":19,"href":"https:\/\/www.mediconanet.pt\/en\/wp-json\/wp\/v2\/posts\/54590\/revisions"}],"predecessor-version":[{"id":54953,"href":"https:\/\/www.mediconanet.pt\/en\/wp-json\/wp\/v2\/posts\/54590\/revisions\/54953"}],"wp:featuredmedia":[{"embeddable":true,"href":"https:\/\/www.mediconanet.pt\/en\/wp-json\/wp\/v2\/media\/54598"}],"wp:attachment":[{"href":"https:\/\/www.mediconanet.pt\/en\/wp-json\/wp\/v2\/media?parent=54590"}],"wp:term":[{"taxonomy":"category","embeddable":true,"href":"https:\/\/www.mediconanet.pt\/en\/wp-json\/wp\/v2\/categories?post=54590"},{"taxonomy":"post_tag","embeddable":true,"href":"https:\/\/www.mediconanet.pt\/en\/wp-json\/wp\/v2\/tags?post=54590"}],"curies":[{"name":"wp","href":"https:\/\/api.w.org\/{rel}","templated":true}]}}