{"id":54640,"date":"2026-02-10T11:41:51","date_gmt":"2026-02-10T11:41:51","guid":{"rendered":"https:\/\/www.mediconanet.pt\/?p=54640"},"modified":"2026-02-11T17:48:49","modified_gmt":"2026-02-11T17:48:49","slug":"regresso-ao-trabalho-apos-baixa-medica","status":"publish","type":"post","link":"https:\/\/www.mediconanet.pt\/en\/regresso-ao-trabalho-apos-baixa-medica\/","title":{"rendered":"Regresso ao trabalho ap\u00f3s baixa m\u00e9dica prolongada: direitos e adapta\u00e7\u00f5es"},"content":{"rendered":"\t\t<div data-elementor-type=\"wp-post\" data-elementor-id=\"54640\" class=\"elementor elementor-54640\" data-elementor-post-type=\"post\">\n\t\t\t\t<div class=\"elementor-element elementor-element-fe848da e-flex e-con-boxed e-con e-parent\" data-id=\"fe848da\" data-element_type=\"container\">\n\t\t\t\t\t<div class=\"e-con-inner\">\n\t\t\t\t<div class=\"elementor-element elementor-element-fc763f4 elementor-widget elementor-widget-text-editor\" data-id=\"fc763f4\" data-element_type=\"widget\" data-widget_type=\"text-editor.default\">\n\t\t\t\t\t\t\t\t\t<p>Uma baixa m\u00e9dica prolongada altera a rotina do trabalhador e da empresa. Quando a recupera\u00e7\u00e3o permite o regresso, surgem d\u00favidas sobre os procedimentos e os direitos. Este artigo explica como funciona o <strong data-start=\"658\" data-end=\"711\">regresso ao trabalho ap\u00f3s baixa m\u00e9dica prolongada<\/strong>, quais os exames necess\u00e1rios e as adapta\u00e7\u00f5es que podem ser requeridas, com base num guia do Banco Santander.<\/p>\t\t\t\t\t\t\t\t<\/div>\n\t\t\t\t<div class=\"elementor-element elementor-element-aa2eac0 elementor-widget elementor-widget-heading\" data-id=\"aa2eac0\" data-element_type=\"widget\" data-widget_type=\"heading.default\">\n\t\t\t\t\t<h2 class=\"elementor-heading-title elementor-size-default\">O que \u00e9 considerada baixa m\u00e9dica prolongada?<\/h2>\t\t\t\t<\/div>\n\t\t\t\t<div class=\"elementor-element elementor-element-66d3dfe elementor-widget elementor-widget-text-editor\" data-id=\"66d3dfe\" data-element_type=\"widget\" data-widget_type=\"text-editor.default\">\n\t\t\t\t\t\t\t\t\t<p data-start=\"872\" data-end=\"1166\">Uma aus\u00eancia por doen\u00e7a \u00e9 considerada prolongada quando ultrapassa 30 dias consecutivos. A partir deste per\u00edodo, o contrato de trabalho fica suspenso: o trabalhador deixa de prestar servi\u00e7o, n\u00e3o recebe sal\u00e1rio da empresa e, se tiver cumprido os requisitos, passa a receber o subs\u00eddio de doen\u00e7a.<\/p><p data-start=\"1168\" data-end=\"1501\">No contexto do <strong data-start=\"1183\" data-end=\"1236\">regresso ao trabalho ap\u00f3s baixa m\u00e9dica prolongada<\/strong>, surge frequentemente a quest\u00e3o: \u00e9 poss\u00edvel regressar antes do prazo definido? Sim, desde que a recupera\u00e7\u00e3o o permita. No entanto, \u00e9 obrigat\u00f3rio comunicar \u00e0 Seguran\u00e7a Social a cessa\u00e7\u00e3o da incapacidade, para evitar a devolu\u00e7\u00e3o de presta\u00e7\u00f5es indevidamente recebidas.<\/p>\t\t\t\t\t\t\t\t<\/div>\n\t\t\t\t<div class=\"elementor-element elementor-element-7ea4015 elementor-widget elementor-widget-heading\" data-id=\"7ea4015\" data-element_type=\"widget\" data-widget_type=\"heading.default\">\n\t\t\t\t\t<h2 class=\"elementor-heading-title elementor-size-default\">Regresso ao trabalho ap\u00f3s baixa m\u00e9dica: Passo a passo<\/h2>\t\t\t\t<\/div>\n\t\t\t\t<div class=\"elementor-element elementor-element-3ab26f6 elementor-widget elementor-widget-heading\" data-id=\"3ab26f6\" data-element_type=\"widget\" data-widget_type=\"heading.default\">\n\t\t\t\t\t<h3 class=\"elementor-heading-title elementor-size-default\">Comunicar o fim da baixa \u00e0 Seguran\u00e7a Social<\/h3>\t\t\t\t<\/div>\n\t\t\t\t<div class=\"elementor-element elementor-element-5883094 elementor-widget elementor-widget-text-editor\" data-id=\"5883094\" data-element_type=\"widget\" data-widget_type=\"text-editor.default\">\n\t\t\t\t\t\t\t\t\t<p>O trabalhador deve aceder \u00e0 plataforma Seguran\u00e7a Social Direta e seleccionar a op\u00e7\u00e3o \u201cGest\u00e3o de Regresso Antecipado ao Trabalho\u201d. Este procedimento interrompe automaticamente o subs\u00eddio de doen\u00e7a. Em situa\u00e7\u00f5es excepcionais, pode ser necess\u00e1rio entregar o formul\u00e1rio GIT 69\/2020 num balc\u00e3o da Seguran\u00e7a Social.<\/p>\t\t\t\t\t\t\t\t<\/div>\n\t\t\t\t<div class=\"elementor-element elementor-element-32c1f3d elementor-widget elementor-widget-heading\" data-id=\"32c1f3d\" data-element_type=\"widget\" data-widget_type=\"heading.default\">\n\t\t\t\t\t<h3 class=\"elementor-heading-title elementor-size-default\">Informar o empregador<\/h3>\t\t\t\t<\/div>\n\t\t\t\t<div class=\"elementor-element elementor-element-90bc8a8 elementor-widget elementor-widget-text-editor\" data-id=\"90bc8a8\" data-element_type=\"widget\" data-widget_type=\"text-editor.default\">\n\t\t\t\t\t\t\t\t\t<p>A empresa deve ser notificada com anteced\u00eancia, indicando a data prevista de regresso, eventuais necessidades de adapta\u00e7\u00f5es tempor\u00e1rias e anexando o documento m\u00e9dico que comprove a aptid\u00e3o. No <strong data-start=\"2124\" data-end=\"2177\">regresso ao trabalho ap\u00f3s baixa m\u00e9dica prolongada<\/strong>, qualquer meio de comunica\u00e7\u00e3o \u00e9 v\u00e1lido \u2014 email ou carta registada \u2014 desde que fique devidamente registado.<\/p>\t\t\t\t\t\t\t\t<\/div>\n\t\t\t\t<div class=\"elementor-element elementor-element-6bf2733 elementor-widget elementor-widget-heading\" data-id=\"6bf2733\" data-element_type=\"widget\" data-widget_type=\"heading.default\">\n\t\t\t\t\t<h3 class=\"elementor-heading-title elementor-size-default\">Consulta de medicina do trabalho<\/h3>\t\t\t\t<\/div>\n\t\t\t\t<div class=\"elementor-element elementor-element-91829cd elementor-widget elementor-widget-text-editor\" data-id=\"91829cd\" data-element_type=\"widget\" data-widget_type=\"text-editor.default\">\n\t\t\t\t\t\t\t\t\t<p>Sempre que a aus\u00eancia ultrapasse 30 dias, a empresa \u00e9 obrigada a agendar uma consulta de medicina do trabalho. Nesta avalia\u00e7\u00e3o \u00e9 emitida a Ficha de Aptid\u00e3o para o Trabalho (FAT), que pode indicar que o trabalhador est\u00e1 apto sem restri\u00e7\u00f5es, apto com limita\u00e7\u00f5es ou inapto para regressar \u00e0s fun\u00e7\u00f5es.<\/p>\t\t\t\t\t\t\t\t<\/div>\n\t\t\t\t<div class=\"elementor-element elementor-element-a991750 elementor-widget elementor-widget-image\" data-id=\"a991750\" data-element_type=\"widget\" data-widget_type=\"image.default\">\n\t\t\t\t\t\t\t\t\t\t\t\t\t\t\t<img fetchpriority=\"high\" decoding=\"async\" width=\"800\" height=\"448\" src=\"https:\/\/www.mediconanet.pt\/wp-content\/uploads\/2026\/02\/regresso-ao-trabalho-apos-baixa-medica-prolongada-consulta-online-1024x573.jpg\" class=\"attachment-large size-large wp-image-54659\" alt=\"Consulta m\u00e9dica online no regresso ao trabalho ap\u00f3s baixa m\u00e9dica prolongada\" srcset=\"https:\/\/www.mediconanet.pt\/wp-content\/uploads\/2026\/02\/regresso-ao-trabalho-apos-baixa-medica-prolongada-consulta-online-1024x573.jpg 1024w, https:\/\/www.mediconanet.pt\/wp-content\/uploads\/2026\/02\/regresso-ao-trabalho-apos-baixa-medica-prolongada-consulta-online-300x168.jpg 300w, https:\/\/www.mediconanet.pt\/wp-content\/uploads\/2026\/02\/regresso-ao-trabalho-apos-baixa-medica-prolongada-consulta-online-768x430.jpg 768w, https:\/\/www.mediconanet.pt\/wp-content\/uploads\/2026\/02\/regresso-ao-trabalho-apos-baixa-medica-prolongada-consulta-online-1536x860.jpg 1536w, https:\/\/www.mediconanet.pt\/wp-content\/uploads\/2026\/02\/regresso-ao-trabalho-apos-baixa-medica-prolongada-consulta-online-18x10.jpg 18w, https:\/\/www.mediconanet.pt\/wp-content\/uploads\/2026\/02\/regresso-ao-trabalho-apos-baixa-medica-prolongada-consulta-online-600x336.jpg 600w, https:\/\/www.mediconanet.pt\/wp-content\/uploads\/2026\/02\/regresso-ao-trabalho-apos-baixa-medica-prolongada-consulta-online.jpg 1600w\" sizes=\"(max-width: 800px) 100vw, 800px\" \/>\t\t\t\t\t\t\t\t\t\t\t\t\t\t\t<\/div>\n\t\t\t\t<div class=\"elementor-element elementor-element-edde0c1 elementor-widget elementor-widget-heading\" data-id=\"edde0c1\" data-element_type=\"widget\" data-widget_type=\"heading.default\">\n\t\t\t\t\t<h3 class=\"elementor-heading-title elementor-size-default\">Poss\u00edvel junta m\u00e9dica<\/h3>\t\t\t\t<\/div>\n\t\t\t\t<div class=\"elementor-element elementor-element-40ec250 elementor-widget elementor-widget-text-editor\" data-id=\"40ec250\" data-element_type=\"widget\" data-widget_type=\"text-editor.default\">\n\t\t\t\t\t\t\t\t\t<p>Se existirem d\u00favidas quanto \u00e0 continuidade da incapacidade, a Seguran\u00e7a Social pode convocar uma junta m\u00e9dica. Dependendo da decis\u00e3o, o trabalhador pode regressar ao trabalho, manter-se de baixa ou ser encaminhado para avalia\u00e7\u00e3o pela medicina do trabalho.<\/p>\t\t\t\t\t\t\t\t<\/div>\n\t\t\t\t<div class=\"elementor-element elementor-element-34e81db elementor-widget elementor-widget-heading\" data-id=\"34e81db\" data-element_type=\"widget\" data-widget_type=\"heading.default\">\n\t\t\t\t\t<h2 class=\"elementor-heading-title elementor-size-default\">Regresso ao trabalho ap\u00f3s baixa m\u00e9dica: Direitos do trabalhador<\/h2>\t\t\t\t<\/div>\n\t\t\t\t<div class=\"elementor-element elementor-element-dd8f1de elementor-widget elementor-widget-text-editor\" data-id=\"dd8f1de\" data-element_type=\"widget\" data-widget_type=\"text-editor.default\">\n\t\t\t\t\t\t\t\t\t<p>O <strong data-start=\"2951\" data-end=\"3004\">regresso ao trabalho ap\u00f3s baixa m\u00e9dica prolongada<\/strong> n\u00e3o implica perda de direitos. De acordo com o Banco Santander, o trabalhador mant\u00e9m v\u00e1rias garantias legais:<\/p>\t\t\t\t\t\t\t\t<\/div>\n\t\t\t\t<div class=\"elementor-element elementor-element-b6dad9a elementor-widget elementor-widget-heading\" data-id=\"b6dad9a\" data-element_type=\"widget\" data-widget_type=\"heading.default\">\n\t\t\t\t\t<h3 class=\"elementor-heading-title elementor-size-default\">Protec\u00e7\u00e3o contra despedimento<\/h3>\t\t\t\t<\/div>\n\t\t\t\t<div class=\"elementor-element elementor-element-ab28b30 elementor-widget elementor-widget-text-editor\" data-id=\"ab28b30\" data-element_type=\"widget\" data-widget_type=\"text-editor.default\">\n\t\t\t\t\t\t\t\t\t<p>N\u00e3o pode ser despedido por ter estado de baixa, por regressar com limita\u00e7\u00f5es ou por apresentar incapacidade parcial. Qualquer despedimento nestas circunst\u00e2ncias \u00e9 considerado nulo.<\/p>\t\t\t\t\t\t\t\t<\/div>\n\t\t\t\t<div class=\"elementor-element elementor-element-251811a elementor-widget elementor-widget-heading\" data-id=\"251811a\" data-element_type=\"widget\" data-widget_type=\"heading.default\">\n\t\t\t\t\t<h3 class=\"elementor-heading-title elementor-size-default\">Direito a f\u00e9rias<\/h3>\t\t\t\t<\/div>\n\t\t\t\t<div class=\"elementor-element elementor-element-29d92a5 elementor-widget elementor-widget-text-editor\" data-id=\"29d92a5\" data-element_type=\"widget\" data-widget_type=\"text-editor.default\">\n\t\t\t\t\t\t\t\t\t<p data-start=\"3334\" data-end=\"3750\">O impacto da baixa no direito a f\u00e9rias depende da sua dura\u00e7\u00e3o e do momento em que ocorreu.<br data-start=\"3447\" data-end=\"3450\" \/>\u2013 Baixas inferiores a 30 dias n\u00e3o afectam os 22 dias de f\u00e9rias.<br data-start=\"3513\" data-end=\"3516\" \/>\u2013 Baixas superiores a 30 dias no mesmo ano mant\u00eam o direito \u00e0s f\u00e9rias, podendo apenas alterar a forma de pagamento.<br data-start=\"3631\" data-end=\"3634\" \/>\u2013 Baixas que atravessam anos civis conferem dois dias de f\u00e9rias por cada m\u00eas trabalhado, at\u00e9 ao limite de 20 dias.<\/p><p data-start=\"3752\" data-end=\"3909\">Em alguns casos, pode ser necess\u00e1rio solicitar \u00e0 Seguran\u00e7a Social a presta\u00e7\u00e3o compensat\u00f3ria do subs\u00eddio de f\u00e9rias relativo ao per\u00edodo em que esteve de baixa.<\/p>\t\t\t\t\t\t\t\t<\/div>\n\t\t\t\t<div class=\"elementor-element elementor-element-9f70254 elementor-widget elementor-widget-heading\" data-id=\"9f70254\" data-element_type=\"widget\" data-widget_type=\"heading.default\">\n\t\t\t\t\t<h3 class=\"elementor-heading-title elementor-size-default\">Adapta\u00e7\u00e3o do posto de trabalho<\/h3>\t\t\t\t<\/div>\n\t\t\t\t<div class=\"elementor-element elementor-element-f97c264 elementor-widget elementor-widget-text-editor\" data-id=\"f97c264\" data-element_type=\"widget\" data-widget_type=\"text-editor.default\">\n\t\t\t\t\t\t\t\t\t<p>Se a Ficha de Aptid\u00e3o para o Trabalho indicar restri\u00e7\u00f5es, o empregador deve implementar as adapta\u00e7\u00f5es recomendadas de forma imediata. No <strong data-start=\"4085\" data-end=\"4138\">regresso ao trabalho ap\u00f3s baixa m\u00e9dica prolongada<\/strong>, estas adapta\u00e7\u00f5es podem incluir redu\u00e7\u00e3o tempor\u00e1ria do hor\u00e1rio, elimina\u00e7\u00e3o de tarefas fisicamente exigentes ou stressantes, teletrabalho parcial, pausas adicionais ou mudan\u00e7a tempor\u00e1ria de fun\u00e7\u00e3o.<\/p>\t\t\t\t\t\t\t\t<\/div>\n\t\t\t\t\t<\/div>\n\t\t\t\t<\/div>\n\t\t<div class=\"elementor-element elementor-element-f879cbd e-flex e-con-boxed e-con e-parent\" data-id=\"f879cbd\" data-element_type=\"container\">\n\t\t\t\t\t<div class=\"e-con-inner\">\n\t\t<div class=\"elementor-element elementor-element-b02d002 e-con-full e-flex e-con e-child\" data-id=\"b02d002\" data-element_type=\"container\">\n\t\t<div class=\"elementor-element elementor-element-47b7c5a e-con-full e-flex e-con e-child\" data-id=\"47b7c5a\" data-element_type=\"container\">\n\t\t\t\t<div class=\"elementor-element elementor-element-398363d elementor-widget elementor-widget-heading\" data-id=\"398363d\" data-element_type=\"widget\" data-widget_type=\"heading.default\">\n\t\t\t\t\t<h2 class=\"elementor-heading-title elementor-size-default\">Perguntas frequentes sobre regresso ao trabalho ap\u00f3s baixa m\u00e9dica (FAQ)<\/h2>\t\t\t\t<\/div>\n\t\t\t\t<div class=\"elementor-element elementor-element-afd4658 elementor-widget elementor-widget-n-accordion\" data-id=\"afd4658\" data-element_type=\"widget\" data-settings=\"{&quot;default_state&quot;:&quot;all_collapsed&quot;,&quot;max_items_expended&quot;:&quot;one&quot;,&quot;n_accordion_animation_duration&quot;:{&quot;unit&quot;:&quot;ms&quot;,&quot;size&quot;:400,&quot;sizes&quot;:[]}}\" data-widget_type=\"nested-accordion.default\">\n\t\t\t\t\t\t\t<div class=\"e-n-accordion\" aria-label=\"Accordion. Open links with Enter or Space, close with Escape, and navigate with Arrow Keys\">\n\t\t\t\t\t\t<details id=\"e-n-accordion-item-1840\" class=\"e-n-accordion-item\" >\n\t\t\t\t<summary class=\"e-n-accordion-item-title\" data-accordion-index=\"1\" tabindex=\"0\" aria-expanded=\"false\" aria-controls=\"e-n-accordion-item-1840\" >\n\t\t\t\t\t<span class='e-n-accordion-item-title-header'><div class=\"e-n-accordion-item-title-text\"> Preciso de exame m\u00e9dico para regressar ao trabalho? <\/div><\/span>\n\t\t\t\t\t\t\t<span class='e-n-accordion-item-title-icon'>\n\t\t\t<span class='e-opened' ><svg aria-hidden=\"true\" class=\"e-font-icon-svg e-fas-minus\" viewBox=\"0 0 448 512\" xmlns=\"http:\/\/www.w3.org\/2000\/svg\"><path d=\"M416 208H32c-17.67 0-32 14.33-32 32v32c0 17.67 14.33 32 32 32h384c17.67 0 32-14.33 32-32v-32c0-17.67-14.33-32-32-32z\"><\/path><\/svg><\/span>\n\t\t\t<span class='e-closed'><svg aria-hidden=\"true\" class=\"e-font-icon-svg e-fas-plus\" viewBox=\"0 0 448 512\" xmlns=\"http:\/\/www.w3.org\/2000\/svg\"><path d=\"M416 208H272V64c0-17.67-14.33-32-32-32h-32c-17.67 0-32 14.33-32 32v144H32c-17.67 0-32 14.33-32 32v32c0 17.67 14.33 32 32 32h144v144c0 17.67 14.33 32 32 32h32c17.67 0 32-14.33 32-32V304h144c17.67 0 32-14.33 32-32v-32c0-17.67-14.33-32-32-32z\"><\/path><\/svg><\/span>\n\t\t<\/span>\n\n\t\t\t\t\t\t<\/summary>\n\t\t\t\t<div role=\"region\" aria-labelledby=\"e-n-accordion-item-1840\" class=\"elementor-element elementor-element-c01a027 e-con-full e-flex e-con e-child\" data-id=\"c01a027\" data-element_type=\"container\">\n\t\t<div role=\"region\" aria-labelledby=\"e-n-accordion-item-1840\" class=\"elementor-element elementor-element-d346357 e-flex e-con-boxed e-con e-child\" data-id=\"d346357\" data-element_type=\"container\">\n\t\t\t\t\t<div class=\"e-con-inner\">\n\t\t\t\t<div class=\"elementor-element elementor-element-96cb630 elementor-widget elementor-widget-text-editor\" data-id=\"96cb630\" data-element_type=\"widget\" data-widget_type=\"text-editor.default\">\n\t\t\t\t\t\t\t\t\t<p>Regra geral, sim. Sempre que a baixa ultrapasse 30 dias, a empresa deve marcar uma consulta de medicina do trabalho antes do regresso.<\/p>\t\t\t\t\t\t\t\t<\/div>\n\t\t\t\t\t<\/div>\n\t\t\t\t<\/div>\n\t\t\t\t<\/div>\n\t\t\t\t\t<\/details>\n\t\t\t\t\t\t<details id=\"e-n-accordion-item-1841\" class=\"e-n-accordion-item\" >\n\t\t\t\t<summary class=\"e-n-accordion-item-title\" data-accordion-index=\"2\" tabindex=\"-1\" aria-expanded=\"false\" aria-controls=\"e-n-accordion-item-1841\" >\n\t\t\t\t\t<span class='e-n-accordion-item-title-header'><div class=\"e-n-accordion-item-title-text\"> Posso ser despedido durante ou ap\u00f3s a baixa m\u00e9dica? <\/div><\/span>\n\t\t\t\t\t\t\t<span class='e-n-accordion-item-title-icon'>\n\t\t\t<span class='e-opened' ><svg aria-hidden=\"true\" class=\"e-font-icon-svg e-fas-minus\" viewBox=\"0 0 448 512\" xmlns=\"http:\/\/www.w3.org\/2000\/svg\"><path d=\"M416 208H32c-17.67 0-32 14.33-32 32v32c0 17.67 14.33 32 32 32h384c17.67 0 32-14.33 32-32v-32c0-17.67-14.33-32-32-32z\"><\/path><\/svg><\/span>\n\t\t\t<span class='e-closed'><svg aria-hidden=\"true\" class=\"e-font-icon-svg e-fas-plus\" viewBox=\"0 0 448 512\" xmlns=\"http:\/\/www.w3.org\/2000\/svg\"><path d=\"M416 208H272V64c0-17.67-14.33-32-32-32h-32c-17.67 0-32 14.33-32 32v144H32c-17.67 0-32 14.33-32 32v32c0 17.67 14.33 32 32 32h144v144c0 17.67 14.33 32 32 32h32c17.67 0 32-14.33 32-32V304h144c17.67 0 32-14.33 32-32v-32c0-17.67-14.33-32-32-32z\"><\/path><\/svg><\/span>\n\t\t<\/span>\n\n\t\t\t\t\t\t<\/summary>\n\t\t\t\t<div role=\"region\" aria-labelledby=\"e-n-accordion-item-1841\" class=\"elementor-element elementor-element-23ef334 e-con-full e-flex e-con e-child\" data-id=\"23ef334\" data-element_type=\"container\">\n\t\t<div role=\"region\" aria-labelledby=\"e-n-accordion-item-1841\" class=\"elementor-element elementor-element-0f8e62e e-flex e-con-boxed e-con e-child\" data-id=\"0f8e62e\" data-element_type=\"container\">\n\t\t\t\t\t<div class=\"e-con-inner\">\n\t\t\t\t<div class=\"elementor-element elementor-element-ae0e057 elementor-widget elementor-widget-text-editor\" data-id=\"ae0e057\" data-element_type=\"widget\" data-widget_type=\"text-editor.default\">\n\t\t\t\t\t\t\t\t\t<p>A lei pro\u00edbe o despedimento por motivo de baixa m\u00e9dica ou por regresso com limita\u00e7\u00f5es. Qualquer despedimento nestas condi\u00e7\u00f5es pode ser anulado judicialmente.<\/p>\t\t\t\t\t\t\t\t<\/div>\n\t\t\t\t\t<\/div>\n\t\t\t\t<\/div>\n\t\t\t\t<\/div>\n\t\t\t\t\t<\/details>\n\t\t\t\t\t\t<details id=\"e-n-accordion-item-1842\" class=\"e-n-accordion-item\" >\n\t\t\t\t<summary class=\"e-n-accordion-item-title\" data-accordion-index=\"3\" tabindex=\"-1\" aria-expanded=\"false\" aria-controls=\"e-n-accordion-item-1842\" >\n\t\t\t\t\t<span class='e-n-accordion-item-title-header'><div class=\"e-n-accordion-item-title-text\"> Tenho direito a f\u00e9rias completas depois de uma baixa longa? <\/div><\/span>\n\t\t\t\t\t\t\t<span class='e-n-accordion-item-title-icon'>\n\t\t\t<span class='e-opened' ><svg aria-hidden=\"true\" class=\"e-font-icon-svg e-fas-minus\" viewBox=\"0 0 448 512\" xmlns=\"http:\/\/www.w3.org\/2000\/svg\"><path d=\"M416 208H32c-17.67 0-32 14.33-32 32v32c0 17.67 14.33 32 32 32h384c17.67 0 32-14.33 32-32v-32c0-17.67-14.33-32-32-32z\"><\/path><\/svg><\/span>\n\t\t\t<span class='e-closed'><svg aria-hidden=\"true\" class=\"e-font-icon-svg e-fas-plus\" viewBox=\"0 0 448 512\" xmlns=\"http:\/\/www.w3.org\/2000\/svg\"><path d=\"M416 208H272V64c0-17.67-14.33-32-32-32h-32c-17.67 0-32 14.33-32 32v144H32c-17.67 0-32 14.33-32 32v32c0 17.67 14.33 32 32 32h144v144c0 17.67 14.33 32 32 32h32c17.67 0 32-14.33 32-32V304h144c17.67 0 32-14.33 32-32v-32c0-17.67-14.33-32-32-32z\"><\/path><\/svg><\/span>\n\t\t<\/span>\n\n\t\t\t\t\t\t<\/summary>\n\t\t\t\t<div role=\"region\" aria-labelledby=\"e-n-accordion-item-1842\" class=\"elementor-element elementor-element-5ecccd8 e-con-full e-flex e-con e-child\" data-id=\"5ecccd8\" data-element_type=\"container\">\n\t\t<div role=\"region\" aria-labelledby=\"e-n-accordion-item-1842\" class=\"elementor-element elementor-element-d00d199 e-flex e-con-boxed e-con e-child\" data-id=\"d00d199\" data-element_type=\"container\">\n\t\t\t\t\t<div class=\"e-con-inner\">\n\t\t\t\t<div class=\"elementor-element elementor-element-2be4672 elementor-widget elementor-widget-text-editor\" data-id=\"2be4672\" data-element_type=\"widget\" data-widget_type=\"text-editor.default\">\n\t\t\t\t\t\t\t\t\t<p>Baixas superiores a 30 dias podem alterar a forma de c\u00e1lculo ou pagamento das f\u00e9rias. Em caso de d\u00favida, deve informar-se junto dos recursos humanos ou procurar aconselhamento jur\u00eddico.<\/p>\t\t\t\t\t\t\t\t<\/div>\n\t\t\t\t\t<\/div>\n\t\t\t\t<\/div>\n\t\t\t\t<\/div>\n\t\t\t\t\t<\/details>\n\t\t\t\t\t\t<details id=\"e-n-accordion-item-1843\" class=\"e-n-accordion-item\" >\n\t\t\t\t<summary class=\"e-n-accordion-item-title\" data-accordion-index=\"4\" tabindex=\"-1\" aria-expanded=\"false\" aria-controls=\"e-n-accordion-item-1843\" >\n\t\t\t\t\t<span class='e-n-accordion-item-title-header'><div class=\"e-n-accordion-item-title-text\"> O que acontece se regressar sem avisar a Seguran\u00e7a Social? <\/div><\/span>\n\t\t\t\t\t\t\t<span class='e-n-accordion-item-title-icon'>\n\t\t\t<span class='e-opened' ><svg aria-hidden=\"true\" class=\"e-font-icon-svg e-fas-minus\" viewBox=\"0 0 448 512\" xmlns=\"http:\/\/www.w3.org\/2000\/svg\"><path d=\"M416 208H32c-17.67 0-32 14.33-32 32v32c0 17.67 14.33 32 32 32h384c17.67 0 32-14.33 32-32v-32c0-17.67-14.33-32-32-32z\"><\/path><\/svg><\/span>\n\t\t\t<span class='e-closed'><svg aria-hidden=\"true\" class=\"e-font-icon-svg e-fas-plus\" viewBox=\"0 0 448 512\" xmlns=\"http:\/\/www.w3.org\/2000\/svg\"><path d=\"M416 208H272V64c0-17.67-14.33-32-32-32h-32c-17.67 0-32 14.33-32 32v144H32c-17.67 0-32 14.33-32 32v32c0 17.67 14.33 32 32 32h144v144c0 17.67 14.33 32 32 32h32c17.67 0 32-14.33 32-32V304h144c17.67 0 32-14.33 32-32v-32c0-17.67-14.33-32-32-32z\"><\/path><\/svg><\/span>\n\t\t<\/span>\n\n\t\t\t\t\t\t<\/summary>\n\t\t\t\t<div role=\"region\" aria-labelledby=\"e-n-accordion-item-1843\" class=\"elementor-element elementor-element-e0bbcf0 e-con-full e-flex e-con e-child\" data-id=\"e0bbcf0\" data-element_type=\"container\">\n\t\t<div role=\"region\" aria-labelledby=\"e-n-accordion-item-1843\" class=\"elementor-element elementor-element-90fdc6c e-flex e-con-boxed e-con e-child\" data-id=\"90fdc6c\" data-element_type=\"container\">\n\t\t\t\t\t<div class=\"e-con-inner\">\n\t\t\t\t<div class=\"elementor-element elementor-element-643e525 elementor-widget elementor-widget-text-editor\" data-id=\"643e525\" data-element_type=\"widget\" data-widget_type=\"text-editor.default\">\n\t\t\t\t\t\t\t\t\t<p>A Seguran\u00e7a Social pode exigir a devolu\u00e7\u00e3o das presta\u00e7\u00f5es recebidas indevidamente. A comunica\u00e7\u00e3o pr\u00e9via \u00e9 obrigat\u00f3ria no regresso ao trabalho ap\u00f3s baixa m\u00e9dica prolongada.<\/p>\t\t\t\t\t\t\t\t<\/div>\n\t\t\t\t\t<\/div>\n\t\t\t\t<\/div>\n\t\t\t\t<\/div>\n\t\t\t\t\t<\/details>\n\t\t\t\t\t\t<details id=\"e-n-accordion-item-1844\" class=\"e-n-accordion-item\" >\n\t\t\t\t<summary class=\"e-n-accordion-item-title\" data-accordion-index=\"5\" tabindex=\"-1\" aria-expanded=\"false\" aria-controls=\"e-n-accordion-item-1844\" >\n\t\t\t\t\t<span class='e-n-accordion-item-title-header'><div class=\"e-n-accordion-item-title-text\"> E se a junta m\u00e9dica terminar a baixa mas eu ainda n\u00e3o me sentir apto? <\/div><\/span>\n\t\t\t\t\t\t\t<span class='e-n-accordion-item-title-icon'>\n\t\t\t<span class='e-opened' ><svg aria-hidden=\"true\" class=\"e-font-icon-svg e-fas-minus\" viewBox=\"0 0 448 512\" xmlns=\"http:\/\/www.w3.org\/2000\/svg\"><path d=\"M416 208H32c-17.67 0-32 14.33-32 32v32c0 17.67 14.33 32 32 32h384c17.67 0 32-14.33 32-32v-32c0-17.67-14.33-32-32-32z\"><\/path><\/svg><\/span>\n\t\t\t<span class='e-closed'><svg aria-hidden=\"true\" class=\"e-font-icon-svg e-fas-plus\" viewBox=\"0 0 448 512\" xmlns=\"http:\/\/www.w3.org\/2000\/svg\"><path d=\"M416 208H272V64c0-17.67-14.33-32-32-32h-32c-17.67 0-32 14.33-32 32v144H32c-17.67 0-32 14.33-32 32v32c0 17.67 14.33 32 32 32h144v144c0 17.67 14.33 32 32 32h32c17.67 0 32-14.33 32-32V304h144c17.67 0 32-14.33 32-32v-32c0-17.67-14.33-32-32-32z\"><\/path><\/svg><\/span>\n\t\t<\/span>\n\n\t\t\t\t\t\t<\/summary>\n\t\t\t\t<div role=\"region\" aria-labelledby=\"e-n-accordion-item-1844\" class=\"elementor-element elementor-element-cc063b8 e-con-full e-flex e-con e-child\" data-id=\"cc063b8\" data-element_type=\"container\">\n\t\t<div role=\"region\" aria-labelledby=\"e-n-accordion-item-1844\" class=\"elementor-element elementor-element-f21d6ad e-flex e-con-boxed e-con e-child\" data-id=\"f21d6ad\" data-element_type=\"container\">\n\t\t\t\t\t<div class=\"e-con-inner\">\n\t\t\t\t<div class=\"elementor-element elementor-element-6491c75 elementor-widget elementor-widget-text-editor\" data-id=\"6491c75\" data-element_type=\"widget\" data-widget_type=\"text-editor.default\">\n\t\t\t\t\t\t\t\t\t<p>Pode solicitar reavalia\u00e7\u00e3o, pedir ao m\u00e9dico assistente um novo certificado de incapacidade e informar a empresa da situa\u00e7\u00e3o.<\/p>\t\t\t\t\t\t\t\t<\/div>\n\t\t\t\t\t<\/div>\n\t\t\t\t<\/div>\n\t\t\t\t<\/div>\n\t\t\t\t\t<\/details>\n\t\t\t\t\t<\/div>\n\t\t\t\t\t<script type=\"application\/ld+json\">{\"@context\":\"https:\\\/\\\/schema.org\",\"@type\":\"FAQPage\",\"mainEntity\":[{\"@type\":\"Question\",\"name\":\"Preciso de exame m\\u00e9dico para regressar ao trabalho?\",\"acceptedAnswer\":{\"@type\":\"Answer\",\"text\":\"Regra geral, sim. Sempre que a baixa ultrapasse 30 dias, a empresa deve marcar uma consulta de medicina do trabalho antes do regresso.\"}},{\"@type\":\"Question\",\"name\":\"Posso ser despedido durante ou ap\\u00f3s a baixa m\\u00e9dica?\",\"acceptedAnswer\":{\"@type\":\"Answer\",\"text\":\"A lei pro\\u00edbe o despedimento por motivo de baixa m\\u00e9dica ou por regresso com limita\\u00e7\\u00f5es. Qualquer despedimento nestas condi\\u00e7\\u00f5es pode ser anulado judicialmente.\"}},{\"@type\":\"Question\",\"name\":\"Tenho direito a f\\u00e9rias completas depois de uma baixa longa?\",\"acceptedAnswer\":{\"@type\":\"Answer\",\"text\":\"Baixas superiores a 30 dias podem alterar a forma de c\\u00e1lculo ou pagamento das f\\u00e9rias. Em caso de d\\u00favida, deve informar-se junto dos recursos humanos ou procurar aconselhamento jur\\u00eddico.\"}},{\"@type\":\"Question\",\"name\":\"O que acontece se regressar sem avisar a Seguran\\u00e7a Social?\",\"acceptedAnswer\":{\"@type\":\"Answer\",\"text\":\"A Seguran\\u00e7a Social pode exigir a devolu\\u00e7\\u00e3o das presta\\u00e7\\u00f5es recebidas indevidamente. A comunica\\u00e7\\u00e3o pr\\u00e9via \\u00e9 obrigat\\u00f3ria no regresso ao trabalho ap\\u00f3s baixa m\\u00e9dica prolongada.\"}},{\"@type\":\"Question\",\"name\":\"E se a junta m\\u00e9dica terminar a baixa mas eu ainda n\\u00e3o me sentir apto?\",\"acceptedAnswer\":{\"@type\":\"Answer\",\"text\":\"Pode solicitar reavalia\\u00e7\\u00e3o, pedir ao m\\u00e9dico assistente um novo certificado de incapacidade e informar a empresa da situa\\u00e7\\u00e3o.\"}}]}<\/script>\n\t\t\t\t\t\t\t<\/div>\n\t\t\t\t<\/div>\n\t\t\t\t<\/div>\n\t\t\t\t\t<\/div>\n\t\t\t\t<\/div>\n\t\t<div class=\"elementor-element elementor-element-ff370ff e-flex e-con-boxed e-con e-parent\" data-id=\"ff370ff\" data-element_type=\"container\">\n\t\t\t\t\t<div class=\"e-con-inner\">\n\t\t\t\t<div class=\"elementor-element elementor-element-0f827ce elementor-widget elementor-widget-heading\" data-id=\"0f827ce\" data-element_type=\"widget\" data-widget_type=\"heading.default\">\n\t\t\t\t\t<h2 class=\"elementor-heading-title elementor-size-default\">Conclus\u00e3o<\/h2>\t\t\t\t<\/div>\n\t\t\t\t<div class=\"elementor-element elementor-element-46ec015 elementor-widget elementor-widget-text-editor\" data-id=\"46ec015\" data-element_type=\"widget\" data-widget_type=\"text-editor.default\">\n\t\t\t\t\t\t\t\t\t<p>O <strong data-start=\"5483\" data-end=\"5536\">regresso ao trabalho ap\u00f3s baixa m\u00e9dica prolongada<\/strong> envolve procedimentos formais e cuidados com a sa\u00fade. Comunicar o fim da baixa \u00e0 Seguran\u00e7a Social, informar a entidade empregadora e realizar a consulta de medicina do trabalho s\u00e3o passos fundamentais. O trabalhador mant\u00e9m direitos essenciais, como protec\u00e7\u00e3o contra despedimento, f\u00e9rias e adapta\u00e7\u00f5es no posto de trabalho, assegurando um retorno gradual, seguro e legal.<\/p><p>Na\u00a0<strong data-start=\"180\" data-end=\"197\">M\u00e9dico na Net<\/strong>, \u00e9 poss\u00edvel agendar uma\u00a0<a href=\"https:\/\/www.mediconanet.pt\/produto\/baixa-medica\/\"><strong data-start=\"222\" data-end=\"337\">consulta m\u00e9dica online para avalia\u00e7\u00e3o de baixa m\u00e9dica e emiss\u00e3o de Certificado de Incapacidade Tempor\u00e1ria (CIT)<\/strong><\/a>, quando clinicamente justificado. Atrav\u00e9s de acompanhamento m\u00e9dico \u00e0 dist\u00e2ncia, o profissional avalia a situa\u00e7\u00e3o de sa\u00fade, esclarece d\u00favidas e orienta o processo de como solicitar a baixa m\u00e9dica de forma segura, confidencial e em conformidade com a legisla\u00e7\u00e3o em vigor.<\/p>\t\t\t\t\t\t\t\t<\/div>\n\t\t\t\t<div class=\"elementor-element elementor-element-d5a11d6 elementor-widget elementor-widget-heading\" data-id=\"d5a11d6\" data-element_type=\"widget\" data-widget_type=\"heading.default\">\n\t\t\t\t\t<h2 class=\"elementor-heading-title elementor-size-default\">Fontes<\/h2>\t\t\t\t<\/div>\n\t\t\t\t<div class=\"elementor-element elementor-element-7431ba7 elementor-widget elementor-widget-text-editor\" data-id=\"7431ba7\" data-element_type=\"widget\" data-widget_type=\"text-editor.default\">\n\t\t\t\t\t\t\t\t\t<p data-start=\"5920\" data-end=\"6301\"><a href=\"https:\/\/www.santander.pt\/salto\/regresso-trabalho-apos-baixa-prolongada\" rel=\"dofollow noopener\" target=\"_blank\">Banco Santander \u2013 <em data-start=\"5938\" data-end=\"5982\">Regresso ao trabalho ap\u00f3s baixa prolongada<\/em>.<\/a><br \/><a href=\"https:\/\/rpmgf.pt\/ojs\/index.php\/rpmgf\/en\/article\/view\/13551\" rel=\"nofollow noopener\" target=\"_blank\">Revista Portuguesa de Medicina Geral e Familiar \u2013 \u201cTemporary disability certificates: a cross\u2011sectional study carried out in two Family Health Units&#8221;<\/a><br \/><a href=\"https:\/\/rpmgf.pt\/ojs\/index.php\/rpmgf\/en\/article\/view\/11068\" rel=\"nofollow noopener\" target=\"_blank\">Revista Portuguesa de Medicina Geral e Familiar \u2013 \u201cDeterminants of long\u2011term work absenteeism \u2013 The INCIT study&#8221;<\/a><br \/><a href=\"https:\/\/journals.plos.org\/plosone\/article?id=10.1371\/journal.pone.0067887\" rel=\"nofollow noopener\" target=\"_blank\">PLOS One \u2013 \u201cAll\u2011Cause and Cause\u2011Specific Mortality after Long\u2011Term Sickness Absence for Psychiatric Disorders: A Prospective Cohort Study\u201d<\/a><\/p>\t\t\t\t\t\t\t\t<\/div>\n\t\t\t\t\t<\/div>\n\t\t\t\t<\/div>\n\t\t\t\t<\/div>\n\t\t","protected":false},"excerpt":{"rendered":"<p>Uma baixa m\u00e9dica prolongada altera a rotina do trabalhador e da empresa. Quando a recupera\u00e7\u00e3o permite o regresso, surgem d\u00favidas sobre os procedimentos e os direitos. Este artigo explica como funciona o regresso ao trabalho ap\u00f3s baixa m\u00e9dica prolongada, quais os exames necess\u00e1rios e as adapta\u00e7\u00f5es que podem ser requeridas, com base num guia do [&hellip;]<\/p>\n","protected":false},"author":2964,"featured_media":54657,"comment_status":"closed","ping_status":"closed","sticky":false,"template":"","format":"standard","meta":{"_jetpack_memberships_contains_paid_content":false,"footnotes":""},"categories":[121],"tags":[],"class_list":["post-54640","post","type-post","status-publish","format-standard","has-post-thumbnail","hentry","category-baixa-medica"],"jetpack_featured_media_url":"https:\/\/www.mediconanet.pt\/wp-content\/uploads\/2026\/02\/regresso-ao-trabalho-apos-baixa-medica-prolongada.jpg","jetpack_sharing_enabled":true,"_links":{"self":[{"href":"https:\/\/www.mediconanet.pt\/en\/wp-json\/wp\/v2\/posts\/54640","targetHints":{"allow":["GET"]}}],"collection":[{"href":"https:\/\/www.mediconanet.pt\/en\/wp-json\/wp\/v2\/posts"}],"about":[{"href":"https:\/\/www.mediconanet.pt\/en\/wp-json\/wp\/v2\/types\/post"}],"author":[{"embeddable":true,"href":"https:\/\/www.mediconanet.pt\/en\/wp-json\/wp\/v2\/users\/2964"}],"replies":[{"embeddable":true,"href":"https:\/\/www.mediconanet.pt\/en\/wp-json\/wp\/v2\/comments?post=54640"}],"version-history":[{"count":19,"href":"https:\/\/www.mediconanet.pt\/en\/wp-json\/wp\/v2\/posts\/54640\/revisions"}],"predecessor-version":[{"id":54925,"href":"https:\/\/www.mediconanet.pt\/en\/wp-json\/wp\/v2\/posts\/54640\/revisions\/54925"}],"wp:featuredmedia":[{"embeddable":true,"href":"https:\/\/www.mediconanet.pt\/en\/wp-json\/wp\/v2\/media\/54657"}],"wp:attachment":[{"href":"https:\/\/www.mediconanet.pt\/en\/wp-json\/wp\/v2\/media?parent=54640"}],"wp:term":[{"taxonomy":"category","embeddable":true,"href":"https:\/\/www.mediconanet.pt\/en\/wp-json\/wp\/v2\/categories?post=54640"},{"taxonomy":"post_tag","embeddable":true,"href":"https:\/\/www.mediconanet.pt\/en\/wp-json\/wp\/v2\/tags?post=54640"}],"curies":[{"name":"wp","href":"https:\/\/api.w.org\/{rel}","templated":true}]}}