{"id":54663,"date":"2026-02-10T12:24:08","date_gmt":"2026-02-10T12:24:08","guid":{"rendered":"https:\/\/www.mediconanet.pt\/?p=54663"},"modified":"2026-02-12T10:46:36","modified_gmt":"2026-02-12T10:46:36","slug":"baixa-medica-ferias-e-subsidio-de-ferias","status":"publish","type":"post","link":"https:\/\/www.mediconanet.pt\/en\/baixa-medica-ferias-e-subsidio-de-ferias\/","title":{"rendered":"Baixa m\u00e9dica, f\u00e9rias e subs\u00eddio de f\u00e9rias: o que diz a lei"},"content":{"rendered":"\t\t<div data-elementor-type=\"wp-post\" data-elementor-id=\"54663\" class=\"elementor elementor-54663\" data-elementor-post-type=\"post\">\n\t\t\t\t<div class=\"elementor-element elementor-element-3b0edb3 e-flex e-con-boxed e-con e-parent\" data-id=\"3b0edb3\" data-element_type=\"container\">\n\t\t\t\t\t<div class=\"e-con-inner\">\n\t\t\t\t<div class=\"elementor-element elementor-element-fd3b4bb elementor-widget elementor-widget-text-editor\" data-id=\"fd3b4bb\" data-element_type=\"widget\" data-widget_type=\"text-editor.default\">\n\t\t\t\t\t\t\t\t\t<p>Quando um trabalhador fica de baixa m\u00e9dica, surgem d\u00favidas frequentes sobre os direitos \u00e0s f\u00e9rias e ao subs\u00eddio de f\u00e9rias. Perde dias de descanso? Quem paga o subs\u00eddio? Este artigo explica como funciona a rela\u00e7\u00e3o entre <strong data-start=\"639\" data-end=\"684\">baixa m\u00e9dica, f\u00e9rias e subs\u00eddio de f\u00e9rias<\/strong>, com base numa an\u00e1lise do Doutor Finan\u00e7as e na legisla\u00e7\u00e3o laboral portuguesa.<\/p>\t\t\t\t\t\t\t\t<\/div>\n\t\t\t\t<div class=\"elementor-element elementor-element-f7203f3 elementor-widget elementor-widget-heading\" data-id=\"f7203f3\" data-element_type=\"widget\" data-widget_type=\"heading.default\">\n\t\t\t\t\t<h2 class=\"elementor-heading-title elementor-size-default\">O que acontece \u00e0s f\u00e9rias quando estou de baixa?<\/h2>\t\t\t\t<\/div>\n\t\t\t\t<div class=\"elementor-element elementor-element-d46fd7f elementor-widget elementor-widget-text-editor\" data-id=\"d46fd7f\" data-element_type=\"widget\" data-widget_type=\"text-editor.default\">\n\t\t\t\t\t\t\t\t\t<p data-start=\"817\" data-end=\"1201\">A lei laboral prev\u00ea diferentes cen\u00e1rios, dependendo da dura\u00e7\u00e3o e do per\u00edodo da baixa m\u00e9dica. Segundo o Doutor Finan\u00e7as, quando a baixa come\u00e7a e termina no mesmo ano civil, o trabalhador mant\u00e9m os 22 dias \u00fateis de f\u00e9rias a que tem direito. Por exemplo, se adoece em Mar\u00e7o e regressa em Julho, continua a ter direito ao per\u00edodo completo de f\u00e9rias nesse ano, mesmo tendo estado de baixa.<\/p><p data-start=\"1203\" data-end=\"1655\">No enquadramento de <strong data-start=\"1223\" data-end=\"1268\">baixa m\u00e9dica, f\u00e9rias e subs\u00eddio de f\u00e9rias<\/strong>, a situa\u00e7\u00e3o muda quando a baixa se prolonga e atravessa dois anos civis. Nesse caso, no ano em que termina a baixa, o trabalhador passa a acumular dois dias \u00fateis de f\u00e9rias por cada m\u00eas de trabalho efectivo, at\u00e9 ao limite de 20 dias. As f\u00e9rias n\u00e3o gozadas no ano anterior podem ser pagas ou transferidas para o ano seguinte, dependendo do acordo estabelecido com a entidade empregadora.<\/p><p data-start=\"1657\" data-end=\"1914\">Quando a baixa m\u00e9dica dura todo o ano civil, o trabalhador n\u00e3o acumula f\u00e9rias durante esse per\u00edodo. Ap\u00f3s o regresso ao trabalho, volta a adquirir dias de f\u00e9rias nos termos normais da lei, ou seja, dois dias por cada m\u00eas trabalhado, at\u00e9 ao m\u00e1ximo de 20 dias.<\/p>\t\t\t\t\t\t\t\t<\/div>\n\t\t\t\t<div class=\"elementor-element elementor-element-d9bc740 elementor-widget elementor-widget-image\" data-id=\"d9bc740\" data-element_type=\"widget\" data-widget_type=\"image.default\">\n\t\t\t\t\t\t\t\t\t\t\t\t\t\t\t<img fetchpriority=\"high\" decoding=\"async\" width=\"800\" height=\"448\" src=\"https:\/\/www.mediconanet.pt\/wp-content\/uploads\/2026\/02\/baixa-medica-ferias-e-subsidio-de-ferias-consulta-online-1024x573.jpg\" class=\"attachment-large size-large wp-image-54788\" alt=\"Consulta m\u00e9dica online sobre baixa m\u00e9dica, f\u00e9rias e subs\u00eddio de f\u00e9rias\" srcset=\"https:\/\/www.mediconanet.pt\/wp-content\/uploads\/2026\/02\/baixa-medica-ferias-e-subsidio-de-ferias-consulta-online-1024x573.jpg 1024w, https:\/\/www.mediconanet.pt\/wp-content\/uploads\/2026\/02\/baixa-medica-ferias-e-subsidio-de-ferias-consulta-online-300x168.jpg 300w, https:\/\/www.mediconanet.pt\/wp-content\/uploads\/2026\/02\/baixa-medica-ferias-e-subsidio-de-ferias-consulta-online-768x430.jpg 768w, https:\/\/www.mediconanet.pt\/wp-content\/uploads\/2026\/02\/baixa-medica-ferias-e-subsidio-de-ferias-consulta-online-1536x860.jpg 1536w, https:\/\/www.mediconanet.pt\/wp-content\/uploads\/2026\/02\/baixa-medica-ferias-e-subsidio-de-ferias-consulta-online-18x10.jpg 18w, https:\/\/www.mediconanet.pt\/wp-content\/uploads\/2026\/02\/baixa-medica-ferias-e-subsidio-de-ferias-consulta-online-600x336.jpg 600w, https:\/\/www.mediconanet.pt\/wp-content\/uploads\/2026\/02\/baixa-medica-ferias-e-subsidio-de-ferias-consulta-online.jpg 1600w\" sizes=\"(max-width: 800px) 100vw, 800px\" \/>\t\t\t\t\t\t\t\t\t\t\t\t\t\t\t<\/div>\n\t\t\t\t<div class=\"elementor-element elementor-element-51137ea elementor-widget elementor-widget-heading\" data-id=\"51137ea\" data-element_type=\"widget\" data-widget_type=\"heading.default\">\n\t\t\t\t\t<h2 class=\"elementor-heading-title elementor-size-default\">Quem paga o subs\u00eddio de f\u00e9rias durante a baixa m\u00e9dica?<\/h2>\t\t\t\t<\/div>\n\t\t\t\t<div class=\"elementor-element elementor-element-1d365d3 elementor-widget elementor-widget-text-editor\" data-id=\"1d365d3\" data-element_type=\"widget\" data-widget_type=\"text-editor.default\">\n\t\t\t\t\t\t\t\t\t<p data-start=\"1976\" data-end=\"2220\">Em Portugal, o pagamento do subs\u00eddio de f\u00e9rias varia consoante a dura\u00e7\u00e3o da baixa e o momento em que ocorre. No regime de <strong data-start=\"2098\" data-end=\"2143\">baixa m\u00e9dica, f\u00e9rias e subs\u00eddio de f\u00e9rias<\/strong>, a responsabilidade pode caber ao empregador, \u00e0 Seguran\u00e7a Social ou a ambos.<\/p><p data-start=\"2222\" data-end=\"2389\">Se a baixa m\u00e9dica come\u00e7a e termina no mesmo ano civil, o empregador deve pagar o subs\u00eddio de f\u00e9rias na totalidade, normalmente no ano seguinte ao regresso ao trabalho.<\/p><p data-start=\"2391\" data-end=\"2742\">Quando a baixa atravessa dois anos civis, o empregador paga o subs\u00eddio de f\u00e9rias relativo ao per\u00edodo em que o trabalhador esteve ao servi\u00e7o. A Seguran\u00e7a Social \u00e9 respons\u00e1vel pelo pagamento da parte proporcional correspondente ao tempo de baixa, atrav\u00e9s da chamada presta\u00e7\u00e3o compensat\u00f3ria do subs\u00eddio de f\u00e9rias, que deve ser requerida pelo trabalhador.<\/p><p data-start=\"2744\" data-end=\"3051\">Nos casos em que a baixa m\u00e9dica dura todo o ano civil, o trabalhador n\u00e3o tem direito ao subs\u00eddio de f\u00e9rias desse ano, uma vez que n\u00e3o adquiriu f\u00e9rias nesse per\u00edodo. A Seguran\u00e7a Social apenas paga o subs\u00eddio proporcional aos per\u00edodos efectivamente trabalhados antes da baixa ou ap\u00f3s o regresso, caso existam. Este \u00e9 um dos pontos centrais na articula\u00e7\u00e3o entre a baixa m\u00e9dica, f\u00e9rias e subs\u00eddio de f\u00e9rias.<\/p>\t\t\t\t\t\t\t\t<\/div>\n\t\t\t\t\t<\/div>\n\t\t\t\t<\/div>\n\t\t<div class=\"elementor-element elementor-element-80fde10 e-flex e-con-boxed e-con e-parent\" data-id=\"80fde10\" data-element_type=\"container\">\n\t\t\t\t\t<div class=\"e-con-inner\">\n\t\t<div class=\"elementor-element elementor-element-9ad8f6d e-con-full e-flex e-con e-child\" data-id=\"9ad8f6d\" data-element_type=\"container\">\n\t\t<div class=\"elementor-element elementor-element-d98729c e-con-full e-flex e-con e-child\" data-id=\"d98729c\" data-element_type=\"container\">\n\t\t\t\t<div class=\"elementor-element elementor-element-cf6dd56 elementor-widget elementor-widget-heading\" data-id=\"cf6dd56\" data-element_type=\"widget\" data-widget_type=\"heading.default\">\n\t\t\t\t\t<h2 class=\"elementor-heading-title elementor-size-default\">Perguntas frequentes (FAQ)<\/h2>\t\t\t\t<\/div>\n\t\t\t\t<div class=\"elementor-element elementor-element-bca637b elementor-widget elementor-widget-n-accordion\" data-id=\"bca637b\" data-element_type=\"widget\" data-settings=\"{&quot;default_state&quot;:&quot;all_collapsed&quot;,&quot;max_items_expended&quot;:&quot;one&quot;,&quot;n_accordion_animation_duration&quot;:{&quot;unit&quot;:&quot;ms&quot;,&quot;size&quot;:400,&quot;sizes&quot;:[]}}\" data-widget_type=\"nested-accordion.default\">\n\t\t\t\t\t\t\t<div class=\"e-n-accordion\" aria-label=\"Accordion. Open links with Enter or Space, close with Escape, and navigate with Arrow Keys\">\n\t\t\t\t\t\t<details id=\"e-n-accordion-item-1970\" class=\"e-n-accordion-item\" >\n\t\t\t\t<summary class=\"e-n-accordion-item-title\" data-accordion-index=\"1\" tabindex=\"0\" aria-expanded=\"false\" aria-controls=\"e-n-accordion-item-1970\" >\n\t\t\t\t\t<span class='e-n-accordion-item-title-header'><div class=\"e-n-accordion-item-title-text\"> Posso gozar f\u00e9rias durante a baixa m\u00e9dica? <\/div><\/span>\n\t\t\t\t\t\t\t<span class='e-n-accordion-item-title-icon'>\n\t\t\t<span class='e-opened' ><svg aria-hidden=\"true\" class=\"e-font-icon-svg e-fas-minus\" viewBox=\"0 0 448 512\" xmlns=\"http:\/\/www.w3.org\/2000\/svg\"><path d=\"M416 208H32c-17.67 0-32 14.33-32 32v32c0 17.67 14.33 32 32 32h384c17.67 0 32-14.33 32-32v-32c0-17.67-14.33-32-32-32z\"><\/path><\/svg><\/span>\n\t\t\t<span class='e-closed'><svg aria-hidden=\"true\" class=\"e-font-icon-svg e-fas-plus\" viewBox=\"0 0 448 512\" xmlns=\"http:\/\/www.w3.org\/2000\/svg\"><path d=\"M416 208H272V64c0-17.67-14.33-32-32-32h-32c-17.67 0-32 14.33-32 32v144H32c-17.67 0-32 14.33-32 32v32c0 17.67 14.33 32 32 32h144v144c0 17.67 14.33 32 32 32h32c17.67 0 32-14.33 32-32V304h144c17.67 0 32-14.33 32-32v-32c0-17.67-14.33-32-32-32z\"><\/path><\/svg><\/span>\n\t\t<\/span>\n\n\t\t\t\t\t\t<\/summary>\n\t\t\t\t<div role=\"region\" aria-labelledby=\"e-n-accordion-item-1970\" class=\"elementor-element elementor-element-f152ce0 e-con-full e-flex e-con e-child\" data-id=\"f152ce0\" data-element_type=\"container\">\n\t\t<div role=\"region\" aria-labelledby=\"e-n-accordion-item-1970\" class=\"elementor-element elementor-element-ba60ace e-flex e-con-boxed e-con e-child\" data-id=\"ba60ace\" data-element_type=\"container\">\n\t\t\t\t\t<div class=\"e-con-inner\">\n\t\t\t\t<div class=\"elementor-element elementor-element-0f04428 elementor-widget elementor-widget-text-editor\" data-id=\"0f04428\" data-element_type=\"widget\" data-widget_type=\"text-editor.default\">\n\t\t\t\t\t\t\t\t\t<p>N\u00e3o. A baixa m\u00e9dica suspende a actividade laboral e, consequentemente, o gozo de f\u00e9rias. Se o trabalhador adoecer durante as f\u00e9rias, estas s\u00e3o interrompidas e podem ser retomadas numa data posterior.<\/p>\t\t\t\t\t\t\t\t<\/div>\n\t\t\t\t\t<\/div>\n\t\t\t\t<\/div>\n\t\t\t\t<\/div>\n\t\t\t\t\t<\/details>\n\t\t\t\t\t\t<details id=\"e-n-accordion-item-1971\" class=\"e-n-accordion-item\" >\n\t\t\t\t<summary class=\"e-n-accordion-item-title\" data-accordion-index=\"2\" tabindex=\"-1\" aria-expanded=\"false\" aria-controls=\"e-n-accordion-item-1971\" >\n\t\t\t\t\t<span class='e-n-accordion-item-title-header'><div class=\"e-n-accordion-item-title-text\"> Tenho direito ao subs\u00eddio de f\u00e9rias enquanto estou de baixa? <\/div><\/span>\n\t\t\t\t\t\t\t<span class='e-n-accordion-item-title-icon'>\n\t\t\t<span class='e-opened' ><svg aria-hidden=\"true\" class=\"e-font-icon-svg e-fas-minus\" viewBox=\"0 0 448 512\" xmlns=\"http:\/\/www.w3.org\/2000\/svg\"><path d=\"M416 208H32c-17.67 0-32 14.33-32 32v32c0 17.67 14.33 32 32 32h384c17.67 0 32-14.33 32-32v-32c0-17.67-14.33-32-32-32z\"><\/path><\/svg><\/span>\n\t\t\t<span class='e-closed'><svg aria-hidden=\"true\" class=\"e-font-icon-svg e-fas-plus\" viewBox=\"0 0 448 512\" xmlns=\"http:\/\/www.w3.org\/2000\/svg\"><path d=\"M416 208H272V64c0-17.67-14.33-32-32-32h-32c-17.67 0-32 14.33-32 32v144H32c-17.67 0-32 14.33-32 32v32c0 17.67 14.33 32 32 32h144v144c0 17.67 14.33 32 32 32h32c17.67 0 32-14.33 32-32V304h144c17.67 0 32-14.33 32-32v-32c0-17.67-14.33-32-32-32z\"><\/path><\/svg><\/span>\n\t\t<\/span>\n\n\t\t\t\t\t\t<\/summary>\n\t\t\t\t<div role=\"region\" aria-labelledby=\"e-n-accordion-item-1971\" class=\"elementor-element elementor-element-7502b9b e-con-full e-flex e-con e-child\" data-id=\"7502b9b\" data-element_type=\"container\">\n\t\t<div role=\"region\" aria-labelledby=\"e-n-accordion-item-1971\" class=\"elementor-element elementor-element-bfc2a97 e-flex e-con-boxed e-con e-child\" data-id=\"bfc2a97\" data-element_type=\"container\">\n\t\t\t\t\t<div class=\"e-con-inner\">\n\t\t\t\t<div class=\"elementor-element elementor-element-2399ad4 elementor-widget elementor-widget-text-editor\" data-id=\"2399ad4\" data-element_type=\"widget\" data-widget_type=\"text-editor.default\">\n\t\t\t\t\t\t\t\t\t<p>Depende da dura\u00e7\u00e3o da baixa. Se a baixa m\u00e9dica abranger todo o ano civil, n\u00e3o h\u00e1 direito ao subs\u00eddio de f\u00e9rias nesse ano. Se for parcial, o subs\u00eddio de f\u00e9rias \u00e9 pago de forma proporcional pelo empregador e pela Seguran\u00e7a Social, no \u00e2mbito das regras de baixa m\u00e9dica, f\u00e9rias e subs\u00eddio de f\u00e9rias.<\/p>\t\t\t\t\t\t\t\t<\/div>\n\t\t\t\t\t<\/div>\n\t\t\t\t<\/div>\n\t\t\t\t<\/div>\n\t\t\t\t\t<\/details>\n\t\t\t\t\t\t<details id=\"e-n-accordion-item-1972\" class=\"e-n-accordion-item\" >\n\t\t\t\t<summary class=\"e-n-accordion-item-title\" data-accordion-index=\"3\" tabindex=\"-1\" aria-expanded=\"false\" aria-controls=\"e-n-accordion-item-1972\" >\n\t\t\t\t\t<span class='e-n-accordion-item-title-header'><div class=\"e-n-accordion-item-title-text\"> O subs\u00eddio de f\u00e9rias \u00e9 pago no ano da baixa ou no ano seguinte? <\/div><\/span>\n\t\t\t\t\t\t\t<span class='e-n-accordion-item-title-icon'>\n\t\t\t<span class='e-opened' ><svg aria-hidden=\"true\" class=\"e-font-icon-svg e-fas-minus\" viewBox=\"0 0 448 512\" xmlns=\"http:\/\/www.w3.org\/2000\/svg\"><path d=\"M416 208H32c-17.67 0-32 14.33-32 32v32c0 17.67 14.33 32 32 32h384c17.67 0 32-14.33 32-32v-32c0-17.67-14.33-32-32-32z\"><\/path><\/svg><\/span>\n\t\t\t<span class='e-closed'><svg aria-hidden=\"true\" class=\"e-font-icon-svg e-fas-plus\" viewBox=\"0 0 448 512\" xmlns=\"http:\/\/www.w3.org\/2000\/svg\"><path d=\"M416 208H272V64c0-17.67-14.33-32-32-32h-32c-17.67 0-32 14.33-32 32v144H32c-17.67 0-32 14.33-32 32v32c0 17.67 14.33 32 32 32h144v144c0 17.67 14.33 32 32 32h32c17.67 0 32-14.33 32-32V304h144c17.67 0 32-14.33 32-32v-32c0-17.67-14.33-32-32-32z\"><\/path><\/svg><\/span>\n\t\t<\/span>\n\n\t\t\t\t\t\t<\/summary>\n\t\t\t\t<div role=\"region\" aria-labelledby=\"e-n-accordion-item-1972\" class=\"elementor-element elementor-element-fc15a25 e-con-full e-flex e-con e-child\" data-id=\"fc15a25\" data-element_type=\"container\">\n\t\t<div role=\"region\" aria-labelledby=\"e-n-accordion-item-1972\" class=\"elementor-element elementor-element-619ee50 e-flex e-con-boxed e-con e-child\" data-id=\"619ee50\" data-element_type=\"container\">\n\t\t\t\t\t<div class=\"e-con-inner\">\n\t\t\t\t<div class=\"elementor-element elementor-element-f9776b5 elementor-widget elementor-widget-text-editor\" data-id=\"f9776b5\" data-element_type=\"widget\" data-widget_type=\"text-editor.default\">\n\t\t\t\t\t\t\t\t\t<p>Regra geral, o subs\u00eddio relativo ao ano em que ocorreu a baixa \u00e9 pago no ano seguinte, ap\u00f3s o regresso ao trabalho, de acordo com a propor\u00e7\u00e3o de dias trabalhados.<\/p>\t\t\t\t\t\t\t\t<\/div>\n\t\t\t\t\t<\/div>\n\t\t\t\t<\/div>\n\t\t\t\t<\/div>\n\t\t\t\t\t<\/details>\n\t\t\t\t\t\t<details id=\"e-n-accordion-item-1973\" class=\"e-n-accordion-item\" >\n\t\t\t\t<summary class=\"e-n-accordion-item-title\" data-accordion-index=\"4\" tabindex=\"-1\" aria-expanded=\"false\" aria-controls=\"e-n-accordion-item-1973\" >\n\t\t\t\t\t<span class='e-n-accordion-item-title-header'><div class=\"e-n-accordion-item-title-text\"> E se a empresa n\u00e3o pagar o subs\u00eddio de f\u00e9rias? <\/div><\/span>\n\t\t\t\t\t\t\t<span class='e-n-accordion-item-title-icon'>\n\t\t\t<span class='e-opened' ><svg aria-hidden=\"true\" class=\"e-font-icon-svg e-fas-minus\" viewBox=\"0 0 448 512\" xmlns=\"http:\/\/www.w3.org\/2000\/svg\"><path d=\"M416 208H32c-17.67 0-32 14.33-32 32v32c0 17.67 14.33 32 32 32h384c17.67 0 32-14.33 32-32v-32c0-17.67-14.33-32-32-32z\"><\/path><\/svg><\/span>\n\t\t\t<span class='e-closed'><svg aria-hidden=\"true\" class=\"e-font-icon-svg e-fas-plus\" viewBox=\"0 0 448 512\" xmlns=\"http:\/\/www.w3.org\/2000\/svg\"><path d=\"M416 208H272V64c0-17.67-14.33-32-32-32h-32c-17.67 0-32 14.33-32 32v144H32c-17.67 0-32 14.33-32 32v32c0 17.67 14.33 32 32 32h144v144c0 17.67 14.33 32 32 32h32c17.67 0 32-14.33 32-32V304h144c17.67 0 32-14.33 32-32v-32c0-17.67-14.33-32-32-32z\"><\/path><\/svg><\/span>\n\t\t<\/span>\n\n\t\t\t\t\t\t<\/summary>\n\t\t\t\t<div role=\"region\" aria-labelledby=\"e-n-accordion-item-1973\" class=\"elementor-element elementor-element-48e9f2d e-con-full e-flex e-con e-child\" data-id=\"48e9f2d\" data-element_type=\"container\">\n\t\t<div role=\"region\" aria-labelledby=\"e-n-accordion-item-1973\" class=\"elementor-element elementor-element-80a73c9 e-flex e-con-boxed e-con e-child\" data-id=\"80a73c9\" data-element_type=\"container\">\n\t\t\t\t\t<div class=\"e-con-inner\">\n\t\t\t\t<div class=\"elementor-element elementor-element-658e75a elementor-widget elementor-widget-text-editor\" data-id=\"658e75a\" data-element_type=\"widget\" data-widget_type=\"text-editor.default\">\n\t\t\t\t\t\t\t\t\t<p>O trabalhador pode apresentar queixa junto da Autoridade para as Condi\u00e7\u00f5es de Trabalho ou procurar apoio jur\u00eddico para exigir o pagamento do valor em falta.<\/p>\t\t\t\t\t\t\t\t<\/div>\n\t\t\t\t\t<\/div>\n\t\t\t\t<\/div>\n\t\t\t\t<\/div>\n\t\t\t\t\t<\/details>\n\t\t\t\t\t\t<details id=\"e-n-accordion-item-1974\" class=\"e-n-accordion-item\" >\n\t\t\t\t<summary class=\"e-n-accordion-item-title\" data-accordion-index=\"5\" tabindex=\"-1\" aria-expanded=\"false\" aria-controls=\"e-n-accordion-item-1974\" >\n\t\t\t\t\t<span class='e-n-accordion-item-title-header'><div class=\"e-n-accordion-item-title-text\"> A baixa m\u00e9dica afecta o subs\u00eddio de f\u00e9rias nos anos seguintes? <\/div><\/span>\n\t\t\t\t\t\t\t<span class='e-n-accordion-item-title-icon'>\n\t\t\t<span class='e-opened' ><svg aria-hidden=\"true\" class=\"e-font-icon-svg e-fas-minus\" viewBox=\"0 0 448 512\" xmlns=\"http:\/\/www.w3.org\/2000\/svg\"><path d=\"M416 208H32c-17.67 0-32 14.33-32 32v32c0 17.67 14.33 32 32 32h384c17.67 0 32-14.33 32-32v-32c0-17.67-14.33-32-32-32z\"><\/path><\/svg><\/span>\n\t\t\t<span class='e-closed'><svg aria-hidden=\"true\" class=\"e-font-icon-svg e-fas-plus\" viewBox=\"0 0 448 512\" xmlns=\"http:\/\/www.w3.org\/2000\/svg\"><path d=\"M416 208H272V64c0-17.67-14.33-32-32-32h-32c-17.67 0-32 14.33-32 32v144H32c-17.67 0-32 14.33-32 32v32c0 17.67 14.33 32 32 32h144v144c0 17.67 14.33 32 32 32h32c17.67 0 32-14.33 32-32V304h144c17.67 0 32-14.33 32-32v-32c0-17.67-14.33-32-32-32z\"><\/path><\/svg><\/span>\n\t\t<\/span>\n\n\t\t\t\t\t\t<\/summary>\n\t\t\t\t<div role=\"region\" aria-labelledby=\"e-n-accordion-item-1974\" class=\"elementor-element elementor-element-1fedf47 e-con-full e-flex e-con e-child\" data-id=\"1fedf47\" data-element_type=\"container\">\n\t\t<div role=\"region\" aria-labelledby=\"e-n-accordion-item-1974\" class=\"elementor-element elementor-element-9b13d8b e-flex e-con-boxed e-con e-child\" data-id=\"9b13d8b\" data-element_type=\"container\">\n\t\t\t\t\t<div class=\"e-con-inner\">\n\t\t\t\t<div class=\"elementor-element elementor-element-a46cea2 elementor-widget elementor-widget-text-editor\" data-id=\"a46cea2\" data-element_type=\"widget\" data-widget_type=\"text-editor.default\">\n\t\t\t\t\t\t\t\t\t<p>A <strong data-start=\"212\" data-end=\"257\">baixa m\u00e9dica, f\u00e9rias e subs\u00eddio de f\u00e9rias<\/strong> afectam apenas o per\u00edodo em que a incapacidade ocorre. Nos anos seguintes, desde que o trabalhador esteja a exercer fun\u00e7\u00f5es normalmente, a <strong data-start=\"397\" data-end=\"442\">baixa m\u00e9dica, f\u00e9rias e subs\u00eddio de f\u00e9rias<\/strong> regressam ao regime habitual previsto na lei, sem penaliza\u00e7\u00f5es decorrentes da baixa anterior.<\/p>\t\t\t\t\t\t\t\t<\/div>\n\t\t\t\t\t<\/div>\n\t\t\t\t<\/div>\n\t\t\t\t<\/div>\n\t\t\t\t\t<\/details>\n\t\t\t\t\t<\/div>\n\t\t\t\t\t<script type=\"application\/ld+json\">{\"@context\":\"https:\\\/\\\/schema.org\",\"@type\":\"FAQPage\",\"mainEntity\":[{\"@type\":\"Question\",\"name\":\"Posso gozar f\\u00e9rias durante a baixa m\\u00e9dica?\",\"acceptedAnswer\":{\"@type\":\"Answer\",\"text\":\"N\\u00e3o. A baixa m\\u00e9dica suspende a actividade laboral e, consequentemente, o gozo de f\\u00e9rias. Se o trabalhador adoecer durante as f\\u00e9rias, estas s\\u00e3o interrompidas e podem ser retomadas numa data posterior.\"}},{\"@type\":\"Question\",\"name\":\"Tenho direito ao subs\\u00eddio de f\\u00e9rias enquanto estou de baixa?\",\"acceptedAnswer\":{\"@type\":\"Answer\",\"text\":\"Depende da dura\\u00e7\\u00e3o da baixa. Se a baixa m\\u00e9dica abranger todo o ano civil, n\\u00e3o h\\u00e1 direito ao subs\\u00eddio de f\\u00e9rias nesse ano. Se for parcial, o subs\\u00eddio de f\\u00e9rias \\u00e9 pago de forma proporcional pelo empregador e pela Seguran\\u00e7a Social, no \\u00e2mbito das regras de baixa m\\u00e9dica, f\\u00e9rias e subs\\u00eddio de f\\u00e9rias.\"}},{\"@type\":\"Question\",\"name\":\"O subs\\u00eddio de f\\u00e9rias \\u00e9 pago no ano da baixa ou no ano seguinte?\",\"acceptedAnswer\":{\"@type\":\"Answer\",\"text\":\"Regra geral, o subs\\u00eddio relativo ao ano em que ocorreu a baixa \\u00e9 pago no ano seguinte, ap\\u00f3s o regresso ao trabalho, de acordo com a propor\\u00e7\\u00e3o de dias trabalhados.\"}},{\"@type\":\"Question\",\"name\":\"E se a empresa n\\u00e3o pagar o subs\\u00eddio de f\\u00e9rias?\",\"acceptedAnswer\":{\"@type\":\"Answer\",\"text\":\"O trabalhador pode apresentar queixa junto da Autoridade para as Condi\\u00e7\\u00f5es de Trabalho ou procurar apoio jur\\u00eddico para exigir o pagamento do valor em falta.\"}},{\"@type\":\"Question\",\"name\":\"A baixa m\\u00e9dica afecta o subs\\u00eddio de f\\u00e9rias nos anos seguintes?\",\"acceptedAnswer\":{\"@type\":\"Answer\",\"text\":\"A baixa m\\u00e9dica, f\\u00e9rias e subs\\u00eddio de f\\u00e9rias afectam apenas o per\\u00edodo em que a incapacidade ocorre. Nos anos seguintes, desde que o trabalhador esteja a exercer fun\\u00e7\\u00f5es normalmente, a baixa m\\u00e9dica, f\\u00e9rias e subs\\u00eddio de f\\u00e9rias regressam ao regime habitual previsto na lei, sem penaliza\\u00e7\\u00f5es decorrentes da baixa anterior.\"}}]}<\/script>\n\t\t\t\t\t\t\t<\/div>\n\t\t\t\t<\/div>\n\t\t\t\t<\/div>\n\t\t\t\t\t<\/div>\n\t\t\t\t<\/div>\n\t\t<div class=\"elementor-element elementor-element-fc60a49 e-flex e-con-boxed e-con e-parent\" data-id=\"fc60a49\" data-element_type=\"container\">\n\t\t\t\t\t<div class=\"e-con-inner\">\n\t\t\t\t<div class=\"elementor-element elementor-element-47ba0c8 elementor-widget elementor-widget-heading\" data-id=\"47ba0c8\" data-element_type=\"widget\" data-widget_type=\"heading.default\">\n\t\t\t\t\t<h2 class=\"elementor-heading-title elementor-size-default\">Conclus\u00e3o<\/h2>\t\t\t\t<\/div>\n\t\t\t\t<div class=\"elementor-element elementor-element-a003d68 elementor-widget elementor-widget-text-editor\" data-id=\"a003d68\" data-element_type=\"widget\" data-widget_type=\"text-editor.default\">\n\t\t\t\t\t\t\t\t\t<p>A <strong data-start=\"4155\" data-end=\"4200\">baixa m\u00e9dica, f\u00e9rias e subs\u00eddio de f\u00e9rias<\/strong> est\u00e3o directamente ligados, mas a baixa n\u00e3o implica a perda autom\u00e1tica de direitos. O regime varia conforme a dura\u00e7\u00e3o e o momento em que ocorre: baixas curtas mant\u00eam os direitos a f\u00e9rias, baixas que atravessam dois anos originam f\u00e9rias proporcionais e baixas que ocupam todo o ano civil impedem a acumula\u00e7\u00e3o de f\u00e9rias nesse per\u00edodo. O subs\u00eddio de f\u00e9rias pode ser pago pelo empregador, pela Seguran\u00e7a Social ou por ambos. Para garantir que os seus direitos s\u00e3o respeitados, informe-se junto do departamento de recursos humanos ou da Seguran\u00e7a Social.<\/p><p>Na\u00a0<strong data-start=\"180\" data-end=\"197\">M\u00e9dico na Net<\/strong>, \u00e9 poss\u00edvel agendar uma\u00a0<a href=\"https:\/\/www.mediconanet.pt\/produto\/baixa-medica\/\"><strong data-start=\"222\" data-end=\"337\">consulta m\u00e9dica online para avalia\u00e7\u00e3o de baixa m\u00e9dica e emiss\u00e3o de Certificado de Incapacidade Tempor\u00e1ria (CIT)<\/strong><\/a>, quando clinicamente justificado. Atrav\u00e9s de acompanhamento m\u00e9dico \u00e0 dist\u00e2ncia, o profissional avalia a situa\u00e7\u00e3o de sa\u00fade, esclarece d\u00favidas e orienta o processo de como solicitar a baixa m\u00e9dica de forma segura, confidencial e em conformidade com a legisla\u00e7\u00e3o em vigor.<\/p>\t\t\t\t\t\t\t\t<\/div>\n\t\t\t\t<div class=\"elementor-element elementor-element-9d4abd4 elementor-widget elementor-widget-heading\" data-id=\"9d4abd4\" data-element_type=\"widget\" data-widget_type=\"heading.default\">\n\t\t\t\t\t<h2 class=\"elementor-heading-title elementor-size-default\">Fontes<\/h2>\t\t\t\t<\/div>\n\t\t\t\t<div class=\"elementor-element elementor-element-27e6580 elementor-widget elementor-widget-text-editor\" data-id=\"27e6580\" data-element_type=\"widget\" data-widget_type=\"text-editor.default\">\n\t\t\t\t\t\t\t\t\t<p><a href=\"https:\/\/www.doutorfinancas.pt\/financas-pessoais\/baixa-medica-contrato-trabalho\/\" rel=\"dofollow noopener\" target=\"_blank\">Doutor Finan\u00e7as \u2013 <em data-start=\"4782\" data-end=\"4842\">Baixa m\u00e9dica: efeitos no \u00e2mbito de um contrato de trabalho<\/em>. O artigo explica de que forma a baixa m\u00e9dica afecta as f\u00e9rias e o subs\u00eddio de f\u00e9rias, esclarecendo os diferentes cen\u00e1rios previstos na lei laboral portuguesa.<\/a><br \/><a href=\"https:\/\/rpmgf.pt\/ojs\/index.php\/rpmgf\/en\/article\/view\/13551\" rel=\"nofollow noopener\" target=\"_blank\">Revista Portuguesa de Medicina Geral e Familiar \u2013 \u201cTemporary disability certificates: a cross\u2011sectional study carried out in two Family Health Units&#8221;<\/a><br \/><a href=\"https:\/\/rpmgf.pt\/ojs\/index.php\/rpmgf\/en\/article\/view\/11068\" rel=\"nofollow noopener\" target=\"_blank\">Revista Portuguesa de Medicina Geral e Familiar \u2013 \u201cDeterminants of long\u2011term work absenteeism \u2013 The INCIT study&#8221;<\/a><br \/><a href=\"https:\/\/journals.plos.org\/plosone\/article?id=10.1371\/journal.pone.0067887\" rel=\"nofollow noopener\" target=\"_blank\">PLOS One \u2013 \u201cAll\u2011Cause and Cause\u2011Specific Mortality after Long\u2011Term Sickness Absence for Psychiatric Disorders: A Prospective Cohort Study\u201d<\/a><\/p>\t\t\t\t\t\t\t\t<\/div>\n\t\t\t\t\t<\/div>\n\t\t\t\t<\/div>\n\t\t\t\t<\/div>\n\t\t","protected":false},"excerpt":{"rendered":"<p>Quando um trabalhador fica de baixa m\u00e9dica, surgem d\u00favidas frequentes sobre os direitos \u00e0s f\u00e9rias e ao subs\u00eddio de f\u00e9rias. Perde dias de descanso? Quem paga o subs\u00eddio? Este artigo explica como funciona a rela\u00e7\u00e3o entre baixa m\u00e9dica, f\u00e9rias e subs\u00eddio de f\u00e9rias, com base numa an\u00e1lise do Doutor Finan\u00e7as e na legisla\u00e7\u00e3o laboral portuguesa. [&hellip;]<\/p>\n","protected":false},"author":2964,"featured_media":54784,"comment_status":"closed","ping_status":"closed","sticky":false,"template":"","format":"standard","meta":{"_jetpack_memberships_contains_paid_content":false,"footnotes":""},"categories":[121],"tags":[],"class_list":["post-54663","post","type-post","status-publish","format-standard","has-post-thumbnail","hentry","category-baixa-medica"],"jetpack_featured_media_url":"https:\/\/www.mediconanet.pt\/wp-content\/uploads\/2026\/02\/baixa-medica-ferias-e-subsidio-de-ferias.jpg","jetpack_sharing_enabled":true,"_links":{"self":[{"href":"https:\/\/www.mediconanet.pt\/en\/wp-json\/wp\/v2\/posts\/54663","targetHints":{"allow":["GET"]}}],"collection":[{"href":"https:\/\/www.mediconanet.pt\/en\/wp-json\/wp\/v2\/posts"}],"about":[{"href":"https:\/\/www.mediconanet.pt\/en\/wp-json\/wp\/v2\/types\/post"}],"author":[{"embeddable":true,"href":"https:\/\/www.mediconanet.pt\/en\/wp-json\/wp\/v2\/users\/2964"}],"replies":[{"embeddable":true,"href":"https:\/\/www.mediconanet.pt\/en\/wp-json\/wp\/v2\/comments?post=54663"}],"version-history":[{"count":31,"href":"https:\/\/www.mediconanet.pt\/en\/wp-json\/wp\/v2\/posts\/54663\/revisions"}],"predecessor-version":[{"id":54922,"href":"https:\/\/www.mediconanet.pt\/en\/wp-json\/wp\/v2\/posts\/54663\/revisions\/54922"}],"wp:featuredmedia":[{"embeddable":true,"href":"https:\/\/www.mediconanet.pt\/en\/wp-json\/wp\/v2\/media\/54784"}],"wp:attachment":[{"href":"https:\/\/www.mediconanet.pt\/en\/wp-json\/wp\/v2\/media?parent=54663"}],"wp:term":[{"taxonomy":"category","embeddable":true,"href":"https:\/\/www.mediconanet.pt\/en\/wp-json\/wp\/v2\/categories?post=54663"},{"taxonomy":"post_tag","embeddable":true,"href":"https:\/\/www.mediconanet.pt\/en\/wp-json\/wp\/v2\/tags?post=54663"}],"curies":[{"name":"wp","href":"https:\/\/api.w.org\/{rel}","templated":true}]}}