{"id":54792,"date":"2026-02-11T15:15:56","date_gmt":"2026-02-11T15:15:56","guid":{"rendered":"https:\/\/www.mediconanet.pt\/?p=54792"},"modified":"2026-02-12T10:46:32","modified_gmt":"2026-02-12T10:46:32","slug":"autodeclaracao-de-doenca-como-funciona","status":"publish","type":"post","link":"https:\/\/www.mediconanet.pt\/en\/autodeclaracao-de-doenca-como-funciona\/","title":{"rendered":"Autodeclara\u00e7\u00e3o de doen\u00e7a: como funciona e quando usar"},"content":{"rendered":"\t\t<div data-elementor-type=\"wp-post\" data-elementor-id=\"54792\" class=\"elementor elementor-54792\" data-elementor-post-type=\"post\">\n\t\t\t\t<div class=\"elementor-element elementor-element-e3aedbf e-flex e-con-boxed e-con e-parent\" data-id=\"e3aedbf\" data-element_type=\"container\">\n\t\t\t\t\t<div class=\"e-con-inner\">\n\t\t\t\t<div class=\"elementor-element elementor-element-159d6d3 elementor-widget elementor-widget-text-editor\" data-id=\"159d6d3\" data-element_type=\"widget\" data-widget_type=\"text-editor.default\">\n\t\t\t\t\t\t\t\t\t<p>Com a introdu\u00e7\u00e3o da autodeclara\u00e7\u00e3o de doen\u00e7a, muitos trabalhadores passaram a poder justificar faltas por doen\u00e7a sem recorrer imediatamente ao m\u00e9dico. Esta medida simplifica a justifica\u00e7\u00e3o de aus\u00eancias curtas e ajuda a reduzir a press\u00e3o sobre os servi\u00e7os de sa\u00fade. Neste artigo explicamos como funciona a <strong data-start=\"776\" data-end=\"804\">autodeclara\u00e7\u00e3o de doen\u00e7a<\/strong>, como pedir e em que situa\u00e7\u00f5es deve ser utilizada.<\/p>\t\t\t\t\t\t\t\t<\/div>\n\t\t\t\t<div class=\"elementor-element elementor-element-8225bbf elementor-widget elementor-widget-heading\" data-id=\"8225bbf\" data-element_type=\"widget\" data-widget_type=\"heading.default\">\n\t\t\t\t\t<h2 class=\"elementor-heading-title elementor-size-default\">O que \u00e9 a autodeclara\u00e7\u00e3o de doen\u00e7a?<\/h2>\t\t\t\t<\/div>\n\t\t\t\t<div class=\"elementor-element elementor-element-389e593 elementor-widget elementor-widget-text-editor\" data-id=\"389e593\" data-element_type=\"widget\" data-widget_type=\"text-editor.default\">\n\t\t\t\t\t\t\t\t\t<p data-start=\"898\" data-end=\"1148\">A <strong data-start=\"900\" data-end=\"928\">autodeclara\u00e7\u00e3o de doen\u00e7a<\/strong> (ADD) \u00e9 um documento que comprova que o trabalhador esteve doente e justifica at\u00e9 tr\u00eas dias consecutivos de aus\u00eancia ao trabalho. De acordo com o Montepio, este mecanismo pode ser utilizado no m\u00e1ximo duas vezes por ano.<\/p><p data-start=\"1150\" data-end=\"1307\">Trata-se de uma declara\u00e7\u00e3o emitida pelo pr\u00f3prio trabalhador, sob compromisso de honra, atrav\u00e9s do Portal SNS 24, da App SNS 24 ou da linha telef\u00f3nica SNS 24.<\/p><p data-start=\"1309\" data-end=\"1827\">Ao contr\u00e1rio do Certificado de Incapacidade Tempor\u00e1ria (CIT), que tem de ser emitido por um m\u00e9dico e \u00e9 comunicado \u00e0 Seguran\u00e7a Social para efeitos de subs\u00eddio de doen\u00e7a, a autodeclara\u00e7\u00e3o destina-se a situa\u00e7\u00f5es de doen\u00e7a aguda e ligeira, como constipa\u00e7\u00f5es ou gripes simples. Uma d\u00favida frequente \u00e9 se a autodeclara\u00e7\u00e3o pode ser usada para qualquer motivo. A resposta \u00e9 n\u00e3o: a <strong data-start=\"1682\" data-end=\"1710\">autodeclara\u00e7\u00e3o de doen\u00e7a<\/strong> deve ser utilizada apenas quando a doen\u00e7a \u00e9 real e impede temporariamente o trabalhador de exercer a sua actividade.<\/p>\t\t\t\t\t\t\t\t<\/div>\n\t\t\t\t<div class=\"elementor-element elementor-element-e902bef elementor-widget elementor-widget-heading\" data-id=\"e902bef\" data-element_type=\"widget\" data-widget_type=\"heading.default\">\n\t\t\t\t\t<h2 class=\"elementor-heading-title elementor-size-default\">Quem pode utilizar a autodeclara\u00e7\u00e3o?<\/h2>\t\t\t\t<\/div>\n\t\t\t\t<div class=\"elementor-element elementor-element-8c81bb9 elementor-widget elementor-widget-text-editor\" data-id=\"8c81bb9\" data-element_type=\"widget\" data-widget_type=\"text-editor.default\">\n\t\t\t\t\t\t\t\t\t<p data-start=\"1871\" data-end=\"2143\">Todos os trabalhadores abrangidos pelo regime geral da Seguran\u00e7a Social podem recorrer \u00e0 autodeclara\u00e7\u00e3o. Este mecanismo foi pensado para pessoas com sintomas ligeiros que necessitam de permanecer em casa para recuperar, mas cuja situa\u00e7\u00e3o n\u00e3o justifica uma consulta m\u00e9dica.<\/p><p data-start=\"2145\" data-end=\"2374\">Em per\u00edodos de maior incid\u00eancia de doen\u00e7as respirat\u00f3rias, como durante a \u00e9poca de gripe, a <strong data-start=\"2236\" data-end=\"2264\">autodeclara\u00e7\u00e3o de doen\u00e7a<\/strong> permite evitar desloca\u00e7\u00f5es desnecess\u00e1rias aos centros de sa\u00fade e contribui para a protec\u00e7\u00e3o da sa\u00fade p\u00fablica.<\/p>\t\t\t\t\t\t\t\t<\/div>\n\t\t\t\t<div class=\"elementor-element elementor-element-3a9f09f elementor-widget elementor-widget-image\" data-id=\"3a9f09f\" data-element_type=\"widget\" data-widget_type=\"image.default\">\n\t\t\t\t\t\t\t\t\t\t\t\t\t\t\t<img fetchpriority=\"high\" decoding=\"async\" width=\"800\" height=\"448\" src=\"https:\/\/www.mediconanet.pt\/wp-content\/uploads\/2026\/02\/autodeclaracao-de-doenca-como-funciona-consulta-online-1024x573.jpg\" class=\"attachment-large size-large wp-image-54804\" alt=\"Consulta online relacionada com a autodeclara\u00e7\u00e3o de doen\u00e7a\" srcset=\"https:\/\/www.mediconanet.pt\/wp-content\/uploads\/2026\/02\/autodeclaracao-de-doenca-como-funciona-consulta-online-1024x573.jpg 1024w, https:\/\/www.mediconanet.pt\/wp-content\/uploads\/2026\/02\/autodeclaracao-de-doenca-como-funciona-consulta-online-300x168.jpg 300w, https:\/\/www.mediconanet.pt\/wp-content\/uploads\/2026\/02\/autodeclaracao-de-doenca-como-funciona-consulta-online-768x430.jpg 768w, https:\/\/www.mediconanet.pt\/wp-content\/uploads\/2026\/02\/autodeclaracao-de-doenca-como-funciona-consulta-online-1536x860.jpg 1536w, https:\/\/www.mediconanet.pt\/wp-content\/uploads\/2026\/02\/autodeclaracao-de-doenca-como-funciona-consulta-online-18x10.jpg 18w, https:\/\/www.mediconanet.pt\/wp-content\/uploads\/2026\/02\/autodeclaracao-de-doenca-como-funciona-consulta-online-600x336.jpg 600w, https:\/\/www.mediconanet.pt\/wp-content\/uploads\/2026\/02\/autodeclaracao-de-doenca-como-funciona-consulta-online.jpg 1600w\" sizes=\"(max-width: 800px) 100vw, 800px\" \/>\t\t\t\t\t\t\t\t\t\t\t\t\t\t\t<\/div>\n\t\t\t\t<div class=\"elementor-element elementor-element-bcb0a13 elementor-widget elementor-widget-heading\" data-id=\"bcb0a13\" data-element_type=\"widget\" data-widget_type=\"heading.default\">\n\t\t\t\t\t<h2 class=\"elementor-heading-title elementor-size-default\">Como pedir a autodeclara\u00e7\u00e3o de doen\u00e7a?<\/h2>\t\t\t\t<\/div>\n\t\t\t\t<div class=\"elementor-element elementor-element-4cd7f6e elementor-widget elementor-widget-text-editor\" data-id=\"4cd7f6e\" data-element_type=\"widget\" data-widget_type=\"text-editor.default\">\n\t\t\t\t\t\t\t\t\t<p data-start=\"2420\" data-end=\"2584\">O pedido deve ser feito no prazo m\u00e1ximo de cinco dias ap\u00f3s o primeiro dia de aus\u00eancia ao trabalho. O processo \u00e9 simples e pode ser realizado online ou por telefone:<\/p><ul><li data-start=\"2588\" data-end=\"2659\">Aceder ao Portal SNS 24, no computador, ou \u00e0 App SNS 24, no telem\u00f3vel<\/li><li data-start=\"2588\" data-end=\"2659\">Autenticar-se com Chave M\u00f3vel Digital, Cart\u00e3o de Cidad\u00e3o ou N\u00famero de Utente de Sa\u00fade<\/li><li data-start=\"2588\" data-end=\"2659\">Seleccionar a op\u00e7\u00e3o \u201cAutodeclara\u00e7\u00e3o de Doen\u00e7a\u201d no menu \u201cPreciso de\u2026\u201d<\/li><li data-start=\"2588\" data-end=\"2659\">Indicar a data de in\u00edcio da doen\u00e7a e confirmar os dados<\/li><li data-start=\"2588\" data-end=\"2659\">Submeter o pedido<\/li><\/ul><p data-start=\"2906\" data-end=\"3092\">Ap\u00f3s a submiss\u00e3o, \u00e9 gerado um c\u00f3digo que deve ser comunicado \u00e0 entidade empregadora. O empregador pode verificar a autenticidade da <strong data-start=\"3038\" data-end=\"3066\">autodeclara\u00e7\u00e3o de doen\u00e7a<\/strong> atrav\u00e9s do Portal SNS 24.<\/p>\t\t\t\t\t\t\t\t<\/div>\n\t\t\t\t<div class=\"elementor-element elementor-element-7aa1911 elementor-widget elementor-widget-heading\" data-id=\"7aa1911\" data-element_type=\"widget\" data-widget_type=\"heading.default\">\n\t\t\t\t\t<h2 class=\"elementor-heading-title elementor-size-default\">Quando n\u00e3o se aplica a autodeclara\u00e7\u00e3o?<\/h2>\t\t\t\t<\/div>\n\t\t\t\t<div class=\"elementor-element elementor-element-83497a8 elementor-widget elementor-widget-text-editor\" data-id=\"83497a8\" data-element_type=\"widget\" data-widget_type=\"text-editor.default\">\n\t\t\t\t\t\t\t\t\t<p data-start=\"3138\" data-end=\"3195\">A autodeclara\u00e7\u00e3o de doen\u00e7a n\u00e3o pode ser utilizada quando:<\/p><ul><li data-start=\"3199\" data-end=\"3324\">A aus\u00eancia por doen\u00e7a ultrapassa tr\u00eas dias consecutivos, sendo necess\u00e1rio obter um CIT emitido por um profissional de sa\u00fade<\/li><li data-start=\"3199\" data-end=\"3324\">O trabalhador j\u00e1 utilizou duas autodeclara\u00e7\u00f5es no mesmo ano civil<\/li><li data-start=\"3199\" data-end=\"3324\">A doen\u00e7a apresenta sinais de alarme, como falta de ar intensa, dor no peito, confus\u00e3o, febre persistente, v\u00f3mitos ou agravamento ap\u00f3s uma aparente melhoria<\/li><li data-start=\"3199\" data-end=\"3324\">O trabalhador pretende beneficiar de subs\u00eddio de doen\u00e7a, uma vez que a autodeclara\u00e7\u00e3o apenas justifica a aus\u00eancia e n\u00e3o confere direito a apoio financeiro<\/li><\/ul><p data-start=\"3715\" data-end=\"3823\">Nestes casos, deve ser contactada a Linha SNS 24 para orienta\u00e7\u00e3o cl\u00ednica ou procurados os servi\u00e7os de sa\u00fade.<\/p>\t\t\t\t\t\t\t\t<\/div>\n\t\t\t\t\t<\/div>\n\t\t\t\t<\/div>\n\t\t<div class=\"elementor-element elementor-element-f9b5004 e-flex e-con-boxed e-con e-parent\" data-id=\"f9b5004\" data-element_type=\"container\">\n\t\t\t\t\t<div class=\"e-con-inner\">\n\t\t<div class=\"elementor-element elementor-element-f0b8d58 e-con-full e-flex e-con e-child\" data-id=\"f0b8d58\" data-element_type=\"container\">\n\t\t<div class=\"elementor-element elementor-element-535df7e e-con-full e-flex e-con e-child\" data-id=\"535df7e\" data-element_type=\"container\">\n\t\t\t\t<div class=\"elementor-element elementor-element-81aa0bb elementor-widget elementor-widget-heading\" data-id=\"81aa0bb\" data-element_type=\"widget\" data-widget_type=\"heading.default\">\n\t\t\t\t\t<h2 class=\"elementor-heading-title elementor-size-default\">Perguntas frequentes (FAQ)<\/h2>\t\t\t\t<\/div>\n\t\t\t\t<div class=\"elementor-element elementor-element-520839b elementor-widget elementor-widget-n-accordion\" data-id=\"520839b\" data-element_type=\"widget\" data-settings=\"{&quot;default_state&quot;:&quot;all_collapsed&quot;,&quot;max_items_expended&quot;:&quot;one&quot;,&quot;n_accordion_animation_duration&quot;:{&quot;unit&quot;:&quot;ms&quot;,&quot;size&quot;:400,&quot;sizes&quot;:[]}}\" data-widget_type=\"nested-accordion.default\">\n\t\t\t\t\t\t\t<div class=\"e-n-accordion\" aria-label=\"Accordion. Open links with Enter or Space, close with Escape, and navigate with Arrow Keys\">\n\t\t\t\t\t\t<details id=\"e-n-accordion-item-8600\" class=\"e-n-accordion-item\" >\n\t\t\t\t<summary class=\"e-n-accordion-item-title\" data-accordion-index=\"1\" tabindex=\"0\" aria-expanded=\"false\" aria-controls=\"e-n-accordion-item-8600\" >\n\t\t\t\t\t<span class='e-n-accordion-item-title-header'><div class=\"e-n-accordion-item-title-text\"> O que acontece se mentir na autodeclara\u00e7\u00e3o? <\/div><\/span>\n\t\t\t\t\t\t\t<span class='e-n-accordion-item-title-icon'>\n\t\t\t<span class='e-opened' ><svg aria-hidden=\"true\" class=\"e-font-icon-svg e-fas-minus\" viewBox=\"0 0 448 512\" xmlns=\"http:\/\/www.w3.org\/2000\/svg\"><path d=\"M416 208H32c-17.67 0-32 14.33-32 32v32c0 17.67 14.33 32 32 32h384c17.67 0 32-14.33 32-32v-32c0-17.67-14.33-32-32-32z\"><\/path><\/svg><\/span>\n\t\t\t<span class='e-closed'><svg aria-hidden=\"true\" class=\"e-font-icon-svg e-fas-plus\" viewBox=\"0 0 448 512\" xmlns=\"http:\/\/www.w3.org\/2000\/svg\"><path d=\"M416 208H272V64c0-17.67-14.33-32-32-32h-32c-17.67 0-32 14.33-32 32v144H32c-17.67 0-32 14.33-32 32v32c0 17.67 14.33 32 32 32h144v144c0 17.67 14.33 32 32 32h32c17.67 0 32-14.33 32-32V304h144c17.67 0 32-14.33 32-32v-32c0-17.67-14.33-32-32-32z\"><\/path><\/svg><\/span>\n\t\t<\/span>\n\n\t\t\t\t\t\t<\/summary>\n\t\t\t\t<div role=\"region\" aria-labelledby=\"e-n-accordion-item-8600\" class=\"elementor-element elementor-element-1d7b1aa e-con-full e-flex e-con e-child\" data-id=\"1d7b1aa\" data-element_type=\"container\">\n\t\t<div role=\"region\" aria-labelledby=\"e-n-accordion-item-8600\" class=\"elementor-element elementor-element-1ac1ffd e-flex e-con-boxed e-con e-child\" data-id=\"1ac1ffd\" data-element_type=\"container\">\n\t\t\t\t\t<div class=\"e-con-inner\">\n\t\t\t\t<div class=\"elementor-element elementor-element-a136252 elementor-widget elementor-widget-text-editor\" data-id=\"a136252\" data-element_type=\"widget\" data-widget_type=\"text-editor.default\">\n\t\t\t\t\t\t\t\t\t<p>Prestar falsas declara\u00e7\u00f5es numa <strong data-start=\"3933\" data-end=\"3961\">autodeclara\u00e7\u00e3o de doen\u00e7a<\/strong> pode ser considerado falta injustificada e, em situa\u00e7\u00f5es de fraude, pode constituir motivo de despedimento com justa causa, nos termos da legisla\u00e7\u00e3o laboral.<\/p>\t\t\t\t\t\t\t\t<\/div>\n\t\t\t\t\t<\/div>\n\t\t\t\t<\/div>\n\t\t\t\t<\/div>\n\t\t\t\t\t<\/details>\n\t\t\t\t\t\t<details id=\"e-n-accordion-item-8601\" class=\"e-n-accordion-item\" >\n\t\t\t\t<summary class=\"e-n-accordion-item-title\" data-accordion-index=\"2\" tabindex=\"-1\" aria-expanded=\"false\" aria-controls=\"e-n-accordion-item-8601\" >\n\t\t\t\t\t<span class='e-n-accordion-item-title-header'><div class=\"e-n-accordion-item-title-text\"> Posso pedir a autodeclara\u00e7\u00e3o por telefone? <\/div><\/span>\n\t\t\t\t\t\t\t<span class='e-n-accordion-item-title-icon'>\n\t\t\t<span class='e-opened' ><svg aria-hidden=\"true\" class=\"e-font-icon-svg e-fas-minus\" viewBox=\"0 0 448 512\" xmlns=\"http:\/\/www.w3.org\/2000\/svg\"><path d=\"M416 208H32c-17.67 0-32 14.33-32 32v32c0 17.67 14.33 32 32 32h384c17.67 0 32-14.33 32-32v-32c0-17.67-14.33-32-32-32z\"><\/path><\/svg><\/span>\n\t\t\t<span class='e-closed'><svg aria-hidden=\"true\" class=\"e-font-icon-svg e-fas-plus\" viewBox=\"0 0 448 512\" xmlns=\"http:\/\/www.w3.org\/2000\/svg\"><path d=\"M416 208H272V64c0-17.67-14.33-32-32-32h-32c-17.67 0-32 14.33-32 32v144H32c-17.67 0-32 14.33-32 32v32c0 17.67 14.33 32 32 32h144v144c0 17.67 14.33 32 32 32h32c17.67 0 32-14.33 32-32V304h144c17.67 0 32-14.33 32-32v-32c0-17.67-14.33-32-32-32z\"><\/path><\/svg><\/span>\n\t\t<\/span>\n\n\t\t\t\t\t\t<\/summary>\n\t\t\t\t<div role=\"region\" aria-labelledby=\"e-n-accordion-item-8601\" class=\"elementor-element elementor-element-ba23b56 e-con-full e-flex e-con e-child\" data-id=\"ba23b56\" data-element_type=\"container\">\n\t\t<div role=\"region\" aria-labelledby=\"e-n-accordion-item-8601\" class=\"elementor-element elementor-element-249eddd e-flex e-con-boxed e-con e-child\" data-id=\"249eddd\" data-element_type=\"container\">\n\t\t\t\t\t<div class=\"e-con-inner\">\n\t\t\t\t<div class=\"elementor-element elementor-element-b328148 elementor-widget elementor-widget-text-editor\" data-id=\"b328148\" data-element_type=\"widget\" data-widget_type=\"text-editor.default\">\n\t\t\t\t\t\t\t\t\t<p>Sim. \u00c9 poss\u00edvel solicitar a autodeclara\u00e7\u00e3o atrav\u00e9s da linha SNS 24 (808 24 24 24), desde que o pedido seja feito dentro do prazo de cinco dias.<\/p>\t\t\t\t\t\t\t\t<\/div>\n\t\t\t\t\t<\/div>\n\t\t\t\t<\/div>\n\t\t\t\t<\/div>\n\t\t\t\t\t<\/details>\n\t\t\t\t\t\t<details id=\"e-n-accordion-item-8602\" class=\"e-n-accordion-item\" >\n\t\t\t\t<summary class=\"e-n-accordion-item-title\" data-accordion-index=\"3\" tabindex=\"-1\" aria-expanded=\"false\" aria-controls=\"e-n-accordion-item-8602\" >\n\t\t\t\t\t<span class='e-n-accordion-item-title-header'><div class=\"e-n-accordion-item-title-text\"> O que devo fazer se precisar de mais dias de aus\u00eancia? <\/div><\/span>\n\t\t\t\t\t\t\t<span class='e-n-accordion-item-title-icon'>\n\t\t\t<span class='e-opened' ><svg aria-hidden=\"true\" class=\"e-font-icon-svg e-fas-minus\" viewBox=\"0 0 448 512\" xmlns=\"http:\/\/www.w3.org\/2000\/svg\"><path d=\"M416 208H32c-17.67 0-32 14.33-32 32v32c0 17.67 14.33 32 32 32h384c17.67 0 32-14.33 32-32v-32c0-17.67-14.33-32-32-32z\"><\/path><\/svg><\/span>\n\t\t\t<span class='e-closed'><svg aria-hidden=\"true\" class=\"e-font-icon-svg e-fas-plus\" viewBox=\"0 0 448 512\" xmlns=\"http:\/\/www.w3.org\/2000\/svg\"><path d=\"M416 208H272V64c0-17.67-14.33-32-32-32h-32c-17.67 0-32 14.33-32 32v144H32c-17.67 0-32 14.33-32 32v32c0 17.67 14.33 32 32 32h144v144c0 17.67 14.33 32 32 32h32c17.67 0 32-14.33 32-32V304h144c17.67 0 32-14.33 32-32v-32c0-17.67-14.33-32-32-32z\"><\/path><\/svg><\/span>\n\t\t<\/span>\n\n\t\t\t\t\t\t<\/summary>\n\t\t\t\t<div role=\"region\" aria-labelledby=\"e-n-accordion-item-8602\" class=\"elementor-element elementor-element-a77714c e-con-full e-flex e-con e-child\" data-id=\"a77714c\" data-element_type=\"container\">\n\t\t<div role=\"region\" aria-labelledby=\"e-n-accordion-item-8602\" class=\"elementor-element elementor-element-6a4a250 e-flex e-con-boxed e-con e-child\" data-id=\"6a4a250\" data-element_type=\"container\">\n\t\t\t\t\t<div class=\"e-con-inner\">\n\t\t\t\t<div class=\"elementor-element elementor-element-3b5ebae elementor-widget elementor-widget-text-editor\" data-id=\"3b5ebae\" data-element_type=\"widget\" data-widget_type=\"text-editor.default\">\n\t\t\t\t\t\t\t\t\t<p>Se a doen\u00e7a persistir para al\u00e9m de tr\u00eas dias, deve procurar um m\u00e9dico ou os servi\u00e7os de sa\u00fade para obter um Certificado de Incapacidade Tempor\u00e1ria v\u00e1lido.<\/p>\t\t\t\t\t\t\t\t<\/div>\n\t\t\t\t\t<\/div>\n\t\t\t\t<\/div>\n\t\t\t\t<\/div>\n\t\t\t\t\t<\/details>\n\t\t\t\t\t\t<details id=\"e-n-accordion-item-8603\" class=\"e-n-accordion-item\" >\n\t\t\t\t<summary class=\"e-n-accordion-item-title\" data-accordion-index=\"4\" tabindex=\"-1\" aria-expanded=\"false\" aria-controls=\"e-n-accordion-item-8603\" >\n\t\t\t\t\t<span class='e-n-accordion-item-title-header'><div class=\"e-n-accordion-item-title-text\"> Os empregadores s\u00e3o obrigados a aceitar a autodeclara\u00e7\u00e3o? <\/div><\/span>\n\t\t\t\t\t\t\t<span class='e-n-accordion-item-title-icon'>\n\t\t\t<span class='e-opened' ><svg aria-hidden=\"true\" class=\"e-font-icon-svg e-fas-minus\" viewBox=\"0 0 448 512\" xmlns=\"http:\/\/www.w3.org\/2000\/svg\"><path d=\"M416 208H32c-17.67 0-32 14.33-32 32v32c0 17.67 14.33 32 32 32h384c17.67 0 32-14.33 32-32v-32c0-17.67-14.33-32-32-32z\"><\/path><\/svg><\/span>\n\t\t\t<span class='e-closed'><svg aria-hidden=\"true\" class=\"e-font-icon-svg e-fas-plus\" viewBox=\"0 0 448 512\" xmlns=\"http:\/\/www.w3.org\/2000\/svg\"><path d=\"M416 208H272V64c0-17.67-14.33-32-32-32h-32c-17.67 0-32 14.33-32 32v144H32c-17.67 0-32 14.33-32 32v32c0 17.67 14.33 32 32 32h144v144c0 17.67 14.33 32 32 32h32c17.67 0 32-14.33 32-32V304h144c17.67 0 32-14.33 32-32v-32c0-17.67-14.33-32-32-32z\"><\/path><\/svg><\/span>\n\t\t<\/span>\n\n\t\t\t\t\t\t<\/summary>\n\t\t\t\t<div role=\"region\" aria-labelledby=\"e-n-accordion-item-8603\" class=\"elementor-element elementor-element-fd3230b e-con-full e-flex e-con e-child\" data-id=\"fd3230b\" data-element_type=\"container\">\n\t\t<div role=\"region\" aria-labelledby=\"e-n-accordion-item-8603\" class=\"elementor-element elementor-element-84debe7 e-flex e-con-boxed e-con e-child\" data-id=\"84debe7\" data-element_type=\"container\">\n\t\t\t\t\t<div class=\"e-con-inner\">\n\t\t\t\t<div class=\"elementor-element elementor-element-7cf33fe elementor-widget elementor-widget-text-editor\" data-id=\"7cf33fe\" data-element_type=\"widget\" data-widget_type=\"text-editor.default\">\n\t\t\t\t\t\t\t\t\t<p>Sim. Desde que respeite os prazos e os limites legais, a <strong data-start=\"4653\" data-end=\"4681\">autodeclara\u00e7\u00e3o de doen\u00e7a<\/strong> deve ser aceite pelo empregador, que pode confirmar a sua validade atrav\u00e9s do c\u00f3digo gerado.<\/p>\t\t\t\t\t\t\t\t<\/div>\n\t\t\t\t\t<\/div>\n\t\t\t\t<\/div>\n\t\t\t\t<\/div>\n\t\t\t\t\t<\/details>\n\t\t\t\t\t\t<details id=\"e-n-accordion-item-8604\" class=\"e-n-accordion-item\" >\n\t\t\t\t<summary class=\"e-n-accordion-item-title\" data-accordion-index=\"5\" tabindex=\"-1\" aria-expanded=\"false\" aria-controls=\"e-n-accordion-item-8604\" >\n\t\t\t\t\t<span class='e-n-accordion-item-title-header'><div class=\"e-n-accordion-item-title-text\"> A autodeclara\u00e7\u00e3o de doen\u00e7a pode ser usada em dias n\u00e3o consecutivos? <\/div><\/span>\n\t\t\t\t\t\t\t<span class='e-n-accordion-item-title-icon'>\n\t\t\t<span class='e-opened' ><svg aria-hidden=\"true\" class=\"e-font-icon-svg e-fas-minus\" viewBox=\"0 0 448 512\" xmlns=\"http:\/\/www.w3.org\/2000\/svg\"><path d=\"M416 208H32c-17.67 0-32 14.33-32 32v32c0 17.67 14.33 32 32 32h384c17.67 0 32-14.33 32-32v-32c0-17.67-14.33-32-32-32z\"><\/path><\/svg><\/span>\n\t\t\t<span class='e-closed'><svg aria-hidden=\"true\" class=\"e-font-icon-svg e-fas-plus\" viewBox=\"0 0 448 512\" xmlns=\"http:\/\/www.w3.org\/2000\/svg\"><path d=\"M416 208H272V64c0-17.67-14.33-32-32-32h-32c-17.67 0-32 14.33-32 32v144H32c-17.67 0-32 14.33-32 32v32c0 17.67 14.33 32 32 32h144v144c0 17.67 14.33 32 32 32h32c17.67 0 32-14.33 32-32V304h144c17.67 0 32-14.33 32-32v-32c0-17.67-14.33-32-32-32z\"><\/path><\/svg><\/span>\n\t\t<\/span>\n\n\t\t\t\t\t\t<\/summary>\n\t\t\t\t<div role=\"region\" aria-labelledby=\"e-n-accordion-item-8604\" class=\"elementor-element elementor-element-b8b8e07 e-con-full e-flex e-con e-child\" data-id=\"b8b8e07\" data-element_type=\"container\">\n\t\t<div role=\"region\" aria-labelledby=\"e-n-accordion-item-8604\" class=\"elementor-element elementor-element-b50bcaf e-flex e-con-boxed e-con e-child\" data-id=\"b50bcaf\" data-element_type=\"container\">\n\t\t\t\t\t<div class=\"e-con-inner\">\n\t\t\t\t<div class=\"elementor-element elementor-element-ec7533d elementor-widget elementor-widget-text-editor\" data-id=\"ec7533d\" data-element_type=\"widget\" data-widget_type=\"text-editor.default\">\n\t\t\t\t\t\t\t\t\t<p>N\u00e3o. A <strong data-start=\"231\" data-end=\"259\">autodeclara\u00e7\u00e3o de doen\u00e7a<\/strong> s\u00f3 pode justificar aus\u00eancias por at\u00e9 tr\u00eas dias consecutivos. N\u00e3o \u00e9 poss\u00edvel utilizar a autodeclara\u00e7\u00e3o para dias intercalados ou isolados. Se houver novas faltas por doen\u00e7a em momentos diferentes, estas s\u00f3 podem ser justificadas com nova autodeclara\u00e7\u00e3o (respeitando o limite anual) ou, em alternativa, com um Certificado de Incapacidade Tempor\u00e1ria emitido por um profissional de sa\u00fade.<\/p>\t\t\t\t\t\t\t\t<\/div>\n\t\t\t\t\t<\/div>\n\t\t\t\t<\/div>\n\t\t\t\t<\/div>\n\t\t\t\t\t<\/details>\n\t\t\t\t\t<\/div>\n\t\t\t\t\t<script type=\"application\/ld+json\">{\"@context\":\"https:\\\/\\\/schema.org\",\"@type\":\"FAQPage\",\"mainEntity\":[{\"@type\":\"Question\",\"name\":\"O que acontece se mentir na autodeclara\\u00e7\\u00e3o?\",\"acceptedAnswer\":{\"@type\":\"Answer\",\"text\":\"Prestar falsas declara\\u00e7\\u00f5es numa autodeclara\\u00e7\\u00e3o de doen\\u00e7a pode ser considerado falta injustificada e, em situa\\u00e7\\u00f5es de fraude, pode constituir motivo de despedimento com justa causa, nos termos da legisla\\u00e7\\u00e3o laboral.\"}},{\"@type\":\"Question\",\"name\":\"Posso pedir a autodeclara\\u00e7\\u00e3o por telefone?\",\"acceptedAnswer\":{\"@type\":\"Answer\",\"text\":\"Sim. \\u00c9 poss\\u00edvel solicitar a autodeclara\\u00e7\\u00e3o atrav\\u00e9s da linha SNS 24 (808 24 24 24), desde que o pedido seja feito dentro do prazo de cinco dias.\"}},{\"@type\":\"Question\",\"name\":\"O que devo fazer se precisar de mais dias de aus\\u00eancia?\",\"acceptedAnswer\":{\"@type\":\"Answer\",\"text\":\"Se a doen\\u00e7a persistir para al\\u00e9m de tr\\u00eas dias, deve procurar um m\\u00e9dico ou os servi\\u00e7os de sa\\u00fade para obter um Certificado de Incapacidade Tempor\\u00e1ria v\\u00e1lido.\"}},{\"@type\":\"Question\",\"name\":\"Os empregadores s\\u00e3o obrigados a aceitar a autodeclara\\u00e7\\u00e3o?\",\"acceptedAnswer\":{\"@type\":\"Answer\",\"text\":\"Sim. Desde que respeite os prazos e os limites legais, a autodeclara\\u00e7\\u00e3o de doen\\u00e7a deve ser aceite pelo empregador, que pode confirmar a sua validade atrav\\u00e9s do c\\u00f3digo gerado.\"}},{\"@type\":\"Question\",\"name\":\"A autodeclara\\u00e7\\u00e3o de doen\\u00e7a pode ser usada em dias n\\u00e3o consecutivos?\",\"acceptedAnswer\":{\"@type\":\"Answer\",\"text\":\"N\\u00e3o. A autodeclara\\u00e7\\u00e3o de doen\\u00e7a s\\u00f3 pode justificar aus\\u00eancias por at\\u00e9 tr\\u00eas dias consecutivos. N\\u00e3o \\u00e9 poss\\u00edvel utilizar a autodeclara\\u00e7\\u00e3o para dias intercalados ou isolados. Se houver novas faltas por doen\\u00e7a em momentos diferentes, estas s\\u00f3 podem ser justificadas com nova autodeclara\\u00e7\\u00e3o (respeitando o limite anual) ou, em alternativa, com um Certificado de Incapacidade Tempor\\u00e1ria emitido por um profissional de sa\\u00fade.\"}}]}<\/script>\n\t\t\t\t\t\t\t<\/div>\n\t\t\t\t<\/div>\n\t\t\t\t<\/div>\n\t\t\t\t\t<\/div>\n\t\t\t\t<\/div>\n\t\t<div class=\"elementor-element elementor-element-8cb3333 e-flex e-con-boxed e-con e-parent\" data-id=\"8cb3333\" data-element_type=\"container\">\n\t\t\t\t\t<div class=\"e-con-inner\">\n\t\t\t\t<div class=\"elementor-element elementor-element-e8d00a8 elementor-widget elementor-widget-heading\" data-id=\"e8d00a8\" data-element_type=\"widget\" data-widget_type=\"heading.default\">\n\t\t\t\t\t<h2 class=\"elementor-heading-title elementor-size-default\">Conclus\u00e3o<\/h2>\t\t\t\t<\/div>\n\t\t\t\t<div class=\"elementor-element elementor-element-3ab59d4 elementor-widget elementor-widget-text-editor\" data-id=\"3ab59d4\" data-element_type=\"widget\" data-widget_type=\"text-editor.default\">\n\t\t\t\t\t\t\t\t\t<p>A <strong data-start=\"4793\" data-end=\"4821\">autodeclara\u00e7\u00e3o de doen\u00e7a<\/strong> veio simplificar a justifica\u00e7\u00e3o de aus\u00eancias por doen\u00e7as ligeiras e reduzir a sobrecarga dos servi\u00e7os de sa\u00fade. Pode ser pedida online ou por telefone, justifica at\u00e9 tr\u00eas dias consecutivos de aus\u00eancia e deve ser utilizada de forma respons\u00e1vel. Para situa\u00e7\u00f5es mais prolongadas ou com sinais de gravidade, \u00e9 fundamental procurar assist\u00eancia m\u00e9dica e obter um CIT.<\/p><p>Na\u00a0<strong data-start=\"180\" data-end=\"197\">M\u00e9dico na Net<\/strong>, \u00e9 poss\u00edvel agendar uma\u00a0<a href=\"https:\/\/www.mediconanet.pt\/produto\/baixa-medica\/\"><strong data-start=\"222\" data-end=\"337\">consulta m\u00e9dica online para avalia\u00e7\u00e3o de baixa m\u00e9dica e emiss\u00e3o de Certificado de Incapacidade Tempor\u00e1ria (CIT)<\/strong><\/a>, quando clinicamente justificado. Atrav\u00e9s de acompanhamento m\u00e9dico \u00e0 dist\u00e2ncia, o profissional avalia a situa\u00e7\u00e3o de sa\u00fade, esclarece d\u00favidas e orienta o processo de como solicitar a baixa m\u00e9dica de forma segura, confidencial e em conformidade com a legisla\u00e7\u00e3o em vigor.<\/p>\t\t\t\t\t\t\t\t<\/div>\n\t\t\t\t<div class=\"elementor-element elementor-element-d383923 elementor-widget elementor-widget-heading\" data-id=\"d383923\" data-element_type=\"widget\" data-widget_type=\"heading.default\">\n\t\t\t\t\t<h2 class=\"elementor-heading-title elementor-size-default\">Fontes<\/h2>\t\t\t\t<\/div>\n\t\t\t\t<div class=\"elementor-element elementor-element-9c45c42 elementor-widget elementor-widget-text-editor\" data-id=\"9c45c42\" data-element_type=\"widget\" data-widget_type=\"text-editor.default\">\n\t\t\t\t\t\t\t\t\t<p data-start=\"5197\" data-end=\"5524\"><a href=\"https:\/\/www.montepio.org\/ei\/pessoal\/gestao-diaria\/baixa-medica-e-subsidio-de-doenca-quais-as-regras\/\" rel=\"dofollow noopener\" target=\"_blank\">Montepio \u2013 <em data-start=\"5208\" data-end=\"5261\">Baixa m\u00e9dica e subs\u00eddio de doen\u00e7a: quais as regras?<\/em><\/a><br \/><a href=\"https:\/\/www.ovarnews.pt\/gripe-a-quando-ficar-em-casa-e-quando-procurar-cuidados-de-saude-por-dr-eurico-silva\/\" rel=\"nofollow noopener\" target=\"_blank\">OvarNews \u2013 <em data-start=\"5537\" data-end=\"5604\">Gripe A: quando ficar em casa e quando procurar cuidados de sa\u00fade<\/em>.\u00a0<\/a><br \/><a href=\"https:\/\/rpmgf.pt\/ojs\/index.php\/rpmgf\/en\/article\/view\/13551\" rel=\"nofollow noopener\" target=\"_blank\">Revista Portuguesa de Medicina Geral e Familiar \u2013 \u201cTemporary disability certificates: a cross\u2011sectional study carried out in two Family Health Units&#8221;<\/a><br \/><a href=\"https:\/\/rpmgf.pt\/ojs\/index.php\/rpmgf\/en\/article\/view\/11068\" rel=\"nofollow noopener\" target=\"_blank\">Revista Portuguesa de Medicina Geral e Familiar \u2013 \u201cDeterminants of long\u2011term work absenteeism \u2013 The INCIT study&#8221;<\/a><br \/><a href=\"https:\/\/journals.plos.org\/plosone\/article?id=10.1371\/journal.pone.0067887\" rel=\"nofollow noopener\" target=\"_blank\">PLOS One \u2013 \u201cAll\u2011Cause and Cause\u2011Specific Mortality after Long\u2011Term Sickness Absence for Psychiatric Disorders: A Prospective Cohort Study\u201d<\/a><\/p>\t\t\t\t\t\t\t\t<\/div>\n\t\t\t\t\t<\/div>\n\t\t\t\t<\/div>\n\t\t\t\t<\/div>\n\t\t","protected":false},"excerpt":{"rendered":"<p>Com a introdu\u00e7\u00e3o da autodeclara\u00e7\u00e3o de doen\u00e7a, muitos trabalhadores passaram a poder justificar faltas por doen\u00e7a sem recorrer imediatamente ao m\u00e9dico. Esta medida simplifica a justifica\u00e7\u00e3o de aus\u00eancias curtas e ajuda a reduzir a press\u00e3o sobre os servi\u00e7os de sa\u00fade. Neste artigo explicamos como funciona a autodeclara\u00e7\u00e3o de doen\u00e7a, como pedir e em que situa\u00e7\u00f5es [&hellip;]<\/p>\n","protected":false},"author":2964,"featured_media":54803,"comment_status":"closed","ping_status":"closed","sticky":false,"template":"","format":"standard","meta":{"_jetpack_memberships_contains_paid_content":false,"footnotes":""},"categories":[121],"tags":[],"class_list":["post-54792","post","type-post","status-publish","format-standard","has-post-thumbnail","hentry","category-baixa-medica"],"jetpack_featured_media_url":"https:\/\/www.mediconanet.pt\/wp-content\/uploads\/2026\/02\/autodeclaracao-de-doenca-como-funciona-e-como-solicitar.jpg","jetpack_sharing_enabled":true,"_links":{"self":[{"href":"https:\/\/www.mediconanet.pt\/en\/wp-json\/wp\/v2\/posts\/54792","targetHints":{"allow":["GET"]}}],"collection":[{"href":"https:\/\/www.mediconanet.pt\/en\/wp-json\/wp\/v2\/posts"}],"about":[{"href":"https:\/\/www.mediconanet.pt\/en\/wp-json\/wp\/v2\/types\/post"}],"author":[{"embeddable":true,"href":"https:\/\/www.mediconanet.pt\/en\/wp-json\/wp\/v2\/users\/2964"}],"replies":[{"embeddable":true,"href":"https:\/\/www.mediconanet.pt\/en\/wp-json\/wp\/v2\/comments?post=54792"}],"version-history":[{"count":13,"href":"https:\/\/www.mediconanet.pt\/en\/wp-json\/wp\/v2\/posts\/54792\/revisions"}],"predecessor-version":[{"id":54919,"href":"https:\/\/www.mediconanet.pt\/en\/wp-json\/wp\/v2\/posts\/54792\/revisions\/54919"}],"wp:featuredmedia":[{"embeddable":true,"href":"https:\/\/www.mediconanet.pt\/en\/wp-json\/wp\/v2\/media\/54803"}],"wp:attachment":[{"href":"https:\/\/www.mediconanet.pt\/en\/wp-json\/wp\/v2\/media?parent=54792"}],"wp:term":[{"taxonomy":"category","embeddable":true,"href":"https:\/\/www.mediconanet.pt\/en\/wp-json\/wp\/v2\/categories?post=54792"},{"taxonomy":"post_tag","embeddable":true,"href":"https:\/\/www.mediconanet.pt\/en\/wp-json\/wp\/v2\/tags?post=54792"}],"curies":[{"name":"wp","href":"https:\/\/api.w.org\/{rel}","templated":true}]}}