{"id":55482,"date":"2026-02-18T16:57:46","date_gmt":"2026-02-18T16:57:46","guid":{"rendered":"https:\/\/www.mediconanet.pt\/?p=55482"},"modified":"2026-02-23T11:58:48","modified_gmt":"2026-02-23T11:58:48","slug":"psiquiatria-geral-saude-mental-estigma","status":"publish","type":"post","link":"https:\/\/www.mediconanet.pt\/en\/psiquiatria-geral-saude-mental-estigma\/","title":{"rendered":"Psiquiatria geral: compreender as perturba\u00e7\u00f5es mentais e combater o estigma"},"content":{"rendered":"\t\t<div data-elementor-type=\"wp-post\" data-elementor-id=\"55482\" class=\"elementor elementor-55482\" data-elementor-post-type=\"post\">\n\t\t\t\t<div class=\"elementor-element elementor-element-371ccb0 e-flex e-con-boxed e-con e-parent\" data-id=\"371ccb0\" data-element_type=\"container\">\n\t\t\t\t\t<div class=\"e-con-inner\">\n\t\t\t\t<div class=\"elementor-element elementor-element-93f42d4 elementor-widget elementor-widget-heading\" data-id=\"93f42d4\" data-element_type=\"widget\" data-widget_type=\"heading.default\">\n\t\t\t\t\t<h2 class=\"elementor-heading-title elementor-size-default\">Introdu\u00e7\u00e3o<\/h2>\t\t\t\t<\/div>\n\t\t\t\t<div class=\"elementor-element elementor-element-9ab5bac elementor-widget elementor-widget-text-editor\" data-id=\"9ab5bac\" data-element_type=\"widget\" data-widget_type=\"text-editor.default\">\n\t\t\t\t\t\t\t\t\t<p data-start=\"576\" data-end=\"945\">A <strong data-start=\"578\" data-end=\"599\">psiquiatria geral<\/strong> dedica-se ao estudo, diagn\u00f3stico e tratamento das perturba\u00e7\u00f5es mentais, abrangendo um vasto conjunto de condi\u00e7\u00f5es que afectam o pensamento, o humor, o comportamento e o funcionamento social. As doen\u00e7as mentais s\u00e3o altamente prevalentes e incluem transtornos de ansiedade, depress\u00e3o, perturba\u00e7\u00e3o bipolar, perturba\u00e7\u00f5es alimentares e muitas outras.<\/p><p data-start=\"947\" data-end=\"1307\">Estima-se que centenas de milh\u00f5es de pessoas em todo o mundo vivam com algum tipo de perturba\u00e7\u00e3o mental, o que torna a <strong data-start=\"1066\" data-end=\"1087\">psiquiatria geral<\/strong> uma \u00e1rea central da medicina contempor\u00e2nea. Para al\u00e9m do tratamento cl\u00ednico, esta especialidade desempenha um papel essencial na promo\u00e7\u00e3o da sa\u00fade mental e no combate ao estigma ainda associado \u00e0s doen\u00e7as psiqui\u00e1tricas.<\/p>\t\t\t\t\t\t\t\t<\/div>\n\t\t\t\t<div class=\"elementor-element elementor-element-1f18db7 elementor-widget elementor-widget-heading\" data-id=\"1f18db7\" data-element_type=\"widget\" data-widget_type=\"heading.default\">\n\t\t\t\t\t<h2 class=\"elementor-heading-title elementor-size-default\">Perturba\u00e7\u00f5es de ansiedade e depress\u00e3o<\/h2>\t\t\t\t<\/div>\n\t\t\t\t<div class=\"elementor-element elementor-element-3b0a31b elementor-widget elementor-widget-text-editor\" data-id=\"3b0a31b\" data-element_type=\"widget\" data-widget_type=\"text-editor.default\">\n\t\t\t\t\t\t\t\t\t<p>As perturba\u00e7\u00f5es de ansiedade constituem o grupo mais frequente de doen\u00e7as mentais acompanhadas em <strong data-start=\"1457\" data-end=\"1478\">psiquiatria geral<\/strong>. Incluem transtorno de ansiedade generalizada, perturba\u00e7\u00e3o de p\u00e2nico, fobias e perturba\u00e7\u00e3o de stress p\u00f3s-traum\u00e1tico. Caracterizam-se por preocupa\u00e7\u00e3o excessiva, tens\u00e3o constante, inquieta\u00e7\u00e3o e sintomas f\u00edsicos que interferem com o quotidiano pessoal, profissional e social.<\/p>\t\t\t\t\t\t\t\t<\/div>\n\t\t\t\t<div class=\"elementor-element elementor-element-01f0004 elementor-widget elementor-widget-heading\" data-id=\"01f0004\" data-element_type=\"widget\" data-widget_type=\"heading.default\">\n\t\t\t\t\t<h3 class=\"elementor-heading-title elementor-size-default\">Porque s\u00e3o t\u00e3o frequentes as perturba\u00e7\u00f5es de ansiedade?<\/h3>\t\t\t\t<\/div>\n\t\t\t\t<div class=\"elementor-element elementor-element-d2a80de elementor-widget elementor-widget-text-editor\" data-id=\"d2a80de\" data-element_type=\"widget\" data-widget_type=\"text-editor.default\">\n\t\t\t\t\t\t\t\t\t<p>Factores gen\u00e9ticos, experi\u00eancias traum\u00e1ticas, viol\u00eancia, press\u00e3o social e condi\u00e7\u00f5es socioecon\u00f3micas adversas aumentam o risco de ansiedade. A interven\u00e7\u00e3o precoce, atrav\u00e9s de psicoterapia e acompanhamento psiqui\u00e1trico, reduz significativamente o impacto funcional e melhora a qualidade de vida.<\/p><p>A depress\u00e3o, por sua vez, \u00e9 uma perturba\u00e7\u00e3o do humor marcada por tristeza persistente, perda de interesse ou prazer, altera\u00e7\u00f5es do sono e do apetite, fadiga e dificuldades de concentra\u00e7\u00e3o. \u00c9 uma das condi\u00e7\u00f5es mais acompanhadas em <strong data-start=\"2341\" data-end=\"2362\">psiquiatria geral<\/strong>, podendo surgir isoladamente ou associada a outras patologias m\u00e9dicas ou psiqui\u00e1tricas.<\/p>\t\t\t\t\t\t\t\t<\/div>\n\t\t\t\t<div class=\"elementor-element elementor-element-a92a644 elementor-widget elementor-widget-heading\" data-id=\"a92a644\" data-element_type=\"widget\" data-widget_type=\"heading.default\">\n\t\t\t\t\t<h3 class=\"elementor-heading-title elementor-size-default\">Quais s\u00e3o os principais sintomas da depress\u00e3o?<\/h3>\t\t\t\t<\/div>\n\t\t\t\t<div class=\"elementor-element elementor-element-4802784 elementor-widget elementor-widget-text-editor\" data-id=\"4802784\" data-element_type=\"widget\" data-widget_type=\"text-editor.default\">\n\t\t\t\t\t\t\t\t\t<p>Al\u00e9m do humor deprimido, podem surgir sentimentos de inutilidade, culpa excessiva, desesperan\u00e7a e pensamentos suicidas. A depress\u00e3o \u00e9 uma das principais causas de incapacidade e est\u00e1 fortemente associada ao risco de suic\u00eddio, sobretudo em adolescentes e adultos jovens, o que refor\u00e7a a import\u00e2ncia do diagn\u00f3stico e tratamento atempados.<\/p>\t\t\t\t\t\t\t\t<\/div>\n\t\t\t\t<div class=\"elementor-element elementor-element-e459ddf elementor-widget elementor-widget-heading\" data-id=\"e459ddf\" data-element_type=\"widget\" data-widget_type=\"heading.default\">\n\t\t\t\t\t<h2 class=\"elementor-heading-title elementor-size-default\">Perturba\u00e7\u00e3o bipolar<\/h2>\t\t\t\t<\/div>\n\t\t\t\t<div class=\"elementor-element elementor-element-5e690c2 elementor-widget elementor-widget-heading\" data-id=\"5e690c2\" data-element_type=\"widget\" data-widget_type=\"heading.default\">\n\t\t\t\t\t<h3 class=\"elementor-heading-title elementor-size-default\">O que \u00e9 a perturba\u00e7\u00e3o bipolar?<\/h3>\t\t\t\t<\/div>\n\t\t\t\t<div class=\"elementor-element elementor-element-1c7ef85 elementor-widget elementor-widget-text-editor\" data-id=\"1c7ef85\" data-element_type=\"widget\" data-widget_type=\"text-editor.default\">\n\t\t\t\t\t\t\t\t\t<p data-start=\"2914\" data-end=\"3239\">A perturba\u00e7\u00e3o bipolar \u00e9 uma doen\u00e7a mental caracterizada por oscila\u00e7\u00f5es marcadas do humor, alternando entre epis\u00f3dios depressivos e epis\u00f3dios man\u00edacos ou hipoman\u00edacos. Durante a fase man\u00edaca, a pessoa pode apresentar energia excessiva, diminui\u00e7\u00e3o da necessidade de sono, impulsividade, grandiosidade e comportamentos de risco.<\/p><p data-start=\"3241\" data-end=\"3583\">Uma das grandes dificuldades na <strong data-start=\"3273\" data-end=\"3294\">psiquiatria geral<\/strong> \u00e9 o diagn\u00f3stico correcto da perturba\u00e7\u00e3o bipolar, uma vez que os epis\u00f3dios man\u00edacos podem ser interpretados como per\u00edodos de produtividade ou criatividade. O acompanhamento regular \u00e9 essencial para estabilizar o humor, prevenir reca\u00eddas e reduzir o impacto social e profissional da doen\u00e7a.<\/p>\t\t\t\t\t\t\t\t<\/div>\n\t\t\t\t<div class=\"elementor-element elementor-element-24caf30 elementor-widget elementor-widget-heading\" data-id=\"24caf30\" data-element_type=\"widget\" data-widget_type=\"heading.default\">\n\t\t\t\t\t<h2 class=\"elementor-heading-title elementor-size-default\">Estigma e sa\u00fade mental<\/h2>\t\t\t\t<\/div>\n\t\t\t\t<div class=\"elementor-element elementor-element-9a85c58 elementor-widget elementor-widget-text-editor\" data-id=\"9a85c58\" data-element_type=\"widget\" data-widget_type=\"text-editor.default\">\n\t\t\t\t\t\t\t\t\t<p data-start=\"3620\" data-end=\"3926\">Apesar da elevada preval\u00eancia das perturba\u00e7\u00f5es mentais, o estigma continua a ser um dos principais obst\u00e1culos \u00e0 procura de ajuda em <strong data-start=\"3752\" data-end=\"3773\">psiquiatria geral<\/strong>. O medo do julgamento social, da discrimina\u00e7\u00e3o ou da rotulagem leva muitas pessoas a adiar o diagn\u00f3stico e o tratamento, agravando a evolu\u00e7\u00e3o da doen\u00e7a.<\/p><p data-start=\"3928\" data-end=\"4232\">Estudos demonstram que a forma\u00e7\u00e3o em sa\u00fade mental e o contacto directo com pessoas com doen\u00e7a psiqui\u00e1trica reduzem significativamente atitudes estigmatizantes. A empatia e o conhecimento cient\u00edfico s\u00e3o ferramentas fundamentais para combater preconceitos e promover uma vis\u00e3o mais humana da doen\u00e7a mental.<\/p>\t\t\t\t\t\t\t\t<\/div>\n\t\t\t\t<div class=\"elementor-element elementor-element-2c7cb19 elementor-widget elementor-widget-heading\" data-id=\"2c7cb19\" data-element_type=\"widget\" data-widget_type=\"heading.default\">\n\t\t\t\t\t<h3 class=\"elementor-heading-title elementor-size-default\">Como reduzir o estigma associado \u00e0s perturba\u00e7\u00f5es mentais?<\/h3>\t\t\t\t<\/div>\n\t\t\t\t<div class=\"elementor-element elementor-element-064aa36 elementor-widget elementor-widget-text-editor\" data-id=\"064aa36\" data-element_type=\"widget\" data-widget_type=\"text-editor.default\">\n\t\t\t\t\t\t\t\t\t<p>A educa\u00e7\u00e3o em sa\u00fade mental desde a escola, campanhas p\u00fablicas de sensibiliza\u00e7\u00e3o, testemunhos de pessoas com experi\u00eancia vivida e pol\u00edticas de inclus\u00e3o social s\u00e3o estrat\u00e9gias eficazes. Os profissionais de <strong data-start=\"4503\" data-end=\"4524\">psiquiatria geral<\/strong> t\u00eam tamb\u00e9m um papel central ao oferecer cuidados baseados na evid\u00eancia, com respeito e sem julgamento.<\/p>\t\t\t\t\t\t\t\t<\/div>\n\t\t\t\t<div class=\"elementor-element elementor-element-b5642a5 elementor-widget elementor-widget-heading\" data-id=\"b5642a5\" data-element_type=\"widget\" data-widget_type=\"heading.default\">\n\t\t\t\t\t<h2 class=\"elementor-heading-title elementor-size-default\">Promo\u00e7\u00e3o da sa\u00fade mental e preven\u00e7\u00e3o<\/h2>\t\t\t\t<\/div>\n\t\t\t\t<div class=\"elementor-element elementor-element-a305d47 elementor-widget elementor-widget-text-editor\" data-id=\"a305d47\" data-element_type=\"widget\" data-widget_type=\"text-editor.default\">\n\t\t\t\t\t\t\t\t\t<p>A <strong data-start=\"4680\" data-end=\"4701\">psiquiatria geral<\/strong> n\u00e3o se limita ao tratamento da doen\u00e7a instalada; inclui tamb\u00e9m estrat\u00e9gias de preven\u00e7\u00e3o e promo\u00e7\u00e3o do bem-estar psicol\u00f3gico. Factores como pobreza, viol\u00eancia, desigualdade social e experi\u00eancias traum\u00e1ticas aumentam o risco de doen\u00e7a mental, pelo que a interven\u00e7\u00e3o deve ser tamb\u00e9m social e comunit\u00e1ria.<\/p>\t\t\t\t\t\t\t\t<\/div>\n\t\t\t\t<div class=\"elementor-element elementor-element-46ac3cf elementor-widget elementor-widget-heading\" data-id=\"46ac3cf\" data-element_type=\"widget\" data-widget_type=\"heading.default\">\n\t\t\t\t\t<h3 class=\"elementor-heading-title elementor-size-default\">Como promover a sa\u00fade mental?<\/h3>\t\t\t\t<\/div>\n\t\t\t\t<div class=\"elementor-element elementor-element-b8e9663 elementor-widget elementor-widget-text-editor\" data-id=\"b8e9663\" data-element_type=\"widget\" data-widget_type=\"text-editor.default\">\n\t\t\t\t\t\t\t\t\t<ul><li data-start=\"5044\" data-end=\"5084\">Programas comunit\u00e1rios de apoio socialInterven\u00e7\u00f5es precoces em escolas e locais de trabalho<\/li><li data-start=\"5044\" data-end=\"5084\">Acesso facilitado a cuidados de sa\u00fade mental<\/li><li data-start=\"5044\" data-end=\"5084\">Promo\u00e7\u00e3o de exerc\u00edcio f\u00edsico, sono adequado e alimenta\u00e7\u00e3o equilibrada<\/li><\/ul><p data-start=\"5267\" data-end=\"5440\">O envolvimento de m\u00e9dicos de fam\u00edlia, psic\u00f3logos e psiquiatras na educa\u00e7\u00e3o para a sa\u00fade contribui para a detec\u00e7\u00e3o precoce e para a redu\u00e7\u00e3o da carga das perturba\u00e7\u00f5es mentais.<\/p>\t\t\t\t\t\t\t\t<\/div>\n\t\t\t\t<div class=\"elementor-element elementor-element-3c6edc4 elementor-widget elementor-widget-image\" data-id=\"3c6edc4\" data-element_type=\"widget\" data-widget_type=\"image.default\">\n\t\t\t\t\t\t\t\t\t\t\t\t\t\t\t<img fetchpriority=\"high\" decoding=\"async\" width=\"800\" height=\"800\" src=\"https:\/\/www.mediconanet.pt\/wp-content\/uploads\/2026\/02\/psiquiatria-geral-estigma-consulta-online.webp\" class=\"attachment-large size-large wp-image-55918\" alt=\"Consulta psiqui\u00e1trica online para acompanhamento em sa\u00fade mental\" srcset=\"https:\/\/www.mediconanet.pt\/wp-content\/uploads\/2026\/02\/psiquiatria-geral-estigma-consulta-online.webp 1024w, https:\/\/www.mediconanet.pt\/wp-content\/uploads\/2026\/02\/psiquiatria-geral-estigma-consulta-online-300x300.webp 300w, https:\/\/www.mediconanet.pt\/wp-content\/uploads\/2026\/02\/psiquiatria-geral-estigma-consulta-online-150x150.webp 150w, https:\/\/www.mediconanet.pt\/wp-content\/uploads\/2026\/02\/psiquiatria-geral-estigma-consulta-online-768x768.webp 768w, https:\/\/www.mediconanet.pt\/wp-content\/uploads\/2026\/02\/psiquiatria-geral-estigma-consulta-online-12x12.webp 12w, https:\/\/www.mediconanet.pt\/wp-content\/uploads\/2026\/02\/psiquiatria-geral-estigma-consulta-online-600x600.webp 600w, https:\/\/www.mediconanet.pt\/wp-content\/uploads\/2026\/02\/psiquiatria-geral-estigma-consulta-online-100x100.webp 100w\" sizes=\"(max-width: 800px) 100vw, 800px\" \/>\t\t\t\t\t\t\t\t\t\t\t\t\t\t\t<\/div>\n\t\t\t\t<div class=\"elementor-element elementor-element-136af2d elementor-widget elementor-widget-heading\" data-id=\"136af2d\" data-element_type=\"widget\" data-widget_type=\"heading.default\">\n\t\t\t\t\t<h2 class=\"elementor-heading-title elementor-size-default\">Apoio cl\u00ednico especializado em psiquiatria<\/h2>\t\t\t\t<\/div>\n\t\t\t\t<div class=\"elementor-element elementor-element-c119ad2 elementor-widget elementor-widget-text-editor\" data-id=\"c119ad2\" data-element_type=\"widget\" data-widget_type=\"text-editor.default\">\n\t\t\t\t\t\t\t\t\t<p>Na <strong data-start=\"5499\" data-end=\"5516\">M\u00e9dico na Net<\/strong>, \u00e9 poss\u00edvel agendar uma <a href=\"https:\/\/www.mediconanet.pt\/produto\/consulta-de-psiquiatria\/\"><strong data-start=\"5541\" data-end=\"5588\">consulta m\u00e9dica online em psiquiatria geral<\/strong><\/a>, permitindo a avalia\u00e7\u00e3o de sintomas como ansiedade, depress\u00e3o, altera\u00e7\u00f5es de humor ou dificuldades emocionais persistentes. Atrav\u00e9s de acompanhamento psiqui\u00e1trico \u00e0 dist\u00e2ncia, os profissionais analisam o historial cl\u00ednico, orientam o diagn\u00f3stico e definem um plano terap\u00eautico personalizado, com confidencialidade, rigor cl\u00ednico e foco na melhoria da sa\u00fade mental e da qualidade de vida.<\/p>\t\t\t\t\t\t\t\t<\/div>\n\t\t\t\t\t<\/div>\n\t\t\t\t<\/div>\n\t\t<div class=\"elementor-element elementor-element-d070367 e-con-full e-flex e-con e-parent\" data-id=\"d070367\" data-element_type=\"container\">\n\t\t<div class=\"elementor-element elementor-element-b66737f e-con-full e-flex e-con e-child\" data-id=\"b66737f\" data-element_type=\"container\">\n\t\t<div class=\"elementor-element elementor-element-bebc424 e-con-full e-flex e-con e-child\" data-id=\"bebc424\" data-element_type=\"container\">\n\t\t\t\t<div class=\"elementor-element elementor-element-908f9c9 elementor-widget elementor-widget-heading\" data-id=\"908f9c9\" data-element_type=\"widget\" data-widget_type=\"heading.default\">\n\t\t\t\t\t<h2 class=\"elementor-heading-title elementor-size-default\">Perguntas frequentes (FAQ)<\/h2>\t\t\t\t<\/div>\n\t\t\t\t<div class=\"elementor-element elementor-element-44d9ded elementor-widget elementor-widget-n-accordion\" data-id=\"44d9ded\" data-element_type=\"widget\" data-settings=\"{&quot;default_state&quot;:&quot;all_collapsed&quot;,&quot;max_items_expended&quot;:&quot;one&quot;,&quot;n_accordion_animation_duration&quot;:{&quot;unit&quot;:&quot;ms&quot;,&quot;size&quot;:400,&quot;sizes&quot;:[]}}\" data-widget_type=\"nested-accordion.default\">\n\t\t\t\t\t\t\t<div class=\"e-n-accordion\" aria-label=\"Accordion. Open links with Enter or Space, close with Escape, and navigate with Arrow Keys\">\n\t\t\t\t\t\t<details id=\"e-n-accordion-item-7210\" class=\"e-n-accordion-item\" >\n\t\t\t\t<summary class=\"e-n-accordion-item-title\" data-accordion-index=\"1\" tabindex=\"0\" aria-expanded=\"false\" aria-controls=\"e-n-accordion-item-7210\" >\n\t\t\t\t\t<span class='e-n-accordion-item-title-header'><div class=\"e-n-accordion-item-title-text\"> Quais s\u00e3o as perturba\u00e7\u00f5es mentais mais comuns? <\/div><\/span>\n\t\t\t\t\t\t\t<span class='e-n-accordion-item-title-icon'>\n\t\t\t<span class='e-opened' ><svg aria-hidden=\"true\" class=\"e-font-icon-svg e-fas-minus\" viewBox=\"0 0 448 512\" xmlns=\"http:\/\/www.w3.org\/2000\/svg\"><path d=\"M416 208H32c-17.67 0-32 14.33-32 32v32c0 17.67 14.33 32 32 32h384c17.67 0 32-14.33 32-32v-32c0-17.67-14.33-32-32-32z\"><\/path><\/svg><\/span>\n\t\t\t<span class='e-closed'><svg aria-hidden=\"true\" class=\"e-font-icon-svg e-fas-plus\" viewBox=\"0 0 448 512\" xmlns=\"http:\/\/www.w3.org\/2000\/svg\"><path d=\"M416 208H272V64c0-17.67-14.33-32-32-32h-32c-17.67 0-32 14.33-32 32v144H32c-17.67 0-32 14.33-32 32v32c0 17.67 14.33 32 32 32h144v144c0 17.67 14.33 32 32 32h32c17.67 0 32-14.33 32-32V304h144c17.67 0 32-14.33 32-32v-32c0-17.67-14.33-32-32-32z\"><\/path><\/svg><\/span>\n\t\t<\/span>\n\n\t\t\t\t\t\t<\/summary>\n\t\t\t\t<div role=\"region\" aria-labelledby=\"e-n-accordion-item-7210\" class=\"elementor-element elementor-element-1f4d86c e-con-full e-flex e-con e-child\" data-id=\"1f4d86c\" data-element_type=\"container\">\n\t\t<div role=\"region\" aria-labelledby=\"e-n-accordion-item-7210\" class=\"elementor-element elementor-element-db91a40 e-flex e-con-boxed e-con e-child\" data-id=\"db91a40\" data-element_type=\"container\">\n\t\t\t\t\t<div class=\"e-con-inner\">\n\t\t\t\t<div class=\"elementor-element elementor-element-9640073 elementor-widget elementor-widget-text-editor\" data-id=\"9640073\" data-element_type=\"widget\" data-widget_type=\"text-editor.default\">\n\t\t\t\t\t\t\t\t\t<p>As perturba\u00e7\u00f5es de ansiedade e a depress\u00e3o s\u00e3o as mais frequentes. A perturba\u00e7\u00e3o bipolar, embora menos prevalente, tem impacto significativo na vida pessoal e social.<\/p>\t\t\t\t\t\t\t\t<\/div>\n\t\t\t\t\t<\/div>\n\t\t\t\t<\/div>\n\t\t\t\t<\/div>\n\t\t\t\t\t<\/details>\n\t\t\t\t\t\t<details id=\"e-n-accordion-item-7211\" class=\"e-n-accordion-item\" >\n\t\t\t\t<summary class=\"e-n-accordion-item-title\" data-accordion-index=\"2\" tabindex=\"-1\" aria-expanded=\"false\" aria-controls=\"e-n-accordion-item-7211\" >\n\t\t\t\t\t<span class='e-n-accordion-item-title-header'><div class=\"e-n-accordion-item-title-text\"> Qual a diferen\u00e7a entre tristeza e depress\u00e3o? <\/div><\/span>\n\t\t\t\t\t\t\t<span class='e-n-accordion-item-title-icon'>\n\t\t\t<span class='e-opened' ><svg aria-hidden=\"true\" class=\"e-font-icon-svg e-fas-minus\" viewBox=\"0 0 448 512\" xmlns=\"http:\/\/www.w3.org\/2000\/svg\"><path d=\"M416 208H32c-17.67 0-32 14.33-32 32v32c0 17.67 14.33 32 32 32h384c17.67 0 32-14.33 32-32v-32c0-17.67-14.33-32-32-32z\"><\/path><\/svg><\/span>\n\t\t\t<span class='e-closed'><svg aria-hidden=\"true\" class=\"e-font-icon-svg e-fas-plus\" viewBox=\"0 0 448 512\" xmlns=\"http:\/\/www.w3.org\/2000\/svg\"><path d=\"M416 208H272V64c0-17.67-14.33-32-32-32h-32c-17.67 0-32 14.33-32 32v144H32c-17.67 0-32 14.33-32 32v32c0 17.67 14.33 32 32 32h144v144c0 17.67 14.33 32 32 32h32c17.67 0 32-14.33 32-32V304h144c17.67 0 32-14.33 32-32v-32c0-17.67-14.33-32-32-32z\"><\/path><\/svg><\/span>\n\t\t<\/span>\n\n\t\t\t\t\t\t<\/summary>\n\t\t\t\t<div role=\"region\" aria-labelledby=\"e-n-accordion-item-7211\" class=\"elementor-element elementor-element-25f3453 e-con-full e-flex e-con e-child\" data-id=\"25f3453\" data-element_type=\"container\">\n\t\t<div role=\"region\" aria-labelledby=\"e-n-accordion-item-7211\" class=\"elementor-element elementor-element-d003ed7 e-flex e-con-boxed e-con e-child\" data-id=\"d003ed7\" data-element_type=\"container\">\n\t\t\t\t\t<div class=\"e-con-inner\">\n\t\t\t\t<div class=\"elementor-element elementor-element-73bcf9a elementor-widget elementor-widget-text-editor\" data-id=\"73bcf9a\" data-element_type=\"widget\" data-widget_type=\"text-editor.default\">\n\t\t\t\t\t\t\t\t\t<p>A tristeza \u00e9 uma emo\u00e7\u00e3o normal e transit\u00f3ria. A depress\u00e3o \u00e9 persistente, envolve sintomas f\u00edsicos e psicol\u00f3gicos e interfere com o funcionamento di\u00e1rio, exigindo acompanhamento em psiquiatria geral.<\/p>\t\t\t\t\t\t\t\t<\/div>\n\t\t\t\t\t<\/div>\n\t\t\t\t<\/div>\n\t\t\t\t<\/div>\n\t\t\t\t\t<\/details>\n\t\t\t\t\t\t<details id=\"e-n-accordion-item-7212\" class=\"e-n-accordion-item\" >\n\t\t\t\t<summary class=\"e-n-accordion-item-title\" data-accordion-index=\"3\" tabindex=\"-1\" aria-expanded=\"false\" aria-controls=\"e-n-accordion-item-7212\" >\n\t\t\t\t\t<span class='e-n-accordion-item-title-header'><div class=\"e-n-accordion-item-title-text\"> O estigma ainda \u00e9 um problema na sa\u00fade mental? <\/div><\/span>\n\t\t\t\t\t\t\t<span class='e-n-accordion-item-title-icon'>\n\t\t\t<span class='e-opened' ><svg aria-hidden=\"true\" class=\"e-font-icon-svg e-fas-minus\" viewBox=\"0 0 448 512\" xmlns=\"http:\/\/www.w3.org\/2000\/svg\"><path d=\"M416 208H32c-17.67 0-32 14.33-32 32v32c0 17.67 14.33 32 32 32h384c17.67 0 32-14.33 32-32v-32c0-17.67-14.33-32-32-32z\"><\/path><\/svg><\/span>\n\t\t\t<span class='e-closed'><svg aria-hidden=\"true\" class=\"e-font-icon-svg e-fas-plus\" viewBox=\"0 0 448 512\" xmlns=\"http:\/\/www.w3.org\/2000\/svg\"><path d=\"M416 208H272V64c0-17.67-14.33-32-32-32h-32c-17.67 0-32 14.33-32 32v144H32c-17.67 0-32 14.33-32 32v32c0 17.67 14.33 32 32 32h144v144c0 17.67 14.33 32 32 32h32c17.67 0 32-14.33 32-32V304h144c17.67 0 32-14.33 32-32v-32c0-17.67-14.33-32-32-32z\"><\/path><\/svg><\/span>\n\t\t<\/span>\n\n\t\t\t\t\t\t<\/summary>\n\t\t\t\t<div role=\"region\" aria-labelledby=\"e-n-accordion-item-7212\" class=\"elementor-element elementor-element-40243af e-con-full e-flex e-con e-child\" data-id=\"40243af\" data-element_type=\"container\">\n\t\t<div role=\"region\" aria-labelledby=\"e-n-accordion-item-7212\" class=\"elementor-element elementor-element-66c0d8c e-flex e-con-boxed e-con e-child\" data-id=\"66c0d8c\" data-element_type=\"container\">\n\t\t\t\t\t<div class=\"e-con-inner\">\n\t\t\t\t<div class=\"elementor-element elementor-element-4b504e1 elementor-widget elementor-widget-text-editor\" data-id=\"4b504e1\" data-element_type=\"widget\" data-widget_type=\"text-editor.default\">\n\t\t\t\t\t\t\t\t\t<p>Sim. O estigma continua a dificultar o acesso ao tratamento. A educa\u00e7\u00e3o e a literacia em sa\u00fade mental s\u00e3o fundamentais para reduzir preconceitos.<\/p>\t\t\t\t\t\t\t\t<\/div>\n\t\t\t\t\t<\/div>\n\t\t\t\t<\/div>\n\t\t\t\t<\/div>\n\t\t\t\t\t<\/details>\n\t\t\t\t\t\t<details id=\"e-n-accordion-item-7213\" class=\"e-n-accordion-item\" >\n\t\t\t\t<summary class=\"e-n-accordion-item-title\" data-accordion-index=\"4\" tabindex=\"-1\" aria-expanded=\"false\" aria-controls=\"e-n-accordion-item-7213\" >\n\t\t\t\t\t<span class='e-n-accordion-item-title-header'><div class=\"e-n-accordion-item-title-text\"> Quais s\u00e3o os principais factores de risco para doen\u00e7a mental? <\/div><\/span>\n\t\t\t\t\t\t\t<span class='e-n-accordion-item-title-icon'>\n\t\t\t<span class='e-opened' ><svg aria-hidden=\"true\" class=\"e-font-icon-svg e-fas-minus\" viewBox=\"0 0 448 512\" xmlns=\"http:\/\/www.w3.org\/2000\/svg\"><path d=\"M416 208H32c-17.67 0-32 14.33-32 32v32c0 17.67 14.33 32 32 32h384c17.67 0 32-14.33 32-32v-32c0-17.67-14.33-32-32-32z\"><\/path><\/svg><\/span>\n\t\t\t<span class='e-closed'><svg aria-hidden=\"true\" class=\"e-font-icon-svg e-fas-plus\" viewBox=\"0 0 448 512\" xmlns=\"http:\/\/www.w3.org\/2000\/svg\"><path d=\"M416 208H272V64c0-17.67-14.33-32-32-32h-32c-17.67 0-32 14.33-32 32v144H32c-17.67 0-32 14.33-32 32v32c0 17.67 14.33 32 32 32h144v144c0 17.67 14.33 32 32 32h32c17.67 0 32-14.33 32-32V304h144c17.67 0 32-14.33 32-32v-32c0-17.67-14.33-32-32-32z\"><\/path><\/svg><\/span>\n\t\t<\/span>\n\n\t\t\t\t\t\t<\/summary>\n\t\t\t\t<div role=\"region\" aria-labelledby=\"e-n-accordion-item-7213\" class=\"elementor-element elementor-element-8dd660b e-con-full e-flex e-con e-child\" data-id=\"8dd660b\" data-element_type=\"container\">\n\t\t<div role=\"region\" aria-labelledby=\"e-n-accordion-item-7213\" class=\"elementor-element elementor-element-efbde6e e-flex e-con-boxed e-con e-child\" data-id=\"efbde6e\" data-element_type=\"container\">\n\t\t\t\t\t<div class=\"e-con-inner\">\n\t\t\t\t<div class=\"elementor-element elementor-element-0d61b36 elementor-widget elementor-widget-text-editor\" data-id=\"0d61b36\" data-element_type=\"widget\" data-widget_type=\"text-editor.default\">\n\t\t\t\t\t\t\t\t\t<p>Incluem gen\u00e9tica, experi\u00eancias traum\u00e1ticas, viol\u00eancia, pobreza, isolamento social e desigualdades socioecon\u00f3micas.<\/p>\t\t\t\t\t\t\t\t<\/div>\n\t\t\t\t\t<\/div>\n\t\t\t\t<\/div>\n\t\t\t\t<\/div>\n\t\t\t\t\t<\/details>\n\t\t\t\t\t\t<details id=\"e-n-accordion-item-7214\" class=\"e-n-accordion-item\" >\n\t\t\t\t<summary class=\"e-n-accordion-item-title\" data-accordion-index=\"5\" tabindex=\"-1\" aria-expanded=\"false\" aria-controls=\"e-n-accordion-item-7214\" >\n\t\t\t\t\t<span class='e-n-accordion-item-title-header'><div class=\"e-n-accordion-item-title-text\"> Onde posso procurar ajuda? <\/div><\/span>\n\t\t\t\t\t\t\t<span class='e-n-accordion-item-title-icon'>\n\t\t\t<span class='e-opened' ><svg aria-hidden=\"true\" class=\"e-font-icon-svg e-fas-minus\" viewBox=\"0 0 448 512\" xmlns=\"http:\/\/www.w3.org\/2000\/svg\"><path d=\"M416 208H32c-17.67 0-32 14.33-32 32v32c0 17.67 14.33 32 32 32h384c17.67 0 32-14.33 32-32v-32c0-17.67-14.33-32-32-32z\"><\/path><\/svg><\/span>\n\t\t\t<span class='e-closed'><svg aria-hidden=\"true\" class=\"e-font-icon-svg e-fas-plus\" viewBox=\"0 0 448 512\" xmlns=\"http:\/\/www.w3.org\/2000\/svg\"><path d=\"M416 208H272V64c0-17.67-14.33-32-32-32h-32c-17.67 0-32 14.33-32 32v144H32c-17.67 0-32 14.33-32 32v32c0 17.67 14.33 32 32 32h144v144c0 17.67 14.33 32 32 32h32c17.67 0 32-14.33 32-32V304h144c17.67 0 32-14.33 32-32v-32c0-17.67-14.33-32-32-32z\"><\/path><\/svg><\/span>\n\t\t<\/span>\n\n\t\t\t\t\t\t<\/summary>\n\t\t\t\t<div role=\"region\" aria-labelledby=\"e-n-accordion-item-7214\" class=\"elementor-element elementor-element-a01de10 e-con-full e-flex e-con e-child\" data-id=\"a01de10\" data-element_type=\"container\">\n\t\t<div role=\"region\" aria-labelledby=\"e-n-accordion-item-7214\" class=\"elementor-element elementor-element-ee4a9ec e-flex e-con-boxed e-con e-child\" data-id=\"ee4a9ec\" data-element_type=\"container\">\n\t\t\t\t\t<div class=\"e-con-inner\">\n\t\t\t\t<div class=\"elementor-element elementor-element-3441ac2 elementor-widget elementor-widget-text-editor\" data-id=\"3441ac2\" data-element_type=\"widget\" data-widget_type=\"text-editor.default\">\n\t\t\t\t\t\t\t\t\t<p data-start=\"6119\" data-end=\"6336\">O m\u00e9dico de fam\u00edlia \u00e9 o primeiro ponto de contacto. Psic\u00f3logos e psiquiatras s\u00e3o fundamentais na avalia\u00e7\u00e3o e tratamento. Procurar ajuda \u00e9 um sinal de responsabilidade e autocuidado.<\/p>\t\t\t\t\t\t\t\t<\/div>\n\t\t\t\t\t<\/div>\n\t\t\t\t<\/div>\n\t\t\t\t<\/div>\n\t\t\t\t\t<\/details>\n\t\t\t\t\t<\/div>\n\t\t\t\t\t<script type=\"application\/ld+json\">{\"@context\":\"https:\\\/\\\/schema.org\",\"@type\":\"FAQPage\",\"mainEntity\":[{\"@type\":\"Question\",\"name\":\"Quais s\\u00e3o as perturba\\u00e7\\u00f5es mentais mais comuns?\",\"acceptedAnswer\":{\"@type\":\"Answer\",\"text\":\"As perturba\\u00e7\\u00f5es de ansiedade e a depress\\u00e3o s\\u00e3o as mais frequentes. A perturba\\u00e7\\u00e3o bipolar, embora menos prevalente, tem impacto significativo na vida pessoal e social.\"}},{\"@type\":\"Question\",\"name\":\"Qual a diferen\\u00e7a entre tristeza e depress\\u00e3o?\",\"acceptedAnswer\":{\"@type\":\"Answer\",\"text\":\"A tristeza \\u00e9 uma emo\\u00e7\\u00e3o normal e transit\\u00f3ria. A depress\\u00e3o \\u00e9 persistente, envolve sintomas f\\u00edsicos e psicol\\u00f3gicos e interfere com o funcionamento di\\u00e1rio, exigindo acompanhamento em psiquiatria geral.\"}},{\"@type\":\"Question\",\"name\":\"O estigma ainda \\u00e9 um problema na sa\\u00fade mental?\",\"acceptedAnswer\":{\"@type\":\"Answer\",\"text\":\"Sim. O estigma continua a dificultar o acesso ao tratamento. A educa\\u00e7\\u00e3o e a literacia em sa\\u00fade mental s\\u00e3o fundamentais para reduzir preconceitos.\"}},{\"@type\":\"Question\",\"name\":\"Quais s\\u00e3o os principais factores de risco para doen\\u00e7a mental?\",\"acceptedAnswer\":{\"@type\":\"Answer\",\"text\":\"Incluem gen\\u00e9tica, experi\\u00eancias traum\\u00e1ticas, viol\\u00eancia, pobreza, isolamento social e desigualdades socioecon\\u00f3micas.\"}},{\"@type\":\"Question\",\"name\":\"Onde posso procurar ajuda?\",\"acceptedAnswer\":{\"@type\":\"Answer\",\"text\":\"O m\\u00e9dico de fam\\u00edlia \\u00e9 o primeiro ponto de contacto. Psic\\u00f3logos e psiquiatras s\\u00e3o fundamentais na avalia\\u00e7\\u00e3o e tratamento. Procurar ajuda \\u00e9 um sinal de responsabilidade e autocuidado.\"}}]}<\/script>\n\t\t\t\t\t\t\t<\/div>\n\t\t\t\t<\/div>\n\t\t\t\t<\/div>\n\t\t\t\t<\/div>\n\t\t<div class=\"elementor-element elementor-element-a45ca41 e-flex e-con-boxed e-con e-parent\" data-id=\"a45ca41\" data-element_type=\"container\">\n\t\t\t\t\t<div class=\"e-con-inner\">\n\t\t\t\t<div class=\"elementor-element elementor-element-1fc5b96 elementor-widget elementor-widget-heading\" data-id=\"1fc5b96\" data-element_type=\"widget\" data-widget_type=\"heading.default\">\n\t\t\t\t\t<h2 class=\"elementor-heading-title elementor-size-default\">Conclus\u00e3o<\/h2>\t\t\t\t<\/div>\n\t\t\t\t<div class=\"elementor-element elementor-element-3d16579 elementor-widget elementor-widget-text-editor\" data-id=\"3d16579\" data-element_type=\"widget\" data-widget_type=\"text-editor.default\">\n\t\t\t\t\t\t\t\t\t<p>A <strong data-start=\"7125\" data-end=\"7146\">psiquiatria geral<\/strong> \u00e9 essencial para compreender, diagnosticar e tratar as perturba\u00e7\u00f5es mentais mais frequentes da sociedade moderna. Reconhecer sintomas, reduzir o estigma e investir na promo\u00e7\u00e3o da sa\u00fade mental s\u00e3o passos fundamentais para melhorar o bem-estar individual e colectivo. Uma abordagem integrada, que combine cuidados cl\u00ednicos, educa\u00e7\u00e3o e pol\u00edticas p\u00fablicas, \u00e9 indispens\u00e1vel para reduzir o impacto das doen\u00e7as mentais na comunidade.<\/p>\t\t\t\t\t\t\t\t<\/div>\n\t\t\t\t<div class=\"elementor-element elementor-element-655bd36 elementor-widget elementor-widget-heading\" data-id=\"655bd36\" data-element_type=\"widget\" data-widget_type=\"heading.default\">\n\t\t\t\t\t<h2 class=\"elementor-heading-title elementor-size-default\">Refer\u00eancias<\/h2>\t\t\t\t<\/div>\n\t\t\t\t<div class=\"elementor-element elementor-element-9d9c5fb elementor-widget elementor-widget-text-editor\" data-id=\"9d9c5fb\" data-element_type=\"widget\" data-widget_type=\"text-editor.default\">\n\t\t\t\t\t\t\t\t\t<p data-start=\"7905\" data-end=\"8020\"><a href=\"https:\/\/www.who.int\/news-room\/fact-sheets\/detail\/mental-disorders\" rel=\"dofollow noopener\" target=\"_blank\"><strong>Organiza\u00e7\u00e3o Mundial da Sa\u00fade<\/strong> \u2013 Mental disorders<\/a><\/p><p data-start=\"8024\" data-end=\"8160\"><a href=\"https:\/\/www.who.int\/news-room\/fact-sheets\/detail\/mental-disorders-key-facts\" rel=\"nofollow noopener\" target=\"_blank\"><strong>Organiza\u00e7\u00e3o Mundial da Sa\u00fade<\/strong> \u2013 Mental disorders: key facts<\/a><\/p><p data-start=\"8164\" data-end=\"8309\"><a href=\"https:\/\/www.actamedicaportuguesa.com\/revista\/index.php\/amp\/article\/view\/10490\" rel=\"nofollow noopener\" target=\"_blank\"><strong>Acta M\u00e9dica Portuguesa<\/strong> \u2013 Impact of psychiatry education on stigma<\/a><\/p>\t\t\t\t\t\t\t\t<\/div>\n\t\t\t\t\t<\/div>\n\t\t\t\t<\/div>\n\t\t\t\t<\/div>\n\t\t","protected":false},"excerpt":{"rendered":"<p>Introdu\u00e7\u00e3o A psiquiatria geral dedica-se ao estudo, diagn\u00f3stico e tratamento das perturba\u00e7\u00f5es mentais, abrangendo um vasto conjunto de condi\u00e7\u00f5es que afectam o pensamento, o humor, o comportamento e o funcionamento social. As doen\u00e7as mentais s\u00e3o altamente prevalentes e incluem transtornos de ansiedade, depress\u00e3o, perturba\u00e7\u00e3o bipolar, perturba\u00e7\u00f5es alimentares e muitas outras. Estima-se que centenas de milh\u00f5es [&hellip;]<\/p>\n","protected":false},"author":2964,"featured_media":55917,"comment_status":"closed","ping_status":"closed","sticky":false,"template":"","format":"standard","meta":{"_jetpack_memberships_contains_paid_content":false,"footnotes":""},"categories":[215],"tags":[],"class_list":["post-55482","post","type-post","status-publish","format-standard","has-post-thumbnail","hentry","category-psiquiatria"],"jetpack_featured_media_url":"https:\/\/www.mediconanet.pt\/wp-content\/uploads\/2026\/02\/psiquiatria-geral-estigma.webp","jetpack_sharing_enabled":true,"_links":{"self":[{"href":"https:\/\/www.mediconanet.pt\/en\/wp-json\/wp\/v2\/posts\/55482","targetHints":{"allow":["GET"]}}],"collection":[{"href":"https:\/\/www.mediconanet.pt\/en\/wp-json\/wp\/v2\/posts"}],"about":[{"href":"https:\/\/www.mediconanet.pt\/en\/wp-json\/wp\/v2\/types\/post"}],"author":[{"embeddable":true,"href":"https:\/\/www.mediconanet.pt\/en\/wp-json\/wp\/v2\/users\/2964"}],"replies":[{"embeddable":true,"href":"https:\/\/www.mediconanet.pt\/en\/wp-json\/wp\/v2\/comments?post=55482"}],"version-history":[{"count":7,"href":"https:\/\/www.mediconanet.pt\/en\/wp-json\/wp\/v2\/posts\/55482\/revisions"}],"predecessor-version":[{"id":55921,"href":"https:\/\/www.mediconanet.pt\/en\/wp-json\/wp\/v2\/posts\/55482\/revisions\/55921"}],"wp:featuredmedia":[{"embeddable":true,"href":"https:\/\/www.mediconanet.pt\/en\/wp-json\/wp\/v2\/media\/55917"}],"wp:attachment":[{"href":"https:\/\/www.mediconanet.pt\/en\/wp-json\/wp\/v2\/media?parent=55482"}],"wp:term":[{"taxonomy":"category","embeddable":true,"href":"https:\/\/www.mediconanet.pt\/en\/wp-json\/wp\/v2\/categories?post=55482"},{"taxonomy":"post_tag","embeddable":true,"href":"https:\/\/www.mediconanet.pt\/en\/wp-json\/wp\/v2\/tags?post=55482"}],"curies":[{"name":"wp","href":"https:\/\/api.w.org\/{rel}","templated":true}]}}