{"id":55530,"date":"2026-02-19T09:39:16","date_gmt":"2026-02-19T09:39:16","guid":{"rendered":"https:\/\/www.mediconanet.pt\/?p=55530"},"modified":"2026-02-23T12:34:41","modified_gmt":"2026-02-23T12:34:41","slug":"esquizofrenia-intervencoes-psiquiatria-geral","status":"publish","type":"post","link":"https:\/\/www.mediconanet.pt\/en\/esquizofrenia-intervencoes-psiquiatria-geral\/","title":{"rendered":"Esquizofrenia e interven\u00e7\u00f5es em psiquiatria geral"},"content":{"rendered":"\t\t<div data-elementor-type=\"wp-post\" data-elementor-id=\"55530\" class=\"elementor elementor-55530\" data-elementor-post-type=\"post\">\n\t\t\t\t<div class=\"elementor-element elementor-element-d217447 e-flex e-con-boxed e-con e-parent\" data-id=\"d217447\" data-element_type=\"container\">\n\t\t\t\t\t<div class=\"e-con-inner\">\n\t\t\t\t<div class=\"elementor-element elementor-element-ba8eb5c elementor-widget elementor-widget-heading\" data-id=\"ba8eb5c\" data-element_type=\"widget\" data-widget_type=\"heading.default\">\n\t\t\t\t\t<h2 class=\"elementor-heading-title elementor-size-default\">Introdu\u00e7\u00e3o<\/h2>\t\t\t\t<\/div>\n\t\t\t\t<div class=\"elementor-element elementor-element-3749d92 elementor-widget elementor-widget-text-editor\" data-id=\"3749d92\" data-element_type=\"widget\" data-widget_type=\"text-editor.default\">\n\t\t\t\t\t\t\t\t\t<p data-start=\"445\" data-end=\"968\">A <strong data-start=\"447\" data-end=\"464\">esquizofrenia<\/strong> \u00e9 uma perturba\u00e7\u00e3o mental cr\u00f3nica que provoca altera\u00e7\u00f5es profundas na percep\u00e7\u00e3o da realidade, no pensamento e no comportamento. Caracteriza-se por sintomas como del\u00edrios, alucina\u00e7\u00f5es, discurso desorganizado e altera\u00e7\u00f5es emocionais, com impacto significativo na autonomia e na qualidade de vida da pessoa. A Organiza\u00e7\u00e3o Mundial da Sa\u00fade estima que cerca de 23 milh\u00f5es de pessoas em todo o mundo vivam com esquizofrenia, tornando esta doen\u00e7a uma das principais causas de incapacidade mental a n\u00edvel global.<\/p><p data-start=\"970\" data-end=\"1346\">Apesar de a esquizofrenia ser menos prevalente do que a depress\u00e3o ou a ansiedade, o seu impacto funcional \u00e9 elevado, estando associada a maior risco de exclus\u00e3o social, doen\u00e7as f\u00edsicas e mortalidade prematura. A <strong data-start=\"1182\" data-end=\"1203\">psiquiatria geral<\/strong> desempenha um papel central no diagn\u00f3stico precoce, no tratamento continuado e na promo\u00e7\u00e3o da reinser\u00e7\u00e3o social das pessoas com esquizofrenia.<\/p>\t\t\t\t\t\t\t\t<\/div>\n\t\t\t\t<div class=\"elementor-element elementor-element-8103d15 elementor-widget elementor-widget-heading\" data-id=\"8103d15\" data-element_type=\"widget\" data-widget_type=\"heading.default\">\n\t\t\t\t\t<h2 class=\"elementor-heading-title elementor-size-default\">O que \u00e9 a esquizofrenia?<\/h2>\t\t\t\t<\/div>\n\t\t\t\t<div class=\"elementor-element elementor-element-56b040f elementor-widget elementor-widget-heading\" data-id=\"56b040f\" data-element_type=\"widget\" data-widget_type=\"heading.default\">\n\t\t\t\t\t<h3 class=\"elementor-heading-title elementor-size-default\">Como se caracteriza a esquizofrenia?<\/h3>\t\t\t\t<\/div>\n\t\t\t\t<div class=\"elementor-element elementor-element-d097563 elementor-widget elementor-widget-text-editor\" data-id=\"d097563\" data-element_type=\"widget\" data-widget_type=\"text-editor.default\">\n\t\t\t\t\t\t\t\t\t<p data-start=\"1427\" data-end=\"1912\">A esquizofrenia manifesta-se atrav\u00e9s de tr\u00eas grandes grupos de sintomas. Os <strong data-start=\"1503\" data-end=\"1525\">sintomas positivos<\/strong> incluem del\u00edrios e alucina\u00e7\u00f5es; os <strong data-start=\"1561\" data-end=\"1583\">sintomas negativos<\/strong> englobam apatia, retraimento social e diminui\u00e7\u00e3o da express\u00e3o emocional; e os <strong data-start=\"1662\" data-end=\"1685\">sintomas cognitivos<\/strong> traduzem-se em dificuldades de aten\u00e7\u00e3o, mem\u00f3ria e planeamento. Estes sintomas surgem habitualmente no final da adolesc\u00eancia ou in\u00edcio da idade adulta e tendem a evoluir de forma cr\u00f3nica, com per\u00edodos de agravamento e remiss\u00e3o.<\/p><p data-start=\"1914\" data-end=\"2098\">A esquizofrenia \u00e9 descrita como uma doen\u00e7a marcada por distor\u00e7\u00f5es na percep\u00e7\u00e3o, no pensamento, nas emo\u00e7\u00f5es e no comportamento, exigindo acompanhamento cl\u00ednico prolongado e estruturado.<\/p>\t\t\t\t\t\t\t\t<\/div>\n\t\t\t\t<div class=\"elementor-element elementor-element-4276afb elementor-widget elementor-widget-heading\" data-id=\"4276afb\" data-element_type=\"widget\" data-widget_type=\"heading.default\">\n\t\t\t\t\t<h3 class=\"elementor-heading-title elementor-size-default\">Quais s\u00e3o as principais causas e factores de risco?<\/h3>\t\t\t\t<\/div>\n\t\t\t\t<div class=\"elementor-element elementor-element-8d0ca81 elementor-widget elementor-widget-text-editor\" data-id=\"8d0ca81\" data-element_type=\"widget\" data-widget_type=\"text-editor.default\">\n\t\t\t\t\t\t\t\t\t<p data-start=\"2159\" data-end=\"2607\">A etiologia da esquizofrenia \u00e9 multifactorial. A evid\u00eancia cient\u00edfica aponta para uma interac\u00e7\u00e3o entre factores gen\u00e9ticos e ambientais. O risco \u00e9 mais elevado em pessoas com familiares de primeiro grau afectados, mas factores como complica\u00e7\u00f5es durante a gravidez ou parto, exposi\u00e7\u00e3o pr\u00e9-natal a infec\u00e7\u00f5es, experi\u00eancias traum\u00e1ticas na inf\u00e2ncia, consumo de subst\u00e2ncias psicoactivas e stress cr\u00f3nico tamb\u00e9m contribuem para o desenvolvimento da doen\u00e7a.<\/p>\t\t\t\t\t\t\t\t<\/div>\n\t\t\t\t<div class=\"elementor-element elementor-element-61ee43b elementor-widget elementor-widget-heading\" data-id=\"61ee43b\" data-element_type=\"widget\" data-widget_type=\"heading.default\">\n\t\t\t\t\t<h2 class=\"elementor-heading-title elementor-size-default\">Impacto na vida das pessoas<\/h2>\t\t\t\t<\/div>\n\t\t\t\t<div class=\"elementor-element elementor-element-c89b9be elementor-widget elementor-widget-text-editor\" data-id=\"c89b9be\" data-element_type=\"widget\" data-widget_type=\"text-editor.default\">\n\t\t\t\t\t\t\t\t\t<h3 data-start=\"2647\" data-end=\"2695\">Como a esquizofrenia afecta o quotidiano?<\/h3><p data-start=\"2696\" data-end=\"3095\">A esquizofrenia interfere significativamente com a capacidade de estudar, trabalhar e manter rela\u00e7\u00f5es interpessoais. As altera\u00e7\u00f5es cognitivas e emocionais dificultam o autocuidado e a gest\u00e3o da vida di\u00e1ria, levando muitas vezes \u00e0 necessidade de apoio cont\u00ednuo. Al\u00e9m disso, pessoas com esquizofrenia apresentam maior preval\u00eancia de doen\u00e7as cardiovasculares, metab\u00f3licas e comportamentos auto-lesivos.<\/p><p data-start=\"3097\" data-end=\"3237\">O estigma associado \u00e0 esquizofrenia agrava este impacto, promovendo isolamento social e dificultando o acesso a cuidados de sa\u00fade adequados.<\/p><h3 data-start=\"3239\" data-end=\"3293\">Qual a rela\u00e7\u00e3o com outras perturba\u00e7\u00f5es mentais?<\/h3><p data-start=\"3294\" data-end=\"3592\">A esquizofrenia pode coexistir com ansiedade, depress\u00e3o e perturba\u00e7\u00f5es relacionadas com o consumo de subst\u00e2ncias. Esta comorbilidade aumenta a complexidade do tratamento e exige uma abordagem integrada em psiquiatria geral, centrada tanto nos sintomas psic\u00f3ticos como no bem-estar emocional global.<\/p>\t\t\t\t\t\t\t\t<\/div>\n\t\t\t\t<div class=\"elementor-element elementor-element-9266692 elementor-widget elementor-widget-heading\" data-id=\"9266692\" data-element_type=\"widget\" data-widget_type=\"heading.default\">\n\t\t\t\t\t<h2 class=\"elementor-heading-title elementor-size-default\">Diagn\u00f3stico e tratamento<\/h2>\t\t\t\t<\/div>\n\t\t\t\t<div class=\"elementor-element elementor-element-ac46c46 elementor-widget elementor-widget-text-editor\" data-id=\"ac46c46\" data-element_type=\"widget\" data-widget_type=\"text-editor.default\">\n\t\t\t\t\t\t\t\t\t<h3 data-start=\"3629\" data-end=\"3663\">Como \u00e9 feito o diagn\u00f3stico?<\/h3><p data-start=\"3664\" data-end=\"4079\">O diagn\u00f3stico \u00e9 cl\u00ednico e baseia-se numa avalia\u00e7\u00e3o psiqui\u00e1trica detalhada. S\u00e3o utilizados crit\u00e9rios internacionais que definem a dura\u00e7\u00e3o m\u00ednima dos sintomas e a exclus\u00e3o de outras causas m\u00e9dicas ou induzidas por subst\u00e2ncias. Exames complementares podem ser realizados para excluir patologias neurol\u00f3gicas ou metab\u00f3licas, embora n\u00e3o existam marcadores laboratoriais espec\u00edficos para a esquizofrenia.<\/p><h3 data-start=\"4081\" data-end=\"4121\">Quais s\u00e3o as op\u00e7\u00f5es terap\u00eauticas?<\/h3><p data-start=\"4122\" data-end=\"4516\">O tratamento assenta numa abordagem multidisciplinar. A terap\u00eautica farmacol\u00f3gica com antipsic\u00f3ticos \u00e9 essencial para o controlo dos sintomas psic\u00f3ticos. Em complemento, a <strong data-start=\"4311\" data-end=\"4328\">psicoeduca\u00e7\u00e3o<\/strong>, as <strong data-start=\"4333\" data-end=\"4360\">interven\u00e7\u00f5es familiares<\/strong>, a <strong data-start=\"4364\" data-end=\"4400\">terapia cognitivo-comportamental<\/strong> e os programas de <strong data-start=\"4419\" data-end=\"4448\">reabilita\u00e7\u00e3o psicossocial<\/strong> s\u00e3o fundamentais para melhorar a funcionalidade e reduzir reca\u00eddas.<\/p><p data-start=\"4518\" data-end=\"4654\">A ades\u00e3o ao tratamento e o acompanhamento cont\u00ednuo em psiquiatria geral est\u00e3o associados a melhor progn\u00f3stico e maior qualidade de vida.<\/p>\t\t\t\t\t\t\t\t<\/div>\n\t\t\t\t<div class=\"elementor-element elementor-element-403eff4 elementor-widget elementor-widget-image\" data-id=\"403eff4\" data-element_type=\"widget\" data-widget_type=\"image.default\">\n\t\t\t\t\t\t\t\t\t\t\t\t\t\t\t<img fetchpriority=\"high\" decoding=\"async\" width=\"800\" height=\"800\" src=\"https:\/\/www.mediconanet.pt\/wp-content\/uploads\/2026\/02\/esquizofrenia-psiquiatria-geral.webp\" class=\"attachment-large size-large wp-image-55947\" alt=\"Consulta m\u00e9dica online no acompanhamento da esquizofrenia e de outras perturba\u00e7\u00f5es psiqui\u00e1tricas\" srcset=\"https:\/\/www.mediconanet.pt\/wp-content\/uploads\/2026\/02\/esquizofrenia-psiquiatria-geral.webp 1024w, https:\/\/www.mediconanet.pt\/wp-content\/uploads\/2026\/02\/esquizofrenia-psiquiatria-geral-300x300.webp 300w, https:\/\/www.mediconanet.pt\/wp-content\/uploads\/2026\/02\/esquizofrenia-psiquiatria-geral-150x150.webp 150w, https:\/\/www.mediconanet.pt\/wp-content\/uploads\/2026\/02\/esquizofrenia-psiquiatria-geral-768x768.webp 768w, https:\/\/www.mediconanet.pt\/wp-content\/uploads\/2026\/02\/esquizofrenia-psiquiatria-geral-12x12.webp 12w, https:\/\/www.mediconanet.pt\/wp-content\/uploads\/2026\/02\/esquizofrenia-psiquiatria-geral-600x600.webp 600w, https:\/\/www.mediconanet.pt\/wp-content\/uploads\/2026\/02\/esquizofrenia-psiquiatria-geral-100x100.webp 100w\" sizes=\"(max-width: 800px) 100vw, 800px\" \/>\t\t\t\t\t\t\t\t\t\t\t\t\t\t\t<\/div>\n\t\t\t\t<div class=\"elementor-element elementor-element-30d2ccf elementor-widget elementor-widget-heading\" data-id=\"30d2ccf\" data-element_type=\"widget\" data-widget_type=\"heading.default\">\n\t\t\t\t\t<h2 class=\"elementor-heading-title elementor-size-default\">Apoio cl\u00ednico especializado em psiquiatria geral<\/h2>\t\t\t\t<\/div>\n\t\t\t\t<div class=\"elementor-element elementor-element-fd30e73 elementor-widget elementor-widget-text-editor\" data-id=\"fd30e73\" data-element_type=\"widget\" data-widget_type=\"text-editor.default\">\n\t\t\t\t\t\t\t\t\t<p>Na <strong data-start=\"4719\" data-end=\"4736\">M\u00e9dico na Net<\/strong>, \u00e9 poss\u00edvel agendar consultas m\u00e9dicas online em <strong><a href=\"https:\/\/www.mediconanet.pt\/produto\/consulta-de-psiquiatria\">psiquiatria geral<\/a><\/strong> para avalia\u00e7\u00e3o, diagn\u00f3stico e acompanhamento da esquizofrenia. Atrav\u00e9s de acompanhamento cl\u00ednico \u00e0 dist\u00e2ncia, profissionais de sa\u00fade avaliam sintomas, ades\u00e3o terap\u00eautica e impacto funcional, ajustando o plano de tratamento de forma personalizada, segura e confidencial, com foco na estabilidade cl\u00ednica e na reintegra\u00e7\u00e3o social.<\/p>\t\t\t\t\t\t\t\t<\/div>\n\t\t\t\t<div class=\"elementor-element elementor-element-5a739dc elementor-widget elementor-widget-heading\" data-id=\"5a739dc\" data-element_type=\"widget\" data-widget_type=\"heading.default\">\n\t\t\t\t\t<h2 class=\"elementor-heading-title elementor-size-default\">Luta contra o estigma e acesso aos cuidados<\/h2>\t\t\t\t<\/div>\n\t\t\t\t<div class=\"elementor-element elementor-element-5df2c51 elementor-widget elementor-widget-text-editor\" data-id=\"5df2c51\" data-element_type=\"widget\" data-widget_type=\"text-editor.default\">\n\t\t\t\t\t\t\t\t\t<p>O estigma continua a ser uma das maiores barreiras no tratamento. Estudos demonstram que programas educativos reduzem significativamente atitudes estigmatizantes, especialmente entre profissionais de sa\u00fade. A promo\u00e7\u00e3o de informa\u00e7\u00e3o baseada na evid\u00eancia, a humaniza\u00e7\u00e3o dos cuidados e o envolvimento das fam\u00edlias s\u00e3o estrat\u00e9gias essenciais para combater preconceitos e melhorar o acesso a cuidados de qualidade em sa\u00fade mental.<\/p>\t\t\t\t\t\t\t\t<\/div>\n\t\t\t\t\t<\/div>\n\t\t\t\t<\/div>\n\t\t<div class=\"elementor-element elementor-element-1167cc2 e-flex e-con-boxed e-con e-parent\" data-id=\"1167cc2\" data-element_type=\"container\">\n\t\t\t\t\t<div class=\"e-con-inner\">\n\t\t<div class=\"elementor-element elementor-element-0abf8a4 e-con-full e-flex e-con e-child\" data-id=\"0abf8a4\" data-element_type=\"container\">\n\t\t<div class=\"elementor-element elementor-element-9aa8318 e-con-full e-flex e-con e-child\" data-id=\"9aa8318\" data-element_type=\"container\">\n\t\t\t\t<div class=\"elementor-element elementor-element-cb68277 elementor-widget elementor-widget-heading\" data-id=\"cb68277\" data-element_type=\"widget\" data-widget_type=\"heading.default\">\n\t\t\t\t\t<h2 class=\"elementor-heading-title elementor-size-default\">Perguntas frequentes (FAQ)<\/h2>\t\t\t\t<\/div>\n\t\t\t\t<div class=\"elementor-element elementor-element-ad677ef elementor-widget elementor-widget-n-accordion\" data-id=\"ad677ef\" data-element_type=\"widget\" data-settings=\"{&quot;default_state&quot;:&quot;all_collapsed&quot;,&quot;max_items_expended&quot;:&quot;one&quot;,&quot;n_accordion_animation_duration&quot;:{&quot;unit&quot;:&quot;ms&quot;,&quot;size&quot;:400,&quot;sizes&quot;:[]}}\" data-widget_type=\"nested-accordion.default\">\n\t\t\t\t\t\t\t<div class=\"e-n-accordion\" aria-label=\"Accordion. Open links with Enter or Space, close with Escape, and navigate with Arrow Keys\">\n\t\t\t\t\t\t<details id=\"e-n-accordion-item-1810\" class=\"e-n-accordion-item\" >\n\t\t\t\t<summary class=\"e-n-accordion-item-title\" data-accordion-index=\"1\" tabindex=\"0\" aria-expanded=\"false\" aria-controls=\"e-n-accordion-item-1810\" >\n\t\t\t\t\t<span class='e-n-accordion-item-title-header'><div class=\"e-n-accordion-item-title-text\"> A esquizofrenia \u00e9 heredit\u00e1ria? <\/div><\/span>\n\t\t\t\t\t\t\t<span class='e-n-accordion-item-title-icon'>\n\t\t\t<span class='e-opened' ><svg aria-hidden=\"true\" class=\"e-font-icon-svg e-fas-minus\" viewBox=\"0 0 448 512\" xmlns=\"http:\/\/www.w3.org\/2000\/svg\"><path d=\"M416 208H32c-17.67 0-32 14.33-32 32v32c0 17.67 14.33 32 32 32h384c17.67 0 32-14.33 32-32v-32c0-17.67-14.33-32-32-32z\"><\/path><\/svg><\/span>\n\t\t\t<span class='e-closed'><svg aria-hidden=\"true\" class=\"e-font-icon-svg e-fas-plus\" viewBox=\"0 0 448 512\" xmlns=\"http:\/\/www.w3.org\/2000\/svg\"><path d=\"M416 208H272V64c0-17.67-14.33-32-32-32h-32c-17.67 0-32 14.33-32 32v144H32c-17.67 0-32 14.33-32 32v32c0 17.67 14.33 32 32 32h144v144c0 17.67 14.33 32 32 32h32c17.67 0 32-14.33 32-32V304h144c17.67 0 32-14.33 32-32v-32c0-17.67-14.33-32-32-32z\"><\/path><\/svg><\/span>\n\t\t<\/span>\n\n\t\t\t\t\t\t<\/summary>\n\t\t\t\t<div role=\"region\" aria-labelledby=\"e-n-accordion-item-1810\" class=\"elementor-element elementor-element-5db04af e-con-full e-flex e-con e-child\" data-id=\"5db04af\" data-element_type=\"container\">\n\t\t<div role=\"region\" aria-labelledby=\"e-n-accordion-item-1810\" class=\"elementor-element elementor-element-13e4a3c e-flex e-con-boxed e-con e-child\" data-id=\"13e4a3c\" data-element_type=\"container\">\n\t\t\t\t\t<div class=\"e-con-inner\">\n\t\t\t\t<div class=\"elementor-element elementor-element-3fbe3ca elementor-widget elementor-widget-text-editor\" data-id=\"3fbe3ca\" data-element_type=\"widget\" data-widget_type=\"text-editor.default\">\n\t\t\t\t\t\t\t\t\t<p>A hereditariedade aumenta o risco, mas n\u00e3o determina de forma absoluta o desenvolvimento da doen\u00e7a. Factores ambientais e estilos de vida saud\u00e1veis tamb\u00e9m influenciam o aparecimento da esquizofrenia.<\/p>\t\t\t\t\t\t\t\t<\/div>\n\t\t\t\t\t<\/div>\n\t\t\t\t<\/div>\n\t\t\t\t<\/div>\n\t\t\t\t\t<\/details>\n\t\t\t\t\t\t<details id=\"e-n-accordion-item-1811\" class=\"e-n-accordion-item\" >\n\t\t\t\t<summary class=\"e-n-accordion-item-title\" data-accordion-index=\"2\" tabindex=\"-1\" aria-expanded=\"false\" aria-controls=\"e-n-accordion-item-1811\" >\n\t\t\t\t\t<span class='e-n-accordion-item-title-header'><div class=\"e-n-accordion-item-title-text\"> Uma pessoa com esquizofrenia pode trabalhar? <\/div><\/span>\n\t\t\t\t\t\t\t<span class='e-n-accordion-item-title-icon'>\n\t\t\t<span class='e-opened' ><svg aria-hidden=\"true\" class=\"e-font-icon-svg e-fas-minus\" viewBox=\"0 0 448 512\" xmlns=\"http:\/\/www.w3.org\/2000\/svg\"><path d=\"M416 208H32c-17.67 0-32 14.33-32 32v32c0 17.67 14.33 32 32 32h384c17.67 0 32-14.33 32-32v-32c0-17.67-14.33-32-32-32z\"><\/path><\/svg><\/span>\n\t\t\t<span class='e-closed'><svg aria-hidden=\"true\" class=\"e-font-icon-svg e-fas-plus\" viewBox=\"0 0 448 512\" xmlns=\"http:\/\/www.w3.org\/2000\/svg\"><path d=\"M416 208H272V64c0-17.67-14.33-32-32-32h-32c-17.67 0-32 14.33-32 32v144H32c-17.67 0-32 14.33-32 32v32c0 17.67 14.33 32 32 32h144v144c0 17.67 14.33 32 32 32h32c17.67 0 32-14.33 32-32V304h144c17.67 0 32-14.33 32-32v-32c0-17.67-14.33-32-32-32z\"><\/path><\/svg><\/span>\n\t\t<\/span>\n\n\t\t\t\t\t\t<\/summary>\n\t\t\t\t<div role=\"region\" aria-labelledby=\"e-n-accordion-item-1811\" class=\"elementor-element elementor-element-889ebd4 e-con-full e-flex e-con e-child\" data-id=\"889ebd4\" data-element_type=\"container\">\n\t\t<div role=\"region\" aria-labelledby=\"e-n-accordion-item-1811\" class=\"elementor-element elementor-element-ab197cb e-flex e-con-boxed e-con e-child\" data-id=\"ab197cb\" data-element_type=\"container\">\n\t\t\t\t\t<div class=\"e-con-inner\">\n\t\t\t\t<div class=\"elementor-element elementor-element-574c846 elementor-widget elementor-widget-text-editor\" data-id=\"574c846\" data-element_type=\"widget\" data-widget_type=\"text-editor.default\">\n\t\t\t\t\t\t\t\t\t<p>Sim. Com tratamento adequado e apoio psicossocial, muitas pessoas conseguem exercer actividade profissional. Programas de reabilita\u00e7\u00e3o e adapta\u00e7\u00f5es no local de trabalho s\u00e3o decisivos.<\/p>\t\t\t\t\t\t\t\t<\/div>\n\t\t\t\t\t<\/div>\n\t\t\t\t<\/div>\n\t\t\t\t<\/div>\n\t\t\t\t\t<\/details>\n\t\t\t\t\t\t<details id=\"e-n-accordion-item-1812\" class=\"e-n-accordion-item\" >\n\t\t\t\t<summary class=\"e-n-accordion-item-title\" data-accordion-index=\"3\" tabindex=\"-1\" aria-expanded=\"false\" aria-controls=\"e-n-accordion-item-1812\" >\n\t\t\t\t\t<span class='e-n-accordion-item-title-header'><div class=\"e-n-accordion-item-title-text\"> As alucina\u00e7\u00f5es desaparecem com o tratamento? <\/div><\/span>\n\t\t\t\t\t\t\t<span class='e-n-accordion-item-title-icon'>\n\t\t\t<span class='e-opened' ><svg aria-hidden=\"true\" class=\"e-font-icon-svg e-fas-minus\" viewBox=\"0 0 448 512\" xmlns=\"http:\/\/www.w3.org\/2000\/svg\"><path d=\"M416 208H32c-17.67 0-32 14.33-32 32v32c0 17.67 14.33 32 32 32h384c17.67 0 32-14.33 32-32v-32c0-17.67-14.33-32-32-32z\"><\/path><\/svg><\/span>\n\t\t\t<span class='e-closed'><svg aria-hidden=\"true\" class=\"e-font-icon-svg e-fas-plus\" viewBox=\"0 0 448 512\" xmlns=\"http:\/\/www.w3.org\/2000\/svg\"><path d=\"M416 208H272V64c0-17.67-14.33-32-32-32h-32c-17.67 0-32 14.33-32 32v144H32c-17.67 0-32 14.33-32 32v32c0 17.67 14.33 32 32 32h144v144c0 17.67 14.33 32 32 32h32c17.67 0 32-14.33 32-32V304h144c17.67 0 32-14.33 32-32v-32c0-17.67-14.33-32-32-32z\"><\/path><\/svg><\/span>\n\t\t<\/span>\n\n\t\t\t\t\t\t<\/summary>\n\t\t\t\t<div role=\"region\" aria-labelledby=\"e-n-accordion-item-1812\" class=\"elementor-element elementor-element-6ce9f77 e-con-full e-flex e-con e-child\" data-id=\"6ce9f77\" data-element_type=\"container\">\n\t\t<div role=\"region\" aria-labelledby=\"e-n-accordion-item-1812\" class=\"elementor-element elementor-element-c1d3f73 e-flex e-con-boxed e-con e-child\" data-id=\"c1d3f73\" data-element_type=\"container\">\n\t\t\t\t\t<div class=\"e-con-inner\">\n\t\t\t\t<div class=\"elementor-element elementor-element-1e2ee2f elementor-widget elementor-widget-text-editor\" data-id=\"1e2ee2f\" data-element_type=\"widget\" data-widget_type=\"text-editor.default\">\n\t\t\t\t\t\t\t\t\t<p>Os antipsic\u00f3ticos reduzem significativamente as alucina\u00e7\u00f5es e del\u00edrios, embora o controlo total possa exigir tempo e ajustes terap\u00eauticos, sempre com acompanhamento m\u00e9dico.<\/p>\t\t\t\t\t\t\t\t<\/div>\n\t\t\t\t\t<\/div>\n\t\t\t\t<\/div>\n\t\t\t\t<\/div>\n\t\t\t\t\t<\/details>\n\t\t\t\t\t\t<details id=\"e-n-accordion-item-1813\" class=\"e-n-accordion-item\" >\n\t\t\t\t<summary class=\"e-n-accordion-item-title\" data-accordion-index=\"4\" tabindex=\"-1\" aria-expanded=\"false\" aria-controls=\"e-n-accordion-item-1813\" >\n\t\t\t\t\t<span class='e-n-accordion-item-title-header'><div class=\"e-n-accordion-item-title-text\"> Qual o papel da fam\u00edlia no tratamento? <\/div><\/span>\n\t\t\t\t\t\t\t<span class='e-n-accordion-item-title-icon'>\n\t\t\t<span class='e-opened' ><svg aria-hidden=\"true\" class=\"e-font-icon-svg e-fas-minus\" viewBox=\"0 0 448 512\" xmlns=\"http:\/\/www.w3.org\/2000\/svg\"><path d=\"M416 208H32c-17.67 0-32 14.33-32 32v32c0 17.67 14.33 32 32 32h384c17.67 0 32-14.33 32-32v-32c0-17.67-14.33-32-32-32z\"><\/path><\/svg><\/span>\n\t\t\t<span class='e-closed'><svg aria-hidden=\"true\" class=\"e-font-icon-svg e-fas-plus\" viewBox=\"0 0 448 512\" xmlns=\"http:\/\/www.w3.org\/2000\/svg\"><path d=\"M416 208H272V64c0-17.67-14.33-32-32-32h-32c-17.67 0-32 14.33-32 32v144H32c-17.67 0-32 14.33-32 32v32c0 17.67 14.33 32 32 32h144v144c0 17.67 14.33 32 32 32h32c17.67 0 32-14.33 32-32V304h144c17.67 0 32-14.33 32-32v-32c0-17.67-14.33-32-32-32z\"><\/path><\/svg><\/span>\n\t\t<\/span>\n\n\t\t\t\t\t\t<\/summary>\n\t\t\t\t<div role=\"region\" aria-labelledby=\"e-n-accordion-item-1813\" class=\"elementor-element elementor-element-7c9071c e-con-full e-flex e-con e-child\" data-id=\"7c9071c\" data-element_type=\"container\">\n\t\t<div role=\"region\" aria-labelledby=\"e-n-accordion-item-1813\" class=\"elementor-element elementor-element-e85fa10 e-flex e-con-boxed e-con e-child\" data-id=\"e85fa10\" data-element_type=\"container\">\n\t\t\t\t\t<div class=\"e-con-inner\">\n\t\t\t\t<div class=\"elementor-element elementor-element-a153021 elementor-widget elementor-widget-text-editor\" data-id=\"a153021\" data-element_type=\"widget\" data-widget_type=\"text-editor.default\">\n\t\t\t\t\t\t\t\t\t<p>A fam\u00edlia tem um papel central. A educa\u00e7\u00e3o sobre a esquizofrenia e a participa\u00e7\u00e3o activa no plano terap\u00eautico ajudam a prevenir reca\u00eddas e a promover estabilidade.<\/p>\t\t\t\t\t\t\t\t<\/div>\n\t\t\t\t\t<\/div>\n\t\t\t\t<\/div>\n\t\t\t\t<\/div>\n\t\t\t\t\t<\/details>\n\t\t\t\t\t\t<details id=\"e-n-accordion-item-1814\" class=\"e-n-accordion-item\" >\n\t\t\t\t<summary class=\"e-n-accordion-item-title\" data-accordion-index=\"5\" tabindex=\"-1\" aria-expanded=\"false\" aria-controls=\"e-n-accordion-item-1814\" >\n\t\t\t\t\t<span class='e-n-accordion-item-title-header'><div class=\"e-n-accordion-item-title-text\"> A esquizofrenia tem cura? <\/div><\/span>\n\t\t\t\t\t\t\t<span class='e-n-accordion-item-title-icon'>\n\t\t\t<span class='e-opened' ><svg aria-hidden=\"true\" class=\"e-font-icon-svg e-fas-minus\" viewBox=\"0 0 448 512\" xmlns=\"http:\/\/www.w3.org\/2000\/svg\"><path d=\"M416 208H32c-17.67 0-32 14.33-32 32v32c0 17.67 14.33 32 32 32h384c17.67 0 32-14.33 32-32v-32c0-17.67-14.33-32-32-32z\"><\/path><\/svg><\/span>\n\t\t\t<span class='e-closed'><svg aria-hidden=\"true\" class=\"e-font-icon-svg e-fas-plus\" viewBox=\"0 0 448 512\" xmlns=\"http:\/\/www.w3.org\/2000\/svg\"><path d=\"M416 208H272V64c0-17.67-14.33-32-32-32h-32c-17.67 0-32 14.33-32 32v144H32c-17.67 0-32 14.33-32 32v32c0 17.67 14.33 32 32 32h144v144c0 17.67 14.33 32 32 32h32c17.67 0 32-14.33 32-32V304h144c17.67 0 32-14.33 32-32v-32c0-17.67-14.33-32-32-32z\"><\/path><\/svg><\/span>\n\t\t<\/span>\n\n\t\t\t\t\t\t<\/summary>\n\t\t\t\t<div role=\"region\" aria-labelledby=\"e-n-accordion-item-1814\" class=\"elementor-element elementor-element-5fd2032 e-con-full e-flex e-con e-child\" data-id=\"5fd2032\" data-element_type=\"container\">\n\t\t<div role=\"region\" aria-labelledby=\"e-n-accordion-item-1814\" class=\"elementor-element elementor-element-80fbe17 e-flex e-con-boxed e-con e-child\" data-id=\"80fbe17\" data-element_type=\"container\">\n\t\t\t\t\t<div class=\"e-con-inner\">\n\t\t\t\t<div class=\"elementor-element elementor-element-fe00c24 elementor-widget elementor-widget-text-editor\" data-id=\"fe00c24\" data-element_type=\"widget\" data-widget_type=\"text-editor.default\">\n\t\t\t\t\t\t\t\t\t<p data-start=\"6119\" data-end=\"6336\">N\u00e3o existe cura definitiva, mas ela \u00e9 trat\u00e1vel. Com acompanhamento cont\u00ednuo, muitas pessoas alcan\u00e7am estabilidade cl\u00ednica e melhor qualidade de vida.<\/p>\t\t\t\t\t\t\t\t<\/div>\n\t\t\t\t\t<\/div>\n\t\t\t\t<\/div>\n\t\t\t\t<\/div>\n\t\t\t\t\t<\/details>\n\t\t\t\t\t<\/div>\n\t\t\t\t\t<script type=\"application\/ld+json\">{\"@context\":\"https:\\\/\\\/schema.org\",\"@type\":\"FAQPage\",\"mainEntity\":[{\"@type\":\"Question\",\"name\":\"A esquizofrenia \\u00e9 heredit\\u00e1ria?\",\"acceptedAnswer\":{\"@type\":\"Answer\",\"text\":\"A hereditariedade aumenta o risco, mas n\\u00e3o determina de forma absoluta o desenvolvimento da doen\\u00e7a. Factores ambientais e estilos de vida saud\\u00e1veis tamb\\u00e9m influenciam o aparecimento da esquizofrenia.\"}},{\"@type\":\"Question\",\"name\":\"Uma pessoa com esquizofrenia pode trabalhar?\",\"acceptedAnswer\":{\"@type\":\"Answer\",\"text\":\"Sim. Com tratamento adequado e apoio psicossocial, muitas pessoas conseguem exercer actividade profissional. Programas de reabilita\\u00e7\\u00e3o e adapta\\u00e7\\u00f5es no local de trabalho s\\u00e3o decisivos.\"}},{\"@type\":\"Question\",\"name\":\"As alucina\\u00e7\\u00f5es desaparecem com o tratamento?\",\"acceptedAnswer\":{\"@type\":\"Answer\",\"text\":\"Os antipsic\\u00f3ticos reduzem significativamente as alucina\\u00e7\\u00f5es e del\\u00edrios, embora o controlo total possa exigir tempo e ajustes terap\\u00eauticos, sempre com acompanhamento m\\u00e9dico.\"}},{\"@type\":\"Question\",\"name\":\"Qual o papel da fam\\u00edlia no tratamento?\",\"acceptedAnswer\":{\"@type\":\"Answer\",\"text\":\"A fam\\u00edlia tem um papel central. A educa\\u00e7\\u00e3o sobre a esquizofrenia e a participa\\u00e7\\u00e3o activa no plano terap\\u00eautico ajudam a prevenir reca\\u00eddas e a promover estabilidade.\"}},{\"@type\":\"Question\",\"name\":\"A esquizofrenia tem cura?\",\"acceptedAnswer\":{\"@type\":\"Answer\",\"text\":\"N\\u00e3o existe cura definitiva, mas ela \\u00e9 trat\\u00e1vel. Com acompanhamento cont\\u00ednuo, muitas pessoas alcan\\u00e7am estabilidade cl\\u00ednica e melhor qualidade de vida.\"}}]}<\/script>\n\t\t\t\t\t\t\t<\/div>\n\t\t\t\t<\/div>\n\t\t\t\t<\/div>\n\t\t\t\t\t<\/div>\n\t\t\t\t<\/div>\n\t\t<div class=\"elementor-element elementor-element-bec416c e-flex e-con-boxed e-con e-parent\" data-id=\"bec416c\" data-element_type=\"container\">\n\t\t\t\t\t<div class=\"e-con-inner\">\n\t\t\t\t<div class=\"elementor-element elementor-element-be2377f elementor-widget elementor-widget-heading\" data-id=\"be2377f\" data-element_type=\"widget\" data-widget_type=\"heading.default\">\n\t\t\t\t\t<h2 class=\"elementor-heading-title elementor-size-default\">Conclus\u00e3o<\/h2>\t\t\t\t<\/div>\n\t\t\t\t<div class=\"elementor-element elementor-element-cf00644 elementor-widget elementor-widget-text-editor\" data-id=\"cf00644\" data-element_type=\"widget\" data-widget_type=\"text-editor.default\">\n\t\t\t\t\t\t\t\t\t<p>A <strong data-start=\"6811\" data-end=\"6828\">esquizofrenia<\/strong> \u00e9 uma perturba\u00e7\u00e3o mental grave, mas trat\u00e1vel, quando acompanhada de forma adequada em psiquiatria geral. O diagn\u00f3stico precoce, a ades\u00e3o terap\u00eautica e as interven\u00e7\u00f5es psicossociais reduzem reca\u00eddas e melhoram a funcionalidade. Combater o estigma e garantir acesso equitativo a cuidados de sa\u00fade mental s\u00e3o passos essenciais para promover inclus\u00e3o, dignidade e qualidade de vida \u00e0s pessoas com esquizofrenia.<\/p>\t\t\t\t\t\t\t\t<\/div>\n\t\t\t\t<div class=\"elementor-element elementor-element-5448ca2 elementor-widget elementor-widget-heading\" data-id=\"5448ca2\" data-element_type=\"widget\" data-widget_type=\"heading.default\">\n\t\t\t\t\t<h2 class=\"elementor-heading-title elementor-size-default\">Refer\u00eancias<\/h2>\t\t\t\t<\/div>\n\t\t\t\t<div class=\"elementor-element elementor-element-6b11c78 elementor-widget elementor-widget-text-editor\" data-id=\"6b11c78\" data-element_type=\"widget\" data-widget_type=\"text-editor.default\">\n\t\t\t\t\t\t\t\t\t<p data-start=\"7669\" data-end=\"7797\"><a href=\"https:\/\/www.who.int\/news-room\/fact-sheets\/detail\/mental-disorders\" rel=\"dofollow noopener\" target=\"_blank\"><strong>Organiza\u00e7\u00e3o Mundial da Sa\u00fade<\/strong> \u2013 Mental disorders (fact sheet)<\/a><\/p><p data-start=\"7801\" data-end=\"7927\"><a href=\"https:\/\/www.who.int\/news-room\/fact-sheets\/detail\/mental-disorders\" rel=\"nofollow noopener\" target=\"_blank\"><strong>Organiza\u00e7\u00e3o Mundial da Sa\u00fade<\/strong> \u2013 Mental disorders: key facts<\/a><\/p><p data-start=\"7931\" data-end=\"8091\"><a href=\"https:\/\/www.actamedicaportuguesa.com\/revista\/index.php\/amp\/article\/view\/9760\" rel=\"nofollow noopener\" target=\"_blank\"><strong>Acta M\u00e9dica Portuguesa<\/strong> \u2013 Impacto da forma\u00e7\u00e3o em psiquiatria na redu\u00e7\u00e3o do estigma<\/a><\/p>\t\t\t\t\t\t\t\t<\/div>\n\t\t\t\t\t<\/div>\n\t\t\t\t<\/div>\n\t\t\t\t<\/div>\n\t\t","protected":false},"excerpt":{"rendered":"<p>Introdu\u00e7\u00e3o A esquizofrenia \u00e9 uma perturba\u00e7\u00e3o mental cr\u00f3nica que provoca altera\u00e7\u00f5es profundas na percep\u00e7\u00e3o da realidade, no pensamento e no comportamento. Caracteriza-se por sintomas como del\u00edrios, alucina\u00e7\u00f5es, discurso desorganizado e altera\u00e7\u00f5es emocionais, com impacto significativo na autonomia e na qualidade de vida da pessoa. A Organiza\u00e7\u00e3o Mundial da Sa\u00fade estima que cerca de 23 milh\u00f5es [&hellip;]<\/p>\n","protected":false},"author":2964,"featured_media":55948,"comment_status":"closed","ping_status":"closed","sticky":false,"template":"","format":"standard","meta":{"_jetpack_memberships_contains_paid_content":false,"footnotes":""},"categories":[215],"tags":[],"class_list":["post-55530","post","type-post","status-publish","format-standard","has-post-thumbnail","hentry","category-psiquiatria"],"jetpack_featured_media_url":"https:\/\/www.mediconanet.pt\/wp-content\/uploads\/2026\/02\/esquizofrenia-e-intervencoes-em-psiquiatria-geral.webp","jetpack_sharing_enabled":true,"_links":{"self":[{"href":"https:\/\/www.mediconanet.pt\/en\/wp-json\/wp\/v2\/posts\/55530","targetHints":{"allow":["GET"]}}],"collection":[{"href":"https:\/\/www.mediconanet.pt\/en\/wp-json\/wp\/v2\/posts"}],"about":[{"href":"https:\/\/www.mediconanet.pt\/en\/wp-json\/wp\/v2\/types\/post"}],"author":[{"embeddable":true,"href":"https:\/\/www.mediconanet.pt\/en\/wp-json\/wp\/v2\/users\/2964"}],"replies":[{"embeddable":true,"href":"https:\/\/www.mediconanet.pt\/en\/wp-json\/wp\/v2\/comments?post=55530"}],"version-history":[{"count":7,"href":"https:\/\/www.mediconanet.pt\/en\/wp-json\/wp\/v2\/posts\/55530\/revisions"}],"predecessor-version":[{"id":55953,"href":"https:\/\/www.mediconanet.pt\/en\/wp-json\/wp\/v2\/posts\/55530\/revisions\/55953"}],"wp:featuredmedia":[{"embeddable":true,"href":"https:\/\/www.mediconanet.pt\/en\/wp-json\/wp\/v2\/media\/55948"}],"wp:attachment":[{"href":"https:\/\/www.mediconanet.pt\/en\/wp-json\/wp\/v2\/media?parent=55530"}],"wp:term":[{"taxonomy":"category","embeddable":true,"href":"https:\/\/www.mediconanet.pt\/en\/wp-json\/wp\/v2\/categories?post=55530"},{"taxonomy":"post_tag","embeddable":true,"href":"https:\/\/www.mediconanet.pt\/en\/wp-json\/wp\/v2\/tags?post=55530"}],"curies":[{"name":"wp","href":"https:\/\/api.w.org\/{rel}","templated":true}]}}