{"id":56503,"date":"2026-02-27T12:07:37","date_gmt":"2026-02-27T12:07:37","guid":{"rendered":"https:\/\/www.mediconanet.pt\/?p=56503"},"modified":"2026-02-27T15:29:11","modified_gmt":"2026-02-27T15:29:11","slug":"alopecia-androgenetica-causas-prevalencia","status":"publish","type":"post","link":"https:\/\/www.mediconanet.pt\/en\/alopecia-androgenetica-causas-prevalencia\/","title":{"rendered":"Alopecia Androgen\u00e9tica: Causas, Preval\u00eancia e Tratamentos"},"content":{"rendered":"\t\t<div data-elementor-type=\"wp-post\" data-elementor-id=\"56503\" class=\"elementor elementor-56503\" data-elementor-post-type=\"post\">\n\t\t\t\t<div class=\"elementor-element elementor-element-5f64caf e-flex e-con-boxed e-con e-parent\" data-id=\"5f64caf\" data-element_type=\"container\">\n\t\t\t\t\t<div class=\"e-con-inner\">\n\t\t\t\t<div class=\"elementor-element elementor-element-61dfcb9 elementor-widget elementor-widget-text-editor\" data-id=\"61dfcb9\" data-element_type=\"widget\" data-widget_type=\"text-editor.default\">\n\t\t\t\t\t\t\t\t\t<p data-start=\"721\" data-end=\"1108\">A <strong data-start=\"723\" data-end=\"749\">alopecia androgen\u00e9tica<\/strong> (AGA), frequentemente designada por calv\u00edcie comum, \u00e9 a forma mais prevalente de queda de cabelo em homens e mulheres. Estima-se que afecte at\u00e9 80 % dos homens e cerca de metade das mulheres ao longo da vida, com aumento progressivo da incid\u00eancia com a idade. Trata-se de uma condi\u00e7\u00e3o com forte componente gen\u00e9tica e padr\u00e3o heredit\u00e1rio autoss\u00f3mico dominante.<\/p><p data-start=\"1110\" data-end=\"1454\">Embora muitas vezes encarada apenas como um problema est\u00e9tico, a <strong data-start=\"1175\" data-end=\"1201\">alopecia androgen\u00e9tica<\/strong> pode estar associada a altera\u00e7\u00f5es metab\u00f3licas e cardiovasculares. Estudos indicam que o in\u00edcio precoce da AGA pode funcionar como marcador de risco para s\u00edndrome metab\u00f3lica e doen\u00e7a coron\u00e1ria, refor\u00e7ando a import\u00e2ncia de uma avalia\u00e7\u00e3o cl\u00ednica adequada.<\/p><h2 data-section-id=\"zw2eec\" data-start=\"1456\" data-end=\"1515\">Mecanismos e factores de risco da alopecia androgen\u00e9tica<\/h2><p data-start=\"1517\" data-end=\"1859\">A <strong data-start=\"1519\" data-end=\"1545\">alopecia androgen\u00e9tica<\/strong> resulta da convers\u00e3o da testosterona em di-hidrotestosterona (DHT) ao n\u00edvel do fol\u00edculo piloso. A DHT liga-se aos receptores androg\u00e9nicos das unidades foliculares suscept\u00edveis, levando \u00e0 miniaturiza\u00e7\u00e3o progressiva do fol\u00edculo, encurtamento da fase an\u00e1gena (crescimento) e prolongamento da fase tel\u00f3gena (repouso).<\/p><p data-start=\"1861\" data-end=\"2181\">Com o tempo, os cabelos tornam-se progressivamente mais finos, curtos e menos pigmentados, at\u00e9 cessar o crescimento vis\u00edvel. A susceptibilidade \u00e0 <strong data-start=\"2007\" data-end=\"2033\">alopecia androgen\u00e9tica<\/strong> \u00e9 determinada por factores gen\u00e9ticos e hormonais, sendo influenciada pela idade, antecedentes familiares e sensibilidade individual aos andr\u00f3genos.<\/p><p data-start=\"2183\" data-end=\"2387\">Factores metab\u00f3licos, como obesidade e \u00edndice de massa corporal elevado, est\u00e3o associados a maior risco de alopecia androgen\u00e9tica precoce, sugerindo uma interliga\u00e7\u00e3o entre sa\u00fade capilar e sa\u00fade sist\u00e9mica.<\/p><h2 data-section-id=\"4qgz6u\" data-start=\"2389\" data-end=\"2437\">Impacto psicol\u00f3gico da alopecia androgen\u00e9tica<\/h2><p data-start=\"2439\" data-end=\"2712\">A <strong data-start=\"2441\" data-end=\"2467\">alopecia androgen\u00e9tica<\/strong> pode ter impacto psicol\u00f3gico significativo, afectando a auto-imagem, a confian\u00e7a e a vida social. Estudos demonstram que as mulheres tendem a sofrer maior impacto emocional do que os homens, dada a import\u00e2ncia sociocultural atribu\u00edda ao cabelo.<\/p><p data-start=\"2714\" data-end=\"2992\">A diminui\u00e7\u00e3o da auto-estima associada \u00e0 alopecia androgen\u00e9tica pode contribuir para ansiedade, sintomas depressivos e isolamento social. Uma abordagem hol\u00edstica deve reconhecer este impacto emocional, integrando aconselhamento psicol\u00f3gico e apoio adequado sempre que necess\u00e1rio.<\/p><h2 data-section-id=\"1qluid1\" data-start=\"2994\" data-end=\"3028\">Terapias aprovadas e emergentes<\/h2><p data-start=\"3030\" data-end=\"3391\">As terapias farmacol\u00f3gicas com melhor evid\u00eancia para a <strong data-start=\"3085\" data-end=\"3111\">alopecia androgen\u00e9tica<\/strong> s\u00e3o o minoxidil t\u00f3pico e a finasterida oral. O minoxidil actua aumentando o calibre dos fios e prolongando a fase de crescimento, estando dispon\u00edvel em solu\u00e7\u00e3o ou espuma. A finasterida inibe a enzima 5-alfa-redutase, reduzindo os n\u00edveis de DHT e retardando a progress\u00e3o da queda.<\/p><p data-start=\"3393\" data-end=\"3569\">Nas mulheres, podem ser consideradas doses mais baixas de finasterida em contextos seleccionados, bem como anti-andr\u00f3genos como a espironolactona, sempre sob supervis\u00e3o m\u00e9dica.<\/p><p data-start=\"3571\" data-end=\"3889\">A terapia com luz de baixa intensidade (LLLT) \u00e9 uma op\u00e7\u00e3o n\u00e3o invasiva aprovada pela FDA, que pode estimular a circula\u00e7\u00e3o sangu\u00ednea e a actividade folicular. Em casos mais avan\u00e7ados de <strong data-start=\"3756\" data-end=\"3782\">alopecia androgen\u00e9tica<\/strong>, o transplante capilar permite redistribuir fol\u00edculos resistentes \u00e0 DHT, oferecendo resultados duradouros.<\/p><p data-start=\"3891\" data-end=\"4106\">A suplementa\u00e7\u00e3o de micronutrientes, como ferro, vitamina D ou zinco, pode ser \u00fatil quando existem d\u00e9fices documentados, mas n\u00e3o substitui os tratamentos direccionados para a fisiopatologia da alopecia androgen\u00e9tica.<\/p><h2 data-section-id=\"1o8061l\" data-start=\"4108\" data-end=\"4128\">Na M\u00e9dico na Net\u2026<\/h2><p data-start=\"4130\" data-end=\"4431\">Na <b>M\u00e9dico na Net<\/b>, a <strong data-start=\"4150\" data-end=\"4176\">alopecia androgen\u00e9tica<\/strong> \u00e9 avaliada de forma cl\u00ednica e baseada na evid\u00eancia cient\u00edfica. Atrav\u00e9s de <a href=\"https:\/\/www.mediconanet.pt\/produto\/queda-cabelo\/\"><strong>consultas m\u00e9dicas online<\/strong><\/a>, \u00e9 poss\u00edvel obter diagn\u00f3stico adequado, esclarecimento das op\u00e7\u00f5es terap\u00eauticas e acompanhamento personalizado, promovendo uma abordagem segura e integrada.<\/p>\t\t\t\t\t\t\t\t<\/div>\n\t\t\t\t<div class=\"elementor-element elementor-element-6613637 elementor-widget elementor-widget-image\" data-id=\"6613637\" data-element_type=\"widget\" data-widget_type=\"image.default\">\n\t\t\t\t\t\t\t\t\t\t\t\t\t\t\t<img fetchpriority=\"high\" decoding=\"async\" width=\"800\" height=\"437\" src=\"https:\/\/www.mediconanet.pt\/wp-content\/uploads\/2026\/02\/alopecia-androgenetica-causas-1024x559.webp\" class=\"attachment-large size-large wp-image-56595\" alt=\"tratamento da alopecia androgen\u00e9tica com acompanhamento m\u00e9dico especializado\" srcset=\"https:\/\/www.mediconanet.pt\/wp-content\/uploads\/2026\/02\/alopecia-androgenetica-causas-1024x559.webp 1024w, https:\/\/www.mediconanet.pt\/wp-content\/uploads\/2026\/02\/alopecia-androgenetica-causas-300x164.webp 300w, https:\/\/www.mediconanet.pt\/wp-content\/uploads\/2026\/02\/alopecia-androgenetica-causas-768x419.webp 768w, https:\/\/www.mediconanet.pt\/wp-content\/uploads\/2026\/02\/alopecia-androgenetica-causas-18x10.webp 18w, https:\/\/www.mediconanet.pt\/wp-content\/uploads\/2026\/02\/alopecia-androgenetica-causas-600x327.webp 600w, https:\/\/www.mediconanet.pt\/wp-content\/uploads\/2026\/02\/alopecia-androgenetica-causas.webp 1408w\" sizes=\"(max-width: 800px) 100vw, 800px\" \/>\t\t\t\t\t\t\t\t\t\t\t\t\t\t\t<\/div>\n\t\t\t\t\t<\/div>\n\t\t\t\t<\/div>\n\t\t<div class=\"elementor-element elementor-element-5e2198c e-flex e-con-boxed e-con e-parent\" data-id=\"5e2198c\" data-element_type=\"container\">\n\t\t\t\t\t<div class=\"e-con-inner\">\n\t\t<div class=\"elementor-element elementor-element-9689ae9 e-con-full e-flex e-con e-child\" data-id=\"9689ae9\" data-element_type=\"container\">\n\t\t<div class=\"elementor-element elementor-element-2a0ab6d e-con-full e-flex e-con e-child\" data-id=\"2a0ab6d\" data-element_type=\"container\">\n\t\t\t\t<div class=\"elementor-element elementor-element-40862ca elementor-widget elementor-widget-heading\" data-id=\"40862ca\" data-element_type=\"widget\" data-widget_type=\"heading.default\">\n\t\t\t\t\t<h2 class=\"elementor-heading-title elementor-size-default\">Perguntas frequentes (FAQ)<\/h2>\t\t\t\t<\/div>\n\t\t\t\t<div class=\"elementor-element elementor-element-1f4a8ff elementor-widget elementor-widget-n-accordion\" data-id=\"1f4a8ff\" data-element_type=\"widget\" data-settings=\"{&quot;default_state&quot;:&quot;all_collapsed&quot;,&quot;max_items_expended&quot;:&quot;one&quot;,&quot;n_accordion_animation_duration&quot;:{&quot;unit&quot;:&quot;ms&quot;,&quot;size&quot;:400,&quot;sizes&quot;:[]}}\" data-widget_type=\"nested-accordion.default\">\n\t\t\t\t\t\t\t<div class=\"e-n-accordion\" aria-label=\"Accordion. Open links with Enter or Space, close with Escape, and navigate with Arrow Keys\">\n\t\t\t\t\t\t<details id=\"e-n-accordion-item-3280\" class=\"e-n-accordion-item\" >\n\t\t\t\t<summary class=\"e-n-accordion-item-title\" data-accordion-index=\"1\" tabindex=\"0\" aria-expanded=\"false\" aria-controls=\"e-n-accordion-item-3280\" >\n\t\t\t\t\t<span class='e-n-accordion-item-title-header'><div class=\"e-n-accordion-item-title-text\"> Os tratamentos para alopecia androgen\u00e9tica funcionam sempre? <\/div><\/span>\n\t\t\t\t\t\t\t<span class='e-n-accordion-item-title-icon'>\n\t\t\t<span class='e-opened' ><svg aria-hidden=\"true\" class=\"e-font-icon-svg e-fas-minus\" viewBox=\"0 0 448 512\" xmlns=\"http:\/\/www.w3.org\/2000\/svg\"><path d=\"M416 208H32c-17.67 0-32 14.33-32 32v32c0 17.67 14.33 32 32 32h384c17.67 0 32-14.33 32-32v-32c0-17.67-14.33-32-32-32z\"><\/path><\/svg><\/span>\n\t\t\t<span class='e-closed'><svg aria-hidden=\"true\" class=\"e-font-icon-svg e-fas-plus\" viewBox=\"0 0 448 512\" xmlns=\"http:\/\/www.w3.org\/2000\/svg\"><path d=\"M416 208H272V64c0-17.67-14.33-32-32-32h-32c-17.67 0-32 14.33-32 32v144H32c-17.67 0-32 14.33-32 32v32c0 17.67 14.33 32 32 32h144v144c0 17.67 14.33 32 32 32h32c17.67 0 32-14.33 32-32V304h144c17.67 0 32-14.33 32-32v-32c0-17.67-14.33-32-32-32z\"><\/path><\/svg><\/span>\n\t\t<\/span>\n\n\t\t\t\t\t\t<\/summary>\n\t\t\t\t<div role=\"region\" aria-labelledby=\"e-n-accordion-item-3280\" class=\"elementor-element elementor-element-ffaa643 e-con-full e-flex e-con e-child\" data-id=\"ffaa643\" data-element_type=\"container\">\n\t\t<div role=\"region\" aria-labelledby=\"e-n-accordion-item-3280\" class=\"elementor-element elementor-element-1296099 e-flex e-con-boxed e-con e-child\" data-id=\"1296099\" data-element_type=\"container\">\n\t\t\t\t\t<div class=\"e-con-inner\">\n\t\t\t\t<div class=\"elementor-element elementor-element-704b76c elementor-widget elementor-widget-text-editor\" data-id=\"704b76c\" data-element_type=\"widget\" data-widget_type=\"text-editor.default\">\n\t\t\t\t\t\t\t\t\t<p>Os tratamentos retardam a progress\u00e3o e, em alguns casos, promovem crescimento parcial. No entanto, requerem uso cont\u00ednuo; a interrup\u00e7\u00e3o leva \u00e0 perda dos ganhos obtidos.<\/p>\t\t\t\t\t\t\t\t<\/div>\n\t\t\t\t\t<\/div>\n\t\t\t\t<\/div>\n\t\t\t\t<\/div>\n\t\t\t\t\t<\/details>\n\t\t\t\t\t\t<details id=\"e-n-accordion-item-3281\" class=\"e-n-accordion-item\" >\n\t\t\t\t<summary class=\"e-n-accordion-item-title\" data-accordion-index=\"2\" tabindex=\"-1\" aria-expanded=\"false\" aria-controls=\"e-n-accordion-item-3281\" >\n\t\t\t\t\t<span class='e-n-accordion-item-title-header'><div class=\"e-n-accordion-item-title-text\"> O stress causa alopecia androgen\u00e9tica? <\/div><\/span>\n\t\t\t\t\t\t\t<span class='e-n-accordion-item-title-icon'>\n\t\t\t<span class='e-opened' ><svg aria-hidden=\"true\" class=\"e-font-icon-svg e-fas-minus\" viewBox=\"0 0 448 512\" xmlns=\"http:\/\/www.w3.org\/2000\/svg\"><path d=\"M416 208H32c-17.67 0-32 14.33-32 32v32c0 17.67 14.33 32 32 32h384c17.67 0 32-14.33 32-32v-32c0-17.67-14.33-32-32-32z\"><\/path><\/svg><\/span>\n\t\t\t<span class='e-closed'><svg aria-hidden=\"true\" class=\"e-font-icon-svg e-fas-plus\" viewBox=\"0 0 448 512\" xmlns=\"http:\/\/www.w3.org\/2000\/svg\"><path d=\"M416 208H272V64c0-17.67-14.33-32-32-32h-32c-17.67 0-32 14.33-32 32v144H32c-17.67 0-32 14.33-32 32v32c0 17.67 14.33 32 32 32h144v144c0 17.67 14.33 32 32 32h32c17.67 0 32-14.33 32-32V304h144c17.67 0 32-14.33 32-32v-32c0-17.67-14.33-32-32-32z\"><\/path><\/svg><\/span>\n\t\t<\/span>\n\n\t\t\t\t\t\t<\/summary>\n\t\t\t\t<div role=\"region\" aria-labelledby=\"e-n-accordion-item-3281\" class=\"elementor-element elementor-element-5ab4fbf e-con-full e-flex e-con e-child\" data-id=\"5ab4fbf\" data-element_type=\"container\">\n\t\t<div role=\"region\" aria-labelledby=\"e-n-accordion-item-3281\" class=\"elementor-element elementor-element-c6f278c e-flex e-con-boxed e-con e-child\" data-id=\"c6f278c\" data-element_type=\"container\">\n\t\t\t\t\t<div class=\"e-con-inner\">\n\t\t\t\t<div class=\"elementor-element elementor-element-df32cef elementor-widget elementor-widget-text-editor\" data-id=\"df32cef\" data-element_type=\"widget\" data-widget_type=\"text-editor.default\">\n\t\t\t\t\t\t\t\t\t<p>N\u00e3o \u00e9 a causa principal. O stress pode provocar ou agravar outras formas de queda, como o efl\u00favio tel\u00f3geno, mas n\u00e3o \u00e9 o mecanismo central da AGA.<\/p>\t\t\t\t\t\t\t\t<\/div>\n\t\t\t\t\t<\/div>\n\t\t\t\t<\/div>\n\t\t\t\t<\/div>\n\t\t\t\t\t<\/details>\n\t\t\t\t\t\t<details id=\"e-n-accordion-item-3282\" class=\"e-n-accordion-item\" >\n\t\t\t\t<summary class=\"e-n-accordion-item-title\" data-accordion-index=\"3\" tabindex=\"-1\" aria-expanded=\"false\" aria-controls=\"e-n-accordion-item-3282\" >\n\t\t\t\t\t<span class='e-n-accordion-item-title-header'><div class=\"e-n-accordion-item-title-text\"> A alopecia androgen\u00e9tica afecta apenas homens? <\/div><\/span>\n\t\t\t\t\t\t\t<span class='e-n-accordion-item-title-icon'>\n\t\t\t<span class='e-opened' ><svg aria-hidden=\"true\" class=\"e-font-icon-svg e-fas-minus\" viewBox=\"0 0 448 512\" xmlns=\"http:\/\/www.w3.org\/2000\/svg\"><path d=\"M416 208H32c-17.67 0-32 14.33-32 32v32c0 17.67 14.33 32 32 32h384c17.67 0 32-14.33 32-32v-32c0-17.67-14.33-32-32-32z\"><\/path><\/svg><\/span>\n\t\t\t<span class='e-closed'><svg aria-hidden=\"true\" class=\"e-font-icon-svg e-fas-plus\" viewBox=\"0 0 448 512\" xmlns=\"http:\/\/www.w3.org\/2000\/svg\"><path d=\"M416 208H272V64c0-17.67-14.33-32-32-32h-32c-17.67 0-32 14.33-32 32v144H32c-17.67 0-32 14.33-32 32v32c0 17.67 14.33 32 32 32h144v144c0 17.67 14.33 32 32 32h32c17.67 0 32-14.33 32-32V304h144c17.67 0 32-14.33 32-32v-32c0-17.67-14.33-32-32-32z\"><\/path><\/svg><\/span>\n\t\t<\/span>\n\n\t\t\t\t\t\t<\/summary>\n\t\t\t\t<div role=\"region\" aria-labelledby=\"e-n-accordion-item-3282\" class=\"elementor-element elementor-element-5736107 e-con-full e-flex e-con e-child\" data-id=\"5736107\" data-element_type=\"container\">\n\t\t<div role=\"region\" aria-labelledby=\"e-n-accordion-item-3282\" class=\"elementor-element elementor-element-2fdf1bb e-flex e-con-boxed e-con e-child\" data-id=\"2fdf1bb\" data-element_type=\"container\">\n\t\t\t\t\t<div class=\"e-con-inner\">\n\t\t\t\t<div class=\"elementor-element elementor-element-e392722 elementor-widget elementor-widget-text-editor\" data-id=\"e392722\" data-element_type=\"widget\" data-widget_type=\"text-editor.default\">\n\t\t\t\t\t\t\t\t\t<p>N\u00e3o. Embora mais frequente nos homens, a alopecia androgen\u00e9tica tamb\u00e9m afecta mulheres, com padr\u00f5es de perda distintos.<\/p>\t\t\t\t\t\t\t\t<\/div>\n\t\t\t\t\t<\/div>\n\t\t\t\t<\/div>\n\t\t\t\t<\/div>\n\t\t\t\t\t<\/details>\n\t\t\t\t\t\t<details id=\"e-n-accordion-item-3283\" class=\"e-n-accordion-item\" >\n\t\t\t\t<summary class=\"e-n-accordion-item-title\" data-accordion-index=\"4\" tabindex=\"-1\" aria-expanded=\"false\" aria-controls=\"e-n-accordion-item-3283\" >\n\t\t\t\t\t<span class='e-n-accordion-item-title-header'><div class=\"e-n-accordion-item-title-text\"> O transplante capilar \u00e9 definitivo? <\/div><\/span>\n\t\t\t\t\t\t\t<span class='e-n-accordion-item-title-icon'>\n\t\t\t<span class='e-opened' ><svg aria-hidden=\"true\" class=\"e-font-icon-svg e-fas-minus\" viewBox=\"0 0 448 512\" xmlns=\"http:\/\/www.w3.org\/2000\/svg\"><path d=\"M416 208H32c-17.67 0-32 14.33-32 32v32c0 17.67 14.33 32 32 32h384c17.67 0 32-14.33 32-32v-32c0-17.67-14.33-32-32-32z\"><\/path><\/svg><\/span>\n\t\t\t<span class='e-closed'><svg aria-hidden=\"true\" class=\"e-font-icon-svg e-fas-plus\" viewBox=\"0 0 448 512\" xmlns=\"http:\/\/www.w3.org\/2000\/svg\"><path d=\"M416 208H272V64c0-17.67-14.33-32-32-32h-32c-17.67 0-32 14.33-32 32v144H32c-17.67 0-32 14.33-32 32v32c0 17.67 14.33 32 32 32h144v144c0 17.67 14.33 32 32 32h32c17.67 0 32-14.33 32-32V304h144c17.67 0 32-14.33 32-32v-32c0-17.67-14.33-32-32-32z\"><\/path><\/svg><\/span>\n\t\t<\/span>\n\n\t\t\t\t\t\t<\/summary>\n\t\t\t\t<div role=\"region\" aria-labelledby=\"e-n-accordion-item-3283\" class=\"elementor-element elementor-element-502f8f4 e-con-full e-flex e-con e-child\" data-id=\"502f8f4\" data-element_type=\"container\">\n\t\t<div role=\"region\" aria-labelledby=\"e-n-accordion-item-3283\" class=\"elementor-element elementor-element-a78d347 e-flex e-con-boxed e-con e-child\" data-id=\"a78d347\" data-element_type=\"container\">\n\t\t\t\t\t<div class=\"e-con-inner\">\n\t\t\t\t<div class=\"elementor-element elementor-element-09f1483 elementor-widget elementor-widget-text-editor\" data-id=\"09f1483\" data-element_type=\"widget\" data-widget_type=\"text-editor.default\">\n\t\t\t\t\t\t\t\t\t<p>Os fol\u00edculos transplantados tendem a ser resistentes \u00e0 DHT. No entanto, a progress\u00e3o da alopecia nas \u00e1reas n\u00e3o transplantadas pode exigir tratamento cont\u00ednuo.<\/p>\t\t\t\t\t\t\t\t<\/div>\n\t\t\t\t\t<\/div>\n\t\t\t\t<\/div>\n\t\t\t\t<\/div>\n\t\t\t\t\t<\/details>\n\t\t\t\t\t\t<details id=\"e-n-accordion-item-3284\" class=\"e-n-accordion-item\" >\n\t\t\t\t<summary class=\"e-n-accordion-item-title\" data-accordion-index=\"5\" tabindex=\"-1\" aria-expanded=\"false\" aria-controls=\"e-n-accordion-item-3284\" >\n\t\t\t\t\t<span class='e-n-accordion-item-title-header'><div class=\"e-n-accordion-item-title-text\"> Quando devo procurar avalia\u00e7\u00e3o m\u00e9dica? <\/div><\/span>\n\t\t\t\t\t\t\t<span class='e-n-accordion-item-title-icon'>\n\t\t\t<span class='e-opened' ><svg aria-hidden=\"true\" class=\"e-font-icon-svg e-fas-minus\" viewBox=\"0 0 448 512\" xmlns=\"http:\/\/www.w3.org\/2000\/svg\"><path d=\"M416 208H32c-17.67 0-32 14.33-32 32v32c0 17.67 14.33 32 32 32h384c17.67 0 32-14.33 32-32v-32c0-17.67-14.33-32-32-32z\"><\/path><\/svg><\/span>\n\t\t\t<span class='e-closed'><svg aria-hidden=\"true\" class=\"e-font-icon-svg e-fas-plus\" viewBox=\"0 0 448 512\" xmlns=\"http:\/\/www.w3.org\/2000\/svg\"><path d=\"M416 208H272V64c0-17.67-14.33-32-32-32h-32c-17.67 0-32 14.33-32 32v144H32c-17.67 0-32 14.33-32 32v32c0 17.67 14.33 32 32 32h144v144c0 17.67 14.33 32 32 32h32c17.67 0 32-14.33 32-32V304h144c17.67 0 32-14.33 32-32v-32c0-17.67-14.33-32-32-32z\"><\/path><\/svg><\/span>\n\t\t<\/span>\n\n\t\t\t\t\t\t<\/summary>\n\t\t\t\t<div role=\"region\" aria-labelledby=\"e-n-accordion-item-3284\" class=\"elementor-element elementor-element-97ee71a e-con-full e-flex e-con e-child\" data-id=\"97ee71a\" data-element_type=\"container\">\n\t\t<div role=\"region\" aria-labelledby=\"e-n-accordion-item-3284\" class=\"elementor-element elementor-element-9c8b620 e-flex e-con-boxed e-con e-child\" data-id=\"9c8b620\" data-element_type=\"container\">\n\t\t\t\t\t<div class=\"e-con-inner\">\n\t\t\t\t<div class=\"elementor-element elementor-element-1e34502 elementor-widget elementor-widget-text-editor\" data-id=\"1e34502\" data-element_type=\"widget\" data-widget_type=\"text-editor.default\">\n\t\t\t\t\t\t\t\t\t<p data-start=\"6119\" data-end=\"6336\">Sempre que a queda de cabelo seja progressiva, precoce ou cause impacto emocional significativo.<\/p>\t\t\t\t\t\t\t\t<\/div>\n\t\t\t\t\t<\/div>\n\t\t\t\t<\/div>\n\t\t\t\t<\/div>\n\t\t\t\t\t<\/details>\n\t\t\t\t\t<\/div>\n\t\t\t\t\t<script type=\"application\/ld+json\">{\"@context\":\"https:\\\/\\\/schema.org\",\"@type\":\"FAQPage\",\"mainEntity\":[{\"@type\":\"Question\",\"name\":\"Os tratamentos para alopecia androgen\\u00e9tica funcionam sempre?\",\"acceptedAnswer\":{\"@type\":\"Answer\",\"text\":\"Os tratamentos retardam a progress\\u00e3o e, em alguns casos, promovem crescimento parcial. No entanto, requerem uso cont\\u00ednuo; a interrup\\u00e7\\u00e3o leva \\u00e0 perda dos ganhos obtidos.\"}},{\"@type\":\"Question\",\"name\":\"O stress causa alopecia androgen\\u00e9tica?\",\"acceptedAnswer\":{\"@type\":\"Answer\",\"text\":\"N\\u00e3o \\u00e9 a causa principal. O stress pode provocar ou agravar outras formas de queda, como o efl\\u00favio tel\\u00f3geno, mas n\\u00e3o \\u00e9 o mecanismo central da AGA.\"}},{\"@type\":\"Question\",\"name\":\"A alopecia androgen\\u00e9tica afecta apenas homens?\",\"acceptedAnswer\":{\"@type\":\"Answer\",\"text\":\"N\\u00e3o. Embora mais frequente nos homens, a alopecia androgen\\u00e9tica tamb\\u00e9m afecta mulheres, com padr\\u00f5es de perda distintos.\"}},{\"@type\":\"Question\",\"name\":\"O transplante capilar \\u00e9 definitivo?\",\"acceptedAnswer\":{\"@type\":\"Answer\",\"text\":\"Os fol\\u00edculos transplantados tendem a ser resistentes \\u00e0 DHT. No entanto, a progress\\u00e3o da alopecia nas \\u00e1reas n\\u00e3o transplantadas pode exigir tratamento cont\\u00ednuo.\"}},{\"@type\":\"Question\",\"name\":\"Quando devo procurar avalia\\u00e7\\u00e3o m\\u00e9dica?\",\"acceptedAnswer\":{\"@type\":\"Answer\",\"text\":\"Sempre que a queda de cabelo seja progressiva, precoce ou cause impacto emocional significativo.\"}}]}<\/script>\n\t\t\t\t\t\t\t<\/div>\n\t\t\t\t<\/div>\n\t\t\t\t<\/div>\n\t\t\t\t\t<\/div>\n\t\t\t\t<\/div>\n\t\t<div class=\"elementor-element elementor-element-660208a e-flex e-con-boxed e-con e-parent\" data-id=\"660208a\" data-element_type=\"container\">\n\t\t\t\t\t<div class=\"e-con-inner\">\n\t\t\t\t<div class=\"elementor-element elementor-element-07920a0 elementor-widget elementor-widget-text-editor\" data-id=\"07920a0\" data-element_type=\"widget\" data-widget_type=\"text-editor.default\">\n\t\t\t\t\t\t\t\t\t<h2 data-section-id=\"h85oci\" data-start=\"5435\" data-end=\"5447\">Conclus\u00e3o<\/h2><p data-start=\"5449\" data-end=\"5935\">A <strong data-start=\"5451\" data-end=\"5477\">alopecia androgen\u00e9tica<\/strong> \u00e9 uma condi\u00e7\u00e3o extremamente comum, de base gen\u00e9tica e hormonal, com impacto est\u00e9tico, psicol\u00f3gico e potencial relev\u00e2ncia sist\u00e9mica. O diagn\u00f3stico precoce e a utiliza\u00e7\u00e3o de terapias aprovadas, como minoxidil, finasterida e LLLT, permitem travar a progress\u00e3o e melhorar a apar\u00eancia capilar. Uma abordagem hol\u00edstica, que integre acompanhamento m\u00e9dico e apoio psicol\u00f3gico, optimiza os resultados terap\u00eauticos e melhora a qualidade de vida das pessoas afectadas.<\/p><h2 data-section-id=\"7f29y7\" data-start=\"5937\" data-end=\"5951\">Refer\u00eancias<\/h2><p data-start=\"5953\" data-end=\"6078\"><a href=\"https:\/\/pubmed.ncbi.nlm.nih.gov\/30808116\/\" rel=\"dofollow noopener\" target=\"_blank\"><strong>Baumgartner S, et al.<\/strong> <em data-start=\"5975\" data-end=\"6033\">Current and emerging therapies for androgenetic alopecia<\/em>.<\/a><\/p>\t\t\t\t\t\t\t\t<\/div>\n\t\t\t\t\t<\/div>\n\t\t\t\t<\/div>\n\t\t\t\t<\/div>\n\t\t","protected":false},"excerpt":{"rendered":"<p>A alopecia androgen\u00e9tica (AGA), frequentemente designada por calv\u00edcie comum, \u00e9 a forma mais prevalente de queda de cabelo em homens e mulheres. Estima-se que afecte at\u00e9 80 % dos homens e cerca de metade das mulheres ao longo da vida, com aumento progressivo da incid\u00eancia com a idade. Trata-se de uma condi\u00e7\u00e3o com forte componente [&hellip;]<\/p>\n","protected":false},"author":2964,"featured_media":56594,"comment_status":"closed","ping_status":"closed","sticky":false,"template":"","format":"standard","meta":{"_jetpack_memberships_contains_paid_content":false,"footnotes":""},"categories":[61],"tags":[],"class_list":["post-56503","post","type-post","status-publish","format-standard","has-post-thumbnail","hentry","category-medicina-geral"],"jetpack_featured_media_url":"https:\/\/www.mediconanet.pt\/wp-content\/uploads\/2026\/02\/alopecia-andogenetica-medico-na-net.webp","jetpack_sharing_enabled":true,"_links":{"self":[{"href":"https:\/\/www.mediconanet.pt\/en\/wp-json\/wp\/v2\/posts\/56503","targetHints":{"allow":["GET"]}}],"collection":[{"href":"https:\/\/www.mediconanet.pt\/en\/wp-json\/wp\/v2\/posts"}],"about":[{"href":"https:\/\/www.mediconanet.pt\/en\/wp-json\/wp\/v2\/types\/post"}],"author":[{"embeddable":true,"href":"https:\/\/www.mediconanet.pt\/en\/wp-json\/wp\/v2\/users\/2964"}],"replies":[{"embeddable":true,"href":"https:\/\/www.mediconanet.pt\/en\/wp-json\/wp\/v2\/comments?post=56503"}],"version-history":[{"count":7,"href":"https:\/\/www.mediconanet.pt\/en\/wp-json\/wp\/v2\/posts\/56503\/revisions"}],"predecessor-version":[{"id":56598,"href":"https:\/\/www.mediconanet.pt\/en\/wp-json\/wp\/v2\/posts\/56503\/revisions\/56598"}],"wp:featuredmedia":[{"embeddable":true,"href":"https:\/\/www.mediconanet.pt\/en\/wp-json\/wp\/v2\/media\/56594"}],"wp:attachment":[{"href":"https:\/\/www.mediconanet.pt\/en\/wp-json\/wp\/v2\/media?parent=56503"}],"wp:term":[{"taxonomy":"category","embeddable":true,"href":"https:\/\/www.mediconanet.pt\/en\/wp-json\/wp\/v2\/categories?post=56503"},{"taxonomy":"post_tag","embeddable":true,"href":"https:\/\/www.mediconanet.pt\/en\/wp-json\/wp\/v2\/tags?post=56503"}],"curies":[{"name":"wp","href":"https:\/\/api.w.org\/{rel}","templated":true}]}}