{"id":56508,"date":"2026-02-27T12:17:37","date_gmt":"2026-02-27T12:17:37","guid":{"rendered":"https:\/\/www.mediconanet.pt\/?p=56508"},"modified":"2026-02-27T15:32:02","modified_gmt":"2026-02-27T15:32:02","slug":"alopecia-areata-patogenese-comorbilidades","status":"publish","type":"post","link":"https:\/\/www.mediconanet.pt\/en\/alopecia-areata-patogenese-comorbilidades\/","title":{"rendered":"Alopecia Areata e Outras Causas de Queda de Cabelo: Patog\u00e9nese, Comorbilidades e Terapias Emergentes"},"content":{"rendered":"\t\t<div data-elementor-type=\"wp-post\" data-elementor-id=\"56508\" class=\"elementor elementor-56508\" data-elementor-post-type=\"post\">\n\t\t\t\t<div class=\"elementor-element elementor-element-424d135 e-flex e-con-boxed e-con e-parent\" data-id=\"424d135\" data-element_type=\"container\">\n\t\t\t\t\t<div class=\"e-con-inner\">\n\t\t\t\t<div class=\"elementor-element elementor-element-c2783d9 elementor-widget elementor-widget-text-editor\" data-id=\"c2783d9\" data-element_type=\"widget\" data-widget_type=\"text-editor.default\">\n\t\t\t\t\t\t\t\t\t<p data-start=\"757\" data-end=\"1196\">A <strong data-start=\"759\" data-end=\"778\">alopecia areata<\/strong> (AA) \u00e9 uma doen\u00e7a autoimune caracterizada pela perda s\u00fabita de cabelo em placas bem delimitadas no couro cabeludo e noutras \u00e1reas pilosas. Afecta at\u00e9 2 % da popula\u00e7\u00e3o mundial, sendo observada tanto em crian\u00e7as como em adultos. Ao contr\u00e1rio da alopecia androgen\u00e9tica, a alopecia areata \u00e9 uma forma de alopecia n\u00e3o cicatricial, na qual o fol\u00edculo piloso permanece estruturalmente intacto, permitindo potencial regrowth.<\/p><p data-start=\"1198\" data-end=\"1399\">A incid\u00eancia da <strong data-start=\"1214\" data-end=\"1233\">alopecia areata<\/strong> \u00e9 maior em mulheres com in\u00edcio tardio e a evolu\u00e7\u00e3o cl\u00ednica \u00e9 imprevis\u00edvel, variando entre epis\u00f3dios isolados e formas extensas, como alopecia totalis ou universalis.<\/p><h2 data-section-id=\"1jba7im\" data-start=\"1401\" data-end=\"1459\">Patog\u00e9nese e factores desencadeantes da alopecia areata<\/h2><p data-start=\"1461\" data-end=\"1806\">Na <strong data-start=\"1464\" data-end=\"1483\">alopecia areata<\/strong>, ocorre uma quebra do privil\u00e9gio imunit\u00e1rio do fol\u00edculo piloso, levando \u00e0 activa\u00e7\u00e3o do sistema imunit\u00e1rio contra estruturas do pr\u00f3prio fol\u00edculo. Linf\u00f3citos T CD4 e CD8 infiltram a unidade folicular, com envolvimento de citocinas das vias Th1, Th2 e Th17, resultando em interrup\u00e7\u00e3o do ciclo normal de crescimento do cabelo.<\/p><p data-start=\"1808\" data-end=\"2175\">Existe uma predisposi\u00e7\u00e3o gen\u00e9tica clara para a <strong data-start=\"1855\" data-end=\"1874\">alopecia areata<\/strong>, associada a polimorfismos em genes reguladores da resposta imunit\u00e1ria, como PTPN22, CTLA4 e IL2RA. Factores ambientais podem actuar como desencadeantes, incluindo infec\u00e7\u00f5es virais, vacina\u00e7\u00e3o, stress emocional intenso e d\u00e9fices nutricionais, contribuindo para o aparecimento ou agravamento da doen\u00e7a.<\/p><h2 data-section-id=\"1dlrz7p\" data-start=\"2177\" data-end=\"2218\">Comorbilidades m\u00e9dicas e psiqui\u00e1tricas<\/h2><p data-start=\"2220\" data-end=\"2493\">A <strong data-start=\"2222\" data-end=\"2241\">alopecia areata<\/strong> associa-se frequentemente a outras doen\u00e7as autoimunes, como patologia da tir\u00f3ide, l\u00fapus eritematoso sist\u00e9mico, anemia por defici\u00eancia de ferro, atopia e s\u00edndrome metab\u00f3lica. Estas associa\u00e7\u00f5es refor\u00e7am a necessidade de uma avalia\u00e7\u00e3o cl\u00ednica abrangente.<\/p><p data-start=\"2495\" data-end=\"2854\">Do ponto de vista psicol\u00f3gico, o impacto da alopecia areata \u00e9 significativo. Os doentes apresentam risco aumentado de ansiedade e depress\u00e3o, sendo particularmente elevado em crian\u00e7as e adolescentes. O estigma social associado \u00e0 perda vis\u00edvel de cabelo contribui para isolamento social e redu\u00e7\u00e3o da qualidade de vida, tornando essencial o suporte psicossocial.<\/p><h2 data-section-id=\"1dde4u4\" data-start=\"2856\" data-end=\"2900\">Tratamentos actuais e terapias emergentes<\/h2><p data-start=\"2902\" data-end=\"3209\">O tratamento da <strong data-start=\"2918\" data-end=\"2937\">alopecia areata<\/strong> depende da extens\u00e3o e da actividade da doen\u00e7a. Em casos localizados, os corticosteroides t\u00f3picos ou intralesionais, como a triamcinolona, constituem o padr\u00e3o terap\u00eautico de primeira linha. O minoxidil t\u00f3pico pode ser utilizado como adjuvante para estimular o crescimento.<\/p><p data-start=\"3211\" data-end=\"3475\">Em formas extensas, podem ser consideradas terapias sist\u00e9micas, incluindo corticosteroides orais, metotrexato, ciclosporina ou imunoterapia t\u00f3pica com difenciprona. No entanto, estas op\u00e7\u00f5es apresentam limita\u00e7\u00f5es em termos de efic\u00e1cia sustentada e efeitos adversos.<\/p><p data-start=\"3477\" data-end=\"3840\">Os inibidores da Janus quinase (JAK) representam um avan\u00e7o significativo no tratamento da <strong data-start=\"3567\" data-end=\"3586\">alopecia areata<\/strong>. O baricitinib foi recentemente aprovado para adultos com formas graves, demonstrando taxas relevantes de regrowth com um perfil de seguran\u00e7a aceit\u00e1vel. Outros JAKi, como ritlecitinib e tofacitinib, apresentam resultados promissores em ensaios cl\u00ednicos.<\/p><p data-start=\"3842\" data-end=\"4141\">Terapias complementares, como a aplica\u00e7\u00e3o t\u00f3pica de \u00f3leos essenciais associada a massagem do couro cabeludo, mostraram algum benef\u00edcio em estudos controlados, mas devem ser encaradas como adjuvantes. O apoio psicol\u00f3gico e os grupos de suporte s\u00e3o componentes fundamentais de uma abordagem hol\u00edstica.<\/p><h2 data-section-id=\"1o8061l\" data-start=\"4143\" data-end=\"4163\">Na M\u00e9dico na Net\u2026<\/h2><p data-start=\"4165\" data-end=\"4476\"><strong>Na M\u00e9dico na Net<\/strong>, a <strong data-start=\"4185\" data-end=\"4204\">alopecia areata<\/strong> \u00e9 abordada de forma cl\u00ednica, baseada na evid\u00eancia cient\u00edfica e com aten\u00e7\u00e3o ao impacto emocional da doen\u00e7a. Atrav\u00e9s de <a href=\"https:\/\/www.mediconanet.pt\/produto\/queda-cabelo\/\"><strong>consultas m\u00e9dicas online<\/strong><\/a>, \u00e9 poss\u00edvel obter avalia\u00e7\u00e3o adequada, esclarecimento terap\u00eautico e acompanhamento personalizado, de forma segura e confidencial.<\/p>\t\t\t\t\t\t\t\t<\/div>\n\t\t\t\t<div class=\"elementor-element elementor-element-c8885a0 elementor-widget elementor-widget-image\" data-id=\"c8885a0\" data-element_type=\"widget\" data-widget_type=\"image.default\">\n\t\t\t\t\t\t\t\t\t\t\t\t\t\t\t<img fetchpriority=\"high\" decoding=\"async\" width=\"800\" height=\"437\" src=\"https:\/\/www.mediconanet.pt\/wp-content\/uploads\/2026\/02\/alopecia-areata-causas-tratamento-1024x559.webp\" class=\"attachment-large size-large wp-image-56601\" alt=\"Diagn\u00f3stico e tratamento da alopecia areata em consulta m\u00e9dica\" srcset=\"https:\/\/www.mediconanet.pt\/wp-content\/uploads\/2026\/02\/alopecia-areata-causas-tratamento-1024x559.webp 1024w, https:\/\/www.mediconanet.pt\/wp-content\/uploads\/2026\/02\/alopecia-areata-causas-tratamento-300x164.webp 300w, https:\/\/www.mediconanet.pt\/wp-content\/uploads\/2026\/02\/alopecia-areata-causas-tratamento-768x419.webp 768w, https:\/\/www.mediconanet.pt\/wp-content\/uploads\/2026\/02\/alopecia-areata-causas-tratamento-18x10.webp 18w, https:\/\/www.mediconanet.pt\/wp-content\/uploads\/2026\/02\/alopecia-areata-causas-tratamento-600x327.webp 600w, https:\/\/www.mediconanet.pt\/wp-content\/uploads\/2026\/02\/alopecia-areata-causas-tratamento.webp 1408w\" sizes=\"(max-width: 800px) 100vw, 800px\" \/>\t\t\t\t\t\t\t\t\t\t\t\t\t\t\t<\/div>\n\t\t\t\t\t<\/div>\n\t\t\t\t<\/div>\n\t\t<div class=\"elementor-element elementor-element-1a58842 e-flex e-con-boxed e-con e-parent\" data-id=\"1a58842\" data-element_type=\"container\">\n\t\t\t\t\t<div class=\"e-con-inner\">\n\t\t<div class=\"elementor-element elementor-element-f9ceb0d e-con-full e-flex e-con e-child\" data-id=\"f9ceb0d\" data-element_type=\"container\">\n\t\t<div class=\"elementor-element elementor-element-6cbb1a3 e-con-full e-flex e-con e-child\" data-id=\"6cbb1a3\" data-element_type=\"container\">\n\t\t\t\t<div class=\"elementor-element elementor-element-7ddbe05 elementor-widget elementor-widget-heading\" data-id=\"7ddbe05\" data-element_type=\"widget\" data-widget_type=\"heading.default\">\n\t\t\t\t\t<h2 class=\"elementor-heading-title elementor-size-default\">Perguntas frequentes (FAQ)<\/h2>\t\t\t\t<\/div>\n\t\t\t\t<div class=\"elementor-element elementor-element-62a7f35 elementor-widget elementor-widget-n-accordion\" data-id=\"62a7f35\" data-element_type=\"widget\" data-settings=\"{&quot;default_state&quot;:&quot;all_collapsed&quot;,&quot;max_items_expended&quot;:&quot;one&quot;,&quot;n_accordion_animation_duration&quot;:{&quot;unit&quot;:&quot;ms&quot;,&quot;size&quot;:400,&quot;sizes&quot;:[]}}\" data-widget_type=\"nested-accordion.default\">\n\t\t\t\t\t\t\t<div class=\"e-n-accordion\" aria-label=\"Accordion. Open links with Enter or Space, close with Escape, and navigate with Arrow Keys\">\n\t\t\t\t\t\t<details id=\"e-n-accordion-item-1030\" class=\"e-n-accordion-item\" >\n\t\t\t\t<summary class=\"e-n-accordion-item-title\" data-accordion-index=\"1\" tabindex=\"0\" aria-expanded=\"false\" aria-controls=\"e-n-accordion-item-1030\" >\n\t\t\t\t\t<span class='e-n-accordion-item-title-header'><div class=\"e-n-accordion-item-title-text\"> A alopecia areata \u00e9 contagiosa? <\/div><\/span>\n\t\t\t\t\t\t\t<span class='e-n-accordion-item-title-icon'>\n\t\t\t<span class='e-opened' ><svg aria-hidden=\"true\" class=\"e-font-icon-svg e-fas-minus\" viewBox=\"0 0 448 512\" xmlns=\"http:\/\/www.w3.org\/2000\/svg\"><path d=\"M416 208H32c-17.67 0-32 14.33-32 32v32c0 17.67 14.33 32 32 32h384c17.67 0 32-14.33 32-32v-32c0-17.67-14.33-32-32-32z\"><\/path><\/svg><\/span>\n\t\t\t<span class='e-closed'><svg aria-hidden=\"true\" class=\"e-font-icon-svg e-fas-plus\" viewBox=\"0 0 448 512\" xmlns=\"http:\/\/www.w3.org\/2000\/svg\"><path d=\"M416 208H272V64c0-17.67-14.33-32-32-32h-32c-17.67 0-32 14.33-32 32v144H32c-17.67 0-32 14.33-32 32v32c0 17.67 14.33 32 32 32h144v144c0 17.67 14.33 32 32 32h32c17.67 0 32-14.33 32-32V304h144c17.67 0 32-14.33 32-32v-32c0-17.67-14.33-32-32-32z\"><\/path><\/svg><\/span>\n\t\t<\/span>\n\n\t\t\t\t\t\t<\/summary>\n\t\t\t\t<div role=\"region\" aria-labelledby=\"e-n-accordion-item-1030\" class=\"elementor-element elementor-element-a80181b e-con-full e-flex e-con e-child\" data-id=\"a80181b\" data-element_type=\"container\">\n\t\t<div role=\"region\" aria-labelledby=\"e-n-accordion-item-1030\" class=\"elementor-element elementor-element-3ceafb1 e-flex e-con-boxed e-con e-child\" data-id=\"3ceafb1\" data-element_type=\"container\">\n\t\t\t\t\t<div class=\"e-con-inner\">\n\t\t\t\t<div class=\"elementor-element elementor-element-13f3b6f elementor-widget elementor-widget-text-editor\" data-id=\"13f3b6f\" data-element_type=\"widget\" data-widget_type=\"text-editor.default\">\n\t\t\t\t\t\t\t\t\t<p>N\u00e3o. Trata-se de uma doen\u00e7a autoimune e n\u00e3o \u00e9 transmiss\u00edvel.<\/p>\t\t\t\t\t\t\t\t<\/div>\n\t\t\t\t\t<\/div>\n\t\t\t\t<\/div>\n\t\t\t\t<\/div>\n\t\t\t\t\t<\/details>\n\t\t\t\t\t\t<details id=\"e-n-accordion-item-1031\" class=\"e-n-accordion-item\" >\n\t\t\t\t<summary class=\"e-n-accordion-item-title\" data-accordion-index=\"2\" tabindex=\"-1\" aria-expanded=\"false\" aria-controls=\"e-n-accordion-item-1031\" >\n\t\t\t\t\t<span class='e-n-accordion-item-title-header'><div class=\"e-n-accordion-item-title-text\"> O cabelo volta a crescer na alopecia areata? <\/div><\/span>\n\t\t\t\t\t\t\t<span class='e-n-accordion-item-title-icon'>\n\t\t\t<span class='e-opened' ><svg aria-hidden=\"true\" class=\"e-font-icon-svg e-fas-minus\" viewBox=\"0 0 448 512\" xmlns=\"http:\/\/www.w3.org\/2000\/svg\"><path d=\"M416 208H32c-17.67 0-32 14.33-32 32v32c0 17.67 14.33 32 32 32h384c17.67 0 32-14.33 32-32v-32c0-17.67-14.33-32-32-32z\"><\/path><\/svg><\/span>\n\t\t\t<span class='e-closed'><svg aria-hidden=\"true\" class=\"e-font-icon-svg e-fas-plus\" viewBox=\"0 0 448 512\" xmlns=\"http:\/\/www.w3.org\/2000\/svg\"><path d=\"M416 208H272V64c0-17.67-14.33-32-32-32h-32c-17.67 0-32 14.33-32 32v144H32c-17.67 0-32 14.33-32 32v32c0 17.67 14.33 32 32 32h144v144c0 17.67 14.33 32 32 32h32c17.67 0 32-14.33 32-32V304h144c17.67 0 32-14.33 32-32v-32c0-17.67-14.33-32-32-32z\"><\/path><\/svg><\/span>\n\t\t<\/span>\n\n\t\t\t\t\t\t<\/summary>\n\t\t\t\t<div role=\"region\" aria-labelledby=\"e-n-accordion-item-1031\" class=\"elementor-element elementor-element-ace3447 e-con-full e-flex e-con e-child\" data-id=\"ace3447\" data-element_type=\"container\">\n\t\t<div role=\"region\" aria-labelledby=\"e-n-accordion-item-1031\" class=\"elementor-element elementor-element-feb3b0f e-flex e-con-boxed e-con e-child\" data-id=\"feb3b0f\" data-element_type=\"container\">\n\t\t\t\t\t<div class=\"e-con-inner\">\n\t\t\t\t<div class=\"elementor-element elementor-element-66f0c1d elementor-widget elementor-widget-text-editor\" data-id=\"66f0c1d\" data-element_type=\"widget\" data-widget_type=\"text-editor.default\">\n\t\t\t\t\t\t\t\t\t<p>Em muitos casos, sim. O regrowth pode ocorrer espontaneamente em seis a doze meses, embora exista risco de recorr\u00eancia.<\/p>\t\t\t\t\t\t\t\t<\/div>\n\t\t\t\t\t<\/div>\n\t\t\t\t<\/div>\n\t\t\t\t<\/div>\n\t\t\t\t\t<\/details>\n\t\t\t\t\t\t<details id=\"e-n-accordion-item-1032\" class=\"e-n-accordion-item\" >\n\t\t\t\t<summary class=\"e-n-accordion-item-title\" data-accordion-index=\"3\" tabindex=\"-1\" aria-expanded=\"false\" aria-controls=\"e-n-accordion-item-1032\" >\n\t\t\t\t\t<span class='e-n-accordion-item-title-header'><div class=\"e-n-accordion-item-title-text\"> A alopecia areata pode evoluir para formas graves? <\/div><\/span>\n\t\t\t\t\t\t\t<span class='e-n-accordion-item-title-icon'>\n\t\t\t<span class='e-opened' ><svg aria-hidden=\"true\" class=\"e-font-icon-svg e-fas-minus\" viewBox=\"0 0 448 512\" xmlns=\"http:\/\/www.w3.org\/2000\/svg\"><path d=\"M416 208H32c-17.67 0-32 14.33-32 32v32c0 17.67 14.33 32 32 32h384c17.67 0 32-14.33 32-32v-32c0-17.67-14.33-32-32-32z\"><\/path><\/svg><\/span>\n\t\t\t<span class='e-closed'><svg aria-hidden=\"true\" class=\"e-font-icon-svg e-fas-plus\" viewBox=\"0 0 448 512\" xmlns=\"http:\/\/www.w3.org\/2000\/svg\"><path d=\"M416 208H272V64c0-17.67-14.33-32-32-32h-32c-17.67 0-32 14.33-32 32v144H32c-17.67 0-32 14.33-32 32v32c0 17.67 14.33 32 32 32h144v144c0 17.67 14.33 32 32 32h32c17.67 0 32-14.33 32-32V304h144c17.67 0 32-14.33 32-32v-32c0-17.67-14.33-32-32-32z\"><\/path><\/svg><\/span>\n\t\t<\/span>\n\n\t\t\t\t\t\t<\/summary>\n\t\t\t\t<div role=\"region\" aria-labelledby=\"e-n-accordion-item-1032\" class=\"elementor-element elementor-element-4b81be3 e-con-full e-flex e-con e-child\" data-id=\"4b81be3\" data-element_type=\"container\">\n\t\t<div role=\"region\" aria-labelledby=\"e-n-accordion-item-1032\" class=\"elementor-element elementor-element-594b0ae e-flex e-con-boxed e-con e-child\" data-id=\"594b0ae\" data-element_type=\"container\">\n\t\t\t\t\t<div class=\"e-con-inner\">\n\t\t\t\t<div class=\"elementor-element elementor-element-d9380fc elementor-widget elementor-widget-text-editor\" data-id=\"d9380fc\" data-element_type=\"widget\" data-widget_type=\"text-editor.default\">\n\t\t\t\t\t\t\t\t\t<p>Sim. Alguns doentes desenvolvem alopecia totalis ou universalis, exigindo acompanhamento especializado.<\/p>\t\t\t\t\t\t\t\t<\/div>\n\t\t\t\t\t<\/div>\n\t\t\t\t<\/div>\n\t\t\t\t<\/div>\n\t\t\t\t\t<\/details>\n\t\t\t\t\t\t<details id=\"e-n-accordion-item-1033\" class=\"e-n-accordion-item\" >\n\t\t\t\t<summary class=\"e-n-accordion-item-title\" data-accordion-index=\"4\" tabindex=\"-1\" aria-expanded=\"false\" aria-controls=\"e-n-accordion-item-1033\" >\n\t\t\t\t\t<span class='e-n-accordion-item-title-header'><div class=\"e-n-accordion-item-title-text\"> Os inibidores de JAK s\u00e3o seguros? <\/div><\/span>\n\t\t\t\t\t\t\t<span class='e-n-accordion-item-title-icon'>\n\t\t\t<span class='e-opened' ><svg aria-hidden=\"true\" class=\"e-font-icon-svg e-fas-minus\" viewBox=\"0 0 448 512\" xmlns=\"http:\/\/www.w3.org\/2000\/svg\"><path d=\"M416 208H32c-17.67 0-32 14.33-32 32v32c0 17.67 14.33 32 32 32h384c17.67 0 32-14.33 32-32v-32c0-17.67-14.33-32-32-32z\"><\/path><\/svg><\/span>\n\t\t\t<span class='e-closed'><svg aria-hidden=\"true\" class=\"e-font-icon-svg e-fas-plus\" viewBox=\"0 0 448 512\" xmlns=\"http:\/\/www.w3.org\/2000\/svg\"><path d=\"M416 208H272V64c0-17.67-14.33-32-32-32h-32c-17.67 0-32 14.33-32 32v144H32c-17.67 0-32 14.33-32 32v32c0 17.67 14.33 32 32 32h144v144c0 17.67 14.33 32 32 32h32c17.67 0 32-14.33 32-32V304h144c17.67 0 32-14.33 32-32v-32c0-17.67-14.33-32-32-32z\"><\/path><\/svg><\/span>\n\t\t<\/span>\n\n\t\t\t\t\t\t<\/summary>\n\t\t\t\t<div role=\"region\" aria-labelledby=\"e-n-accordion-item-1033\" class=\"elementor-element elementor-element-99b0843 e-con-full e-flex e-con e-child\" data-id=\"99b0843\" data-element_type=\"container\">\n\t\t<div role=\"region\" aria-labelledby=\"e-n-accordion-item-1033\" class=\"elementor-element elementor-element-c85e6bc e-flex e-con-boxed e-con e-child\" data-id=\"c85e6bc\" data-element_type=\"container\">\n\t\t\t\t\t<div class=\"e-con-inner\">\n\t\t\t\t<div class=\"elementor-element elementor-element-4ebc8db elementor-widget elementor-widget-text-editor\" data-id=\"4ebc8db\" data-element_type=\"widget\" data-widget_type=\"text-editor.default\">\n\t\t\t\t\t\t\t\t\t<p>O baricitinib demonstrou um perfil de seguran\u00e7a favor\u00e1vel, mas requer monitoriza\u00e7\u00e3o m\u00e9dica devido ao risco de infec\u00e7\u00f5es.<\/p>\t\t\t\t\t\t\t\t<\/div>\n\t\t\t\t\t<\/div>\n\t\t\t\t<\/div>\n\t\t\t\t<\/div>\n\t\t\t\t\t<\/details>\n\t\t\t\t\t\t<details id=\"e-n-accordion-item-1034\" class=\"e-n-accordion-item\" >\n\t\t\t\t<summary class=\"e-n-accordion-item-title\" data-accordion-index=\"5\" tabindex=\"-1\" aria-expanded=\"false\" aria-controls=\"e-n-accordion-item-1034\" >\n\t\t\t\t\t<span class='e-n-accordion-item-title-header'><div class=\"e-n-accordion-item-title-text\"> O apoio psicol\u00f3gico \u00e9 importante na alopecia areata? <\/div><\/span>\n\t\t\t\t\t\t\t<span class='e-n-accordion-item-title-icon'>\n\t\t\t<span class='e-opened' ><svg aria-hidden=\"true\" class=\"e-font-icon-svg e-fas-minus\" viewBox=\"0 0 448 512\" xmlns=\"http:\/\/www.w3.org\/2000\/svg\"><path d=\"M416 208H32c-17.67 0-32 14.33-32 32v32c0 17.67 14.33 32 32 32h384c17.67 0 32-14.33 32-32v-32c0-17.67-14.33-32-32-32z\"><\/path><\/svg><\/span>\n\t\t\t<span class='e-closed'><svg aria-hidden=\"true\" class=\"e-font-icon-svg e-fas-plus\" viewBox=\"0 0 448 512\" xmlns=\"http:\/\/www.w3.org\/2000\/svg\"><path d=\"M416 208H272V64c0-17.67-14.33-32-32-32h-32c-17.67 0-32 14.33-32 32v144H32c-17.67 0-32 14.33-32 32v32c0 17.67 14.33 32 32 32h144v144c0 17.67 14.33 32 32 32h32c17.67 0 32-14.33 32-32V304h144c17.67 0 32-14.33 32-32v-32c0-17.67-14.33-32-32-32z\"><\/path><\/svg><\/span>\n\t\t<\/span>\n\n\t\t\t\t\t\t<\/summary>\n\t\t\t\t<div role=\"region\" aria-labelledby=\"e-n-accordion-item-1034\" class=\"elementor-element elementor-element-ce55a8b e-con-full e-flex e-con e-child\" data-id=\"ce55a8b\" data-element_type=\"container\">\n\t\t<div role=\"region\" aria-labelledby=\"e-n-accordion-item-1034\" class=\"elementor-element elementor-element-9f0190b e-flex e-con-boxed e-con e-child\" data-id=\"9f0190b\" data-element_type=\"container\">\n\t\t\t\t\t<div class=\"e-con-inner\">\n\t\t\t\t<div class=\"elementor-element elementor-element-47d6548 elementor-widget elementor-widget-text-editor\" data-id=\"47d6548\" data-element_type=\"widget\" data-widget_type=\"text-editor.default\">\n\t\t\t\t\t\t\t\t\t<p data-start=\"6119\" data-end=\"6336\">Sim. O impacto emocional \u00e9 significativo e o suporte psicol\u00f3gico melhora a qualidade de vida e a ades\u00e3o ao tratamento.<\/p>\t\t\t\t\t\t\t\t<\/div>\n\t\t\t\t\t<\/div>\n\t\t\t\t<\/div>\n\t\t\t\t<\/div>\n\t\t\t\t\t<\/details>\n\t\t\t\t\t<\/div>\n\t\t\t\t\t<script type=\"application\/ld+json\">{\"@context\":\"https:\\\/\\\/schema.org\",\"@type\":\"FAQPage\",\"mainEntity\":[{\"@type\":\"Question\",\"name\":\"A alopecia areata \\u00e9 contagiosa?\",\"acceptedAnswer\":{\"@type\":\"Answer\",\"text\":\"N\\u00e3o. Trata-se de uma doen\\u00e7a autoimune e n\\u00e3o \\u00e9 transmiss\\u00edvel.\"}},{\"@type\":\"Question\",\"name\":\"O cabelo volta a crescer na alopecia areata?\",\"acceptedAnswer\":{\"@type\":\"Answer\",\"text\":\"Em muitos casos, sim. O regrowth pode ocorrer espontaneamente em seis a doze meses, embora exista risco de recorr\\u00eancia.\"}},{\"@type\":\"Question\",\"name\":\"A alopecia areata pode evoluir para formas graves?\",\"acceptedAnswer\":{\"@type\":\"Answer\",\"text\":\"Sim. Alguns doentes desenvolvem alopecia totalis ou universalis, exigindo acompanhamento especializado.\"}},{\"@type\":\"Question\",\"name\":\"Os inibidores de JAK s\\u00e3o seguros?\",\"acceptedAnswer\":{\"@type\":\"Answer\",\"text\":\"O baricitinib demonstrou um perfil de seguran\\u00e7a favor\\u00e1vel, mas requer monitoriza\\u00e7\\u00e3o m\\u00e9dica devido ao risco de infec\\u00e7\\u00f5es.\"}},{\"@type\":\"Question\",\"name\":\"O apoio psicol\\u00f3gico \\u00e9 importante na alopecia areata?\",\"acceptedAnswer\":{\"@type\":\"Answer\",\"text\":\"Sim. O impacto emocional \\u00e9 significativo e o suporte psicol\\u00f3gico melhora a qualidade de vida e a ades\\u00e3o ao tratamento.\"}}]}<\/script>\n\t\t\t\t\t\t\t<\/div>\n\t\t\t\t<\/div>\n\t\t\t\t<\/div>\n\t\t\t\t\t<\/div>\n\t\t\t\t<\/div>\n\t\t<div class=\"elementor-element elementor-element-f9be6a2 e-flex e-con-boxed e-con e-parent\" data-id=\"f9be6a2\" data-element_type=\"container\">\n\t\t\t\t\t<div class=\"e-con-inner\">\n\t\t\t\t<div class=\"elementor-element elementor-element-f55fca5 elementor-widget elementor-widget-text-editor\" data-id=\"f55fca5\" data-element_type=\"widget\" data-widget_type=\"text-editor.default\">\n\t\t\t\t\t\t\t\t\t<h2 data-section-id=\"h85oci\" data-start=\"5300\" data-end=\"5312\">Conclus\u00e3o<\/h2><p data-start=\"5314\" data-end=\"5783\">A <strong data-start=\"5316\" data-end=\"5335\">alopecia areata<\/strong> \u00e9 uma doen\u00e7a autoimune com impacto cl\u00ednico e emocional relevante. A compreens\u00e3o dos mecanismos imunol\u00f3gicos envolvidos tem permitido o desenvolvimento de terapias direccionadas, como os inibidores de JAK, que representam uma nova esperan\u00e7a para doentes com formas graves. A integra\u00e7\u00e3o de tratamento m\u00e9dico, terapias adjuvantes e apoio psicossocial \u00e9 essencial para optimizar o regrowth capilar e melhorar a qualidade de vida das pessoas afectadas.<\/p><h2 data-section-id=\"7f29y7\" data-start=\"5785\" data-end=\"5799\">Refer\u00eancias<\/h2><p data-start=\"5801\" data-end=\"5922\"><a href=\"https:\/\/pubmed.ncbi.nlm.nih.gov\/35521791\/\" rel=\"dofollow noopener\" target=\"_blank\"><strong>Garg M, et al.<\/strong> <em data-start=\"5816\" data-end=\"5877\">Alopecia areata: prevalence, pathogenesis and comorbidities<\/em>.<\/a><\/p><p data-start=\"5924\" data-end=\"6025\"><a href=\"https:\/\/pubmed.ncbi.nlm.nih.gov\/37019129\/\" rel=\"nofollow noopener\" target=\"_blank\"><strong>Sibbald C, et al<\/strong>. <em data-start=\"5942\" data-end=\"5980\">Alopecia areata: updated review 2023<\/em>.<\/a><\/p><p data-start=\"6027\" data-end=\"6147\"><a href=\"https:\/\/pubmed.ncbi.nlm.nih.gov\/37210425\/\" rel=\"nofollow noopener\" target=\"_blank\"><strong>Youssef Z, et al.<\/strong> <em data-start=\"6045\" data-end=\"6102\">Baricitinib in the management of severe alopecia areata<\/em>.<\/a><\/p>\t\t\t\t\t\t\t\t<\/div>\n\t\t\t\t\t<\/div>\n\t\t\t\t<\/div>\n\t\t\t\t<\/div>\n\t\t","protected":false},"excerpt":{"rendered":"<p>A alopecia areata (AA) \u00e9 uma doen\u00e7a autoimune caracterizada pela perda s\u00fabita de cabelo em placas bem delimitadas no couro cabeludo e noutras \u00e1reas pilosas. Afecta at\u00e9 2 % da popula\u00e7\u00e3o mundial, sendo observada tanto em crian\u00e7as como em adultos. Ao contr\u00e1rio da alopecia androgen\u00e9tica, a alopecia areata \u00e9 uma forma de alopecia n\u00e3o cicatricial, [&hellip;]<\/p>\n","protected":false},"author":2964,"featured_media":56600,"comment_status":"closed","ping_status":"closed","sticky":false,"template":"","format":"standard","meta":{"_jetpack_memberships_contains_paid_content":false,"footnotes":""},"categories":[61],"tags":[],"class_list":["post-56508","post","type-post","status-publish","format-standard","has-post-thumbnail","hentry","category-medicina-geral"],"jetpack_featured_media_url":"https:\/\/www.mediconanet.pt\/wp-content\/uploads\/2026\/02\/alopecia-areata-tratamento.webp","jetpack_sharing_enabled":true,"_links":{"self":[{"href":"https:\/\/www.mediconanet.pt\/en\/wp-json\/wp\/v2\/posts\/56508","targetHints":{"allow":["GET"]}}],"collection":[{"href":"https:\/\/www.mediconanet.pt\/en\/wp-json\/wp\/v2\/posts"}],"about":[{"href":"https:\/\/www.mediconanet.pt\/en\/wp-json\/wp\/v2\/types\/post"}],"author":[{"embeddable":true,"href":"https:\/\/www.mediconanet.pt\/en\/wp-json\/wp\/v2\/users\/2964"}],"replies":[{"embeddable":true,"href":"https:\/\/www.mediconanet.pt\/en\/wp-json\/wp\/v2\/comments?post=56508"}],"version-history":[{"count":7,"href":"https:\/\/www.mediconanet.pt\/en\/wp-json\/wp\/v2\/posts\/56508\/revisions"}],"predecessor-version":[{"id":56604,"href":"https:\/\/www.mediconanet.pt\/en\/wp-json\/wp\/v2\/posts\/56508\/revisions\/56604"}],"wp:featuredmedia":[{"embeddable":true,"href":"https:\/\/www.mediconanet.pt\/en\/wp-json\/wp\/v2\/media\/56600"}],"wp:attachment":[{"href":"https:\/\/www.mediconanet.pt\/en\/wp-json\/wp\/v2\/media?parent=56508"}],"wp:term":[{"taxonomy":"category","embeddable":true,"href":"https:\/\/www.mediconanet.pt\/en\/wp-json\/wp\/v2\/categories?post=56508"},{"taxonomy":"post_tag","embeddable":true,"href":"https:\/\/www.mediconanet.pt\/en\/wp-json\/wp\/v2\/tags?post=56508"}],"curies":[{"name":"wp","href":"https:\/\/api.w.org\/{rel}","templated":true}]}}