{"id":57197,"date":"2026-03-05T10:33:24","date_gmt":"2026-03-05T10:33:24","guid":{"rendered":"https:\/\/www.mediconanet.pt\/?p=57197"},"modified":"2026-03-05T16:11:21","modified_gmt":"2026-03-05T16:11:21","slug":"sintomas-da-clamidia-diagnostico-testes","status":"publish","type":"post","link":"https:\/\/www.mediconanet.pt\/en\/sintomas-da-clamidia-diagnostico-testes\/","title":{"rendered":"Clam\u00eddia: Sintomas, Diagn\u00f3stico e Complica\u00e7\u00f5es"},"content":{"rendered":"\t\t<div data-elementor-type=\"wp-post\" data-elementor-id=\"57197\" class=\"elementor elementor-57197\" data-elementor-post-type=\"post\">\n\t\t\t\t<div class=\"elementor-element elementor-element-80edb74 e-flex e-con-boxed e-con e-parent\" data-id=\"80edb74\" data-element_type=\"container\">\n\t\t\t\t\t<div class=\"e-con-inner\">\n\t\t\t\t<div class=\"elementor-element elementor-element-34d52b5 elementor-widget elementor-widget-text-editor\" data-id=\"34d52b5\" data-element_type=\"widget\" data-widget_type=\"text-editor.default\">\n\t\t\t\t\t\t\t\t\t<h2 data-start=\"345\" data-end=\"358\">Introdu\u00e7\u00e3o<\/h2><p data-start=\"360\" data-end=\"719\">A clam\u00eddia \u00e9 a infe\u00e7\u00e3o sexualmente transmiss\u00edvel (IST) bacteriana mais frequente na Europa, com mais de 216 000 casos notificados anualmente segundo o European Centre for Disease Prevention and Control (ECDC). Em Portugal, os dados epidemiol\u00f3gicos indicam um aumento progressivo das notifica\u00e7\u00f5es de clam\u00eddia, embora a subnotifica\u00e7\u00e3o continue a ser um desafio.<\/p><p data-start=\"721\" data-end=\"1158\">A infe\u00e7\u00e3o por <em data-start=\"735\" data-end=\"758\">Chlamydia trachomatis<\/em> \u00e9 frequentemente assintom\u00e1tica, o que a torna particularmente perigosa pela sua capacidade de propaga\u00e7\u00e3o silenciosa e pelo risco de complica\u00e7\u00f5es reprodutivas quando n\u00e3o tratada. Por este motivo, reconhecer precocemente <strong data-start=\"978\" data-end=\"1005\">os sintomas da clam\u00eddia<\/strong> e recorrer ao rastreio adequado \u00e9 fundamental. O rastreio ativo e o diagn\u00f3stico precoce da clam\u00eddia s\u00e3o essenciais para prevenir sequelas a longo prazo.<\/p><h2 data-start=\"1165\" data-end=\"1188\">Sintomas da Clam\u00eddia<\/h2><p data-start=\"1190\" data-end=\"1381\">A clam\u00eddia \u00e9 assintom\u00e1tica em aproximadamente 70 % das mulheres e 50 % dos homens infetados. Quando presentes, <strong data-start=\"1301\" data-end=\"1328\">os sintomas da clam\u00eddia<\/strong> surgem habitualmente 1 a 3 semanas ap\u00f3s a exposi\u00e7\u00e3o.<\/p><p data-start=\"1383\" data-end=\"1683\">Nos homens, <strong data-start=\"1395\" data-end=\"1422\">os sintomas da clam\u00eddia<\/strong> podem incluir corrimento uretral mucopurulento, dis\u00faria (dor ou ardor ao urinar) e, em casos de epididimite, dor e edema testicular. Nas mulheres, <strong data-start=\"1570\" data-end=\"1597\">os sintomas da clam\u00eddia<\/strong> incluem corrimento vaginal anormal, dis\u00faria, hemorragia intermenstrual e dor p\u00e9lvica.<\/p><p data-start=\"1685\" data-end=\"2027\">A clam\u00eddia pode tamb\u00e9m afetar o recto (proctite), a orofaringe (geralmente assintom\u00e1tica) e os olhos (conjuntivite). A British Association for Sexual Health and HIV (BASHH) destaca que a aus\u00eancia de sintomas n\u00e3o exclui a infe\u00e7\u00e3o por clam\u00eddia, refor\u00e7ando a import\u00e2ncia do rastreio, mesmo quando <strong data-start=\"1979\" data-end=\"2006\">os sintomas da clam\u00eddia<\/strong> n\u00e3o est\u00e3o presentes.<\/p><h2 data-start=\"2034\" data-end=\"2048\">Diagn\u00f3stico<\/h2><p data-start=\"2050\" data-end=\"2324\">O diagn\u00f3stico da clam\u00eddia baseia-se nos testes de amplifica\u00e7\u00e3o de \u00e1cidos nucleicos (NAAT), que s\u00e3o o m\u00e9todo de refer\u00eancia pela sua elevada sensibilidade e especificidade. Estes testes permitem confirmar a infe\u00e7\u00e3o mesmo em pessoas que n\u00e3o apresentam <strong data-start=\"2299\" data-end=\"2323\">sintomas da clam\u00eddia<\/strong>.<\/p><p data-start=\"2326\" data-end=\"2456\">As amostras podem ser obtidas por zaragatoa endocervical, uretral, retal ou orofar\u00edngea, ou por amostra de urina de primeiro jato.<\/p><p data-start=\"2458\" data-end=\"2743\">O rastreio oportun\u00edstico da clam\u00eddia \u00e9 recomendado pelo National Chlamydia Screening Programme (NCSP) do Reino Unido para todos os jovens sexualmente ativos com menos de 25 anos. O Centers for Disease Control and Prevention (CDC) recomenda igualmente rastreio anual em mulheres jovens.<\/p><p data-start=\"2745\" data-end=\"3027\">A autoamostragem (self-sampling) \u00e9 uma estrat\u00e9gia validada que aumenta a ades\u00e3o ao rastreio da clam\u00eddia, permitindo ao utente recolher a sua pr\u00f3pria amostra em casa ou em locais acess\u00edveis, com posterior envio para laborat\u00f3rio, especialmente em pessoas sem <strong data-start=\"3002\" data-end=\"3026\">sintomas da clam\u00eddia<\/strong>.<\/p><h2 data-start=\"3034\" data-end=\"3049\">Complica\u00e7\u00f5es<\/h2><p data-start=\"3051\" data-end=\"3331\">As complica\u00e7\u00f5es da clam\u00eddia n\u00e3o tratada s\u00e3o significativas, especialmente no aparelho reprodutor feminino. A doen\u00e7a inflamat\u00f3ria p\u00e9lvica (DIP) ocorre em 10 a 15 % das mulheres com clam\u00eddia n\u00e3o tratada, podendo causar dor p\u00e9lvica cr\u00f3nica, gravidez ect\u00f3pica e infertilidade tub\u00e1ria.<\/p><p data-start=\"3333\" data-end=\"3574\">Nos homens, a clam\u00eddia pode causar epididimite e, raramente, comprometimento da fertilidade. Em muitos casos, estas complica\u00e7\u00f5es surgem porque <strong data-start=\"3476\" data-end=\"3503\">os sintomas da clam\u00eddia<\/strong> foram ligeiros ou inexistentes e a infe\u00e7\u00e3o permaneceu sem diagn\u00f3stico.<\/p><p data-start=\"3576\" data-end=\"3730\">A artrite reativa (s\u00edndrome de Reiter) \u00e9 uma complica\u00e7\u00e3o sist\u00e9mica poss\u00edvel da infe\u00e7\u00e3o por clam\u00eddia, manifestando-se por artrite, uretrite e conjuntivite.<\/p><p data-start=\"3732\" data-end=\"3967\">A transmiss\u00e3o vertical durante o parto pode causar conjuntivite neonatal e pneumonia no rec\u00e9m-nascido. A Sociedade Portuguesa de Ginecologia recomenda rastreio de clam\u00eddia durante a gravidez para prevenir estas complica\u00e7\u00f5es perinatais.<\/p><p data-start=\"3969\" data-end=\"4223\">Na <strong>M\u00e9dico na Net<\/strong>, a equipa cl\u00ednica disponibiliza rastreio e <a href=\"https:\/\/www.mediconanet.pt\/produto\/clamidia\/\"><strong>diagn\u00f3stico r\u00e1pido de clam\u00eddia<\/strong><\/a>, com tratamento personalizado e aconselhamento sobre preven\u00e7\u00e3o de reinfe\u00e7\u00f5es, especialmente em pessoas que apresentam <strong data-start=\"4178\" data-end=\"4202\">sintomas da clam\u00eddia<\/strong> ou fatores de risco.<\/p>\t\t\t\t\t\t\t\t<\/div>\n\t\t\t\t<div class=\"elementor-element elementor-element-ee21714 elementor-widget elementor-widget-image\" data-id=\"ee21714\" data-element_type=\"widget\" data-widget_type=\"image.default\">\n\t\t\t\t\t\t\t\t\t\t\t\t\t\t\t<img fetchpriority=\"high\" decoding=\"async\" width=\"800\" height=\"448\" src=\"https:\/\/www.mediconanet.pt\/wp-content\/uploads\/2026\/03\/clamidia-sintomas-dianostico-consulta-online-1024x573.jpg\" class=\"attachment-large size-large wp-image-57299\" alt=\"Homem realizando teleconsulta m\u00e9dica para discutir sintomas da clam\u00eddia, com doutora sorridente na tela do laptop, destacando atendimento remoto confidencial e acess\u00edvel\" srcset=\"https:\/\/www.mediconanet.pt\/wp-content\/uploads\/2026\/03\/clamidia-sintomas-dianostico-consulta-online-1024x573.jpg 1024w, https:\/\/www.mediconanet.pt\/wp-content\/uploads\/2026\/03\/clamidia-sintomas-dianostico-consulta-online-300x168.jpg 300w, https:\/\/www.mediconanet.pt\/wp-content\/uploads\/2026\/03\/clamidia-sintomas-dianostico-consulta-online-768x430.jpg 768w, https:\/\/www.mediconanet.pt\/wp-content\/uploads\/2026\/03\/clamidia-sintomas-dianostico-consulta-online-1536x860.jpg 1536w, https:\/\/www.mediconanet.pt\/wp-content\/uploads\/2026\/03\/clamidia-sintomas-dianostico-consulta-online-18x10.jpg 18w, https:\/\/www.mediconanet.pt\/wp-content\/uploads\/2026\/03\/clamidia-sintomas-dianostico-consulta-online-600x336.jpg 600w, https:\/\/www.mediconanet.pt\/wp-content\/uploads\/2026\/03\/clamidia-sintomas-dianostico-consulta-online.jpg 1600w\" sizes=\"(max-width: 800px) 100vw, 800px\" \/>\t\t\t\t\t\t\t\t\t\t\t\t\t\t\t<\/div>\n\t\t\t\t\t<\/div>\n\t\t\t\t<\/div>\n\t\t<div class=\"elementor-element elementor-element-e9680f4 e-flex e-con-boxed e-con e-parent\" data-id=\"e9680f4\" data-element_type=\"container\">\n\t\t\t\t\t<div class=\"e-con-inner\">\n\t\t<div class=\"elementor-element elementor-element-5914ed7 e-con-full e-flex e-con e-child\" data-id=\"5914ed7\" data-element_type=\"container\">\n\t\t<div class=\"elementor-element elementor-element-9e46d3e e-con-full e-flex e-con e-child\" data-id=\"9e46d3e\" data-element_type=\"container\">\n\t\t\t\t<div class=\"elementor-element elementor-element-6bafe71 elementor-widget elementor-widget-heading\" data-id=\"6bafe71\" data-element_type=\"widget\" data-widget_type=\"heading.default\">\n\t\t\t\t\t<h2 class=\"elementor-heading-title elementor-size-default\">Perguntas frequentes (FAQ)<\/h2>\t\t\t\t<\/div>\n\t\t\t\t<div class=\"elementor-element elementor-element-f38e5c9 elementor-widget elementor-widget-n-accordion\" data-id=\"f38e5c9\" data-element_type=\"widget\" data-settings=\"{&quot;default_state&quot;:&quot;all_collapsed&quot;,&quot;max_items_expended&quot;:&quot;one&quot;,&quot;n_accordion_animation_duration&quot;:{&quot;unit&quot;:&quot;ms&quot;,&quot;size&quot;:400,&quot;sizes&quot;:[]}}\" data-widget_type=\"nested-accordion.default\">\n\t\t\t\t\t\t\t<div class=\"e-n-accordion\" aria-label=\"Accordion. Open links with Enter or Space, close with Escape, and navigate with Arrow Keys\">\n\t\t\t\t\t\t<details id=\"e-n-accordion-item-2550\" class=\"e-n-accordion-item\" >\n\t\t\t\t<summary class=\"e-n-accordion-item-title\" data-accordion-index=\"1\" tabindex=\"0\" aria-expanded=\"false\" aria-controls=\"e-n-accordion-item-2550\" >\n\t\t\t\t\t<span class='e-n-accordion-item-title-header'><div class=\"e-n-accordion-item-title-text\"> A clam\u00eddia tem cura? <\/div><\/span>\n\t\t\t\t\t\t\t<span class='e-n-accordion-item-title-icon'>\n\t\t\t<span class='e-opened' ><svg aria-hidden=\"true\" class=\"e-font-icon-svg e-fas-minus\" viewBox=\"0 0 448 512\" xmlns=\"http:\/\/www.w3.org\/2000\/svg\"><path d=\"M416 208H32c-17.67 0-32 14.33-32 32v32c0 17.67 14.33 32 32 32h384c17.67 0 32-14.33 32-32v-32c0-17.67-14.33-32-32-32z\"><\/path><\/svg><\/span>\n\t\t\t<span class='e-closed'><svg aria-hidden=\"true\" class=\"e-font-icon-svg e-fas-plus\" viewBox=\"0 0 448 512\" xmlns=\"http:\/\/www.w3.org\/2000\/svg\"><path d=\"M416 208H272V64c0-17.67-14.33-32-32-32h-32c-17.67 0-32 14.33-32 32v144H32c-17.67 0-32 14.33-32 32v32c0 17.67 14.33 32 32 32h144v144c0 17.67 14.33 32 32 32h32c17.67 0 32-14.33 32-32V304h144c17.67 0 32-14.33 32-32v-32c0-17.67-14.33-32-32-32z\"><\/path><\/svg><\/span>\n\t\t<\/span>\n\n\t\t\t\t\t\t<\/summary>\n\t\t\t\t<div role=\"region\" aria-labelledby=\"e-n-accordion-item-2550\" class=\"elementor-element elementor-element-07ba6cc e-con-full e-flex e-con e-child\" data-id=\"07ba6cc\" data-element_type=\"container\">\n\t\t<div role=\"region\" aria-labelledby=\"e-n-accordion-item-2550\" class=\"elementor-element elementor-element-2db1cfd e-flex e-con-boxed e-con e-child\" data-id=\"2db1cfd\" data-element_type=\"container\">\n\t\t\t\t\t<div class=\"e-con-inner\">\n\t\t\t\t<div class=\"elementor-element elementor-element-3fc1603 elementor-widget elementor-widget-text-editor\" data-id=\"3fc1603\" data-element_type=\"widget\" data-widget_type=\"text-editor.default\">\n\t\t\t\t\t\t\t\t\t<p data-start=\"4177\" data-end=\"4329\">Sim. A clam\u00eddia \u00e9 cur\u00e1vel com antibioterapia adequada. O tratamento recomendado inclui doxiciclina durante 7 dias ou azitromicina em dose \u00fanica. A ades\u00e3o ao tratamento completo \u00e9 essencial para garantir a cura, mesmo quando <strong data-start=\"4511\" data-end=\"4538\">os sintomas da clam\u00eddia<\/strong> desaparecem rapidamente.<\/p>\t\t\t\t\t\t\t\t<\/div>\n\t\t\t\t\t<\/div>\n\t\t\t\t<\/div>\n\t\t\t\t<\/div>\n\t\t\t\t\t<\/details>\n\t\t\t\t\t\t<details id=\"e-n-accordion-item-2551\" class=\"e-n-accordion-item\" >\n\t\t\t\t<summary class=\"e-n-accordion-item-title\" data-accordion-index=\"2\" tabindex=\"-1\" aria-expanded=\"false\" aria-controls=\"e-n-accordion-item-2551\" >\n\t\t\t\t\t<span class='e-n-accordion-item-title-header'><div class=\"e-n-accordion-item-title-text\"> Posso apanhar clam\u00eddia mais do que uma vez? <\/div><\/span>\n\t\t\t\t\t\t\t<span class='e-n-accordion-item-title-icon'>\n\t\t\t<span class='e-opened' ><svg aria-hidden=\"true\" class=\"e-font-icon-svg e-fas-minus\" viewBox=\"0 0 448 512\" xmlns=\"http:\/\/www.w3.org\/2000\/svg\"><path d=\"M416 208H32c-17.67 0-32 14.33-32 32v32c0 17.67 14.33 32 32 32h384c17.67 0 32-14.33 32-32v-32c0-17.67-14.33-32-32-32z\"><\/path><\/svg><\/span>\n\t\t\t<span class='e-closed'><svg aria-hidden=\"true\" class=\"e-font-icon-svg e-fas-plus\" viewBox=\"0 0 448 512\" xmlns=\"http:\/\/www.w3.org\/2000\/svg\"><path d=\"M416 208H272V64c0-17.67-14.33-32-32-32h-32c-17.67 0-32 14.33-32 32v144H32c-17.67 0-32 14.33-32 32v32c0 17.67 14.33 32 32 32h144v144c0 17.67 14.33 32 32 32h32c17.67 0 32-14.33 32-32V304h144c17.67 0 32-14.33 32-32v-32c0-17.67-14.33-32-32-32z\"><\/path><\/svg><\/span>\n\t\t<\/span>\n\n\t\t\t\t\t\t<\/summary>\n\t\t\t\t<div role=\"region\" aria-labelledby=\"e-n-accordion-item-2551\" class=\"elementor-element elementor-element-07ce381 e-con-full e-flex e-con e-child\" data-id=\"07ce381\" data-element_type=\"container\">\n\t\t<div role=\"region\" aria-labelledby=\"e-n-accordion-item-2551\" class=\"elementor-element elementor-element-059fc16 e-flex e-con-boxed e-con e-child\" data-id=\"059fc16\" data-element_type=\"container\">\n\t\t\t\t\t<div class=\"e-con-inner\">\n\t\t\t\t<div class=\"elementor-element elementor-element-c430787 elementor-widget elementor-widget-text-editor\" data-id=\"c430787\" data-element_type=\"widget\" data-widget_type=\"text-editor.default\">\n\t\t\t\t\t\t\t\t\t<p>Sim. A infe\u00e7\u00e3o por clam\u00eddia n\u00e3o confere imunidade duradoura. A reinfe\u00e7\u00e3o \u00e9 frequente, especialmente se os parceiros sexuais n\u00e3o forem tratados simultaneamente. O reteste 3 meses ap\u00f3s o tratamento \u00e9 recomendado.<\/p>\t\t\t\t\t\t\t\t<\/div>\n\t\t\t\t\t<\/div>\n\t\t\t\t<\/div>\n\t\t\t\t<\/div>\n\t\t\t\t\t<\/details>\n\t\t\t\t\t\t<details id=\"e-n-accordion-item-2552\" class=\"e-n-accordion-item\" >\n\t\t\t\t<summary class=\"e-n-accordion-item-title\" data-accordion-index=\"3\" tabindex=\"-1\" aria-expanded=\"false\" aria-controls=\"e-n-accordion-item-2552\" >\n\t\t\t\t\t<span class='e-n-accordion-item-title-header'><div class=\"e-n-accordion-item-title-text\"> A clam\u00eddia pode causar infertilidade? <\/div><\/span>\n\t\t\t\t\t\t\t<span class='e-n-accordion-item-title-icon'>\n\t\t\t<span class='e-opened' ><svg aria-hidden=\"true\" class=\"e-font-icon-svg e-fas-minus\" viewBox=\"0 0 448 512\" xmlns=\"http:\/\/www.w3.org\/2000\/svg\"><path d=\"M416 208H32c-17.67 0-32 14.33-32 32v32c0 17.67 14.33 32 32 32h384c17.67 0 32-14.33 32-32v-32c0-17.67-14.33-32-32-32z\"><\/path><\/svg><\/span>\n\t\t\t<span class='e-closed'><svg aria-hidden=\"true\" class=\"e-font-icon-svg e-fas-plus\" viewBox=\"0 0 448 512\" xmlns=\"http:\/\/www.w3.org\/2000\/svg\"><path d=\"M416 208H272V64c0-17.67-14.33-32-32-32h-32c-17.67 0-32 14.33-32 32v144H32c-17.67 0-32 14.33-32 32v32c0 17.67 14.33 32 32 32h144v144c0 17.67 14.33 32 32 32h32c17.67 0 32-14.33 32-32V304h144c17.67 0 32-14.33 32-32v-32c0-17.67-14.33-32-32-32z\"><\/path><\/svg><\/span>\n\t\t<\/span>\n\n\t\t\t\t\t\t<\/summary>\n\t\t\t\t<div role=\"region\" aria-labelledby=\"e-n-accordion-item-2552\" class=\"elementor-element elementor-element-a997c03 e-con-full e-flex e-con e-child\" data-id=\"a997c03\" data-element_type=\"container\">\n\t\t<div role=\"region\" aria-labelledby=\"e-n-accordion-item-2552\" class=\"elementor-element elementor-element-12c96cd e-flex e-con-boxed e-con e-child\" data-id=\"12c96cd\" data-element_type=\"container\">\n\t\t\t\t\t<div class=\"e-con-inner\">\n\t\t\t\t<div class=\"elementor-element elementor-element-512df9e elementor-widget elementor-widget-text-editor\" data-id=\"512df9e\" data-element_type=\"widget\" data-widget_type=\"text-editor.default\">\n\t\t\t\t\t\t\t\t\t<p>Sim. A clam\u00eddia n\u00e3o tratada pode causar doen\u00e7a inflamat\u00f3ria p\u00e9lvica e danos nas trompas de Fal\u00f3pio, levando a infertilidade. O diagn\u00f3stico e tratamento precoces s\u00e3o essenciais, sobretudo quando surgem <strong data-start=\"5070\" data-end=\"5094\">sintomas da clam\u00eddia<\/strong>.<\/p>\t\t\t\t\t\t\t\t<\/div>\n\t\t\t\t\t<\/div>\n\t\t\t\t<\/div>\n\t\t\t\t<\/div>\n\t\t\t\t\t<\/details>\n\t\t\t\t\t\t<details id=\"e-n-accordion-item-2553\" class=\"e-n-accordion-item\" >\n\t\t\t\t<summary class=\"e-n-accordion-item-title\" data-accordion-index=\"4\" tabindex=\"-1\" aria-expanded=\"false\" aria-controls=\"e-n-accordion-item-2553\" >\n\t\t\t\t\t<span class='e-n-accordion-item-title-header'><div class=\"e-n-accordion-item-title-text\"> Devo fazer rastreio de clam\u00eddia mesmo sem sintomas? <\/div><\/span>\n\t\t\t\t\t\t\t<span class='e-n-accordion-item-title-icon'>\n\t\t\t<span class='e-opened' ><svg aria-hidden=\"true\" class=\"e-font-icon-svg e-fas-minus\" viewBox=\"0 0 448 512\" xmlns=\"http:\/\/www.w3.org\/2000\/svg\"><path d=\"M416 208H32c-17.67 0-32 14.33-32 32v32c0 17.67 14.33 32 32 32h384c17.67 0 32-14.33 32-32v-32c0-17.67-14.33-32-32-32z\"><\/path><\/svg><\/span>\n\t\t\t<span class='e-closed'><svg aria-hidden=\"true\" class=\"e-font-icon-svg e-fas-plus\" viewBox=\"0 0 448 512\" xmlns=\"http:\/\/www.w3.org\/2000\/svg\"><path d=\"M416 208H272V64c0-17.67-14.33-32-32-32h-32c-17.67 0-32 14.33-32 32v144H32c-17.67 0-32 14.33-32 32v32c0 17.67 14.33 32 32 32h144v144c0 17.67 14.33 32 32 32h32c17.67 0 32-14.33 32-32V304h144c17.67 0 32-14.33 32-32v-32c0-17.67-14.33-32-32-32z\"><\/path><\/svg><\/span>\n\t\t<\/span>\n\n\t\t\t\t\t\t<\/summary>\n\t\t\t\t<div role=\"region\" aria-labelledby=\"e-n-accordion-item-2553\" class=\"elementor-element elementor-element-8138237 e-con-full e-flex e-con e-child\" data-id=\"8138237\" data-element_type=\"container\">\n\t\t<div role=\"region\" aria-labelledby=\"e-n-accordion-item-2553\" class=\"elementor-element elementor-element-b63a3ef e-flex e-con-boxed e-con e-child\" data-id=\"b63a3ef\" data-element_type=\"container\">\n\t\t\t\t\t<div class=\"e-con-inner\">\n\t\t\t\t<div class=\"elementor-element elementor-element-e7bfec6 elementor-widget elementor-widget-text-editor\" data-id=\"e7bfec6\" data-element_type=\"widget\" data-widget_type=\"text-editor.default\">\n\t\t\t\t\t\t\t\t\t<p>Sim. Como <strong data-start=\"5164\" data-end=\"5191\">os sintomas da clam\u00eddia<\/strong> podem estar ausentes, o rastreio regular \u00e9 a forma mais eficaz de detetar a infe\u00e7\u00e3o. \u00c9 especialmente recomendado para jovens sexualmente ativos e a cada mudan\u00e7a de parceiro.<\/p>\t\t\t\t\t\t\t\t<\/div>\n\t\t\t\t\t<\/div>\n\t\t\t\t<\/div>\n\t\t\t\t<\/div>\n\t\t\t\t\t<\/details>\n\t\t\t\t\t\t<details id=\"e-n-accordion-item-2554\" class=\"e-n-accordion-item\" >\n\t\t\t\t<summary class=\"e-n-accordion-item-title\" data-accordion-index=\"5\" tabindex=\"-1\" aria-expanded=\"false\" aria-controls=\"e-n-accordion-item-2554\" >\n\t\t\t\t\t<span class='e-n-accordion-item-title-header'><div class=\"e-n-accordion-item-title-text\"> O meu parceiro tamb\u00e9m precisa de tratamento? <\/div><\/span>\n\t\t\t\t\t\t\t<span class='e-n-accordion-item-title-icon'>\n\t\t\t<span class='e-opened' ><svg aria-hidden=\"true\" class=\"e-font-icon-svg e-fas-minus\" viewBox=\"0 0 448 512\" xmlns=\"http:\/\/www.w3.org\/2000\/svg\"><path d=\"M416 208H32c-17.67 0-32 14.33-32 32v32c0 17.67 14.33 32 32 32h384c17.67 0 32-14.33 32-32v-32c0-17.67-14.33-32-32-32z\"><\/path><\/svg><\/span>\n\t\t\t<span class='e-closed'><svg aria-hidden=\"true\" class=\"e-font-icon-svg e-fas-plus\" viewBox=\"0 0 448 512\" xmlns=\"http:\/\/www.w3.org\/2000\/svg\"><path d=\"M416 208H272V64c0-17.67-14.33-32-32-32h-32c-17.67 0-32 14.33-32 32v144H32c-17.67 0-32 14.33-32 32v32c0 17.67 14.33 32 32 32h144v144c0 17.67 14.33 32 32 32h32c17.67 0 32-14.33 32-32V304h144c17.67 0 32-14.33 32-32v-32c0-17.67-14.33-32-32-32z\"><\/path><\/svg><\/span>\n\t\t<\/span>\n\n\t\t\t\t\t\t<\/summary>\n\t\t\t\t<div role=\"region\" aria-labelledby=\"e-n-accordion-item-2554\" class=\"elementor-element elementor-element-0847e37 e-con-full e-flex e-con e-child\" data-id=\"0847e37\" data-element_type=\"container\">\n\t\t<div role=\"region\" aria-labelledby=\"e-n-accordion-item-2554\" class=\"elementor-element elementor-element-9844312 e-flex e-con-boxed e-con e-child\" data-id=\"9844312\" data-element_type=\"container\">\n\t\t\t\t\t<div class=\"e-con-inner\">\n\t\t\t\t<div class=\"elementor-element elementor-element-861985d elementor-widget elementor-widget-text-editor\" data-id=\"861985d\" data-element_type=\"widget\" data-widget_type=\"text-editor.default\">\n\t\t\t\t\t\t\t\t\t<p data-start=\"6119\" data-end=\"6336\">Sim. Todos os parceiros sexuais dos \u00faltimos 60 dias devem ser avaliados e tratados para clam\u00eddia, mesmo sem sintomas. Isto previne a reinfe\u00e7\u00e3o e interrompe a cadeia de transmiss\u00e3o.<\/p>\t\t\t\t\t\t\t\t<\/div>\n\t\t\t\t\t<\/div>\n\t\t\t\t<\/div>\n\t\t\t\t<\/div>\n\t\t\t\t\t<\/details>\n\t\t\t\t\t<\/div>\n\t\t\t\t\t<script type=\"application\/ld+json\">{\"@context\":\"https:\\\/\\\/schema.org\",\"@type\":\"FAQPage\",\"mainEntity\":[{\"@type\":\"Question\",\"name\":\"A clam\\u00eddia tem cura?\",\"acceptedAnswer\":{\"@type\":\"Answer\",\"text\":\"Sim. A clam\\u00eddia \\u00e9 cur\\u00e1vel com antibioterapia adequada. O tratamento recomendado inclui doxiciclina durante 7 dias ou azitromicina em dose \\u00fanica. A ades\\u00e3o ao tratamento completo \\u00e9 essencial para garantir a cura, mesmo quando os sintomas da clam\\u00eddia desaparecem rapidamente.\"}},{\"@type\":\"Question\",\"name\":\"Posso apanhar clam\\u00eddia mais do que uma vez?\",\"acceptedAnswer\":{\"@type\":\"Answer\",\"text\":\"Sim. A infe\\u00e7\\u00e3o por clam\\u00eddia n\\u00e3o confere imunidade duradoura. A reinfe\\u00e7\\u00e3o \\u00e9 frequente, especialmente se os parceiros sexuais n\\u00e3o forem tratados simultaneamente. O reteste 3 meses ap\\u00f3s o tratamento \\u00e9 recomendado.\"}},{\"@type\":\"Question\",\"name\":\"A clam\\u00eddia pode causar infertilidade?\",\"acceptedAnswer\":{\"@type\":\"Answer\",\"text\":\"Sim. A clam\\u00eddia n\\u00e3o tratada pode causar doen\\u00e7a inflamat\\u00f3ria p\\u00e9lvica e danos nas trompas de Fal\\u00f3pio, levando a infertilidade. O diagn\\u00f3stico e tratamento precoces s\\u00e3o essenciais, sobretudo quando surgem sintomas da clam\\u00eddia.\"}},{\"@type\":\"Question\",\"name\":\"Devo fazer rastreio de clam\\u00eddia mesmo sem sintomas?\",\"acceptedAnswer\":{\"@type\":\"Answer\",\"text\":\"Sim. Como os sintomas da clam\\u00eddia podem estar ausentes, o rastreio regular \\u00e9 a forma mais eficaz de detetar a infe\\u00e7\\u00e3o. \\u00c9 especialmente recomendado para jovens sexualmente ativos e a cada mudan\\u00e7a de parceiro.\"}},{\"@type\":\"Question\",\"name\":\"O meu parceiro tamb\\u00e9m precisa de tratamento?\",\"acceptedAnswer\":{\"@type\":\"Answer\",\"text\":\"Sim. Todos os parceiros sexuais dos \\u00faltimos 60 dias devem ser avaliados e tratados para clam\\u00eddia, mesmo sem sintomas. Isto previne a reinfe\\u00e7\\u00e3o e interrompe a cadeia de transmiss\\u00e3o.\"}}]}<\/script>\n\t\t\t\t\t\t\t<\/div>\n\t\t\t\t<\/div>\n\t\t\t\t<\/div>\n\t\t\t\t\t<\/div>\n\t\t\t\t<\/div>\n\t\t<div class=\"elementor-element elementor-element-1c0a3ae e-flex e-con-boxed e-con e-parent\" data-id=\"1c0a3ae\" data-element_type=\"container\">\n\t\t\t\t\t<div class=\"e-con-inner\">\n\t\t\t\t<div class=\"elementor-element elementor-element-2607e6a elementor-widget elementor-widget-text-editor\" data-id=\"2607e6a\" data-element_type=\"widget\" data-widget_type=\"text-editor.default\">\n\t\t\t\t\t\t\t\t\t<h2 data-start=\"5604\" data-end=\"5616\">Conclus\u00e3o<\/h2><p data-start=\"5618\" data-end=\"5976\">A clam\u00eddia \u00e9 a IST bacteriana mais prevalente na Europa e frequentemente assintom\u00e1tica, tornando o rastreio ativo indispens\u00e1vel. Reconhecer <strong data-start=\"5758\" data-end=\"5785\">os sintomas da clam\u00eddia<\/strong>, realizar testes de diagn\u00f3stico adequados e iniciar tratamento atempado s\u00e3o passos essenciais para prevenir complica\u00e7\u00f5es graves, incluindo infertilidade, e controlar a propaga\u00e7\u00e3o da infe\u00e7\u00e3o.<\/p><h2 data-start=\"5983\" data-end=\"5996\">Refer\u00eancias<\/h2><p data-start=\"5998\" data-end=\"6156\"><strong><a href=\"https:\/\/www.ecdc.europa.eu\/en\/chlamydia-infection\" rel=\"nofollow noopener\" target=\"_blank\">European Centre for Disease Prevention and Control.<\/a><\/strong><br data-start=\"6049\" data-end=\"6052\" \/><em><a href=\"https:\/\/www.ecdc.europa.eu\/en\/chlamydia-infection\" rel=\"nofollow noopener\" target=\"_blank\">Chlamydia infection \u2014 Annual Epidemiological Report.<\/a><\/em><\/p><p data-start=\"6158\" data-end=\"6286\"><strong><a href=\"https:\/\/www.bashh.org\/guidelines\" rel=\"nofollow noopener\" target=\"_blank\">British Association for Sexual Health and HIV.<\/a><\/strong><br data-start=\"6204\" data-end=\"6207\" \/><em><a href=\"https:\/\/www.bashh.org\/guidelines\" rel=\"nofollow noopener\" target=\"_blank\">BASHH Guidelines on Chlamydia trachomatis.<\/a><\/em><\/p><p data-start=\"6288\" data-end=\"6432\"><strong><a href=\"https:\/\/www.cdc.gov\/std\/treatment-guidelines\/chlamydia.htm\" rel=\"nofollow noopener\" target=\"_blank\">Centers for Disease Control and Prevention.<\/a><\/strong><br data-start=\"6331\" data-end=\"6334\" \/><a href=\"https:\/\/www.cdc.gov\/std\/treatment-guidelines\/chlamydia.htm\" rel=\"dofollow noopener\" target=\"_blank\"><strong>Chlamydia<\/strong> \u2014 <em>STI Treatment Guidelines.<\/em><\/a><\/p>\t\t\t\t\t\t\t\t<\/div>\n\t\t\t\t\t<\/div>\n\t\t\t\t<\/div>\n\t\t\t\t<\/div>\n\t\t","protected":false},"excerpt":{"rendered":"<p>Introdu\u00e7\u00e3o A clam\u00eddia \u00e9 a infe\u00e7\u00e3o sexualmente transmiss\u00edvel (IST) bacteriana mais frequente na Europa, com mais de 216 000 casos notificados anualmente segundo o European Centre for Disease Prevention and Control (ECDC). Em Portugal, os dados epidemiol\u00f3gicos indicam um aumento progressivo das notifica\u00e7\u00f5es de clam\u00eddia, embora a subnotifica\u00e7\u00e3o continue a ser um desafio. A infe\u00e7\u00e3o [&hellip;]<\/p>\n","protected":false},"author":2964,"featured_media":57300,"comment_status":"closed","ping_status":"closed","sticky":false,"template":"","format":"standard","meta":{"_jetpack_memberships_contains_paid_content":false,"footnotes":""},"categories":[59],"tags":[],"class_list":["post-57197","post","type-post","status-publish","format-standard","has-post-thumbnail","hentry","category-saude-sexual"],"jetpack_featured_media_url":"https:\/\/www.mediconanet.pt\/wp-content\/uploads\/2026\/03\/clamidia-sintomas-diagnostico.jpg","jetpack_sharing_enabled":true,"_links":{"self":[{"href":"https:\/\/www.mediconanet.pt\/en\/wp-json\/wp\/v2\/posts\/57197","targetHints":{"allow":["GET"]}}],"collection":[{"href":"https:\/\/www.mediconanet.pt\/en\/wp-json\/wp\/v2\/posts"}],"about":[{"href":"https:\/\/www.mediconanet.pt\/en\/wp-json\/wp\/v2\/types\/post"}],"author":[{"embeddable":true,"href":"https:\/\/www.mediconanet.pt\/en\/wp-json\/wp\/v2\/users\/2964"}],"replies":[{"embeddable":true,"href":"https:\/\/www.mediconanet.pt\/en\/wp-json\/wp\/v2\/comments?post=57197"}],"version-history":[{"count":10,"href":"https:\/\/www.mediconanet.pt\/en\/wp-json\/wp\/v2\/posts\/57197\/revisions"}],"predecessor-version":[{"id":57304,"href":"https:\/\/www.mediconanet.pt\/en\/wp-json\/wp\/v2\/posts\/57197\/revisions\/57304"}],"wp:featuredmedia":[{"embeddable":true,"href":"https:\/\/www.mediconanet.pt\/en\/wp-json\/wp\/v2\/media\/57300"}],"wp:attachment":[{"href":"https:\/\/www.mediconanet.pt\/en\/wp-json\/wp\/v2\/media?parent=57197"}],"wp:term":[{"taxonomy":"category","embeddable":true,"href":"https:\/\/www.mediconanet.pt\/en\/wp-json\/wp\/v2\/categories?post=57197"},{"taxonomy":"post_tag","embeddable":true,"href":"https:\/\/www.mediconanet.pt\/en\/wp-json\/wp\/v2\/tags?post=57197"}],"curies":[{"name":"wp","href":"https:\/\/api.w.org\/{rel}","templated":true}]}}