{"id":57735,"date":"2026-03-10T10:03:36","date_gmt":"2026-03-10T10:03:36","guid":{"rendered":"https:\/\/www.mediconanet.pt\/?p=57735"},"modified":"2026-03-11T11:26:50","modified_gmt":"2026-03-11T11:26:50","slug":"vacinacao-contra-o-hpv-eficacia-impacto","status":"publish","type":"post","link":"https:\/\/www.mediconanet.pt\/en\/vacinacao-contra-o-hpv-eficacia-impacto\/","title":{"rendered":"Vacina\u00e7\u00e3o contra o HPV: Efic\u00e1cia, Esquemas e Impacto na Sa\u00fade P\u00fablica"},"content":{"rendered":"\t\t<div data-elementor-type=\"wp-post\" data-elementor-id=\"57735\" class=\"elementor elementor-57735\" data-elementor-post-type=\"post\">\n\t\t\t\t<div class=\"elementor-element elementor-element-570cfe3 e-flex e-con-boxed e-con e-parent\" data-id=\"570cfe3\" data-element_type=\"container\">\n\t\t\t\t\t<div class=\"e-con-inner\">\n\t\t\t\t<div class=\"elementor-element elementor-element-1761780 elementor-widget elementor-widget-text-editor\" data-id=\"1761780\" data-element_type=\"widget\" data-widget_type=\"text-editor.default\">\n\t\t\t\t\t\t\t\t\t<h2>Introdu\u00e7\u00e3o<\/h2><p><span style=\"font-weight: 400;\">A<strong> vacina\u00e7\u00e3o contra o v\u00edrus do papiloma humano (HPV)<\/strong> \u00e9 uma das interven\u00e7\u00f5es de sa\u00fade p\u00fablica mais eficazes na preven\u00e7\u00e3o do cancro. Desde a sua introdu\u00e7\u00e3o em 2006, as <strong>vacina\u00e7\u00e3o contra o HPV<\/strong> demonstrou redu\u00e7\u00f5es dram\u00e1ticas na preval\u00eancia de infe\u00e7\u00f5es por HPV, condilomas genitais e les\u00f5es pr\u00e9-cancerosas cervicais nos pa\u00edses com programas de vacina\u00e7\u00e3o abrangentes.<\/span><\/p><p><span style=\"font-weight: 400;\">A Organiza\u00e7\u00e3o Mundial de Sa\u00fade (OMS) integrou a <strong>vacina\u00e7\u00e3o contra o HPV<\/strong> na sua Estrat\u00e9gia Global para Elimina\u00e7\u00e3o do Cancro do Colo do \u00datero, com a meta de 90 % de cobertura vacinal em raparigas at\u00e9 aos 15 anos at\u00e9 2030. Em Portugal, a vacina\u00e7\u00e3o contra o HPV foi inclu\u00edda no Programa Nacional de Vacina\u00e7\u00e3o (PNV) em 2008 para raparigas, sendo alargada a rapazes em 2020.<\/span><\/p><h2>Vacinas Dispon\u00edveis e Cobertura<\/h2><p><span style=\"font-weight: 400;\">Tr\u00eas <strong>vacinas contra o HPV<\/strong> est\u00e3o dispon\u00edveis: a bivalente (Cervarix, gen\u00f3tipos 16 e 18), a quadrivalente (Gardasil, gen\u00f3tipos 6, 11, 16 e 18) e a nonavalente (Gardasil 9, gen\u00f3tipos 6, 11, 16, 18, 31, 33, 45, 52 e 58). A vacina nonavalente, atualmente preferida, cobre os gen\u00f3tipos respons\u00e1veis por aproximadamente 90 % dos cancros cervicais.<\/span><\/p><p><span style=\"font-weight: 400;\">O esquema vacinal recomendado pela OMS \u00e9 de dose \u00fanica para idades entre 9 e 20 anos (atualiza\u00e7\u00e3o de 2022), com base em evid\u00eancia de que uma dose confere prote\u00e7\u00e3o dur\u00e1vel compar\u00e1vel ao esquema de duas doses. Para maiores de 21 anos e pessoas imunodeprimidas, s\u00e3o recomendadas duas ou tr\u00eas doses.<\/span><\/p><p><span style=\"font-weight: 400;\">Em Portugal, o PNV inclui a vacina nonavalente para raparigas e rapazes aos 10 anos de idade. A cobertura vacinal tem sido elevada, superior a 85 % nas coortes femininas. A Dire\u00e7\u00e3o-Geral da Sa\u00fade (DGS) promove ativamente a ades\u00e3o \u00e0 vacina\u00e7\u00e3o contra o HPV como estrat\u00e9gia de preven\u00e7\u00e3o do cancro.<\/span><\/p><h2>Efic\u00e1cia e Impacto Populacional<\/h2><p><span style=\"font-weight: 400;\">A efic\u00e1cia das<strong> vacina\u00e7\u00e3o contra o HPV<\/strong> na preven\u00e7\u00e3o de infe\u00e7\u00f5es persistentes e les\u00f5es pr\u00e9-cancerosas \u00e9 superior a 90 % para os gen\u00f3tipos inclu\u00eddos. Dados de seguimento a longo prazo (15+ anos) confirmam durabilidade da prote\u00e7\u00e3o sem necessidade de refor\u00e7o.<\/span><\/p><p><span style=\"font-weight: 400;\">O impacto populacional da <strong>vacina\u00e7\u00e3o contra o HPV<\/strong> \u00e9 j\u00e1 mensur\u00e1vel. Um estudo pioneiro publicado no The Lancet demonstrou uma redu\u00e7\u00e3o de 87 % na incid\u00eancia de cancro cervical em mulheres vacinadas aos 12-13 anos no Reino Unido. A Esc\u00f3cia reportou elimina\u00e7\u00e3o virtual das les\u00f5es CIN3+ em coortes vacinadas.<\/span><\/p><p><span style=\"font-weight: 400;\">O efeito de prote\u00e7\u00e3o de grupo (herd immunity) beneficia tamb\u00e9m popula\u00e7\u00f5es n\u00e3o vacinadas, reduzindo a circula\u00e7\u00e3o dos gen\u00f3tipos vaccinais. A Australian Government&#8217;s National HPV Vaccination Program demonstrou que a vacina\u00e7\u00e3o abrangente pode levar \u00e0 elimina\u00e7\u00e3o do cancro cervical como problema de sa\u00fade p\u00fablica dentro de d\u00e9cadas.<\/span><\/p><h2>Desafios e Perspetivas Futuras<\/h2><p><span style=\"font-weight: 400;\">Os desafios atuais incluem a hesita\u00e7\u00e3o vacinal, a equidade no acesso global (especialmente em pa\u00edses de baixo rendimento, onde a incid\u00eancia de cancro cervical \u00e9 mais elevada) e a necessidade de manter programas de rastreio mesmo em popula\u00e7\u00f5es vacinadas.<\/span><\/p><p><span style=\"font-weight: 400;\">A desinforma\u00e7\u00e3o sobre a seguran\u00e7a das <strong>vacinas contra o HPV <\/strong>\u00e9 combatida com evid\u00eancia robusta: mais de 400 milh\u00f5es de doses administradas globalmente com perfil de seguran\u00e7a excelente, confirmado pela European Medicines Agency (EMA) e pela OMS. Os efeitos secund\u00e1rios s\u00e3o predominantemente locais e ligeiros.<\/span><\/p><p><span style=\"font-weight: 400;\">A investiga\u00e7\u00e3o futura inclui vacinas terap\u00eauticas contra o HPV (para tratar infe\u00e7\u00f5es existentes e les\u00f5es pr\u00e9-cancerosas), a otimiza\u00e7\u00e3o de esquemas de dose \u00fanica e a extens\u00e3o da vacina\u00e7\u00e3o a faixas et\u00e1rias mais alargadas. A Global Alliance for Vaccines and Immunization (GAVI) apoia a distribui\u00e7\u00e3o de vacinas para a vacina\u00e7\u00e3o contra o HPV em pa\u00edses de baixo rendimento.<\/span><\/p><p><i><span style=\"font-weight: 400;\">Na <strong>M\u00e9dico na Net<\/strong>, a<strong> equipa cl\u00ednica<\/strong> oferece aconselhamento sobre<\/span><\/i><em><strong><a href=\"https:\/\/www.mediconanet.pt\/produto\/hpv-tratamento\/\" target=\"_blank\" rel=\"noopener\"> vacina\u00e7\u00e3o contra o HPV<\/a><\/strong><\/em><i><span style=\"font-weight: 400;\"><strong>,<\/strong> verifica\u00e7\u00e3o do estado vacinal e orienta\u00e7\u00e3o sobre rastreio cervical para uma prote\u00e7\u00e3o completa contra as doen\u00e7as associadas ao HPV.<\/span><\/i><\/p>\t\t\t\t\t\t\t\t<\/div>\n\t\t\t\t<div class=\"elementor-element elementor-element-375973d elementor-widget elementor-widget-image\" data-id=\"375973d\" data-element_type=\"widget\" data-widget_type=\"image.default\">\n\t\t\t\t\t\t\t\t\t\t\t\t\t\t\t<img decoding=\"async\" src=\"https:\/\/www.mediconanet.pt\/wp-content\/uploads\/2026\/03\/ChatGPT-Image-Mar-10-2026-01_34_45-PM.jpg\" title=\"Consulta m\u00e9dica online sobre vacina\u00e7\u00e3o e preven\u00e7\u00e3o do HPV\" alt=\"Homem em consulta m\u00e9dica online num computador a falar com m\u00e9dica sobre vacina\u00e7\u00e3o contra o HPV\" loading=\"lazy\" \/>\t\t\t\t\t\t\t\t\t\t\t\t\t\t\t<\/div>\n\t\t\t\t\t<\/div>\n\t\t\t\t<\/div>\n\t\t<div class=\"elementor-element elementor-element-1545e08 e-flex e-con-boxed e-con e-parent\" data-id=\"1545e08\" data-element_type=\"container\">\n\t\t\t\t\t<div class=\"e-con-inner\">\n\t\t<div class=\"elementor-element elementor-element-9ad30cf e-con-full e-flex e-con e-child\" data-id=\"9ad30cf\" data-element_type=\"container\">\n\t\t<div class=\"elementor-element elementor-element-66e4f21 e-con-full e-flex e-con e-child\" data-id=\"66e4f21\" data-element_type=\"container\">\n\t\t\t\t<div class=\"elementor-element elementor-element-c44ae3e elementor-widget elementor-widget-heading\" data-id=\"c44ae3e\" data-element_type=\"widget\" data-widget_type=\"heading.default\">\n\t\t\t\t\t<h2 class=\"elementor-heading-title elementor-size-default\">Perguntas frequentes (FAQ)<\/h2>\t\t\t\t<\/div>\n\t\t\t\t<div class=\"elementor-element elementor-element-439b5c3 elementor-widget elementor-widget-n-accordion\" data-id=\"439b5c3\" data-element_type=\"widget\" data-settings=\"{&quot;default_state&quot;:&quot;all_collapsed&quot;,&quot;max_items_expended&quot;:&quot;one&quot;,&quot;n_accordion_animation_duration&quot;:{&quot;unit&quot;:&quot;ms&quot;,&quot;size&quot;:400,&quot;sizes&quot;:[]}}\" data-widget_type=\"nested-accordion.default\">\n\t\t\t\t\t\t\t<div class=\"e-n-accordion\" aria-label=\"Accordion. Open links with Enter or Space, close with Escape, and navigate with Arrow Keys\">\n\t\t\t\t\t\t<details id=\"e-n-accordion-item-7080\" class=\"e-n-accordion-item\" >\n\t\t\t\t<summary class=\"e-n-accordion-item-title\" data-accordion-index=\"1\" tabindex=\"0\" aria-expanded=\"false\" aria-controls=\"e-n-accordion-item-7080\" >\n\t\t\t\t\t<span class='e-n-accordion-item-title-header'><div class=\"e-n-accordion-item-title-text\"> A vacina\u00e7\u00e3o contra o HPV \u00e9 segura? <\/div><\/span>\n\t\t\t\t\t\t\t<span class='e-n-accordion-item-title-icon'>\n\t\t\t<span class='e-opened' ><svg aria-hidden=\"true\" class=\"e-font-icon-svg e-fas-minus\" viewBox=\"0 0 448 512\" xmlns=\"http:\/\/www.w3.org\/2000\/svg\"><path d=\"M416 208H32c-17.67 0-32 14.33-32 32v32c0 17.67 14.33 32 32 32h384c17.67 0 32-14.33 32-32v-32c0-17.67-14.33-32-32-32z\"><\/path><\/svg><\/span>\n\t\t\t<span class='e-closed'><svg aria-hidden=\"true\" class=\"e-font-icon-svg e-fas-plus\" viewBox=\"0 0 448 512\" xmlns=\"http:\/\/www.w3.org\/2000\/svg\"><path d=\"M416 208H272V64c0-17.67-14.33-32-32-32h-32c-17.67 0-32 14.33-32 32v144H32c-17.67 0-32 14.33-32 32v32c0 17.67 14.33 32 32 32h144v144c0 17.67 14.33 32 32 32h32c17.67 0 32-14.33 32-32V304h144c17.67 0 32-14.33 32-32v-32c0-17.67-14.33-32-32-32z\"><\/path><\/svg><\/span>\n\t\t<\/span>\n\n\t\t\t\t\t\t<\/summary>\n\t\t\t\t<div role=\"region\" aria-labelledby=\"e-n-accordion-item-7080\" class=\"elementor-element elementor-element-d801294 e-con-full e-flex e-con e-child\" data-id=\"d801294\" data-element_type=\"container\">\n\t\t<div role=\"region\" aria-labelledby=\"e-n-accordion-item-7080\" class=\"elementor-element elementor-element-67dd609 e-flex e-con-boxed e-con e-child\" data-id=\"67dd609\" data-element_type=\"container\">\n\t\t\t\t\t<div class=\"e-con-inner\">\n\t\t\t\t<div class=\"elementor-element elementor-element-2204be5 elementor-widget elementor-widget-text-editor\" data-id=\"2204be5\" data-element_type=\"widget\" data-widget_type=\"text-editor.default\">\n\t\t\t\t\t\t\t\t\t<p><span style=\"font-weight: 400;\">Sim. A <strong>vacina\u00e7\u00e3o contra o HPV<\/strong> \u00e9 uma das mais estudadas do mundo, com mais de 400 milh\u00f5es de doses administradas e perfil de seguran\u00e7a excelente confirmado pela OMS e pela EMA. Os efeitos secund\u00e1rios s\u00e3o predominantemente ligeiros e transit\u00f3rios.<\/span><\/p>\t\t\t\t\t\t\t\t<\/div>\n\t\t\t\t\t<\/div>\n\t\t\t\t<\/div>\n\t\t\t\t<\/div>\n\t\t\t\t\t<\/details>\n\t\t\t\t\t\t<details id=\"e-n-accordion-item-7081\" class=\"e-n-accordion-item\" >\n\t\t\t\t<summary class=\"e-n-accordion-item-title\" data-accordion-index=\"2\" tabindex=\"-1\" aria-expanded=\"false\" aria-controls=\"e-n-accordion-item-7081\" >\n\t\t\t\t\t<span class='e-n-accordion-item-title-header'><div class=\"e-n-accordion-item-title-text\"> A vacina funciona se j\u00e1 tiver sido infetado por HPV? <\/div><\/span>\n\t\t\t\t\t\t\t<span class='e-n-accordion-item-title-icon'>\n\t\t\t<span class='e-opened' ><svg aria-hidden=\"true\" class=\"e-font-icon-svg e-fas-minus\" viewBox=\"0 0 448 512\" xmlns=\"http:\/\/www.w3.org\/2000\/svg\"><path d=\"M416 208H32c-17.67 0-32 14.33-32 32v32c0 17.67 14.33 32 32 32h384c17.67 0 32-14.33 32-32v-32c0-17.67-14.33-32-32-32z\"><\/path><\/svg><\/span>\n\t\t\t<span class='e-closed'><svg aria-hidden=\"true\" class=\"e-font-icon-svg e-fas-plus\" viewBox=\"0 0 448 512\" xmlns=\"http:\/\/www.w3.org\/2000\/svg\"><path d=\"M416 208H272V64c0-17.67-14.33-32-32-32h-32c-17.67 0-32 14.33-32 32v144H32c-17.67 0-32 14.33-32 32v32c0 17.67 14.33 32 32 32h144v144c0 17.67 14.33 32 32 32h32c17.67 0 32-14.33 32-32V304h144c17.67 0 32-14.33 32-32v-32c0-17.67-14.33-32-32-32z\"><\/path><\/svg><\/span>\n\t\t<\/span>\n\n\t\t\t\t\t\t<\/summary>\n\t\t\t\t<div role=\"region\" aria-labelledby=\"e-n-accordion-item-7081\" class=\"elementor-element elementor-element-f07e3ff e-con-full e-flex e-con e-child\" data-id=\"f07e3ff\" data-element_type=\"container\">\n\t\t<div role=\"region\" aria-labelledby=\"e-n-accordion-item-7081\" class=\"elementor-element elementor-element-ba0d7df e-flex e-con-boxed e-con e-child\" data-id=\"ba0d7df\" data-element_type=\"container\">\n\t\t\t\t\t<div class=\"e-con-inner\">\n\t\t\t\t<div class=\"elementor-element elementor-element-bd0918d elementor-widget elementor-widget-text-editor\" data-id=\"bd0918d\" data-element_type=\"widget\" data-widget_type=\"text-editor.default\">\n\t\t\t\t\t\t\t\t\t<p><span style=\"font-weight: 400;\">A vacina protege contra os gen\u00f3tipos inclu\u00eddos com os quais ainda n\u00e3o houve contacto. Mesmo ap\u00f3s infe\u00e7\u00e3o por um gen\u00f3tipo, a vacina oferece prote\u00e7\u00e3o contra os restantes gen\u00f3tipos vaccinais.<\/span><\/p>\t\t\t\t\t\t\t\t<\/div>\n\t\t\t\t\t<\/div>\n\t\t\t\t<\/div>\n\t\t\t\t<\/div>\n\t\t\t\t\t<\/details>\n\t\t\t\t\t\t<details id=\"e-n-accordion-item-7082\" class=\"e-n-accordion-item\" >\n\t\t\t\t<summary class=\"e-n-accordion-item-title\" data-accordion-index=\"3\" tabindex=\"-1\" aria-expanded=\"false\" aria-controls=\"e-n-accordion-item-7082\" >\n\t\t\t\t\t<span class='e-n-accordion-item-title-header'><div class=\"e-n-accordion-item-title-text\"> Os rapazes tamb\u00e9m devem ser vacinados? <\/div><\/span>\n\t\t\t\t\t\t\t<span class='e-n-accordion-item-title-icon'>\n\t\t\t<span class='e-opened' ><svg aria-hidden=\"true\" class=\"e-font-icon-svg e-fas-minus\" viewBox=\"0 0 448 512\" xmlns=\"http:\/\/www.w3.org\/2000\/svg\"><path d=\"M416 208H32c-17.67 0-32 14.33-32 32v32c0 17.67 14.33 32 32 32h384c17.67 0 32-14.33 32-32v-32c0-17.67-14.33-32-32-32z\"><\/path><\/svg><\/span>\n\t\t\t<span class='e-closed'><svg aria-hidden=\"true\" class=\"e-font-icon-svg e-fas-plus\" viewBox=\"0 0 448 512\" xmlns=\"http:\/\/www.w3.org\/2000\/svg\"><path d=\"M416 208H272V64c0-17.67-14.33-32-32-32h-32c-17.67 0-32 14.33-32 32v144H32c-17.67 0-32 14.33-32 32v32c0 17.67 14.33 32 32 32h144v144c0 17.67 14.33 32 32 32h32c17.67 0 32-14.33 32-32V304h144c17.67 0 32-14.33 32-32v-32c0-17.67-14.33-32-32-32z\"><\/path><\/svg><\/span>\n\t\t<\/span>\n\n\t\t\t\t\t\t<\/summary>\n\t\t\t\t<div role=\"region\" aria-labelledby=\"e-n-accordion-item-7082\" class=\"elementor-element elementor-element-1948aa2 e-con-full e-flex e-con e-child\" data-id=\"1948aa2\" data-element_type=\"container\">\n\t\t<div role=\"region\" aria-labelledby=\"e-n-accordion-item-7082\" class=\"elementor-element elementor-element-44203e4 e-flex e-con-boxed e-con e-child\" data-id=\"44203e4\" data-element_type=\"container\">\n\t\t\t\t\t<div class=\"e-con-inner\">\n\t\t\t\t<div class=\"elementor-element elementor-element-90363e4 elementor-widget elementor-widget-text-editor\" data-id=\"90363e4\" data-element_type=\"widget\" data-widget_type=\"text-editor.default\">\n\t\t\t\t\t\t\t\t\t<p><span style=\"font-weight: 400;\">Sim. Em Portugal, a vacina contra o HPV est\u00e1 inclu\u00edda no PNV para rapazes desde 2020. A vacina\u00e7\u00e3o masculina previne condilomas, cancros associados ao HPV em homens e contribui para a prote\u00e7\u00e3o de grupo.<\/span><\/p>\t\t\t\t\t\t\t\t<\/div>\n\t\t\t\t\t<\/div>\n\t\t\t\t<\/div>\n\t\t\t\t<\/div>\n\t\t\t\t\t<\/details>\n\t\t\t\t\t\t<details id=\"e-n-accordion-item-7083\" class=\"e-n-accordion-item\" >\n\t\t\t\t<summary class=\"e-n-accordion-item-title\" data-accordion-index=\"4\" tabindex=\"-1\" aria-expanded=\"false\" aria-controls=\"e-n-accordion-item-7083\" >\n\t\t\t\t\t<span class='e-n-accordion-item-title-header'><div class=\"e-n-accordion-item-title-text\"> Uma dose da vacina \u00e9 suficiente? <\/div><\/span>\n\t\t\t\t\t\t\t<span class='e-n-accordion-item-title-icon'>\n\t\t\t<span class='e-opened' ><svg aria-hidden=\"true\" class=\"e-font-icon-svg e-fas-minus\" viewBox=\"0 0 448 512\" xmlns=\"http:\/\/www.w3.org\/2000\/svg\"><path d=\"M416 208H32c-17.67 0-32 14.33-32 32v32c0 17.67 14.33 32 32 32h384c17.67 0 32-14.33 32-32v-32c0-17.67-14.33-32-32-32z\"><\/path><\/svg><\/span>\n\t\t\t<span class='e-closed'><svg aria-hidden=\"true\" class=\"e-font-icon-svg e-fas-plus\" viewBox=\"0 0 448 512\" xmlns=\"http:\/\/www.w3.org\/2000\/svg\"><path d=\"M416 208H272V64c0-17.67-14.33-32-32-32h-32c-17.67 0-32 14.33-32 32v144H32c-17.67 0-32 14.33-32 32v32c0 17.67 14.33 32 32 32h144v144c0 17.67 14.33 32 32 32h32c17.67 0 32-14.33 32-32V304h144c17.67 0 32-14.33 32-32v-32c0-17.67-14.33-32-32-32z\"><\/path><\/svg><\/span>\n\t\t<\/span>\n\n\t\t\t\t\t\t<\/summary>\n\t\t\t\t<div role=\"region\" aria-labelledby=\"e-n-accordion-item-7083\" class=\"elementor-element elementor-element-e6b82d0 e-con-full e-flex e-con e-child\" data-id=\"e6b82d0\" data-element_type=\"container\">\n\t\t<div role=\"region\" aria-labelledby=\"e-n-accordion-item-7083\" class=\"elementor-element elementor-element-ff98332 e-flex e-con-boxed e-con e-child\" data-id=\"ff98332\" data-element_type=\"container\">\n\t\t\t\t\t<div class=\"e-con-inner\">\n\t\t\t\t<div class=\"elementor-element elementor-element-b745fb3 elementor-widget elementor-widget-text-editor\" data-id=\"b745fb3\" data-element_type=\"widget\" data-widget_type=\"text-editor.default\">\n\t\t\t\t\t\t\t\t\t<p><span style=\"font-weight: 400;\">A OMS atualizou as recomenda\u00e7\u00f5es em 2022, considerando que uma dose \u00fanica \u00e9 suficiente para pessoas entre 9 e 20 anos. Esta simplifica\u00e7\u00e3o facilita a cobertura vacinal global.<\/span><\/p>\t\t\t\t\t\t\t\t<\/div>\n\t\t\t\t\t<\/div>\n\t\t\t\t<\/div>\n\t\t\t\t<\/div>\n\t\t\t\t\t<\/details>\n\t\t\t\t\t\t<details id=\"e-n-accordion-item-7084\" class=\"e-n-accordion-item\" >\n\t\t\t\t<summary class=\"e-n-accordion-item-title\" data-accordion-index=\"5\" tabindex=\"-1\" aria-expanded=\"false\" aria-controls=\"e-n-accordion-item-7084\" >\n\t\t\t\t\t<span class='e-n-accordion-item-title-header'><div class=\"e-n-accordion-item-title-text\"> Ainda preciso de fazer rastreio cervical se estiver vacinada? <\/div><\/span>\n\t\t\t\t\t\t\t<span class='e-n-accordion-item-title-icon'>\n\t\t\t<span class='e-opened' ><svg aria-hidden=\"true\" class=\"e-font-icon-svg e-fas-minus\" viewBox=\"0 0 448 512\" xmlns=\"http:\/\/www.w3.org\/2000\/svg\"><path d=\"M416 208H32c-17.67 0-32 14.33-32 32v32c0 17.67 14.33 32 32 32h384c17.67 0 32-14.33 32-32v-32c0-17.67-14.33-32-32-32z\"><\/path><\/svg><\/span>\n\t\t\t<span class='e-closed'><svg aria-hidden=\"true\" class=\"e-font-icon-svg e-fas-plus\" viewBox=\"0 0 448 512\" xmlns=\"http:\/\/www.w3.org\/2000\/svg\"><path d=\"M416 208H272V64c0-17.67-14.33-32-32-32h-32c-17.67 0-32 14.33-32 32v144H32c-17.67 0-32 14.33-32 32v32c0 17.67 14.33 32 32 32h144v144c0 17.67 14.33 32 32 32h32c17.67 0 32-14.33 32-32V304h144c17.67 0 32-14.33 32-32v-32c0-17.67-14.33-32-32-32z\"><\/path><\/svg><\/span>\n\t\t<\/span>\n\n\t\t\t\t\t\t<\/summary>\n\t\t\t\t<div role=\"region\" aria-labelledby=\"e-n-accordion-item-7084\" class=\"elementor-element elementor-element-7547615 e-con-full e-flex e-con e-child\" data-id=\"7547615\" data-element_type=\"container\">\n\t\t<div role=\"region\" aria-labelledby=\"e-n-accordion-item-7084\" class=\"elementor-element elementor-element-8c9a957 e-flex e-con-boxed e-con e-child\" data-id=\"8c9a957\" data-element_type=\"container\">\n\t\t\t\t\t<div class=\"e-con-inner\">\n\t\t\t\t<div class=\"elementor-element elementor-element-2f07efa elementor-widget elementor-widget-text-editor\" data-id=\"2f07efa\" data-element_type=\"widget\" data-widget_type=\"text-editor.default\">\n\t\t\t\t\t\t\t\t\t<p data-start=\"6119\" data-end=\"6336\"><span style=\"font-weight: 400;\">Sim. A vacina n\u00e3o cobre todos os gen\u00f3tipos de HPV de alto risco. O rastreio cervical continua a ser recomendado, embora os intervalos possam ser ajustados em popula\u00e7\u00f5es vacinadas.<\/span><\/p>\t\t\t\t\t\t\t\t<\/div>\n\t\t\t\t\t<\/div>\n\t\t\t\t<\/div>\n\t\t\t\t<\/div>\n\t\t\t\t\t<\/details>\n\t\t\t\t\t<\/div>\n\t\t\t\t\t<script type=\"application\/ld+json\">{\"@context\":\"https:\\\/\\\/schema.org\",\"@type\":\"FAQPage\",\"mainEntity\":[{\"@type\":\"Question\",\"name\":\"A vacina\\u00e7\\u00e3o contra o HPV \\u00e9 segura?\",\"acceptedAnswer\":{\"@type\":\"Answer\",\"text\":\"Sim. A vacina\\u00e7\\u00e3o contra o HPV \\u00e9 uma das mais estudadas do mundo, com mais de 400 milh\\u00f5es de doses administradas e perfil de seguran\\u00e7a excelente confirmado pela OMS e pela EMA. Os efeitos secund\\u00e1rios s\\u00e3o predominantemente ligeiros e transit\\u00f3rios.\"}},{\"@type\":\"Question\",\"name\":\"A vacina funciona se j\\u00e1 tiver sido infetado por HPV?\",\"acceptedAnswer\":{\"@type\":\"Answer\",\"text\":\"A vacina protege contra os gen\\u00f3tipos inclu\\u00eddos com os quais ainda n\\u00e3o houve contacto. Mesmo ap\\u00f3s infe\\u00e7\\u00e3o por um gen\\u00f3tipo, a vacina oferece prote\\u00e7\\u00e3o contra os restantes gen\\u00f3tipos vaccinais.\"}},{\"@type\":\"Question\",\"name\":\"Os rapazes tamb\\u00e9m devem ser vacinados?\",\"acceptedAnswer\":{\"@type\":\"Answer\",\"text\":\"Sim. Em Portugal, a vacina contra o HPV est\\u00e1 inclu\\u00edda no PNV para rapazes desde 2020. A vacina\\u00e7\\u00e3o masculina previne condilomas, cancros associados ao HPV em homens e contribui para a prote\\u00e7\\u00e3o de grupo.\"}},{\"@type\":\"Question\",\"name\":\"Uma dose da vacina \\u00e9 suficiente?\",\"acceptedAnswer\":{\"@type\":\"Answer\",\"text\":\"A OMS atualizou as recomenda\\u00e7\\u00f5es em 2022, considerando que uma dose \\u00fanica \\u00e9 suficiente para pessoas entre 9 e 20 anos. Esta simplifica\\u00e7\\u00e3o facilita a cobertura vacinal global.\"}},{\"@type\":\"Question\",\"name\":\"Ainda preciso de fazer rastreio cervical se estiver vacinada?\",\"acceptedAnswer\":{\"@type\":\"Answer\",\"text\":\"Sim. A vacina n\\u00e3o cobre todos os gen\\u00f3tipos de HPV de alto risco. O rastreio cervical continua a ser recomendado, embora os intervalos possam ser ajustados em popula\\u00e7\\u00f5es vacinadas.\"}}]}<\/script>\n\t\t\t\t\t\t\t<\/div>\n\t\t\t\t<\/div>\n\t\t\t\t<\/div>\n\t\t\t\t\t<\/div>\n\t\t\t\t<\/div>\n\t\t<div class=\"elementor-element elementor-element-02d7fba e-flex e-con-boxed e-con e-parent\" data-id=\"02d7fba\" data-element_type=\"container\">\n\t\t\t\t\t<div class=\"e-con-inner\">\n\t\t\t\t<div class=\"elementor-element elementor-element-ca91313 elementor-widget elementor-widget-text-editor\" data-id=\"ca91313\" data-element_type=\"widget\" data-widget_type=\"text-editor.default\">\n\t\t\t\t\t\t\t\t\t<h2>Conclus\u00e3o<\/h2><p><span style=\"font-weight: 400;\">A <strong>vacina\u00e7\u00e3o contra o HPV<\/strong> \u00e9 uma interven\u00e7\u00e3o transformadora na preven\u00e7\u00e3o do cancro, com efic\u00e1cia comprovada e impacto populacional mensur\u00e1vel. A manuten\u00e7\u00e3o de elevada cobertura vacinal, o combate \u00e0 desinforma\u00e7\u00e3o e a integra\u00e7\u00e3o da vacina\u00e7\u00e3o com programas de rastreio s\u00e3o essenciais para alcan\u00e7ar a elimina\u00e7\u00e3o do cancro cervical e reduzir a carga global de doen\u00e7as associadas ao HPV.<\/span><\/p><h2>Refer\u00eancias<\/h2><p><a href=\"https:\/\/pubmed.ncbi.nlm.nih.gov\/34741816\/\" rel=\"dofollow noopener\" target=\"_blank\">Impact of the national HPV vaccination programme on cervical cancer \u2014 The Lancet<\/a><\/p><p><a href=\"https:\/\/www.who.int\/news\/item\/11-04-2022-one-dose-human-papillomavirus-hpv-vaccine-offers-solid-protection-against-cervical-cancer\" rel=\"dofollow noopener\" target=\"_blank\">Human papillomavirus vaccine recommendations \u2014 World Health Organization<\/a><\/p><p><a href=\"https:\/\/www.dgs.pt\/saude-publica\/vacinacao\/programa-nacional-de-vacinacao.aspx\" rel=\"dofollow noopener\" target=\"_blank\"><span style=\"font-weight: 400;\">Programa Nacional de Vacina\u00e7\u00e3o e vacina contra o HPV \u2014 Dire\u00e7\u00e3o-Geral da Sa\u00fade<\/span><\/a><\/p>\t\t\t\t\t\t\t\t<\/div>\n\t\t\t\t\t<\/div>\n\t\t\t\t<\/div>\n\t\t\t\t<\/div>\n\t\t","protected":false},"excerpt":{"rendered":"<p>Introdu\u00e7\u00e3o A vacina\u00e7\u00e3o contra o v\u00edrus do papiloma humano (HPV) \u00e9 uma das interven\u00e7\u00f5es de sa\u00fade p\u00fablica mais eficazes na preven\u00e7\u00e3o do cancro. Desde a sua introdu\u00e7\u00e3o em 2006, as vacina\u00e7\u00e3o contra o HPV demonstrou redu\u00e7\u00f5es dram\u00e1ticas na preval\u00eancia de infe\u00e7\u00f5es por HPV, condilomas genitais e les\u00f5es pr\u00e9-cancerosas cervicais nos pa\u00edses com programas de vacina\u00e7\u00e3o [&hellip;]<\/p>\n","protected":false},"author":13102,"featured_media":57893,"comment_status":"closed","ping_status":"closed","sticky":false,"template":"","format":"standard","meta":{"_jetpack_memberships_contains_paid_content":false,"footnotes":""},"categories":[59],"tags":[],"class_list":["post-57735","post","type-post","status-publish","format-standard","has-post-thumbnail","hentry","category-saude-sexual"],"jetpack_featured_media_url":"https:\/\/www.mediconanet.pt\/wp-content\/uploads\/2026\/03\/Design-sem-nome-2.jpg","jetpack_sharing_enabled":true,"_links":{"self":[{"href":"https:\/\/www.mediconanet.pt\/en\/wp-json\/wp\/v2\/posts\/57735","targetHints":{"allow":["GET"]}}],"collection":[{"href":"https:\/\/www.mediconanet.pt\/en\/wp-json\/wp\/v2\/posts"}],"about":[{"href":"https:\/\/www.mediconanet.pt\/en\/wp-json\/wp\/v2\/types\/post"}],"author":[{"embeddable":true,"href":"https:\/\/www.mediconanet.pt\/en\/wp-json\/wp\/v2\/users\/13102"}],"replies":[{"embeddable":true,"href":"https:\/\/www.mediconanet.pt\/en\/wp-json\/wp\/v2\/comments?post=57735"}],"version-history":[{"count":25,"href":"https:\/\/www.mediconanet.pt\/en\/wp-json\/wp\/v2\/posts\/57735\/revisions"}],"predecessor-version":[{"id":57979,"href":"https:\/\/www.mediconanet.pt\/en\/wp-json\/wp\/v2\/posts\/57735\/revisions\/57979"}],"wp:featuredmedia":[{"embeddable":true,"href":"https:\/\/www.mediconanet.pt\/en\/wp-json\/wp\/v2\/media\/57893"}],"wp:attachment":[{"href":"https:\/\/www.mediconanet.pt\/en\/wp-json\/wp\/v2\/media?parent=57735"}],"wp:term":[{"taxonomy":"category","embeddable":true,"href":"https:\/\/www.mediconanet.pt\/en\/wp-json\/wp\/v2\/categories?post=57735"},{"taxonomy":"post_tag","embeddable":true,"href":"https:\/\/www.mediconanet.pt\/en\/wp-json\/wp\/v2\/tags?post=57735"}],"curies":[{"name":"wp","href":"https:\/\/api.w.org\/{rel}","templated":true}]}}