{"id":58094,"date":"2026-03-12T15:26:02","date_gmt":"2026-03-12T15:26:02","guid":{"rendered":"https:\/\/www.mediconanet.pt\/?p=58094"},"modified":"2026-03-16T09:27:45","modified_gmt":"2026-03-16T09:27:45","slug":"viver-com-vih-terapeutica-antirretroviral","status":"publish","type":"post","link":"https:\/\/www.mediconanet.pt\/en\/viver-com-vih-terapeutica-antirretroviral\/","title":{"rendered":"Viver com VIH: Terap\u00eautica Antirretroviral, Qualidade de Vida e Estigma"},"content":{"rendered":"\t\t<div data-elementor-type=\"wp-post\" data-elementor-id=\"58094\" class=\"elementor elementor-58094\" data-elementor-post-type=\"post\">\n\t\t\t\t<div class=\"elementor-element elementor-element-570cfe3 e-flex e-con-boxed e-con e-parent\" data-id=\"570cfe3\" data-element_type=\"container\">\n\t\t\t\t\t<div class=\"e-con-inner\">\n\t\t\t\t<div class=\"elementor-element elementor-element-1761780 elementor-widget elementor-widget-text-editor\" data-id=\"1761780\" data-element_type=\"widget\" data-widget_type=\"text-editor.default\">\n\t\t\t\t\t\t\t\t\t<h2><b>Introdu\u00e7\u00e3o<\/b><\/h2><p><span style=\"font-weight: 400;\">A terap\u00eautica antirretroviral (TAR) transformou a infe\u00e7\u00e3o pelo<strong> VIH<\/strong> de uma doen\u00e7a fatal numa condi\u00e7\u00e3o cr\u00f3nica control\u00e1vel, com esperan\u00e7a de vida praticamente equipar\u00e1vel \u00e0 da popula\u00e7\u00e3o geral quando o tratamento \u00e9 iniciado precocemente. A European AIDS Clinical Society (EACS) recomenda o in\u00edcio imediato da TAR em todas as pessoas diagnosticadas com<strong> VIH<\/strong>, independentemente da contagem de CD4.<\/span><\/p><p><span style=\"font-weight: 400;\">Contudo, viver com <\/span><b>VIH<\/b><span style=\"font-weight: 400;\"> envolve desafios que v\u00e3o al\u00e9m do controlo virol\u00f3gico, incluindo a gest\u00e3o de comorbidades, o impacto psicossocial, o estigma persistente e a necessidade de ades\u00e3o terap\u00eautica ao longo da vida. A abordagem hol\u00edstica da pessoa com <\/span><b>VIH<\/b><span style=\"font-weight: 400;\"> \u00e9 fundamental para garantir n\u00e3o apenas a sobreviv\u00eancia, mas a qualidade de vida plena.<\/span><\/p><h2><b>Terap\u00eautica Antirretroviral Atual<\/b><\/h2><p><span style=\"font-weight: 400;\">Os regimes de TAR atuais s\u00e3o mais simples, mais eficazes e melhor tolerados do que os da era inicial da terap\u00eautica anti-VIH. O regime preferido de primeira linha consiste geralmente num inibidor de integrase (bictegravir ou dolutegravir) combinado com dois inibidores nucleos\u00eddeos da transcriptase reversa, frequentemente num comprimido \u00fanico di\u00e1rio.<\/span><\/p><p><span style=\"font-weight: 400;\">A simplifica\u00e7\u00e3o para regime de dois f\u00e1rmacos (dolutegravir\/lamivudina) \u00e9 uma op\u00e7\u00e3o validada em doentes com supress\u00e3o viral est\u00e1vel, segundo o estudo GEMINI publicado no The Lancet. O cabotegravir\/rilpivirina injet\u00e1vel a cada 2 meses representa o primeiro regime de TAR de longa dura\u00e7\u00e3o, eliminando a necessidade de toma di\u00e1ria.<\/span><\/p><p><span style=\"font-weight: 400;\">A ONUSIDA estabeleceu as metas 95-95-95 para 2025: 95 % das pessoas com <strong>VIH<\/strong> diagnosticadas, 95 % das diagnosticadas em tratamento e 95 % das tratadas com carga viral indetect\u00e1vel. Portugal apresenta progressos significativos, embora o diagn\u00f3stico tardio permane\u00e7a um desafio.<\/span><\/p><h2><b>Comorbidades e Envelhecimento<\/b><\/h2><p><span style=\"font-weight: 400;\">Com o aumento da esperan\u00e7a de vida, as comorbidades associadas ao envelhecimento e \u00e0 inflama\u00e7\u00e3o cr\u00f3nica residual assumem crescente import\u00e2ncia na pessoa com <\/span><b>VIH<\/b><span style=\"font-weight: 400;\">. Doen\u00e7as cardiovasculares, metab\u00f3licas (diabetes, dislipidemia), renais, \u00f3sseas e neurocognitivas s\u00e3o mais prevalentes em pessoas que vivem com <strong>VIH<\/strong>.<\/span><\/p><p><span style=\"font-weight: 400;\">A European AIDS Clinical Society (EACS) recomenda rastreio regular de comorbidades, incluindo risco cardiovascular (SCORE2), perfil lip\u00eddico, glicemia, fun\u00e7\u00e3o renal, densitometria \u00f3ssea e rastreio de neoplasias (incluindo cancros associados ao HPV e hepatocarcinoma em coinfetados com hepatite B ou C).<\/span><\/p><p><span style=\"font-weight: 400;\">A intera\u00e7\u00e3o medicamentosa entre a TAR e f\u00e1rmacos para comorbidades requer aten\u00e7\u00e3o especial. A Liverpool HIV Drug Interactions Database (hiv-druginteractions.org) \u00e9 uma ferramenta de refer\u00eancia utilizada por cl\u00ednicos em todo o mundo para verificar intera\u00e7\u00f5es.<\/span><\/p><h2><b>Estigma e Sa\u00fade Mental<\/b><\/h2><p><span style=\"font-weight: 400;\">O estigma associado ao <strong>VIH<\/strong> permanece um dos maiores obst\u00e1culos \u00e0 preven\u00e7\u00e3o, ao diagn\u00f3stico e ao tratamento. Estudos do European Centre for Disease Prevention and Control (ECDC) documentam que o medo de discrimina\u00e7\u00e3o atrasa o diagn\u00f3stico e compromete a ades\u00e3o terap\u00eautica.<\/span><\/p><p><span style=\"font-weight: 400;\">A sa\u00fade mental \u00e9 uma dimens\u00e3o frequentemente negligenciada nos cuidados ao <strong>VIH<\/strong>. A preval\u00eancia de depress\u00e3o em pessoas com <strong>VIH<\/strong> \u00e9 2 a 3 vezes superior \u00e0 da popula\u00e7\u00e3o geral. O National Institute of Mental Health (NIMH) dos Estados Unidos reconhece a necessidade de integra\u00e7\u00e3o de cuidados de sa\u00fade mental nos servi\u00e7os de <strong>VIH<\/strong>.<\/span><\/p><p><span style=\"font-weight: 400;\">O princ\u00edpio I=I (Indetect\u00e1vel = Intransmiss\u00edvel) \u00e9 uma ferramenta poderosa de combate ao estigma, demonstrando que pessoas com <strong>VIH<\/strong> sob tratamento eficaz n\u00e3o transmitem o v\u00edrus. A normaliza\u00e7\u00e3o desta mensagem, promovida pela ONUSIDA e por organiza\u00e7\u00f5es comunit\u00e1rias, \u00e9 essencial para reduzir a discrimina\u00e7\u00e3o.<\/span><\/p><p><i><span style=\"font-weight: 400;\">Na <strong>M\u00e9dico na Net<\/strong>, a <strong>equipa cl\u00ednica<\/strong> oferece acompanhamento integral da pessoa com<a href=\"https:\/\/www.mediconanet.pt\/produto\/hiv\/\"><strong> VIH<\/strong><\/a>, incluindo monitoriza\u00e7\u00e3o da terap\u00eautica, rastreio de comorbidades e apoio para uma vida plena e com qualidade.<\/span><\/i><\/p>\t\t\t\t\t\t\t\t<\/div>\n\t\t\t\t<div class=\"elementor-element elementor-element-375973d elementor-widget elementor-widget-image\" data-id=\"375973d\" data-element_type=\"widget\" data-widget_type=\"image.default\">\n\t\t\t\t\t\t\t\t\t\t\t\t\t\t\t<img decoding=\"async\" src=\"https:\/\/www.mediconanet.pt\/wp-content\/uploads\/2026\/03\/wpimage-id893sizeSlugfulllinkDestinationnone-figure-classwp-block-image-size-fullimg-srchttpscomprarcbdonline.ptwp-contentuploads202603unnamed-3.jpg-altFrasco-de-vidro-transparente-c-10.jpg\" title=\"Consulta m\u00e9dica online para acompanhamento de pessoas a viver com VIH\" alt=\"Homem em consulta m\u00e9dica online com m\u00e9dico no computador durante acompanhamento cl\u00ednico sobre viver com VIH\" loading=\"lazy\" \/>\t\t\t\t\t\t\t\t\t\t\t\t\t\t\t<\/div>\n\t\t\t\t\t<\/div>\n\t\t\t\t<\/div>\n\t\t<div class=\"elementor-element elementor-element-1545e08 e-flex e-con-boxed e-con e-parent\" data-id=\"1545e08\" data-element_type=\"container\">\n\t\t\t\t\t<div class=\"e-con-inner\">\n\t\t<div class=\"elementor-element elementor-element-9ad30cf e-con-full e-flex e-con e-child\" data-id=\"9ad30cf\" data-element_type=\"container\">\n\t\t<div class=\"elementor-element elementor-element-66e4f21 e-con-full e-flex e-con e-child\" data-id=\"66e4f21\" data-element_type=\"container\">\n\t\t\t\t<div class=\"elementor-element elementor-element-c44ae3e elementor-widget elementor-widget-heading\" data-id=\"c44ae3e\" data-element_type=\"widget\" data-widget_type=\"heading.default\">\n\t\t\t\t\t<h2 class=\"elementor-heading-title elementor-size-default\">Perguntas frequentes (FAQ)<\/h2>\t\t\t\t<\/div>\n\t\t\t\t<div class=\"elementor-element elementor-element-439b5c3 elementor-widget elementor-widget-n-accordion\" data-id=\"439b5c3\" data-element_type=\"widget\" data-settings=\"{&quot;default_state&quot;:&quot;all_collapsed&quot;,&quot;max_items_expended&quot;:&quot;one&quot;,&quot;n_accordion_animation_duration&quot;:{&quot;unit&quot;:&quot;ms&quot;,&quot;size&quot;:400,&quot;sizes&quot;:[]}}\" data-widget_type=\"nested-accordion.default\">\n\t\t\t\t\t\t\t<div class=\"e-n-accordion\" aria-label=\"Accordion. Open links with Enter or Space, close with Escape, and navigate with Arrow Keys\">\n\t\t\t\t\t\t<details id=\"e-n-accordion-item-7080\" class=\"e-n-accordion-item\" >\n\t\t\t\t<summary class=\"e-n-accordion-item-title\" data-accordion-index=\"1\" tabindex=\"0\" aria-expanded=\"false\" aria-controls=\"e-n-accordion-item-7080\" >\n\t\t\t\t\t<span class='e-n-accordion-item-title-header'><div class=\"e-n-accordion-item-title-text\"> A TAR tem de ser tomada para toda a vida? <\/div><\/span>\n\t\t\t\t\t\t\t<span class='e-n-accordion-item-title-icon'>\n\t\t\t<span class='e-opened' ><svg aria-hidden=\"true\" class=\"e-font-icon-svg e-fas-minus\" viewBox=\"0 0 448 512\" xmlns=\"http:\/\/www.w3.org\/2000\/svg\"><path d=\"M416 208H32c-17.67 0-32 14.33-32 32v32c0 17.67 14.33 32 32 32h384c17.67 0 32-14.33 32-32v-32c0-17.67-14.33-32-32-32z\"><\/path><\/svg><\/span>\n\t\t\t<span class='e-closed'><svg aria-hidden=\"true\" class=\"e-font-icon-svg e-fas-plus\" viewBox=\"0 0 448 512\" xmlns=\"http:\/\/www.w3.org\/2000\/svg\"><path d=\"M416 208H272V64c0-17.67-14.33-32-32-32h-32c-17.67 0-32 14.33-32 32v144H32c-17.67 0-32 14.33-32 32v32c0 17.67 14.33 32 32 32h144v144c0 17.67 14.33 32 32 32h32c17.67 0 32-14.33 32-32V304h144c17.67 0 32-14.33 32-32v-32c0-17.67-14.33-32-32-32z\"><\/path><\/svg><\/span>\n\t\t<\/span>\n\n\t\t\t\t\t\t<\/summary>\n\t\t\t\t<div role=\"region\" aria-labelledby=\"e-n-accordion-item-7080\" class=\"elementor-element elementor-element-d801294 e-con-full e-flex e-con e-child\" data-id=\"d801294\" data-element_type=\"container\">\n\t\t<div role=\"region\" aria-labelledby=\"e-n-accordion-item-7080\" class=\"elementor-element elementor-element-67dd609 e-flex e-con-boxed e-con e-child\" data-id=\"67dd609\" data-element_type=\"container\">\n\t\t\t\t\t<div class=\"e-con-inner\">\n\t\t\t\t<div class=\"elementor-element elementor-element-2204be5 elementor-widget elementor-widget-text-editor\" data-id=\"2204be5\" data-element_type=\"widget\" data-widget_type=\"text-editor.default\">\n\t\t\t\t\t\t\t\t\t<p><span style=\"font-weight: 400;\">Atualmente, sim. A TAR suprime o <strong>VIH<\/strong> mas n\u00e3o o elimina do organismo. A interrup\u00e7\u00e3o do tratamento leva ao rebote da carga viral. A investiga\u00e7\u00e3o de cura funcional est\u00e1 em curso, mas ainda sem resultados aplic\u00e1veis.<\/span><\/p>\t\t\t\t\t\t\t\t<\/div>\n\t\t\t\t\t<\/div>\n\t\t\t\t<\/div>\n\t\t\t\t<\/div>\n\t\t\t\t\t<\/details>\n\t\t\t\t\t\t<details id=\"e-n-accordion-item-7081\" class=\"e-n-accordion-item\" >\n\t\t\t\t<summary class=\"e-n-accordion-item-title\" data-accordion-index=\"2\" tabindex=\"-1\" aria-expanded=\"false\" aria-controls=\"e-n-accordion-item-7081\" >\n\t\t\t\t\t<span class='e-n-accordion-item-title-header'><div class=\"e-n-accordion-item-title-text\"> Posso ter uma vida normal com VIH? <\/div><\/span>\n\t\t\t\t\t\t\t<span class='e-n-accordion-item-title-icon'>\n\t\t\t<span class='e-opened' ><svg aria-hidden=\"true\" class=\"e-font-icon-svg e-fas-minus\" viewBox=\"0 0 448 512\" xmlns=\"http:\/\/www.w3.org\/2000\/svg\"><path d=\"M416 208H32c-17.67 0-32 14.33-32 32v32c0 17.67 14.33 32 32 32h384c17.67 0 32-14.33 32-32v-32c0-17.67-14.33-32-32-32z\"><\/path><\/svg><\/span>\n\t\t\t<span class='e-closed'><svg aria-hidden=\"true\" class=\"e-font-icon-svg e-fas-plus\" viewBox=\"0 0 448 512\" xmlns=\"http:\/\/www.w3.org\/2000\/svg\"><path d=\"M416 208H272V64c0-17.67-14.33-32-32-32h-32c-17.67 0-32 14.33-32 32v144H32c-17.67 0-32 14.33-32 32v32c0 17.67 14.33 32 32 32h144v144c0 17.67 14.33 32 32 32h32c17.67 0 32-14.33 32-32V304h144c17.67 0 32-14.33 32-32v-32c0-17.67-14.33-32-32-32z\"><\/path><\/svg><\/span>\n\t\t<\/span>\n\n\t\t\t\t\t\t<\/summary>\n\t\t\t\t<div role=\"region\" aria-labelledby=\"e-n-accordion-item-7081\" class=\"elementor-element elementor-element-f07e3ff e-con-full e-flex e-con e-child\" data-id=\"f07e3ff\" data-element_type=\"container\">\n\t\t<div role=\"region\" aria-labelledby=\"e-n-accordion-item-7081\" class=\"elementor-element elementor-element-ba0d7df e-flex e-con-boxed e-con e-child\" data-id=\"ba0d7df\" data-element_type=\"container\">\n\t\t\t\t\t<div class=\"e-con-inner\">\n\t\t\t\t<div class=\"elementor-element elementor-element-bd0918d elementor-widget elementor-widget-text-editor\" data-id=\"bd0918d\" data-element_type=\"widget\" data-widget_type=\"text-editor.default\">\n\t\t\t\t\t\t\t\t\t<p><span style=\"font-weight: 400;\">Sim. Com TAR eficaz, as pessoas com <strong>VIH<\/strong> podem trabalhar, viajar, ter rela\u00e7\u00f5es sexuais e ter filhos saud\u00e1veis. A esperan\u00e7a de vida \u00e9 praticamente igual \u00e0 da popula\u00e7\u00e3o geral quando o tratamento \u00e9 iniciado precocemente.<\/span><\/p>\t\t\t\t\t\t\t\t<\/div>\n\t\t\t\t\t<\/div>\n\t\t\t\t<\/div>\n\t\t\t\t<\/div>\n\t\t\t\t\t<\/details>\n\t\t\t\t\t\t<details id=\"e-n-accordion-item-7082\" class=\"e-n-accordion-item\" >\n\t\t\t\t<summary class=\"e-n-accordion-item-title\" data-accordion-index=\"3\" tabindex=\"-1\" aria-expanded=\"false\" aria-controls=\"e-n-accordion-item-7082\" >\n\t\t\t\t\t<span class='e-n-accordion-item-title-header'><div class=\"e-n-accordion-item-title-text\"> A TAR injet\u00e1vel est\u00e1 dispon\u00edvel em Portugal? <\/div><\/span>\n\t\t\t\t\t\t\t<span class='e-n-accordion-item-title-icon'>\n\t\t\t<span class='e-opened' ><svg aria-hidden=\"true\" class=\"e-font-icon-svg e-fas-minus\" viewBox=\"0 0 448 512\" xmlns=\"http:\/\/www.w3.org\/2000\/svg\"><path d=\"M416 208H32c-17.67 0-32 14.33-32 32v32c0 17.67 14.33 32 32 32h384c17.67 0 32-14.33 32-32v-32c0-17.67-14.33-32-32-32z\"><\/path><\/svg><\/span>\n\t\t\t<span class='e-closed'><svg aria-hidden=\"true\" class=\"e-font-icon-svg e-fas-plus\" viewBox=\"0 0 448 512\" xmlns=\"http:\/\/www.w3.org\/2000\/svg\"><path d=\"M416 208H272V64c0-17.67-14.33-32-32-32h-32c-17.67 0-32 14.33-32 32v144H32c-17.67 0-32 14.33-32 32v32c0 17.67 14.33 32 32 32h144v144c0 17.67 14.33 32 32 32h32c17.67 0 32-14.33 32-32V304h144c17.67 0 32-14.33 32-32v-32c0-17.67-14.33-32-32-32z\"><\/path><\/svg><\/span>\n\t\t<\/span>\n\n\t\t\t\t\t\t<\/summary>\n\t\t\t\t<div role=\"region\" aria-labelledby=\"e-n-accordion-item-7082\" class=\"elementor-element elementor-element-1948aa2 e-con-full e-flex e-con e-child\" data-id=\"1948aa2\" data-element_type=\"container\">\n\t\t<div role=\"region\" aria-labelledby=\"e-n-accordion-item-7082\" class=\"elementor-element elementor-element-44203e4 e-flex e-con-boxed e-con e-child\" data-id=\"44203e4\" data-element_type=\"container\">\n\t\t\t\t\t<div class=\"e-con-inner\">\n\t\t\t\t<div class=\"elementor-element elementor-element-90363e4 elementor-widget elementor-widget-text-editor\" data-id=\"90363e4\" data-element_type=\"widget\" data-widget_type=\"text-editor.default\">\n\t\t\t\t\t\t\t\t\t<p><span style=\"font-weight: 400;\">O cabotegravir\/rilpivirina injet\u00e1vel est\u00e1 aprovado na Europa e est\u00e1 a ser progressivamente disponibilizado em Portugal para doentes eleg\u00edveis, representando uma alternativa \u00e0 toma oral di\u00e1ria.<\/span><\/p>\t\t\t\t\t\t\t\t<\/div>\n\t\t\t\t\t<\/div>\n\t\t\t\t<\/div>\n\t\t\t\t<\/div>\n\t\t\t\t\t<\/details>\n\t\t\t\t\t\t<details id=\"e-n-accordion-item-7083\" class=\"e-n-accordion-item\" >\n\t\t\t\t<summary class=\"e-n-accordion-item-title\" data-accordion-index=\"4\" tabindex=\"-1\" aria-expanded=\"false\" aria-controls=\"e-n-accordion-item-7083\" >\n\t\t\t\t\t<span class='e-n-accordion-item-title-header'><div class=\"e-n-accordion-item-title-text\"> O VIH aumenta o risco de outras doen\u00e7as? <\/div><\/span>\n\t\t\t\t\t\t\t<span class='e-n-accordion-item-title-icon'>\n\t\t\t<span class='e-opened' ><svg aria-hidden=\"true\" class=\"e-font-icon-svg e-fas-minus\" viewBox=\"0 0 448 512\" xmlns=\"http:\/\/www.w3.org\/2000\/svg\"><path d=\"M416 208H32c-17.67 0-32 14.33-32 32v32c0 17.67 14.33 32 32 32h384c17.67 0 32-14.33 32-32v-32c0-17.67-14.33-32-32-32z\"><\/path><\/svg><\/span>\n\t\t\t<span class='e-closed'><svg aria-hidden=\"true\" class=\"e-font-icon-svg e-fas-plus\" viewBox=\"0 0 448 512\" xmlns=\"http:\/\/www.w3.org\/2000\/svg\"><path d=\"M416 208H272V64c0-17.67-14.33-32-32-32h-32c-17.67 0-32 14.33-32 32v144H32c-17.67 0-32 14.33-32 32v32c0 17.67 14.33 32 32 32h144v144c0 17.67 14.33 32 32 32h32c17.67 0 32-14.33 32-32V304h144c17.67 0 32-14.33 32-32v-32c0-17.67-14.33-32-32-32z\"><\/path><\/svg><\/span>\n\t\t<\/span>\n\n\t\t\t\t\t\t<\/summary>\n\t\t\t\t<div role=\"region\" aria-labelledby=\"e-n-accordion-item-7083\" class=\"elementor-element elementor-element-e6b82d0 e-con-full e-flex e-con e-child\" data-id=\"e6b82d0\" data-element_type=\"container\">\n\t\t<div role=\"region\" aria-labelledby=\"e-n-accordion-item-7083\" class=\"elementor-element elementor-element-ff98332 e-flex e-con-boxed e-con e-child\" data-id=\"ff98332\" data-element_type=\"container\">\n\t\t\t\t\t<div class=\"e-con-inner\">\n\t\t\t\t<div class=\"elementor-element elementor-element-b745fb3 elementor-widget elementor-widget-text-editor\" data-id=\"b745fb3\" data-element_type=\"widget\" data-widget_type=\"text-editor.default\">\n\t\t\t\t\t\t\t\t\t<p><span style=\"font-weight: 400;\">Sim. A inflama\u00e7\u00e3o cr\u00f3nica residual\u00a0aumenta o risco de doen\u00e7as cardiovasculares, metab\u00f3licas e algumas neoplasias. O rastreio regular de comorbidades \u00e9 uma componente essencial do seguimento.<\/span><\/p>\t\t\t\t\t\t\t\t<\/div>\n\t\t\t\t\t<\/div>\n\t\t\t\t<\/div>\n\t\t\t\t<\/div>\n\t\t\t\t\t<\/details>\n\t\t\t\t\t\t<details id=\"e-n-accordion-item-7084\" class=\"e-n-accordion-item\" >\n\t\t\t\t<summary class=\"e-n-accordion-item-title\" data-accordion-index=\"5\" tabindex=\"-1\" aria-expanded=\"false\" aria-controls=\"e-n-accordion-item-7084\" >\n\t\t\t\t\t<span class='e-n-accordion-item-title-header'><div class=\"e-n-accordion-item-title-text\"> Como posso lidar com o estigma do VIH? <\/div><\/span>\n\t\t\t\t\t\t\t<span class='e-n-accordion-item-title-icon'>\n\t\t\t<span class='e-opened' ><svg aria-hidden=\"true\" class=\"e-font-icon-svg e-fas-minus\" viewBox=\"0 0 448 512\" xmlns=\"http:\/\/www.w3.org\/2000\/svg\"><path d=\"M416 208H32c-17.67 0-32 14.33-32 32v32c0 17.67 14.33 32 32 32h384c17.67 0 32-14.33 32-32v-32c0-17.67-14.33-32-32-32z\"><\/path><\/svg><\/span>\n\t\t\t<span class='e-closed'><svg aria-hidden=\"true\" class=\"e-font-icon-svg e-fas-plus\" viewBox=\"0 0 448 512\" xmlns=\"http:\/\/www.w3.org\/2000\/svg\"><path d=\"M416 208H272V64c0-17.67-14.33-32-32-32h-32c-17.67 0-32 14.33-32 32v144H32c-17.67 0-32 14.33-32 32v32c0 17.67 14.33 32 32 32h144v144c0 17.67 14.33 32 32 32h32c17.67 0 32-14.33 32-32V304h144c17.67 0 32-14.33 32-32v-32c0-17.67-14.33-32-32-32z\"><\/path><\/svg><\/span>\n\t\t<\/span>\n\n\t\t\t\t\t\t<\/summary>\n\t\t\t\t<div role=\"region\" aria-labelledby=\"e-n-accordion-item-7084\" class=\"elementor-element elementor-element-7547615 e-con-full e-flex e-con e-child\" data-id=\"7547615\" data-element_type=\"container\">\n\t\t<div role=\"region\" aria-labelledby=\"e-n-accordion-item-7084\" class=\"elementor-element elementor-element-8c9a957 e-flex e-con-boxed e-con e-child\" data-id=\"8c9a957\" data-element_type=\"container\">\n\t\t\t\t\t<div class=\"e-con-inner\">\n\t\t\t\t<div class=\"elementor-element elementor-element-2f07efa elementor-widget elementor-widget-text-editor\" data-id=\"2f07efa\" data-element_type=\"widget\" data-widget_type=\"text-editor.default\">\n\t\t\t\t\t\t\t\t\t<p><span style=\"font-weight: 400;\">O apoio psicol\u00f3gico, a liga\u00e7\u00e3o a redes comunit\u00e1rias, a informa\u00e7\u00e3o cient\u00edfica atualizada e a mensagem I=I s\u00e3o ferramentas importantes. Organiza\u00e7\u00f5es como a GAT (Grupo de Ativistas em Tratamentos) em Portugal oferecem suporte e advocacy.<\/span><\/p>\t\t\t\t\t\t\t\t<\/div>\n\t\t\t\t\t<\/div>\n\t\t\t\t<\/div>\n\t\t\t\t<\/div>\n\t\t\t\t\t<\/details>\n\t\t\t\t\t<\/div>\n\t\t\t\t\t<script type=\"application\/ld+json\">{\"@context\":\"https:\\\/\\\/schema.org\",\"@type\":\"FAQPage\",\"mainEntity\":[{\"@type\":\"Question\",\"name\":\"A TAR tem de ser tomada para toda a vida?\",\"acceptedAnswer\":{\"@type\":\"Answer\",\"text\":\"Atualmente, sim. A TAR suprime o VIH mas n\\u00e3o o elimina do organismo. A interrup\\u00e7\\u00e3o do tratamento leva ao rebote da carga viral. A investiga\\u00e7\\u00e3o de cura funcional est\\u00e1 em curso, mas ainda sem resultados aplic\\u00e1veis.\"}},{\"@type\":\"Question\",\"name\":\"Posso ter uma vida normal com VIH?\",\"acceptedAnswer\":{\"@type\":\"Answer\",\"text\":\"Sim. Com TAR eficaz, as pessoas com VIH podem trabalhar, viajar, ter rela\\u00e7\\u00f5es sexuais e ter filhos saud\\u00e1veis. A esperan\\u00e7a de vida \\u00e9 praticamente igual \\u00e0 da popula\\u00e7\\u00e3o geral quando o tratamento \\u00e9 iniciado precocemente.\"}},{\"@type\":\"Question\",\"name\":\"A TAR injet\\u00e1vel est\\u00e1 dispon\\u00edvel em Portugal?\",\"acceptedAnswer\":{\"@type\":\"Answer\",\"text\":\"O cabotegravir\\\/rilpivirina injet\\u00e1vel est\\u00e1 aprovado na Europa e est\\u00e1 a ser progressivamente disponibilizado em Portugal para doentes eleg\\u00edveis, representando uma alternativa \\u00e0 toma oral di\\u00e1ria.\"}},{\"@type\":\"Question\",\"name\":\"O VIH aumenta o risco de outras doen\\u00e7as?\",\"acceptedAnswer\":{\"@type\":\"Answer\",\"text\":\"Sim. A inflama\\u00e7\\u00e3o cr\\u00f3nica residual\\u00a0aumenta o risco de doen\\u00e7as cardiovasculares, metab\\u00f3licas e algumas neoplasias. O rastreio regular de comorbidades \\u00e9 uma componente essencial do seguimento.\"}},{\"@type\":\"Question\",\"name\":\"Como posso lidar com o estigma do VIH?\",\"acceptedAnswer\":{\"@type\":\"Answer\",\"text\":\"O apoio psicol\\u00f3gico, a liga\\u00e7\\u00e3o a redes comunit\\u00e1rias, a informa\\u00e7\\u00e3o cient\\u00edfica atualizada e a mensagem I=I s\\u00e3o ferramentas importantes. Organiza\\u00e7\\u00f5es como a GAT (Grupo de Ativistas em Tratamentos) em Portugal oferecem suporte e advocacy.\"}}]}<\/script>\n\t\t\t\t\t\t\t<\/div>\n\t\t\t\t<\/div>\n\t\t\t\t<\/div>\n\t\t\t\t\t<\/div>\n\t\t\t\t<\/div>\n\t\t<div class=\"elementor-element elementor-element-02d7fba e-flex e-con-boxed e-con e-parent\" data-id=\"02d7fba\" data-element_type=\"container\">\n\t\t\t\t\t<div class=\"e-con-inner\">\n\t\t\t\t<div class=\"elementor-element elementor-element-ca91313 elementor-widget elementor-widget-text-editor\" data-id=\"ca91313\" data-element_type=\"widget\" data-widget_type=\"text-editor.default\">\n\t\t\t\t\t\t\t\t\t<h2><b>Conclus\u00e3o<\/b><\/h2>\n<span style=\"font-weight: 400;\">Viver com <strong>VIH<\/strong> na era da TAR moderna significa uma doen\u00e7a cr\u00f3nica control\u00e1vel com qualidade de vida preservada. O tratamento eficaz, a gest\u00e3o de comorbidades, o cuidado da sa\u00fade mental e o combate ao estigma s\u00e3o pilares de uma abordagem integral que permite \u00e0s pessoas com <strong>VIH<\/strong> viver plenamente.<\/span>\n<h2><b>Refer\u00eancias<\/b><\/h2>\n<a href=\"https:\/\/www.eacsociety.org\/guidelines\/eacs-guidelines\/\" rel=\"dofollow noopener\" target=\"_blank\">EACS Guidelines \u2014 Antiretroviral Treatment and Monitoring \u2014 European AIDS Clinical Society<\/a>\n\n<a href=\"https:\/\/www.nejm.org\/doi\/full\/10.1056\/NEJMoa1904398\" rel=\"dofollow noopener\" target=\"_blank\">Long-Acting Cabotegravir and Rilpivirine for Maintenance of HIV-1 Suppression (ATLAS Study) \u2014 The New England Journal of Medicine<\/a>\n\n<a href=\"https:\/\/www.unaids.org\/en\/resources\/documents\/global-aids-strategy-2021-2026\" rel=\"dofollow noopener\" target=\"_blank\">Global AIDS Strategy and 95-95-95 Targets \u2014 UNAIDS (ONUSIDA)<\/a>\t\t\t\t\t\t\t\t<\/div>\n\t\t\t\t\t<\/div>\n\t\t\t\t<\/div>\n\t\t\t\t<\/div>\n\t\t","protected":false},"excerpt":{"rendered":"<p>Introdu\u00e7\u00e3o A terap\u00eautica antirretroviral (TAR) transformou a infe\u00e7\u00e3o pelo VIH de uma doen\u00e7a fatal numa condi\u00e7\u00e3o cr\u00f3nica control\u00e1vel, com esperan\u00e7a de vida praticamente equipar\u00e1vel \u00e0 da popula\u00e7\u00e3o geral quando o tratamento \u00e9 iniciado precocemente. A European AIDS Clinical Society (EACS) recomenda o in\u00edcio imediato da TAR em todas as pessoas diagnosticadas com VIH, independentemente da [&hellip;]<\/p>\n","protected":false},"author":13102,"featured_media":58234,"comment_status":"closed","ping_status":"closed","sticky":false,"template":"","format":"standard","meta":{"_jetpack_memberships_contains_paid_content":false,"footnotes":""},"categories":[59],"tags":[],"class_list":["post-58094","post","type-post","status-publish","format-standard","has-post-thumbnail","hentry","category-saude-sexual"],"jetpack_featured_media_url":"https:\/\/www.mediconanet.pt\/wp-content\/uploads\/2026\/03\/wpimage-id893sizeSlugfulllinkDestinationnone-figure-classwp-block-image-size-fullimg-srchttpscomprarcbdonline.ptwp-contentuploads202603unnamed-3.jpg-altFrasco-de-vidro-transparente-c-21.jpg","jetpack_sharing_enabled":true,"_links":{"self":[{"href":"https:\/\/www.mediconanet.pt\/en\/wp-json\/wp\/v2\/posts\/58094","targetHints":{"allow":["GET"]}}],"collection":[{"href":"https:\/\/www.mediconanet.pt\/en\/wp-json\/wp\/v2\/posts"}],"about":[{"href":"https:\/\/www.mediconanet.pt\/en\/wp-json\/wp\/v2\/types\/post"}],"author":[{"embeddable":true,"href":"https:\/\/www.mediconanet.pt\/en\/wp-json\/wp\/v2\/users\/13102"}],"replies":[{"embeddable":true,"href":"https:\/\/www.mediconanet.pt\/en\/wp-json\/wp\/v2\/comments?post=58094"}],"version-history":[{"count":10,"href":"https:\/\/www.mediconanet.pt\/en\/wp-json\/wp\/v2\/posts\/58094\/revisions"}],"predecessor-version":[{"id":58115,"href":"https:\/\/www.mediconanet.pt\/en\/wp-json\/wp\/v2\/posts\/58094\/revisions\/58115"}],"wp:featuredmedia":[{"embeddable":true,"href":"https:\/\/www.mediconanet.pt\/en\/wp-json\/wp\/v2\/media\/58234"}],"wp:attachment":[{"href":"https:\/\/www.mediconanet.pt\/en\/wp-json\/wp\/v2\/media?parent=58094"}],"wp:term":[{"taxonomy":"category","embeddable":true,"href":"https:\/\/www.mediconanet.pt\/en\/wp-json\/wp\/v2\/categories?post=58094"},{"taxonomy":"post_tag","embeddable":true,"href":"https:\/\/www.mediconanet.pt\/en\/wp-json\/wp\/v2\/tags?post=58094"}],"curies":[{"name":"wp","href":"https:\/\/api.w.org\/{rel}","templated":true}]}}